{"id":74885,"date":"2025-07-25T10:23:00","date_gmt":"2025-07-25T13:23:00","guid":{"rendered":"https:\/\/www.correiobraziliense.com.br\/cbradar\/?p=74885"},"modified":"2025-07-24T20:47:15","modified_gmt":"2025-07-24T23:47:15","slug":"por-que-muitas-pessoas-colocam-pedras-em-vasos-e-qual-a-funcao-delas","status":"publish","type":"post","link":"https:\/\/www.correiobraziliense.com.br\/cbradar\/por-que-muitas-pessoas-colocam-pedras-em-vasos-e-qual-a-funcao-delas\/","title":{"rendered":"Por que muitas pessoas colocam pedras em vasos e qual a fun\u00e7\u00e3o delas"},"content":{"rendered":"\n<p>Embora as <strong>pedras<\/strong> em vasos possam parecer um detalhe meramente decorativo, elas desempenham um papel crucial no bem-estar das <strong>plantas<\/strong>. Entenda por que muitos as utilizam e quais fun\u00e7\u00f5es elas realmente cumprem.<\/p>\n\n\n\n<ul class=\"wp-block-list\">\n<li><strong>Preven\u00e7\u00e3o<\/strong> de pragas e excesso de umidade<\/li>\n\n\n\n<li><strong>Melhoria<\/strong> do drenagem e reten\u00e7\u00e3o de calor<\/li>\n\n\n\n<li><strong>Estabilidade<\/strong> para plantas altas ou com ra\u00edzes fr\u00e1geis<\/li>\n<\/ul>\n\n\n\n<h2 class=\"wp-block-heading\">Quais benef\u00edcios as pedras trazem para o cultivo de plantas?<\/h2>\n\n\n\n<p>As <strong>pedras<\/strong> t\u00eam fun\u00e7\u00f5es essenciais que ajudam a manter <strong>sa\u00fade da planta<\/strong> e do substrato. Elas podem melhorar o <strong>drenagem<\/strong>, prevenir o aparecimento de pragas e at\u00e9 regular a temperatura do solo. Al\u00e9m disso, certas pedras podem liberar minerais de forma lenta, agregando nutrientes ao solo ao longo do tempo.<\/p>\n\n\n\n<h2 class=\"wp-block-heading\">Por que colocar pedras em vasos?<\/h2>\n\n\n\n<p>Colocando pedras no fundo do vaso, voc\u00ea pode <strong>evitar<\/strong> o excesso de umidade, algo fundamental para evitar que as <strong>ra\u00edzes<\/strong> apodre\u00e7am.<\/p>\n\n\n\n<p>Uma camada de pedras na superf\u00edcie impede que a <strong>terra \u00famida<\/strong> fique exposta, reduzindo a probabilidade de pragas. Essa camada tamb\u00e9m pode ajudar a prevenir a eros\u00e3o do solo na hora da rega e diminuir a dispers\u00e3o de sementes de plantas invasoras.<\/p>\n\n\n\n<figure class=\"wp-block-image size-large\"><img decoding=\"async\" width=\"1024\" height=\"576\" src=\"https:\/\/www.correiobraziliense.com.br\/cbradar\/wp-content\/uploads\/2025\/07\/pedras-vaso-de-planta_1753400806791-1024x576.jpg\" alt=\"Por que muitas pessoas colocam pedras em vasos e qual a fun\u00e7\u00e3o delas\" class=\"wp-image-74888\" srcset=\"https:\/\/www.correiobraziliense.com.br\/cbradar\/wp-content\/uploads\/2025\/07\/pedras-vaso-de-planta_1753400806791-1024x576.jpg 1024w, https:\/\/www.correiobraziliense.com.br\/cbradar\/wp-content\/uploads\/2025\/07\/pedras-vaso-de-planta_1753400806791-300x169.jpg 300w, https:\/\/www.correiobraziliense.com.br\/cbradar\/wp-content\/uploads\/2025\/07\/pedras-vaso-de-planta_1753400806791-768x432.jpg 768w, https:\/\/www.correiobraziliense.com.br\/cbradar\/wp-content\/uploads\/2025\/07\/pedras-vaso-de-planta_1753400806791-750x422.jpg 750w, https:\/\/www.correiobraziliense.com.br\/cbradar\/wp-content\/uploads\/2025\/07\/pedras-vaso-de-planta_1753400806791-1140x641.jpg 1140w, https:\/\/www.correiobraziliense.com.br\/cbradar\/wp-content\/uploads\/2025\/07\/pedras-vaso-de-planta_1753400806791.jpg 1280w\" sizes=\"(max-width: 1024px) 100vw, 1024px\" \/><figcaption class=\"wp-element-caption\">pedras vaso de planta. Cr\u00e9ditos: depositphotos.com \/ CynthiaMarie<\/figcaption><\/figure>\n\n\n\n<h2 class=\"wp-block-heading\">Quando e como utilizar pedras no cultivo?<\/h2>\n\n\n\n<p>O ideal \u00e9 escolher pedras de <strong>tamanho m\u00e9dio<\/strong>, lav\u00e1-las antes de usar e n\u00e3o coloc\u00e1-las em uma camada muito grossa, garantindo que o vaso tenha orif\u00edcios para <strong>drenagem<\/strong>. Para plantas suculentas, o uso de uma camada de pedras \u00e9 especialmente recomendado devido \u00e0 sensibilidade ao excesso de \u00e1gua.<\/p>\n\n\n\n<p><em>Leia tamb\u00e9m: <a href=\"https:\/\/www.correiobraziliense.com.br\/cbradar\/3-plantas-naturais-que-afastam-roedores-sem-usar-venenos\/\" target=\"_blank\" rel=\"noreferrer noopener\">3 plantas naturais que afastam roedores sem usar venenos<\/a><\/em><\/p>\n\n\n\n<h2 class=\"wp-block-heading\">Os principais aprendizados sobre o Uso de Pedras em Vasos<\/h2>\n\n\n\n<ul class=\"wp-block-list\">\n<li>As pedras ajudam no <strong>drenagem<\/strong> e na preven\u00e7\u00e3o de pragas.<\/li>\n\n\n\n<li>Elas estabilizam plantas mais altas ou com ra\u00edzes fracas.<\/li>\n\n\n\n<li>Servem como uma <strong>barreira protetora<\/strong> contra o sol e o vento.<\/li>\n<\/ul>\n","protected":false},"excerpt":{"rendered":"<p>Descubra os benef\u00edcios de se colocar pedras nos vasos de plantas, desde a drenagem at\u00e9 a preven\u00e7\u00e3o de pragas, e aprenda a escolher e us\u00e1-las em seus vasos.<\/p>\n","protected":false},"author":3,"featured_media":74887,"comment_status":"open","ping_status":"open","sticky":false,"template":"","format":"standard","meta":{"_yoast_wpseo_focuskw":"pedras vasos","_yoast_wpseo_title":"%%title%%","_yoast_wpseo_metadesc":"Descubra os benef\u00edcios de se colocar pedras nos vasos de plantas, desde a drenagem at\u00e9 a preven\u00e7\u00e3o de pragas, e aprenda a escolher e us\u00e1-las em seus vasos.","jnews-multi-image_gallery":[],"jnews_single_post":{"format":"standard"},"jnews_primary_category":[],"jnews_social_meta":[],"jnews_override_counter":[],"footnotes":""},"categories":[112],"tags":[144,224],"class_list":["post-74885","post","type-post","status-publish","format-standard","has-post-thumbnail","hentry","category-curiosidades","tag-curiosidades","tag-plantas"],"yoast_head":"<!-- This site is optimized with the Yoast SEO plugin v24.6 - https:\/\/yoast.com\/wordpress\/plugins\/seo\/ -->\n<title>Por que muitas pessoas colocam pedras em vasos e qual a fun\u00e7\u00e3o delas<\/title>\n<meta name=\"description\" content=\"Descubra os benef\u00edcios de se colocar pedras nos vasos de plantas, desde a drenagem at\u00e9 a preven\u00e7\u00e3o de pragas, e aprenda a escolher e us\u00e1-las em seus vasos.\" \/>\n<meta name=\"robots\" content=\"index, follow, max-snippet:-1, max-image-preview:large, max-video-preview:-1\" \/>\n<link rel=\"canonical\" href=\"https:\/\/www.correiobraziliense.com.br\/cbradar\/por-que-muitas-pessoas-colocam-pedras-em-vasos-e-qual-a-funcao-delas\/\" \/>\n<meta property=\"og:locale\" content=\"pt_BR\" \/>\n<meta property=\"og:type\" content=\"article\" \/>\n<meta property=\"og:title\" content=\"Por que muitas pessoas colocam pedras em vasos e qual a fun\u00e7\u00e3o delas\" \/>\n<meta property=\"og:description\" content=\"Descubra os benef\u00edcios de se colocar pedras nos vasos de plantas, desde a drenagem at\u00e9 a preven\u00e7\u00e3o de pragas, e aprenda a escolher e us\u00e1-las em seus vasos.\" \/>\n<meta property=\"og:url\" content=\"https:\/\/www.correiobraziliense.com.br\/cbradar\/por-que-muitas-pessoas-colocam-pedras-em-vasos-e-qual-a-funcao-delas\/\" \/>\n<meta property=\"og:site_name\" content=\"Correio Braziliense - Radar\" \/>\n<meta property=\"article:published_time\" content=\"2025-07-25T13:23:00+00:00\" \/>\n<meta property=\"og:image\" content=\"https:\/\/www.correiobraziliense.com.br\/cbradar\/wp-content\/uploads\/2025\/07\/pedras-vaso-de-planta_1753400764500.jpg\" \/>\n\t<meta property=\"og:image:width\" content=\"1280\" \/>\n\t<meta property=\"og:image:height\" content=\"720\" \/>\n\t<meta property=\"og:image:type\" content=\"image\/jpeg\" \/>\n<meta name=\"author\" content=\"Larissa Carvalho\" \/>\n<meta name=\"twitter:card\" content=\"summary_large_image\" \/>\n<meta name=\"twitter:label1\" content=\"Escrito por\" \/>\n\t<meta name=\"twitter:data1\" content=\"Larissa Carvalho\" \/>\n\t<meta name=\"twitter:label2\" content=\"Est. tempo de leitura\" \/>\n\t<meta name=\"twitter:data2\" content=\"3 minutos\" \/>\n<!-- \/ Yoast SEO plugin. -->","yoast_head_json":{"title":"Por que muitas pessoas colocam pedras em vasos e qual a fun\u00e7\u00e3o delas","description":"Descubra os benef\u00edcios de se colocar pedras nos vasos de plantas, desde a drenagem at\u00e9 a preven\u00e7\u00e3o de pragas, e aprenda a escolher e us\u00e1-las em seus vasos.","robots":{"index":"index","follow":"follow","max-snippet":"max-snippet:-1","max-image-preview":"max-image-preview:large","max-video-preview":"max-video-preview:-1"},"canonical":"https:\/\/www.correiobraziliense.com.br\/cbradar\/por-que-muitas-pessoas-colocam-pedras-em-vasos-e-qual-a-funcao-delas\/","og_locale":"pt_BR","og_type":"article","og_title":"Por que muitas pessoas colocam pedras em vasos e qual a fun\u00e7\u00e3o delas","og_description":"Descubra os benef\u00edcios de se colocar pedras nos vasos de plantas, desde a drenagem at\u00e9 a preven\u00e7\u00e3o de pragas, e aprenda a escolher e us\u00e1-las em seus vasos.","og_url":"https:\/\/www.correiobraziliense.com.br\/cbradar\/por-que-muitas-pessoas-colocam-pedras-em-vasos-e-qual-a-funcao-delas\/","og_site_name":"Correio Braziliense - Radar","article_published_time":"2025-07-25T13:23:00+00:00","og_image":[{"width":1280,"height":720,"url":"https:\/\/www.correiobraziliense.com.br\/cbradar\/wp-content\/uploads\/2025\/07\/pedras-vaso-de-planta_1753400764500.jpg","type":"image\/jpeg"}],"author":"Larissa Carvalho","twitter_card":"summary_large_image","twitter_misc":{"Escrito por":"Larissa Carvalho","Est. tempo de leitura":"3 minutos"},"schema":{"@context":"https:\/\/schema.org","@graph":[{"@type":"WebPage","@id":"https:\/\/www.correiobraziliense.com.br\/cbradar\/por-que-muitas-pessoas-colocam-pedras-em-vasos-e-qual-a-funcao-delas\/","url":"https:\/\/www.correiobraziliense.com.br\/cbradar\/por-que-muitas-pessoas-colocam-pedras-em-vasos-e-qual-a-funcao-delas\/","name":"Por que muitas pessoas colocam pedras em vasos e qual a fun\u00e7\u00e3o delas","isPartOf":{"@id":"https:\/\/www.correiobraziliense.com.br\/cbradar\/#website"},"primaryImageOfPage":{"@id":"https:\/\/www.correiobraziliense.com.br\/cbradar\/por-que-muitas-pessoas-colocam-pedras-em-vasos-e-qual-a-funcao-delas\/#primaryimage"},"image":{"@id":"https:\/\/www.correiobraziliense.com.br\/cbradar\/por-que-muitas-pessoas-colocam-pedras-em-vasos-e-qual-a-funcao-delas\/#primaryimage"},"thumbnailUrl":"https:\/\/www.correiobraziliense.com.br\/cbradar\/wp-content\/uploads\/2025\/07\/pedras-vaso-de-planta_1753400764500.jpg","datePublished":"2025-07-25T13:23:00+00:00","author":{"@id":"https:\/\/www.correiobraziliense.com.br\/cbradar\/#\/schema\/person\/58422787644df994b53a19d3e56c1513"},"description":"Descubra os benef\u00edcios de se colocar pedras nos vasos de plantas, desde a drenagem at\u00e9 a preven\u00e7\u00e3o de pragas, e aprenda a escolher e us\u00e1-las em seus vasos.","breadcrumb":{"@id":"https:\/\/www.correiobraziliense.com.br\/cbradar\/por-que-muitas-pessoas-colocam-pedras-em-vasos-e-qual-a-funcao-delas\/#breadcrumb"},"inLanguage":"pt-BR","potentialAction":[{"@type":"ReadAction","target":["https:\/\/www.correiobraziliense.com.br\/cbradar\/por-que-muitas-pessoas-colocam-pedras-em-vasos-e-qual-a-funcao-delas\/"]}]},{"@type":"ImageObject","inLanguage":"pt-BR","@id":"https:\/\/www.correiobraziliense.com.br\/cbradar\/por-que-muitas-pessoas-colocam-pedras-em-vasos-e-qual-a-funcao-delas\/#primaryimage","url":"https:\/\/www.correiobraziliense.com.br\/cbradar\/wp-content\/uploads\/2025\/07\/pedras-vaso-de-planta_1753400764500.jpg","contentUrl":"https:\/\/www.correiobraziliense.com.br\/cbradar\/wp-content\/uploads\/2025\/07\/pedras-vaso-de-planta_1753400764500.jpg","width":1280,"height":720,"caption":"pedras vaso de planta. Cr\u00e9ditos: depositphotos.com \/ HayDmitriy"},{"@type":"BreadcrumbList","@id":"https:\/\/www.correiobraziliense.com.br\/cbradar\/por-que-muitas-pessoas-colocam-pedras-em-vasos-e-qual-a-funcao-delas\/#breadcrumb","itemListElement":[{"@type":"ListItem","position":1,"name":"In\u00edcio","item":"https:\/\/www.correiobraziliense.com.br\/cbradar\/"},{"@type":"ListItem","position":2,"name":"Por que muitas pessoas colocam pedras em vasos e qual a fun\u00e7\u00e3o delas"}]},{"@type":"WebSite","@id":"https:\/\/www.correiobraziliense.com.br\/cbradar\/#website","url":"https:\/\/www.correiobraziliense.com.br\/cbradar\/","name":"Correio Braziliense - Radar","description":"Acompanhe as \u00faltimas not\u00edcias e fique bem informado sobre tudo o que acontece no Brasil e no mundo.","potentialAction":[{"@type":"SearchAction","target":{"@type":"EntryPoint","urlTemplate":"https:\/\/www.correiobraziliense.com.br\/cbradar\/?s={search_term_string}"},"query-input":{"@type":"PropertyValueSpecification","valueRequired":true,"valueName":"search_term_string"}}],"inLanguage":"pt-BR"},{"@type":"Person","@id":"https:\/\/www.correiobraziliense.com.br\/cbradar\/#\/schema\/person\/58422787644df994b53a19d3e56c1513","name":"Larissa Carvalho","image":{"@type":"ImageObject","inLanguage":"pt-BR","@id":"https:\/\/www.correiobraziliense.com.br\/cbradar\/#\/schema\/person\/image\/","url":"https:\/\/secure.gravatar.com\/avatar\/fe4f91a0de32b52a838d0d612abdc1aa?s=96&d=mm&r=g","contentUrl":"https:\/\/secure.gravatar.com\/avatar\/fe4f91a0de32b52a838d0d612abdc1aa?s=96&d=mm&r=g","caption":"Larissa Carvalho"},"url":"https:\/\/www.correiobraziliense.com.br\/cbradar\/author\/larissamyth\/"}]}},"_links":{"self":[{"href":"https:\/\/www.correiobraziliense.com.br\/cbradar\/wp-json\/wp\/v2\/posts\/74885","targetHints":{"allow":["GET"]}}],"collection":[{"href":"https:\/\/www.correiobraziliense.com.br\/cbradar\/wp-json\/wp\/v2\/posts"}],"about":[{"href":"https:\/\/www.correiobraziliense.com.br\/cbradar\/wp-json\/wp\/v2\/types\/post"}],"author":[{"embeddable":true,"href":"https:\/\/www.correiobraziliense.com.br\/cbradar\/wp-json\/wp\/v2\/users\/3"}],"replies":[{"embeddable":true,"href":"https:\/\/www.correiobraziliense.com.br\/cbradar\/wp-json\/wp\/v2\/comments?post=74885"}],"version-history":[{"count":2,"href":"https:\/\/www.correiobraziliense.com.br\/cbradar\/wp-json\/wp\/v2\/posts\/74885\/revisions"}],"predecessor-version":[{"id":74889,"href":"https:\/\/www.correiobraziliense.com.br\/cbradar\/wp-json\/wp\/v2\/posts\/74885\/revisions\/74889"}],"wp:featuredmedia":[{"embeddable":true,"href":"https:\/\/www.correiobraziliense.com.br\/cbradar\/wp-json\/wp\/v2\/media\/74887"}],"wp:attachment":[{"href":"https:\/\/www.correiobraziliense.com.br\/cbradar\/wp-json\/wp\/v2\/media?parent=74885"}],"wp:term":[{"taxonomy":"category","embeddable":true,"href":"https:\/\/www.correiobraziliense.com.br\/cbradar\/wp-json\/wp\/v2\/categories?post=74885"},{"taxonomy":"post_tag","embeddable":true,"href":"https:\/\/www.correiobraziliense.com.br\/cbradar\/wp-json\/wp\/v2\/tags?post=74885"}],"curies":[{"name":"wp","href":"https:\/\/api.w.org\/{rel}","templated":true}]}}