{"id":74906,"date":"2025-07-25T14:53:00","date_gmt":"2025-07-25T17:53:00","guid":{"rendered":"https:\/\/www.correiobraziliense.com.br\/cbradar\/?p=74906"},"modified":"2025-07-24T21:02:54","modified_gmt":"2025-07-25T00:02:54","slug":"os-5-exercicios-em-casa-recomendados-para-maiores-de-60-anos","status":"publish","type":"post","link":"https:\/\/www.correiobraziliense.com.br\/cbradar\/os-5-exercicios-em-casa-recomendados-para-maiores-de-60-anos\/","title":{"rendered":"Os 5 exerc\u00edcios em casa recomendados para maiores de 60 anos"},"content":{"rendered":"\n<p>Manter-se <strong>ativo<\/strong> \u00e9 fundamental para a <strong>sa\u00fade<\/strong> e o <strong>bem-estar<\/strong> de quem tem mais de 60 anos. Praticar <strong>exerc\u00edcios f\u00edsicos<\/strong> pode ser feito no conforto de seu lar e ainda proporciona grandes benef\u00edcios. Aqui est\u00e1 uma mini-lista dos exerc\u00edcios mais adequados para essa faixa et\u00e1ria:<\/p>\n\n\n\n<ul class=\"wp-block-list\">\n<li><strong>Caminhada<\/strong> no lugar para fortalecer o sistema cardiovascular;<\/li>\n\n\n\n<li><strong>Alongamento<\/strong> para melhorar a flexibilidade e prevenir les\u00f5es;<\/li>\n\n\n\n<li><strong>Exerc\u00edcios de for\u00e7a<\/strong> para aumentar a resist\u00eancia muscular.<\/li>\n<\/ul>\n\n\n\n<h2 class=\"wp-block-heading\">Por que exerc\u00edcios f\u00edsicos s\u00e3o importantes para idosos?<\/h2>\n\n\n\n<p>A pr\u00e1tica regular de exerc\u00edcios f\u00edsicos ajuda a <strong>manter a sa\u00fade mental e f\u00edsica<\/strong>. Al\u00e9m disso, reduz os riscos de doen\u00e7as cr\u00f4nicas e melhora o equil\u00edbrio e a coordena\u00e7\u00e3o.<\/p>\n\n\n\n<h2 class=\"wp-block-heading\">Qual o melhor exerc\u00edcio em casa para idosos?<\/h2>\n\n\n\n<p><strong>Caminhar no lugar<\/strong> \u00e9 uma \u00f3tima op\u00e7\u00e3o, pois n\u00e3o requer equipamentos e pode ser feito em qualquer momento. Al\u00e9m disso, ajuda a fortalecer o cora\u00e7\u00e3o e a melhorar o condicionamento f\u00edsico geral.<\/p>\n\n\n\n<h2 class=\"wp-block-heading\">Como exerc\u00edcios simples aumentam a qualidade de vida?<\/h2>\n\n\n\n<p>Exerc\u00edcios simples, como o <strong>alongamento<\/strong>, melhoram a mobilidade das articula\u00e7\u00f5es, prevenindo rigidez e facilitando as atividades di\u00e1rias.<\/p>\n\n\n\n<ul class=\"wp-block-list\">\n<li><strong>Exerc\u00edcios de for\u00e7a<\/strong>, como levantar pesos leves, ajudam a manter a massa muscular;<\/li>\n\n\n\n<li>Alongar-se regularmente contribui para uma melhor <strong>circula\u00e7\u00e3o sangu\u00ednea<\/strong>;<\/li>\n\n\n\n<li>Praticar exerc\u00edcios de equil\u00edbrio pode reduzir o risco de quedas.<\/li>\n<\/ul>\n\n\n\n<p>Leia tamb\u00e9m: <em><a href=\"https:\/\/www.correiobraziliense.com.br\/cbradar\/o-habito-que-parece-inofensivo-pode-trazer-riscos-para-longevidade-dos-idosos\/\" target=\"_blank\" rel=\"noreferrer noopener\">O h\u00e1bito que parece inofensivo pode trazer riscos para longevidade dos idosos<\/a><\/em><\/p>\n\n\n\n<figure class=\"wp-block-image size-large\"><img decoding=\"async\" width=\"1024\" height=\"576\" src=\"https:\/\/www.correiobraziliense.com.br\/cbradar\/wp-content\/uploads\/2025\/07\/idoso-se-exercitando_1753401608731-1024x576.jpg\" alt=\"Os 5 exerc\u00edcios em casa recomendados para maiores de 60 anos\" class=\"wp-image-74909\" srcset=\"https:\/\/www.correiobraziliense.com.br\/cbradar\/wp-content\/uploads\/2025\/07\/idoso-se-exercitando_1753401608731-1024x576.jpg 1024w, https:\/\/www.correiobraziliense.com.br\/cbradar\/wp-content\/uploads\/2025\/07\/idoso-se-exercitando_1753401608731-300x169.jpg 300w, https:\/\/www.correiobraziliense.com.br\/cbradar\/wp-content\/uploads\/2025\/07\/idoso-se-exercitando_1753401608731-768x432.jpg 768w, https:\/\/www.correiobraziliense.com.br\/cbradar\/wp-content\/uploads\/2025\/07\/idoso-se-exercitando_1753401608731-750x422.jpg 750w, https:\/\/www.correiobraziliense.com.br\/cbradar\/wp-content\/uploads\/2025\/07\/idoso-se-exercitando_1753401608731-1140x641.jpg 1140w, https:\/\/www.correiobraziliense.com.br\/cbradar\/wp-content\/uploads\/2025\/07\/idoso-se-exercitando_1753401608731.jpg 1280w\" sizes=\"(max-width: 1024px) 100vw, 1024px\" \/><figcaption class=\"wp-element-caption\">idoso se exercitando. Cr\u00e9ditos: depositphotos.com \/ pressmaster<\/figcaption><\/figure>\n\n\n\n<h2 class=\"wp-block-heading\">Como criar uma rotina segura e efetiva?<\/h2>\n\n\n\n<p>\u00c9 importante que os exerc\u00edcios sejam feitos de forma <strong>segura<\/strong> e gradual. Consulte um profissional da sa\u00fade antes de iniciar qualquer atividade f\u00edsica.<\/p>\n\n\n\n<p><strong>Dica r\u00e1pida:<\/strong> Use m\u00f3veis como apoio inicial para evitar quedas e sempre que poss\u00edvel, opte por superf\u00edcies antiderrapantes.<\/p>\n\n\n\n<h2 class=\"wp-block-heading\">Pontos-chave para o sucesso de um programa de exerc\u00edcios<\/h2>\n\n\n\n<ul class=\"wp-block-list\">\n<li>Comece devagar e aumente a intensidade gradualmente para evitar les\u00f5es;<\/li>\n\n\n\n<li>Participe de grupos ou online communities para se manter motivado;<\/li>\n\n\n\n<li>Acompanhe seu progresso e ajuste sua rotina conforme necess\u00e1rio.<\/li>\n<\/ul>\n\n\n\n<h2 class=\"wp-block-heading\">Benef\u00edcios a longo prazo dos exerc\u00edcios para maiores de 60 anos<\/h2>\n\n\n\n<ul class=\"wp-block-list\">\n<li>Melhoria significativa na qualidade do sono;<\/li>\n\n\n\n<li>Aumento da sa\u00fade mental e redu\u00e7\u00e3o de sintomas de depress\u00e3o;<\/li>\n\n\n\n<li>Fortalecimento do sistema imunol\u00f3gico, proporcionando maior longevidade.<\/li>\n<\/ul>\n","protected":false},"excerpt":{"rendered":"<p>Manter-se ativo depois dos 60 traz v\u00e1rios benef\u00edcios \u00e0 sa\u00fade f\u00edsica e mental. Conhe\u00e7a os melhores exerc\u00edcios em casa para essa faixa et\u00e1ria e dicas para come\u00e7ar.<\/p>\n","protected":false},"author":3,"featured_media":74908,"comment_status":"open","ping_status":"open","sticky":false,"template":"","format":"standard","meta":{"_yoast_wpseo_focuskw":"exerc\u00edcios maiores de 60","_yoast_wpseo_title":"%%title%%","_yoast_wpseo_metadesc":"Manter-se ativo depois dos 60 traz v\u00e1rios benef\u00edcios \u00e0 sa\u00fade f\u00edsica e mental. Conhe\u00e7a os melhores exerc\u00edcios em casa para essa faixa et\u00e1ria e dicas para come\u00e7ar.","jnews-multi-image_gallery":[],"jnews_single_post":{"format":"standard"},"jnews_primary_category":[],"jnews_social_meta":[],"jnews_override_counter":[],"footnotes":""},"categories":[112],"tags":[144,444],"class_list":["post-74906","post","type-post","status-publish","format-standard","has-post-thumbnail","hentry","category-curiosidades","tag-curiosidades","tag-exercicio-fisico"],"yoast_head":"<!-- This site is optimized with the Yoast SEO plugin v24.6 - https:\/\/yoast.com\/wordpress\/plugins\/seo\/ -->\n<title>Os 5 exerc\u00edcios em casa recomendados para maiores de 60 anos<\/title>\n<meta name=\"description\" content=\"Manter-se ativo depois dos 60 traz v\u00e1rios benef\u00edcios \u00e0 sa\u00fade f\u00edsica e mental. Conhe\u00e7a os melhores exerc\u00edcios em casa para essa faixa et\u00e1ria e dicas para come\u00e7ar.\" \/>\n<meta name=\"robots\" content=\"index, follow, max-snippet:-1, max-image-preview:large, max-video-preview:-1\" \/>\n<link rel=\"canonical\" href=\"https:\/\/www.correiobraziliense.com.br\/cbradar\/os-5-exercicios-em-casa-recomendados-para-maiores-de-60-anos\/\" \/>\n<meta property=\"og:locale\" content=\"pt_BR\" \/>\n<meta property=\"og:type\" content=\"article\" \/>\n<meta property=\"og:title\" content=\"Os 5 exerc\u00edcios em casa recomendados para maiores de 60 anos\" \/>\n<meta property=\"og:description\" content=\"Manter-se ativo depois dos 60 traz v\u00e1rios benef\u00edcios \u00e0 sa\u00fade f\u00edsica e mental. Conhe\u00e7a os melhores exerc\u00edcios em casa para essa faixa et\u00e1ria e dicas para come\u00e7ar.\" \/>\n<meta property=\"og:url\" content=\"https:\/\/www.correiobraziliense.com.br\/cbradar\/os-5-exercicios-em-casa-recomendados-para-maiores-de-60-anos\/\" \/>\n<meta property=\"og:site_name\" content=\"Correio Braziliense - Radar\" \/>\n<meta property=\"article:published_time\" content=\"2025-07-25T17:53:00+00:00\" \/>\n<meta property=\"og:image\" content=\"https:\/\/www.correiobraziliense.com.br\/cbradar\/wp-content\/uploads\/2025\/07\/idoso-se-exercitando_1753401513665.jpg\" \/>\n\t<meta property=\"og:image:width\" content=\"1280\" \/>\n\t<meta property=\"og:image:height\" content=\"720\" \/>\n\t<meta property=\"og:image:type\" content=\"image\/jpeg\" \/>\n<meta name=\"author\" content=\"Larissa Carvalho\" \/>\n<meta name=\"twitter:card\" content=\"summary_large_image\" \/>\n<meta name=\"twitter:label1\" content=\"Escrito por\" \/>\n\t<meta name=\"twitter:data1\" content=\"Larissa Carvalho\" \/>\n\t<meta name=\"twitter:label2\" content=\"Est. tempo de leitura\" \/>\n\t<meta name=\"twitter:data2\" content=\"3 minutos\" \/>\n<!-- \/ Yoast SEO plugin. -->","yoast_head_json":{"title":"Os 5 exerc\u00edcios em casa recomendados para maiores de 60 anos","description":"Manter-se ativo depois dos 60 traz v\u00e1rios benef\u00edcios \u00e0 sa\u00fade f\u00edsica e mental. Conhe\u00e7a os melhores exerc\u00edcios em casa para essa faixa et\u00e1ria e dicas para come\u00e7ar.","robots":{"index":"index","follow":"follow","max-snippet":"max-snippet:-1","max-image-preview":"max-image-preview:large","max-video-preview":"max-video-preview:-1"},"canonical":"https:\/\/www.correiobraziliense.com.br\/cbradar\/os-5-exercicios-em-casa-recomendados-para-maiores-de-60-anos\/","og_locale":"pt_BR","og_type":"article","og_title":"Os 5 exerc\u00edcios em casa recomendados para maiores de 60 anos","og_description":"Manter-se ativo depois dos 60 traz v\u00e1rios benef\u00edcios \u00e0 sa\u00fade f\u00edsica e mental. Conhe\u00e7a os melhores exerc\u00edcios em casa para essa faixa et\u00e1ria e dicas para come\u00e7ar.","og_url":"https:\/\/www.correiobraziliense.com.br\/cbradar\/os-5-exercicios-em-casa-recomendados-para-maiores-de-60-anos\/","og_site_name":"Correio Braziliense - Radar","article_published_time":"2025-07-25T17:53:00+00:00","og_image":[{"width":1280,"height":720,"url":"https:\/\/www.correiobraziliense.com.br\/cbradar\/wp-content\/uploads\/2025\/07\/idoso-se-exercitando_1753401513665.jpg","type":"image\/jpeg"}],"author":"Larissa Carvalho","twitter_card":"summary_large_image","twitter_misc":{"Escrito por":"Larissa Carvalho","Est. tempo de leitura":"3 minutos"},"schema":{"@context":"https:\/\/schema.org","@graph":[{"@type":"WebPage","@id":"https:\/\/www.correiobraziliense.com.br\/cbradar\/os-5-exercicios-em-casa-recomendados-para-maiores-de-60-anos\/","url":"https:\/\/www.correiobraziliense.com.br\/cbradar\/os-5-exercicios-em-casa-recomendados-para-maiores-de-60-anos\/","name":"Os 5 exerc\u00edcios em casa recomendados para maiores de 60 anos","isPartOf":{"@id":"https:\/\/www.correiobraziliense.com.br\/cbradar\/#website"},"primaryImageOfPage":{"@id":"https:\/\/www.correiobraziliense.com.br\/cbradar\/os-5-exercicios-em-casa-recomendados-para-maiores-de-60-anos\/#primaryimage"},"image":{"@id":"https:\/\/www.correiobraziliense.com.br\/cbradar\/os-5-exercicios-em-casa-recomendados-para-maiores-de-60-anos\/#primaryimage"},"thumbnailUrl":"https:\/\/www.correiobraziliense.com.br\/cbradar\/wp-content\/uploads\/2025\/07\/idoso-se-exercitando_1753401513665.jpg","datePublished":"2025-07-25T17:53:00+00:00","author":{"@id":"https:\/\/www.correiobraziliense.com.br\/cbradar\/#\/schema\/person\/58422787644df994b53a19d3e56c1513"},"description":"Manter-se ativo depois dos 60 traz v\u00e1rios benef\u00edcios \u00e0 sa\u00fade f\u00edsica e mental. Conhe\u00e7a os melhores exerc\u00edcios em casa para essa faixa et\u00e1ria e dicas para come\u00e7ar.","breadcrumb":{"@id":"https:\/\/www.correiobraziliense.com.br\/cbradar\/os-5-exercicios-em-casa-recomendados-para-maiores-de-60-anos\/#breadcrumb"},"inLanguage":"pt-BR","potentialAction":[{"@type":"ReadAction","target":["https:\/\/www.correiobraziliense.com.br\/cbradar\/os-5-exercicios-em-casa-recomendados-para-maiores-de-60-anos\/"]}]},{"@type":"ImageObject","inLanguage":"pt-BR","@id":"https:\/\/www.correiobraziliense.com.br\/cbradar\/os-5-exercicios-em-casa-recomendados-para-maiores-de-60-anos\/#primaryimage","url":"https:\/\/www.correiobraziliense.com.br\/cbradar\/wp-content\/uploads\/2025\/07\/idoso-se-exercitando_1753401513665.jpg","contentUrl":"https:\/\/www.correiobraziliense.com.br\/cbradar\/wp-content\/uploads\/2025\/07\/idoso-se-exercitando_1753401513665.jpg","width":1280,"height":720,"caption":"idoso se exercitando. Cr\u00e9ditos: depositphotos.com \/ AllaSerebrina"},{"@type":"BreadcrumbList","@id":"https:\/\/www.correiobraziliense.com.br\/cbradar\/os-5-exercicios-em-casa-recomendados-para-maiores-de-60-anos\/#breadcrumb","itemListElement":[{"@type":"ListItem","position":1,"name":"In\u00edcio","item":"https:\/\/www.correiobraziliense.com.br\/cbradar\/"},{"@type":"ListItem","position":2,"name":"Os 5 exerc\u00edcios em casa recomendados para maiores de 60 anos"}]},{"@type":"WebSite","@id":"https:\/\/www.correiobraziliense.com.br\/cbradar\/#website","url":"https:\/\/www.correiobraziliense.com.br\/cbradar\/","name":"Correio Braziliense - Radar","description":"Acompanhe as \u00faltimas not\u00edcias e fique bem informado sobre tudo o que acontece no Brasil e no mundo.","potentialAction":[{"@type":"SearchAction","target":{"@type":"EntryPoint","urlTemplate":"https:\/\/www.correiobraziliense.com.br\/cbradar\/?s={search_term_string}"},"query-input":{"@type":"PropertyValueSpecification","valueRequired":true,"valueName":"search_term_string"}}],"inLanguage":"pt-BR"},{"@type":"Person","@id":"https:\/\/www.correiobraziliense.com.br\/cbradar\/#\/schema\/person\/58422787644df994b53a19d3e56c1513","name":"Larissa Carvalho","image":{"@type":"ImageObject","inLanguage":"pt-BR","@id":"https:\/\/www.correiobraziliense.com.br\/cbradar\/#\/schema\/person\/image\/","url":"https:\/\/secure.gravatar.com\/avatar\/fe4f91a0de32b52a838d0d612abdc1aa?s=96&d=mm&r=g","contentUrl":"https:\/\/secure.gravatar.com\/avatar\/fe4f91a0de32b52a838d0d612abdc1aa?s=96&d=mm&r=g","caption":"Larissa Carvalho"},"url":"https:\/\/www.correiobraziliense.com.br\/cbradar\/author\/larissamyth\/"}]}},"_links":{"self":[{"href":"https:\/\/www.correiobraziliense.com.br\/cbradar\/wp-json\/wp\/v2\/posts\/74906","targetHints":{"allow":["GET"]}}],"collection":[{"href":"https:\/\/www.correiobraziliense.com.br\/cbradar\/wp-json\/wp\/v2\/posts"}],"about":[{"href":"https:\/\/www.correiobraziliense.com.br\/cbradar\/wp-json\/wp\/v2\/types\/post"}],"author":[{"embeddable":true,"href":"https:\/\/www.correiobraziliense.com.br\/cbradar\/wp-json\/wp\/v2\/users\/3"}],"replies":[{"embeddable":true,"href":"https:\/\/www.correiobraziliense.com.br\/cbradar\/wp-json\/wp\/v2\/comments?post=74906"}],"version-history":[{"count":2,"href":"https:\/\/www.correiobraziliense.com.br\/cbradar\/wp-json\/wp\/v2\/posts\/74906\/revisions"}],"predecessor-version":[{"id":74911,"href":"https:\/\/www.correiobraziliense.com.br\/cbradar\/wp-json\/wp\/v2\/posts\/74906\/revisions\/74911"}],"wp:featuredmedia":[{"embeddable":true,"href":"https:\/\/www.correiobraziliense.com.br\/cbradar\/wp-json\/wp\/v2\/media\/74908"}],"wp:attachment":[{"href":"https:\/\/www.correiobraziliense.com.br\/cbradar\/wp-json\/wp\/v2\/media?parent=74906"}],"wp:term":[{"taxonomy":"category","embeddable":true,"href":"https:\/\/www.correiobraziliense.com.br\/cbradar\/wp-json\/wp\/v2\/categories?post=74906"},{"taxonomy":"post_tag","embeddable":true,"href":"https:\/\/www.correiobraziliense.com.br\/cbradar\/wp-json\/wp\/v2\/tags?post=74906"}],"curies":[{"name":"wp","href":"https:\/\/api.w.org\/{rel}","templated":true}]}}