{"id":75032,"date":"2025-07-25T08:40:00","date_gmt":"2025-07-25T11:40:00","guid":{"rendered":"https:\/\/www.correiobraziliense.com.br\/cbradar\/?p=75032"},"modified":"2025-07-25T08:30:41","modified_gmt":"2025-07-25T11:30:41","slug":"essa-e-a-planta-que-voce-nunca-deve-ter-em-casa-segundo-o-feng-shui","status":"publish","type":"post","link":"https:\/\/www.correiobraziliense.com.br\/cbradar\/essa-e-a-planta-que-voce-nunca-deve-ter-em-casa-segundo-o-feng-shui\/","title":{"rendered":"Essa \u00e9 a planta que voc\u00ea nunca deve ter em casa, segundo o Feng Shui"},"content":{"rendered":"\n<p>As <strong>plantas<\/strong> s\u00e3o aliadas poderosas para melhorar a harmonia no lar. No entanto, segundo o <strong>Feng Shui<\/strong>, existe uma esp\u00e9cie que deve ser mantida fora de casa. Esta tradi\u00e7\u00e3o atribui a certas plantas conota\u00e7\u00f5es negativas que podem afetar a energia do ambiente.<\/p>\n\n\n\n<ul class=\"wp-block-list\">\n<li>A coroa-de-Cristo \u00e9 considerada uma planta conflituosa.<\/li>\n\n\n\n<li>Seus espinhos est\u00e3o associados a uma energia densa e agressiva.<\/li>\n\n\n\n<li>O Feng Shui recomenda que ela seja colocada em ambientes externos.<\/li>\n<\/ul>\n\n\n\n<h2 class=\"wp-block-heading\">Por que evitar a coroa-de-Cristo dentro de casa?<\/h2>\n\n\n\n<p>Conhecida pelo seu aspecto espinhoso e flores vibrantes, a <strong>coroa-de-Cristo<\/strong> (Euphorbia milii) possui uma simbologia cultural controversa. Tradicionalmente, acredita-se que esta planta foi utilizada para confeccionar a coroa de espinhos de Jesus, carregando consigo sentimentos de temor e nervosismo.<\/p>\n\n\n\n<p>De acordo com o <strong>Feng Shui<\/strong>, esta planta emana <strong>energia conflituosa<\/strong> devido aos seus espinhos proeminentes. Essas caracter\u00edsticas podem criar um ambiente de tens\u00e3o e inquieta\u00e7\u00e3o dentro do lar. Al\u00e9m disso, outro ponto importante \u00e9 que a seiva da coroa-de-Cristo tamb\u00e9m pode ser t\u00f3xica em contato com a pele ou se ingerida por animais de estima\u00e7\u00e3o, tornando seu cultivo interno ainda menos recomendado para fam\u00edlias com crian\u00e7as ou pets.<\/p>\n\n\n\n<figure class=\"wp-block-image size-large\"><img decoding=\"async\" width=\"1024\" height=\"576\" src=\"https:\/\/www.correiobraziliense.com.br\/cbradar\/wp-content\/uploads\/2025\/07\/plantas_1753443023000-1024x576.jpg\" alt=\"Essa \u00e9 a planta que voc\u00ea nunca deve ter em casa, segundo o Feng Shui\" class=\"wp-image-75035\" srcset=\"https:\/\/www.correiobraziliense.com.br\/cbradar\/wp-content\/uploads\/2025\/07\/plantas_1753443023000-1024x576.jpg 1024w, https:\/\/www.correiobraziliense.com.br\/cbradar\/wp-content\/uploads\/2025\/07\/plantas_1753443023000-300x169.jpg 300w, https:\/\/www.correiobraziliense.com.br\/cbradar\/wp-content\/uploads\/2025\/07\/plantas_1753443023000-768x432.jpg 768w, https:\/\/www.correiobraziliense.com.br\/cbradar\/wp-content\/uploads\/2025\/07\/plantas_1753443023000-750x422.jpg 750w, https:\/\/www.correiobraziliense.com.br\/cbradar\/wp-content\/uploads\/2025\/07\/plantas_1753443023000-1140x641.jpg 1140w, https:\/\/www.correiobraziliense.com.br\/cbradar\/wp-content\/uploads\/2025\/07\/plantas_1753443023000.jpg 1280w\" sizes=\"(max-width: 1024px) 100vw, 1024px\" \/><figcaption class=\"wp-element-caption\">plantas. Cr\u00e9ditos: depositphotos.com \/ AntonMatyukha<\/figcaption><\/figure>\n\n\n\n<h2 class=\"wp-block-heading\">Onde colocar a coroa-de-Cristo?<\/h2>\n\n\n\n<p>Embora n\u00e3o seja recomendada para interiores, caso voc\u00ea deseje apreciar a coroa-de-Cristo, o <strong>Feng Shui<\/strong> sugere posicion\u00e1-la em <strong>\u00e1reas externas<\/strong>. Sacadas, varandas, quintais ou jardins s\u00e3o locais ideais. Assim, a planta funciona como uma barreira protetora contra energias externas, sem comprometer a paz interna da casa.<\/p>\n\n\n\n<h2 class=\"wp-block-heading\">O impacto das plantas na energia da casa<\/h2>\n\n\n\n<p>Decorar com plantas n\u00e3o s\u00f3 valoriza a est\u00e9tica dos ambientes, mas tamb\u00e9m influencia a <strong>energia<\/strong> e o \u00e2nimo dos moradores. Escolher corretamente quais esp\u00e9cies cultivar dentro de casa \u00e9 fundamental para criar um ambiente harmonioso.<\/p>\n\n\n\n<p>Antes de introduzir uma nova planta, considere o seu simbolismo e a sua posi\u00e7\u00e3o no espa\u00e7o; uma mudan\u00e7a <strong>sutil<\/strong> pode transformar completamente o clima de conviv\u00eancia no lar.<\/p>\n\n\n\n<h2 class=\"wp-block-heading\">Como as plantas afetam o bem-estar no lar<\/h2>\n\n\n\n<ul class=\"wp-block-list\">\n<li>Escolha plantas com energia positiva para ambientes internos harmoniosos.<\/li>\n\n\n\n<li>Utilize a coroa-de-Cristo como prote\u00e7\u00e3o apenas em \u00e1reas externas.<\/li>\n\n\n\n<li>Lembre-se de que o simbolismo de cada planta pode influenciar o clima do ambiente.<\/li>\n<\/ul>\n","protected":false},"excerpt":{"rendered":"<p>Conhe\u00e7a a planta que deve ser evitada em casa segundo o Feng Shui. Descubra a simbologia das plantas e seu impacto na energia do seu lar.<\/p>\n","protected":false},"author":3,"featured_media":75034,"comment_status":"open","ping_status":"open","sticky":false,"template":"","format":"standard","meta":{"_yoast_wpseo_focuskw":"planta evitada","_yoast_wpseo_title":"%%title%%","_yoast_wpseo_metadesc":"Conhe\u00e7a a planta que deve ser evitada em casa segundo o Feng Shui. Descubra a simbologia das plantas e seu impacto na energia do seu lar.","jnews-multi-image_gallery":[],"jnews_single_post":{"format":"standard"},"jnews_primary_category":[],"jnews_social_meta":[],"jnews_override_counter":[],"footnotes":""},"categories":[112],"tags":[144,6376],"class_list":["post-75032","post","type-post","status-publish","format-standard","has-post-thumbnail","hentry","category-curiosidades","tag-curiosidades","tag-feng-shui"],"yoast_head":"<!-- This site is optimized with the Yoast SEO plugin v24.6 - https:\/\/yoast.com\/wordpress\/plugins\/seo\/ -->\n<title>Essa \u00e9 a planta que voc\u00ea nunca deve ter em casa, segundo o Feng Shui<\/title>\n<meta name=\"description\" content=\"Conhe\u00e7a a planta que deve ser evitada em casa segundo o Feng Shui. Descubra a simbologia das plantas e seu impacto na energia do seu lar.\" \/>\n<meta name=\"robots\" content=\"index, follow, max-snippet:-1, max-image-preview:large, max-video-preview:-1\" \/>\n<link rel=\"canonical\" href=\"https:\/\/www.correiobraziliense.com.br\/cbradar\/essa-e-a-planta-que-voce-nunca-deve-ter-em-casa-segundo-o-feng-shui\/\" \/>\n<meta property=\"og:locale\" content=\"pt_BR\" \/>\n<meta property=\"og:type\" content=\"article\" \/>\n<meta property=\"og:title\" content=\"Essa \u00e9 a planta que voc\u00ea nunca deve ter em casa, segundo o Feng Shui\" \/>\n<meta property=\"og:description\" content=\"Conhe\u00e7a a planta que deve ser evitada em casa segundo o Feng Shui. Descubra a simbologia das plantas e seu impacto na energia do seu lar.\" \/>\n<meta property=\"og:url\" content=\"https:\/\/www.correiobraziliense.com.br\/cbradar\/essa-e-a-planta-que-voce-nunca-deve-ter-em-casa-segundo-o-feng-shui\/\" \/>\n<meta property=\"og:site_name\" content=\"Correio Braziliense - Radar\" \/>\n<meta property=\"article:published_time\" content=\"2025-07-25T11:40:00+00:00\" \/>\n<meta property=\"og:image\" content=\"https:\/\/www.correiobraziliense.com.br\/cbradar\/wp-content\/uploads\/2025\/07\/plantas_1753442999624.jpg\" \/>\n\t<meta property=\"og:image:width\" content=\"1280\" \/>\n\t<meta property=\"og:image:height\" content=\"720\" \/>\n\t<meta property=\"og:image:type\" content=\"image\/jpeg\" \/>\n<meta name=\"author\" content=\"Larissa Carvalho\" \/>\n<meta name=\"twitter:card\" content=\"summary_large_image\" \/>\n<meta name=\"twitter:label1\" content=\"Escrito por\" \/>\n\t<meta name=\"twitter:data1\" content=\"Larissa Carvalho\" \/>\n\t<meta name=\"twitter:label2\" content=\"Est. tempo de leitura\" \/>\n\t<meta name=\"twitter:data2\" content=\"3 minutos\" \/>\n<!-- \/ Yoast SEO plugin. -->","yoast_head_json":{"title":"Essa \u00e9 a planta que voc\u00ea nunca deve ter em casa, segundo o Feng Shui","description":"Conhe\u00e7a a planta que deve ser evitada em casa segundo o Feng Shui. Descubra a simbologia das plantas e seu impacto na energia do seu lar.","robots":{"index":"index","follow":"follow","max-snippet":"max-snippet:-1","max-image-preview":"max-image-preview:large","max-video-preview":"max-video-preview:-1"},"canonical":"https:\/\/www.correiobraziliense.com.br\/cbradar\/essa-e-a-planta-que-voce-nunca-deve-ter-em-casa-segundo-o-feng-shui\/","og_locale":"pt_BR","og_type":"article","og_title":"Essa \u00e9 a planta que voc\u00ea nunca deve ter em casa, segundo o Feng Shui","og_description":"Conhe\u00e7a a planta que deve ser evitada em casa segundo o Feng Shui. Descubra a simbologia das plantas e seu impacto na energia do seu lar.","og_url":"https:\/\/www.correiobraziliense.com.br\/cbradar\/essa-e-a-planta-que-voce-nunca-deve-ter-em-casa-segundo-o-feng-shui\/","og_site_name":"Correio Braziliense - Radar","article_published_time":"2025-07-25T11:40:00+00:00","og_image":[{"width":1280,"height":720,"url":"https:\/\/www.correiobraziliense.com.br\/cbradar\/wp-content\/uploads\/2025\/07\/plantas_1753442999624.jpg","type":"image\/jpeg"}],"author":"Larissa Carvalho","twitter_card":"summary_large_image","twitter_misc":{"Escrito por":"Larissa Carvalho","Est. tempo de leitura":"3 minutos"},"schema":{"@context":"https:\/\/schema.org","@graph":[{"@type":"WebPage","@id":"https:\/\/www.correiobraziliense.com.br\/cbradar\/essa-e-a-planta-que-voce-nunca-deve-ter-em-casa-segundo-o-feng-shui\/","url":"https:\/\/www.correiobraziliense.com.br\/cbradar\/essa-e-a-planta-que-voce-nunca-deve-ter-em-casa-segundo-o-feng-shui\/","name":"Essa \u00e9 a planta que voc\u00ea nunca deve ter em casa, segundo o Feng Shui","isPartOf":{"@id":"https:\/\/www.correiobraziliense.com.br\/cbradar\/#website"},"primaryImageOfPage":{"@id":"https:\/\/www.correiobraziliense.com.br\/cbradar\/essa-e-a-planta-que-voce-nunca-deve-ter-em-casa-segundo-o-feng-shui\/#primaryimage"},"image":{"@id":"https:\/\/www.correiobraziliense.com.br\/cbradar\/essa-e-a-planta-que-voce-nunca-deve-ter-em-casa-segundo-o-feng-shui\/#primaryimage"},"thumbnailUrl":"https:\/\/www.correiobraziliense.com.br\/cbradar\/wp-content\/uploads\/2025\/07\/plantas_1753442999624.jpg","datePublished":"2025-07-25T11:40:00+00:00","author":{"@id":"https:\/\/www.correiobraziliense.com.br\/cbradar\/#\/schema\/person\/58422787644df994b53a19d3e56c1513"},"description":"Conhe\u00e7a a planta que deve ser evitada em casa segundo o Feng Shui. Descubra a simbologia das plantas e seu impacto na energia do seu lar.","breadcrumb":{"@id":"https:\/\/www.correiobraziliense.com.br\/cbradar\/essa-e-a-planta-que-voce-nunca-deve-ter-em-casa-segundo-o-feng-shui\/#breadcrumb"},"inLanguage":"pt-BR","potentialAction":[{"@type":"ReadAction","target":["https:\/\/www.correiobraziliense.com.br\/cbradar\/essa-e-a-planta-que-voce-nunca-deve-ter-em-casa-segundo-o-feng-shui\/"]}]},{"@type":"ImageObject","inLanguage":"pt-BR","@id":"https:\/\/www.correiobraziliense.com.br\/cbradar\/essa-e-a-planta-que-voce-nunca-deve-ter-em-casa-segundo-o-feng-shui\/#primaryimage","url":"https:\/\/www.correiobraziliense.com.br\/cbradar\/wp-content\/uploads\/2025\/07\/plantas_1753442999624.jpg","contentUrl":"https:\/\/www.correiobraziliense.com.br\/cbradar\/wp-content\/uploads\/2025\/07\/plantas_1753442999624.jpg","width":1280,"height":720,"caption":"plantas. Cr\u00e9ditos: depositphotos.com \/ AntonMatyukha"},{"@type":"BreadcrumbList","@id":"https:\/\/www.correiobraziliense.com.br\/cbradar\/essa-e-a-planta-que-voce-nunca-deve-ter-em-casa-segundo-o-feng-shui\/#breadcrumb","itemListElement":[{"@type":"ListItem","position":1,"name":"In\u00edcio","item":"https:\/\/www.correiobraziliense.com.br\/cbradar\/"},{"@type":"ListItem","position":2,"name":"Essa \u00e9 a planta que voc\u00ea nunca deve ter em casa, segundo o Feng Shui"}]},{"@type":"WebSite","@id":"https:\/\/www.correiobraziliense.com.br\/cbradar\/#website","url":"https:\/\/www.correiobraziliense.com.br\/cbradar\/","name":"Correio Braziliense - Radar","description":"Acompanhe as \u00faltimas not\u00edcias e fique bem informado sobre tudo o que acontece no Brasil e no mundo.","potentialAction":[{"@type":"SearchAction","target":{"@type":"EntryPoint","urlTemplate":"https:\/\/www.correiobraziliense.com.br\/cbradar\/?s={search_term_string}"},"query-input":{"@type":"PropertyValueSpecification","valueRequired":true,"valueName":"search_term_string"}}],"inLanguage":"pt-BR"},{"@type":"Person","@id":"https:\/\/www.correiobraziliense.com.br\/cbradar\/#\/schema\/person\/58422787644df994b53a19d3e56c1513","name":"Larissa Carvalho","image":{"@type":"ImageObject","inLanguage":"pt-BR","@id":"https:\/\/www.correiobraziliense.com.br\/cbradar\/#\/schema\/person\/image\/","url":"https:\/\/secure.gravatar.com\/avatar\/fe4f91a0de32b52a838d0d612abdc1aa?s=96&d=mm&r=g","contentUrl":"https:\/\/secure.gravatar.com\/avatar\/fe4f91a0de32b52a838d0d612abdc1aa?s=96&d=mm&r=g","caption":"Larissa Carvalho"},"url":"https:\/\/www.correiobraziliense.com.br\/cbradar\/author\/larissamyth\/"}]}},"_links":{"self":[{"href":"https:\/\/www.correiobraziliense.com.br\/cbradar\/wp-json\/wp\/v2\/posts\/75032","targetHints":{"allow":["GET"]}}],"collection":[{"href":"https:\/\/www.correiobraziliense.com.br\/cbradar\/wp-json\/wp\/v2\/posts"}],"about":[{"href":"https:\/\/www.correiobraziliense.com.br\/cbradar\/wp-json\/wp\/v2\/types\/post"}],"author":[{"embeddable":true,"href":"https:\/\/www.correiobraziliense.com.br\/cbradar\/wp-json\/wp\/v2\/users\/3"}],"replies":[{"embeddable":true,"href":"https:\/\/www.correiobraziliense.com.br\/cbradar\/wp-json\/wp\/v2\/comments?post=75032"}],"version-history":[{"count":2,"href":"https:\/\/www.correiobraziliense.com.br\/cbradar\/wp-json\/wp\/v2\/posts\/75032\/revisions"}],"predecessor-version":[{"id":75036,"href":"https:\/\/www.correiobraziliense.com.br\/cbradar\/wp-json\/wp\/v2\/posts\/75032\/revisions\/75036"}],"wp:featuredmedia":[{"embeddable":true,"href":"https:\/\/www.correiobraziliense.com.br\/cbradar\/wp-json\/wp\/v2\/media\/75034"}],"wp:attachment":[{"href":"https:\/\/www.correiobraziliense.com.br\/cbradar\/wp-json\/wp\/v2\/media?parent=75032"}],"wp:term":[{"taxonomy":"category","embeddable":true,"href":"https:\/\/www.correiobraziliense.com.br\/cbradar\/wp-json\/wp\/v2\/categories?post=75032"},{"taxonomy":"post_tag","embeddable":true,"href":"https:\/\/www.correiobraziliense.com.br\/cbradar\/wp-json\/wp\/v2\/tags?post=75032"}],"curies":[{"name":"wp","href":"https:\/\/api.w.org\/{rel}","templated":true}]}}