{"id":75216,"date":"2025-07-26T17:23:00","date_gmt":"2025-07-26T20:23:00","guid":{"rendered":"https:\/\/www.correiobraziliense.com.br\/cbradar\/?p=75216"},"modified":"2025-07-25T18:20:34","modified_gmt":"2025-07-25T21:20:34","slug":"o-que-acontece-com-seu-corpo-quando-voce-faz-a-dieta-da-melancia","status":"publish","type":"post","link":"https:\/\/www.correiobraziliense.com.br\/cbradar\/o-que-acontece-com-seu-corpo-quando-voce-faz-a-dieta-da-melancia\/","title":{"rendered":"O que acontece com seu corpo quando voc\u00ea faz a dieta da melancia"},"content":{"rendered":"\n<p>A nova tend\u00eancia do TikTok chamada de <strong>dieta da melancia<\/strong> consiste em comer apenas melancia por at\u00e9 sete dias para emagrecer. Este m\u00e9todo, no entanto, n\u00e3o \u00e9 sustent\u00e1vel a longo prazo. <strong>Julia Zumpano<\/strong>, uma dietista especializada em cardiologia preventiva da Cleveland Clinic, afirma que, apesar de uma poss\u00edvel perda de peso inicial, n\u00e3o h\u00e1 pesquisas que comprovem sua efic\u00e1cia a longo prazo.<\/p>\n\n\n\n<ul class=\"wp-block-list\">\n<li>Riscos de desnutri\u00e7\u00e3o e efeitos negativos \u00e0 sa\u00fade.<\/li>\n\n\n\n<li>Impacto negativo na rela\u00e7\u00e3o com a comida e sinais de fome.<\/li>\n\n\n\n<li>A dieta \u00e9 insustent\u00e1vel e pode ser perigosa em certos casos.<\/li>\n<\/ul>\n\n\n\n<h2 class=\"wp-block-heading\">Qual \u00e9 o real impacto da Dieta da Melancia?<\/h2>\n\n\n\n<p>De acordo com Tommy Lor, RD, dietista registrado na Keck Medicine of USC, planos alimentares como a <strong>dieta da melancia<\/strong> s\u00e3o geralmente considerados inseguros. A elimina\u00e7\u00e3o de v\u00e1rios alimentos promete resultados r\u00e1pidos, mas n\u00e3o s\u00e3o sustent\u00e1veis e podem dificultar a manuten\u00e7\u00e3o do progresso ao longo do tempo.<\/p>\n\n\n\n<p>Al\u00e9m disso, Shonali Soans, MS, RD, CDN, dietista no programa de sa\u00fade integrativa do Weill Cornell Medicine, alerta que a dieta pode ser especialmente perigosa para pessoas com certas condi\u00e7\u00f5es de sa\u00fade.<\/p>\n\n\n\n<h2 class=\"wp-block-heading\">A dieta da melancia pode ser perigosa?<\/h2>\n\n\n\n<p>Certos grupos de pessoas devem evitar essa dieta. &#8220;Nutrientes desempenham papel chave na produ\u00e7\u00e3o de neurotransmissores envolvidos no humor, prazer, calma, foco, cogni\u00e7\u00e3o e bem-estar&#8221;, explica Soans. <strong>O corpo depende de todos os componentes de uma dieta equilibrada<\/strong>, e voc\u00ea pode come\u00e7ar a sentir os efeitos negativos rapidamente.<\/p>\n\n\n\n<p>&#8220;As c\u00e9lulas do nosso corpo exigem esses nutrientes para funcionar de forma eficiente, incluindo as c\u00e9lulas do f\u00edgado e dos rins, que s\u00e3o os \u00f3rg\u00e3os de desintoxica\u00e7\u00e3o do corpo&#8221;, complementa Soans. Uma dieta restritiva pode afetar negativamente nossa rela\u00e7\u00e3o com a comida e nossos sinais de fome e saciedade.<\/p>\n\n\n\n<figure class=\"wp-block-image size-large\"><img decoding=\"async\" width=\"1024\" height=\"576\" src=\"https:\/\/www.correiobraziliense.com.br\/cbradar\/wp-content\/uploads\/2025\/07\/melancia_1753477837028-1024x576.jpg\" alt=\"O que acontece com seu corpo quando voc\u00ea faz a dieta da melancia\" class=\"wp-image-75220\" srcset=\"https:\/\/www.correiobraziliense.com.br\/cbradar\/wp-content\/uploads\/2025\/07\/melancia_1753477837028-1024x576.jpg 1024w, https:\/\/www.correiobraziliense.com.br\/cbradar\/wp-content\/uploads\/2025\/07\/melancia_1753477837028-300x169.jpg 300w, https:\/\/www.correiobraziliense.com.br\/cbradar\/wp-content\/uploads\/2025\/07\/melancia_1753477837028-768x432.jpg 768w, https:\/\/www.correiobraziliense.com.br\/cbradar\/wp-content\/uploads\/2025\/07\/melancia_1753477837028-750x422.jpg 750w, https:\/\/www.correiobraziliense.com.br\/cbradar\/wp-content\/uploads\/2025\/07\/melancia_1753477837028-1140x641.jpg 1140w, https:\/\/www.correiobraziliense.com.br\/cbradar\/wp-content\/uploads\/2025\/07\/melancia_1753477837028.jpg 1280w\" sizes=\"(max-width: 1024px) 100vw, 1024px\" \/><figcaption class=\"wp-element-caption\">A melancia \u00e9 uma das principais frutas do pa\u00eds. Cr\u00e9ditos: depositphotos.com \/ VadimVasenin<\/figcaption><\/figure>\n\n\n\n<h2 class=\"wp-block-heading\">A import\u00e2ncia de uma dieta equilibrada<\/h2>\n\n\n\n<p>Seguir tend\u00eancias como a dieta da melancia pode tornar dif\u00edcil nutrir adequadamente seu corpo no futuro. <strong>Dietas muito restritivas<\/strong> podem prejudicar metas de sa\u00fade e bem-estar duradouras. Considere sempre uma abordagem de alimenta\u00e7\u00e3o equilibrada que inclua todos os grupos alimentares para assegurar uma nutri\u00e7\u00e3o adequada.<\/p>\n\n\n\n<h2 class=\"wp-block-heading\">Resumo dos principais pontos abordados<\/h2>\n\n\n\n<ul class=\"wp-block-list\">\n<li>A dieta da melancia n\u00e3o \u00e9 uma solu\u00e7\u00e3o sustent\u00e1vel para perda de peso.<\/li>\n\n\n\n<li>Planos alimentares restritivos podem ser perigosos e trazer riscos significativos \u00e0 sa\u00fade.<\/li>\n\n\n\n<li>\u00c9 fundamental manter uma dieta equilibrada para promover o bem-estar geral.<\/li>\n<\/ul>\n\n\n\n<p>Leia tamb\u00e9m: <em><a href=\"https:\/\/www.correiobraziliense.com.br\/cbradar\/as-cascas-de-frutas-mais-nutritivas-que-ninguem-aproveita\/\" target=\"_blank\" rel=\"noreferrer noopener\">As cascas de frutas mais nutritivas que ningu\u00e9m aproveita<\/a><\/em><\/p>\n","protected":false},"excerpt":{"rendered":"<p>Dieta da melancia: popular no TikTok, mas perigosa! Descubra os riscos dessa moda passageira e por que n\u00e3o \u00e9 sustent\u00e1vel a longo prazo.<\/p>\n","protected":false},"author":3,"featured_media":75218,"comment_status":"open","ping_status":"open","sticky":false,"template":"","format":"standard","meta":{"_yoast_wpseo_focuskw":"dieta melancia","_yoast_wpseo_title":"%%title%%","_yoast_wpseo_metadesc":"Dieta da melancia: popular no TikTok, mas perigosa! Descubra os riscos dessa moda passageira e por que n\u00e3o \u00e9 sustent\u00e1vel a longo prazo.","jnews-multi-image_gallery":[],"jnews_single_post":{"format":"standard"},"jnews_primary_category":[],"jnews_social_meta":[],"jnews_override_counter":[],"footnotes":""},"categories":[112],"tags":[281,1423,144],"class_list":["post-75216","post","type-post","status-publish","format-standard","has-post-thumbnail","hentry","category-curiosidades","tag-alimentacao","tag-alimentos","tag-curiosidades"],"yoast_head":"<!-- This site is optimized with the Yoast SEO plugin v24.6 - https:\/\/yoast.com\/wordpress\/plugins\/seo\/ -->\n<title>O que acontece com seu corpo quando voc\u00ea faz a dieta da melancia<\/title>\n<meta name=\"description\" content=\"Dieta da melancia: popular no TikTok, mas perigosa! Descubra os riscos dessa moda passageira e por que n\u00e3o \u00e9 sustent\u00e1vel a longo prazo.\" \/>\n<meta name=\"robots\" content=\"index, follow, max-snippet:-1, max-image-preview:large, max-video-preview:-1\" \/>\n<link rel=\"canonical\" href=\"https:\/\/www.correiobraziliense.com.br\/cbradar\/o-que-acontece-com-seu-corpo-quando-voce-faz-a-dieta-da-melancia\/\" \/>\n<meta property=\"og:locale\" content=\"pt_BR\" \/>\n<meta property=\"og:type\" content=\"article\" \/>\n<meta property=\"og:title\" content=\"O que acontece com seu corpo quando voc\u00ea faz a dieta da melancia\" \/>\n<meta property=\"og:description\" content=\"Dieta da melancia: popular no TikTok, mas perigosa! Descubra os riscos dessa moda passageira e por que n\u00e3o \u00e9 sustent\u00e1vel a longo prazo.\" \/>\n<meta property=\"og:url\" content=\"https:\/\/www.correiobraziliense.com.br\/cbradar\/o-que-acontece-com-seu-corpo-quando-voce-faz-a-dieta-da-melancia\/\" \/>\n<meta property=\"og:site_name\" content=\"Correio Braziliense - Radar\" \/>\n<meta property=\"article:published_time\" content=\"2025-07-26T20:23:00+00:00\" \/>\n<meta property=\"og:image\" content=\"https:\/\/www.correiobraziliense.com.br\/cbradar\/wp-content\/uploads\/2025\/07\/mosaico_1753477994844.png\" \/>\n\t<meta property=\"og:image:width\" content=\"1280\" \/>\n\t<meta property=\"og:image:height\" content=\"720\" \/>\n\t<meta property=\"og:image:type\" content=\"image\/png\" \/>\n<meta name=\"author\" content=\"Larissa Carvalho\" \/>\n<meta name=\"twitter:card\" content=\"summary_large_image\" \/>\n<meta name=\"twitter:label1\" content=\"Escrito por\" \/>\n\t<meta name=\"twitter:data1\" content=\"Larissa Carvalho\" \/>\n\t<meta name=\"twitter:label2\" content=\"Est. tempo de leitura\" \/>\n\t<meta name=\"twitter:data2\" content=\"3 minutos\" \/>\n<!-- \/ Yoast SEO plugin. -->","yoast_head_json":{"title":"O que acontece com seu corpo quando voc\u00ea faz a dieta da melancia","description":"Dieta da melancia: popular no TikTok, mas perigosa! Descubra os riscos dessa moda passageira e por que n\u00e3o \u00e9 sustent\u00e1vel a longo prazo.","robots":{"index":"index","follow":"follow","max-snippet":"max-snippet:-1","max-image-preview":"max-image-preview:large","max-video-preview":"max-video-preview:-1"},"canonical":"https:\/\/www.correiobraziliense.com.br\/cbradar\/o-que-acontece-com-seu-corpo-quando-voce-faz-a-dieta-da-melancia\/","og_locale":"pt_BR","og_type":"article","og_title":"O que acontece com seu corpo quando voc\u00ea faz a dieta da melancia","og_description":"Dieta da melancia: popular no TikTok, mas perigosa! Descubra os riscos dessa moda passageira e por que n\u00e3o \u00e9 sustent\u00e1vel a longo prazo.","og_url":"https:\/\/www.correiobraziliense.com.br\/cbradar\/o-que-acontece-com-seu-corpo-quando-voce-faz-a-dieta-da-melancia\/","og_site_name":"Correio Braziliense - Radar","article_published_time":"2025-07-26T20:23:00+00:00","og_image":[{"width":1280,"height":720,"url":"https:\/\/www.correiobraziliense.com.br\/cbradar\/wp-content\/uploads\/2025\/07\/mosaico_1753477994844.png","type":"image\/png"}],"author":"Larissa Carvalho","twitter_card":"summary_large_image","twitter_misc":{"Escrito por":"Larissa Carvalho","Est. tempo de leitura":"3 minutos"},"schema":{"@context":"https:\/\/schema.org","@graph":[{"@type":"WebPage","@id":"https:\/\/www.correiobraziliense.com.br\/cbradar\/o-que-acontece-com-seu-corpo-quando-voce-faz-a-dieta-da-melancia\/","url":"https:\/\/www.correiobraziliense.com.br\/cbradar\/o-que-acontece-com-seu-corpo-quando-voce-faz-a-dieta-da-melancia\/","name":"O que acontece com seu corpo quando voc\u00ea faz a dieta da melancia","isPartOf":{"@id":"https:\/\/www.correiobraziliense.com.br\/cbradar\/#website"},"primaryImageOfPage":{"@id":"https:\/\/www.correiobraziliense.com.br\/cbradar\/o-que-acontece-com-seu-corpo-quando-voce-faz-a-dieta-da-melancia\/#primaryimage"},"image":{"@id":"https:\/\/www.correiobraziliense.com.br\/cbradar\/o-que-acontece-com-seu-corpo-quando-voce-faz-a-dieta-da-melancia\/#primaryimage"},"thumbnailUrl":"https:\/\/www.correiobraziliense.com.br\/cbradar\/wp-content\/uploads\/2025\/07\/mosaico_1753477994844.png","datePublished":"2025-07-26T20:23:00+00:00","author":{"@id":"https:\/\/www.correiobraziliense.com.br\/cbradar\/#\/schema\/person\/58422787644df994b53a19d3e56c1513"},"description":"Dieta da melancia: popular no TikTok, mas perigosa! Descubra os riscos dessa moda passageira e por que n\u00e3o \u00e9 sustent\u00e1vel a longo prazo.","breadcrumb":{"@id":"https:\/\/www.correiobraziliense.com.br\/cbradar\/o-que-acontece-com-seu-corpo-quando-voce-faz-a-dieta-da-melancia\/#breadcrumb"},"inLanguage":"pt-BR","potentialAction":[{"@type":"ReadAction","target":["https:\/\/www.correiobraziliense.com.br\/cbradar\/o-que-acontece-com-seu-corpo-quando-voce-faz-a-dieta-da-melancia\/"]}]},{"@type":"ImageObject","inLanguage":"pt-BR","@id":"https:\/\/www.correiobraziliense.com.br\/cbradar\/o-que-acontece-com-seu-corpo-quando-voce-faz-a-dieta-da-melancia\/#primaryimage","url":"https:\/\/www.correiobraziliense.com.br\/cbradar\/wp-content\/uploads\/2025\/07\/mosaico_1753477994844.png","contentUrl":"https:\/\/www.correiobraziliense.com.br\/cbradar\/wp-content\/uploads\/2025\/07\/mosaico_1753477994844.png","width":1280,"height":720,"caption":"Dieta da melancia viralizou nas redes sociais entre os jovens. Cr\u00e9ditos: depositphotos.com \/ pressmaster e Cr\u00e9ditos: depositphotos.com \/ VadimVasenin"},{"@type":"BreadcrumbList","@id":"https:\/\/www.correiobraziliense.com.br\/cbradar\/o-que-acontece-com-seu-corpo-quando-voce-faz-a-dieta-da-melancia\/#breadcrumb","itemListElement":[{"@type":"ListItem","position":1,"name":"In\u00edcio","item":"https:\/\/www.correiobraziliense.com.br\/cbradar\/"},{"@type":"ListItem","position":2,"name":"O que acontece com seu corpo quando voc\u00ea faz a dieta da melancia"}]},{"@type":"WebSite","@id":"https:\/\/www.correiobraziliense.com.br\/cbradar\/#website","url":"https:\/\/www.correiobraziliense.com.br\/cbradar\/","name":"Correio Braziliense - Radar","description":"Acompanhe as \u00faltimas not\u00edcias e fique bem informado sobre tudo o que acontece no Brasil e no mundo.","potentialAction":[{"@type":"SearchAction","target":{"@type":"EntryPoint","urlTemplate":"https:\/\/www.correiobraziliense.com.br\/cbradar\/?s={search_term_string}"},"query-input":{"@type":"PropertyValueSpecification","valueRequired":true,"valueName":"search_term_string"}}],"inLanguage":"pt-BR"},{"@type":"Person","@id":"https:\/\/www.correiobraziliense.com.br\/cbradar\/#\/schema\/person\/58422787644df994b53a19d3e56c1513","name":"Larissa Carvalho","image":{"@type":"ImageObject","inLanguage":"pt-BR","@id":"https:\/\/www.correiobraziliense.com.br\/cbradar\/#\/schema\/person\/image\/","url":"https:\/\/secure.gravatar.com\/avatar\/fe4f91a0de32b52a838d0d612abdc1aa?s=96&d=mm&r=g","contentUrl":"https:\/\/secure.gravatar.com\/avatar\/fe4f91a0de32b52a838d0d612abdc1aa?s=96&d=mm&r=g","caption":"Larissa Carvalho"},"url":"https:\/\/www.correiobraziliense.com.br\/cbradar\/author\/larissamyth\/"}]}},"_links":{"self":[{"href":"https:\/\/www.correiobraziliense.com.br\/cbradar\/wp-json\/wp\/v2\/posts\/75216","targetHints":{"allow":["GET"]}}],"collection":[{"href":"https:\/\/www.correiobraziliense.com.br\/cbradar\/wp-json\/wp\/v2\/posts"}],"about":[{"href":"https:\/\/www.correiobraziliense.com.br\/cbradar\/wp-json\/wp\/v2\/types\/post"}],"author":[{"embeddable":true,"href":"https:\/\/www.correiobraziliense.com.br\/cbradar\/wp-json\/wp\/v2\/users\/3"}],"replies":[{"embeddable":true,"href":"https:\/\/www.correiobraziliense.com.br\/cbradar\/wp-json\/wp\/v2\/comments?post=75216"}],"version-history":[{"count":2,"href":"https:\/\/www.correiobraziliense.com.br\/cbradar\/wp-json\/wp\/v2\/posts\/75216\/revisions"}],"predecessor-version":[{"id":75221,"href":"https:\/\/www.correiobraziliense.com.br\/cbradar\/wp-json\/wp\/v2\/posts\/75216\/revisions\/75221"}],"wp:featuredmedia":[{"embeddable":true,"href":"https:\/\/www.correiobraziliense.com.br\/cbradar\/wp-json\/wp\/v2\/media\/75218"}],"wp:attachment":[{"href":"https:\/\/www.correiobraziliense.com.br\/cbradar\/wp-json\/wp\/v2\/media?parent=75216"}],"wp:term":[{"taxonomy":"category","embeddable":true,"href":"https:\/\/www.correiobraziliense.com.br\/cbradar\/wp-json\/wp\/v2\/categories?post=75216"},{"taxonomy":"post_tag","embeddable":true,"href":"https:\/\/www.correiobraziliense.com.br\/cbradar\/wp-json\/wp\/v2\/tags?post=75216"}],"curies":[{"name":"wp","href":"https:\/\/api.w.org\/{rel}","templated":true}]}}