{"id":75228,"date":"2025-07-26T17:43:00","date_gmt":"2025-07-26T20:43:00","guid":{"rendered":"https:\/\/www.correiobraziliense.com.br\/cbradar\/?p=75228"},"modified":"2025-07-25T18:33:32","modified_gmt":"2025-07-25T21:33:32","slug":"para-que-serve-o-cinto-traseiro-em-casacos-e-sobretudos","status":"publish","type":"post","link":"https:\/\/www.correiobraziliense.com.br\/cbradar\/para-que-serve-o-cinto-traseiro-em-casacos-e-sobretudos\/","title":{"rendered":"Para que serve o cinto traseiro em casacos e sobretudos"},"content":{"rendered":"\n<p>O <strong>cinto traseiro<\/strong> em <strong>casacos<\/strong> e <strong>sobretudos<\/strong> n\u00e3o \u00e9 apenas um detalhe est\u00e9tico, mas cumpre fun\u00e7\u00f5es pr\u00e1ticas que muitas vezes passam despercebidas. Este artigo explora a utilidade desse acess\u00f3rio frequentemente ignorado. Descubra como ele pode melhorar o ajuste e trazer conforto ao seu uso di\u00e1rio.<\/p>\n\n\n\n<ul class=\"wp-block-list\">\n<li>Aprimoramento est\u00e9tico e ajuste personalizado<\/li>\n\n\n\n<li>Facilita a mobilidade ao usar pe\u00e7as de vestu\u00e1rio pesadas<\/li>\n\n\n\n<li>Hist\u00f3ria e evolu\u00e7\u00e3o do design de moda<\/li>\n<\/ul>\n\n\n\n<h2 class=\"wp-block-heading\">Qual a fun\u00e7\u00e3o pr\u00e1tica do cinto traseiro em casacos?<\/h2>\n\n\n\n<p>O cinto traseiro em casacos e sobretudos desempenha uma <strong>fun\u00e7\u00e3o pr\u00e1tica<\/strong> essencial: permitir ajuste ao corpo. Ele proporciona um caimento mais elegante e adapt\u00e1vel ao formato individual de cada pessoa.<\/p>\n\n\n\n<p>A capacidade de ajustar o casaco por meio do cinto n\u00e3o s\u00f3 melhora a est\u00e9tica, mas tamb\u00e9m adiciona conforto. Em dias frios, o ajuste firme ret\u00e9m melhor o calor.<\/p>\n\n\n\n<h2 class=\"wp-block-heading\">Como o cinto traseiro facilita a mobilidade?<\/h2>\n\n\n\n<p>Casacos e sobretudos s\u00e3o tradicionalmente feitos de <strong>tecidos pesados<\/strong> para oferecer aquecimento. Sem o cinto, esses materiais podem limitar o movimento. O cinto ajuda a centralizar e distribuir o peso do tecido, facilitando movimentos mais naturais.<\/p>\n\n\n\n<p>Assim, ao ajustar a <strong>silhueta<\/strong> da roupa, o usu\u00e1rio ganha mais liberdade para movimentos di\u00e1rios, como caminhar e sentar.<\/p>\n\n\n\n<figure class=\"wp-block-image size-large\"><img decoding=\"async\" width=\"1024\" height=\"576\" src=\"https:\/\/www.correiobraziliense.com.br\/cbradar\/wp-content\/uploads\/2025\/07\/casaco-sobretudo_1753479052503-1024x576.jpg\" alt=\"Para que serve o cinto traseiro em casacos e sobretudos\" class=\"wp-image-75231\" srcset=\"https:\/\/www.correiobraziliense.com.br\/cbradar\/wp-content\/uploads\/2025\/07\/casaco-sobretudo_1753479052503-1024x576.jpg 1024w, https:\/\/www.correiobraziliense.com.br\/cbradar\/wp-content\/uploads\/2025\/07\/casaco-sobretudo_1753479052503-300x169.jpg 300w, https:\/\/www.correiobraziliense.com.br\/cbradar\/wp-content\/uploads\/2025\/07\/casaco-sobretudo_1753479052503-768x432.jpg 768w, https:\/\/www.correiobraziliense.com.br\/cbradar\/wp-content\/uploads\/2025\/07\/casaco-sobretudo_1753479052503-750x422.jpg 750w, https:\/\/www.correiobraziliense.com.br\/cbradar\/wp-content\/uploads\/2025\/07\/casaco-sobretudo_1753479052503-1140x641.jpg 1140w, https:\/\/www.correiobraziliense.com.br\/cbradar\/wp-content\/uploads\/2025\/07\/casaco-sobretudo_1753479052503.jpg 1280w\" sizes=\"(max-width: 1024px) 100vw, 1024px\" \/><figcaption class=\"wp-element-caption\">casaco sobretudo. Cr\u00e9ditos: depositphotos.com \/ Kryzhov<\/figcaption><\/figure>\n\n\n\n<h2 class=\"wp-block-heading\">A evolu\u00e7\u00e3o hist\u00f3rica do cinto em casacos<\/h2>\n\n\n\n<p>Historicamente, os primeiros casacos com cintos traseiros surgiram em uniformes militares. A praticidade de ajustar o vestu\u00e1rio ao corpo foi explorada pelas for\u00e7as armadas antes de se transformar em uma tend\u00eancia de moda.<\/p>\n\n\n\n<p>Ao longo do tempo, os designers de moda reimaginaram essa funcionalidade como um elemento cativante, ligando sua praticidade \u00e0 est\u00e9tica contempor\u00e2nea.<\/p>\n\n\n\n<p><em>Dica r\u00e1pida:<\/em> Ao comprar um casaco, experimente ajust\u00e1-lo com os cintos traseiros e sinta a diferen\u00e7a no conforto e estilo.<\/p>\n\n\n\n<p>Leia tamb\u00e9m: <a href=\"https:\/\/www.correiobraziliense.com.br\/cbradar\/descubra-para-que-servem-os-buracos-perto-da-sola-do-all-star\/\" target=\"_blank\" rel=\"noreferrer noopener\">Descubra para que servem os buracos perto da sola do All-Star<\/a><\/p>\n\n\n\n<h2 class=\"wp-block-heading\">Principais Benef\u00edcios de Ajustar o Cinto Traseiro<\/h2>\n\n\n\n<ul class=\"wp-block-list\">\n<li>Personaliza\u00e7\u00e3o do ajuste, garantindo conforto e estilo<\/li>\n\n\n\n<li>Distribui\u00e7\u00e3o equilibrada do peso do tecido, melhorando a mobilidade<\/li>\n\n\n\n<li>Conex\u00e3o com tradi\u00e7\u00f5es hist\u00f3ricas e evolu\u00e7\u00e3o do design de moda<\/li>\n<\/ul>\n","protected":false},"excerpt":{"rendered":"<p>Cintos traseiros em casacos e sobretudos: eleg\u00e2ncia e ajuste perfeito. Descubra suas fun\u00e7\u00f5es e benef\u00edcios para estilo e conforto.<\/p>\n","protected":false},"author":3,"featured_media":75230,"comment_status":"open","ping_status":"open","sticky":false,"template":"","format":"standard","meta":{"_yoast_wpseo_focuskw":"cinto traseiro casacos","_yoast_wpseo_title":"%%title%%","_yoast_wpseo_metadesc":"Cintos traseiros em casacos e sobretudos: eleg\u00e2ncia e ajuste perfeito. Descubra suas fun\u00e7\u00f5es e benef\u00edcios para estilo e conforto.","jnews-multi-image_gallery":[],"jnews_single_post":{"format":"standard"},"jnews_primary_category":[],"jnews_social_meta":[],"jnews_override_counter":[],"footnotes":""},"categories":[112],"post_tag":[144,8638],"class_list":["post-75228","post","type-post","status-publish","format-standard","has-post-thumbnail","hentry","category-curiosidades","tag-curiosidades","tag-para-que-serve"],"yoast_head":"<!-- This site is optimized with the Yoast SEO plugin v24.6 - https:\/\/yoast.com\/wordpress\/plugins\/seo\/ -->\n<title>Para que serve o cinto traseiro em casacos e sobretudos<\/title>\n<meta name=\"description\" content=\"Cintos traseiros em casacos e sobretudos: eleg\u00e2ncia e ajuste perfeito. Descubra suas fun\u00e7\u00f5es e benef\u00edcios para estilo e conforto.\" \/>\n<meta name=\"robots\" content=\"index, follow, max-snippet:-1, max-image-preview:large, max-video-preview:-1\" \/>\n<link rel=\"canonical\" href=\"https:\/\/www.correiobraziliense.com.br\/cbradar\/para-que-serve-o-cinto-traseiro-em-casacos-e-sobretudos\/\" \/>\n<meta property=\"og:locale\" content=\"pt_BR\" \/>\n<meta property=\"og:type\" content=\"article\" \/>\n<meta property=\"og:title\" content=\"Para que serve o cinto traseiro em casacos e sobretudos\" \/>\n<meta property=\"og:description\" content=\"Cintos traseiros em casacos e sobretudos: eleg\u00e2ncia e ajuste perfeito. Descubra suas fun\u00e7\u00f5es e benef\u00edcios para estilo e conforto.\" \/>\n<meta property=\"og:url\" content=\"https:\/\/www.correiobraziliense.com.br\/cbradar\/para-que-serve-o-cinto-traseiro-em-casacos-e-sobretudos\/\" \/>\n<meta property=\"og:site_name\" content=\"Correio Braziliense - Radar\" \/>\n<meta property=\"article:published_time\" content=\"2025-07-26T20:43:00+00:00\" \/>\n<meta property=\"og:image\" content=\"https:\/\/www.correiobraziliense.com.br\/cbradar\/wp-content\/uploads\/2025\/07\/mosaico_1753479146525.png\" \/>\n\t<meta property=\"og:image:width\" content=\"1280\" \/>\n\t<meta property=\"og:image:height\" content=\"720\" \/>\n\t<meta property=\"og:image:type\" content=\"image\/png\" \/>\n<meta name=\"author\" content=\"Larissa Carvalho\" \/>\n<meta name=\"twitter:card\" content=\"summary_large_image\" \/>\n<meta name=\"twitter:label1\" content=\"Escrito por\" \/>\n\t<meta name=\"twitter:data1\" content=\"Larissa Carvalho\" \/>\n\t<meta name=\"twitter:label2\" content=\"Est. tempo de leitura\" \/>\n\t<meta name=\"twitter:data2\" content=\"3 minutos\" \/>\n<!-- \/ Yoast SEO plugin. -->","yoast_head_json":{"title":"Para que serve o cinto traseiro em casacos e sobretudos","description":"Cintos traseiros em casacos e sobretudos: eleg\u00e2ncia e ajuste perfeito. Descubra suas fun\u00e7\u00f5es e benef\u00edcios para estilo e conforto.","robots":{"index":"index","follow":"follow","max-snippet":"max-snippet:-1","max-image-preview":"max-image-preview:large","max-video-preview":"max-video-preview:-1"},"canonical":"https:\/\/www.correiobraziliense.com.br\/cbradar\/para-que-serve-o-cinto-traseiro-em-casacos-e-sobretudos\/","og_locale":"pt_BR","og_type":"article","og_title":"Para que serve o cinto traseiro em casacos e sobretudos","og_description":"Cintos traseiros em casacos e sobretudos: eleg\u00e2ncia e ajuste perfeito. Descubra suas fun\u00e7\u00f5es e benef\u00edcios para estilo e conforto.","og_url":"https:\/\/www.correiobraziliense.com.br\/cbradar\/para-que-serve-o-cinto-traseiro-em-casacos-e-sobretudos\/","og_site_name":"Correio Braziliense - Radar","article_published_time":"2025-07-26T20:43:00+00:00","og_image":[{"width":1280,"height":720,"url":"https:\/\/www.correiobraziliense.com.br\/cbradar\/wp-content\/uploads\/2025\/07\/mosaico_1753479146525.png","type":"image\/png"}],"author":"Larissa Carvalho","twitter_card":"summary_large_image","twitter_misc":{"Escrito por":"Larissa Carvalho","Est. tempo de leitura":"3 minutos"},"schema":{"@context":"https:\/\/schema.org","@graph":[{"@type":"WebPage","@id":"https:\/\/www.correiobraziliense.com.br\/cbradar\/para-que-serve-o-cinto-traseiro-em-casacos-e-sobretudos\/","url":"https:\/\/www.correiobraziliense.com.br\/cbradar\/para-que-serve-o-cinto-traseiro-em-casacos-e-sobretudos\/","name":"Para que serve o cinto traseiro em casacos e sobretudos","isPartOf":{"@id":"https:\/\/www.correiobraziliense.com.br\/cbradar\/#website"},"primaryImageOfPage":{"@id":"https:\/\/www.correiobraziliense.com.br\/cbradar\/para-que-serve-o-cinto-traseiro-em-casacos-e-sobretudos\/#primaryimage"},"image":{"@id":"https:\/\/www.correiobraziliense.com.br\/cbradar\/para-que-serve-o-cinto-traseiro-em-casacos-e-sobretudos\/#primaryimage"},"thumbnailUrl":"https:\/\/www.correiobraziliense.com.br\/cbradar\/wp-content\/uploads\/2025\/07\/mosaico_1753479146525.png","datePublished":"2025-07-26T20:43:00+00:00","author":{"@id":"https:\/\/www.correiobraziliense.com.br\/cbradar\/#\/schema\/person\/58422787644df994b53a19d3e56c1513"},"description":"Cintos traseiros em casacos e sobretudos: eleg\u00e2ncia e ajuste perfeito. Descubra suas fun\u00e7\u00f5es e benef\u00edcios para estilo e conforto.","breadcrumb":{"@id":"https:\/\/www.correiobraziliense.com.br\/cbradar\/para-que-serve-o-cinto-traseiro-em-casacos-e-sobretudos\/#breadcrumb"},"inLanguage":"pt-BR","potentialAction":[{"@type":"ReadAction","target":["https:\/\/www.correiobraziliense.com.br\/cbradar\/para-que-serve-o-cinto-traseiro-em-casacos-e-sobretudos\/"]}]},{"@type":"ImageObject","inLanguage":"pt-BR","@id":"https:\/\/www.correiobraziliense.com.br\/cbradar\/para-que-serve-o-cinto-traseiro-em-casacos-e-sobretudos\/#primaryimage","url":"https:\/\/www.correiobraziliense.com.br\/cbradar\/wp-content\/uploads\/2025\/07\/mosaico_1753479146525.png","contentUrl":"https:\/\/www.correiobraziliense.com.br\/cbradar\/wp-content\/uploads\/2025\/07\/mosaico_1753479146525.png","width":1280,"height":720,"caption":"Cinto traseiro no sobretudo \u00e9 comum na pe\u00e7a de luxo. Cr\u00e9ditos: depositphotos.com \/ helena_mozhjer e Cr\u00e9ditos: depositphotos.com \/ Kryzhov"},{"@type":"BreadcrumbList","@id":"https:\/\/www.correiobraziliense.com.br\/cbradar\/para-que-serve-o-cinto-traseiro-em-casacos-e-sobretudos\/#breadcrumb","itemListElement":[{"@type":"ListItem","position":1,"name":"In\u00edcio","item":"https:\/\/www.correiobraziliense.com.br\/cbradar\/"},{"@type":"ListItem","position":2,"name":"Para que serve o cinto traseiro em casacos e sobretudos"}]},{"@type":"WebSite","@id":"https:\/\/www.correiobraziliense.com.br\/cbradar\/#website","url":"https:\/\/www.correiobraziliense.com.br\/cbradar\/","name":"Correio Braziliense - Radar","description":"Acompanhe as \u00faltimas not\u00edcias e fique bem informado sobre tudo o que acontece no Brasil e no mundo.","potentialAction":[{"@type":"SearchAction","target":{"@type":"EntryPoint","urlTemplate":"https:\/\/www.correiobraziliense.com.br\/cbradar\/?s={search_term_string}"},"query-input":{"@type":"PropertyValueSpecification","valueRequired":true,"valueName":"search_term_string"}}],"inLanguage":"pt-BR"},{"@type":"Person","@id":"https:\/\/www.correiobraziliense.com.br\/cbradar\/#\/schema\/person\/58422787644df994b53a19d3e56c1513","name":"Larissa Carvalho","image":{"@type":"ImageObject","inLanguage":"pt-BR","@id":"https:\/\/www.correiobraziliense.com.br\/cbradar\/#\/schema\/person\/image\/","url":"https:\/\/secure.gravatar.com\/avatar\/fe4f91a0de32b52a838d0d612abdc1aa?s=96&d=mm&r=g","contentUrl":"https:\/\/secure.gravatar.com\/avatar\/fe4f91a0de32b52a838d0d612abdc1aa?s=96&d=mm&r=g","caption":"Larissa Carvalho"},"url":"https:\/\/www.correiobraziliense.com.br\/cbradar\/author\/larissamyth\/"}]}},"_links":{"self":[{"href":"https:\/\/www.correiobraziliense.com.br\/cbradar\/wp-json\/wp\/v2\/posts\/75228","targetHints":{"allow":["GET"]}}],"collection":[{"href":"https:\/\/www.correiobraziliense.com.br\/cbradar\/wp-json\/wp\/v2\/posts"}],"about":[{"href":"https:\/\/www.correiobraziliense.com.br\/cbradar\/wp-json\/wp\/v2\/types\/post"}],"author":[{"embeddable":true,"href":"https:\/\/www.correiobraziliense.com.br\/cbradar\/wp-json\/wp\/v2\/users\/3"}],"replies":[{"embeddable":true,"href":"https:\/\/www.correiobraziliense.com.br\/cbradar\/wp-json\/wp\/v2\/comments?post=75228"}],"version-history":[{"count":2,"href":"https:\/\/www.correiobraziliense.com.br\/cbradar\/wp-json\/wp\/v2\/posts\/75228\/revisions"}],"predecessor-version":[{"id":75232,"href":"https:\/\/www.correiobraziliense.com.br\/cbradar\/wp-json\/wp\/v2\/posts\/75228\/revisions\/75232"}],"wp:featuredmedia":[{"embeddable":true,"href":"https:\/\/www.correiobraziliense.com.br\/cbradar\/wp-json\/wp\/v2\/media\/75230"}],"wp:attachment":[{"href":"https:\/\/www.correiobraziliense.com.br\/cbradar\/wp-json\/wp\/v2\/media?parent=75228"}],"wp:term":[{"taxonomy":"category","embeddable":true,"href":"https:\/\/www.correiobraziliense.com.br\/cbradar\/wp-json\/wp\/v2\/categories?post=75228"},{"taxonomy":"post_tag","embeddable":true,"href":"https:\/\/www.correiobraziliense.com.br\/cbradar\/wp-json\/wp\/v2\/post_tag?post=75228"}],"curies":[{"name":"wp","href":"https:\/\/api.w.org\/{rel}","templated":true}]}}