{"id":7534,"date":"2025-03-02T12:30:00","date_gmt":"2025-03-02T15:30:00","guid":{"rendered":"https:\/\/www.correiobraziliense.com.br\/cbradar\/?p=7534"},"modified":"2025-03-02T00:18:53","modified_gmt":"2025-03-02T03:18:53","slug":"veja-o-que-verificar-no-carro-para-ter-um-carnaval-mais-seguro","status":"publish","type":"post","link":"https:\/\/www.correiobraziliense.com.br\/cbradar\/veja-o-que-verificar-no-carro-para-ter-um-carnaval-mais-seguro\/","title":{"rendered":"Veja o que verificar no carro para ter um carnaval mais seguro"},"content":{"rendered":"\n<p>Com a chegada do Carnaval, muitos brasileiros se preparam para pegar a estrada e aproveitar o feriado. Antes de partir, \u00e9 fundamental garantir que o ve\u00edculo esteja em perfeitas condi\u00e7\u00f5es para evitar imprevistos e garantir a seguran\u00e7a de todos os passageiros.<\/p>\n\n\n\n<p>Uma revis\u00e3o completa do carro pode prevenir problemas mec\u00e2nicos e proporcionar uma viagem tranquila. A seguir, apresentamos cinco verifica\u00e7\u00f5es essenciais que devem ser realizadas antes de qualquer viagem longa.<\/p>\n\n\n\n<h2 class=\"wp-block-heading\"><strong>Por que verificar os pneus \u00e9 importante?<\/strong><\/h2>\n\n\n\n<p>Os pneus s\u00e3o componentes cr\u00edticos para a seguran\u00e7a do ve\u00edculo. Antes de viajar, \u00e9 essencial verificar a press\u00e3o e o estado geral dos pneus. Pneus desgastados ou com press\u00e3o inadequada podem aumentar o risco de acidentes, especialmente em condi\u00e7\u00f5es de chuva.<\/p>\n\n\n\n<figure class=\"wp-block-image size-large\"><img decoding=\"async\" width=\"1024\" height=\"576\" src=\"https:\/\/www.correiobraziliense.com.br\/cbradar\/wp-content\/uploads\/2025\/02\/carro_1740752262563-1024x576.jpg\" alt=\"Veja o que verificar no carro para ter um carnaval mais seguro\" class=\"wp-image-7536\" srcset=\"https:\/\/www.correiobraziliense.com.br\/cbradar\/wp-content\/uploads\/2025\/02\/carro_1740752262563-1024x576.jpg 1024w, https:\/\/www.correiobraziliense.com.br\/cbradar\/wp-content\/uploads\/2025\/02\/carro_1740752262563-300x169.jpg 300w, https:\/\/www.correiobraziliense.com.br\/cbradar\/wp-content\/uploads\/2025\/02\/carro_1740752262563-768x432.jpg 768w, https:\/\/www.correiobraziliense.com.br\/cbradar\/wp-content\/uploads\/2025\/02\/carro_1740752262563-750x422.jpg 750w, https:\/\/www.correiobraziliense.com.br\/cbradar\/wp-content\/uploads\/2025\/02\/carro_1740752262563-1140x641.jpg 1140w, https:\/\/www.correiobraziliense.com.br\/cbradar\/wp-content\/uploads\/2025\/02\/carro_1740752262563.jpg 1280w\" sizes=\"(max-width: 1024px) 100vw, 1024px\" \/><figcaption class=\"wp-element-caption\">Revis\u00e3o no carro. Cr\u00e9ditos: depositphotos.com \/ ArturVerkhovetskiy<\/figcaption><\/figure>\n\n\n\n<p>Al\u00e9m disso, \u00e9 importante garantir que o estepe esteja em boas condi\u00e7\u00f5es e que as ferramentas para troca de pneus estejam dispon\u00edveis. Isso assegura que, em caso de necessidade, o motorista possa lidar com a situa\u00e7\u00e3o sem dificuldades.<\/p>\n\n\n\n<h2 class=\"wp-block-heading\"><strong>Como avaliar o sistema de freios?<\/strong><\/h2>\n\n\n\n<p>O sistema de freios \u00e9 vital para a seguran\u00e7a do ve\u00edculo. Antes de viajar, \u00e9 necess\u00e1rio verificar o estado dos discos e pastilhas de freio, bem como o n\u00edvel do fluido de freio. Um sistema de frenagem eficiente \u00e9 crucial, especialmente em viagens longas ou em condi\u00e7\u00f5es adversas.<\/p>\n\n\n\n<p>Garantir que os freios estejam em perfeitas condi\u00e7\u00f5es \u00e9 fundamental para evitar riscos durante a viagem, proporcionando mais seguran\u00e7a para todos.<\/p>\n\n\n\n<h2 class=\"wp-block-heading\"><strong>Quais fluidos precisam de aten\u00e7\u00e3o?<\/strong><\/h2>\n\n\n\n<p>Os fluidos do ve\u00edculo s\u00e3o essenciais para o funcionamento adequado do motor e de outros sistemas. Antes de viajar, \u00e9 importante verificar os n\u00edveis de \u00f3leo do motor, fluido de transmiss\u00e3o, fluido de arrefecimento e fluido da dire\u00e7\u00e3o hidr\u00e1ulica.<\/p>\n\n\n\n<p>Se algum desses fluidos estiver abaixo do n\u00edvel recomendado, \u00e9 necess\u00e1rio fazer a reposi\u00e7\u00e3o ou substitui\u00e7\u00e3o. Al\u00e9m disso, \u00e9 importante verificar a data da \u00faltima troca de \u00f3leo para garantir que o lubrificante esteja em boas condi\u00e7\u00f5es.<\/p>\n\n\n\n<h2 class=\"wp-block-heading\"><strong>Como verificar as luzes e sinalizadores?<\/strong><\/h2>\n\n\n\n<p>O funcionamento adequado das luzes e sinalizadores \u00e9 crucial para a seguran\u00e7a na estrada. Certificar-se de que far\u00f3is, luzes de freio, piscas e far\u00f3is de neblina est\u00e3o operando corretamente \u00e9 essencial para garantir visibilidade, especialmente em viagens noturnas ou sob neblina.<\/p>\n\n\n\n<p>L\u00e2mpadas queimadas n\u00e3o apenas comprometem a seguran\u00e7a, mas tamb\u00e9m podem resultar em multas. Portanto, \u00e9 importante verificar e substituir qualquer l\u00e2mpada que n\u00e3o esteja funcionando adequadamente.<\/p>\n\n\n\n<h2 class=\"wp-block-heading\"><strong>Qual a import\u00e2ncia do sistema de arrefecimento?<\/strong><\/h2>\n\n\n\n<p>O sistema de arrefecimento \u00e9 respons\u00e1vel por manter a temperatura do motor em n\u00edveis adequados, evitando superaquecimentos. Antes de viajar, \u00e9 importante conferir o n\u00edvel do l\u00edquido de arrefecimento e inspecionar o estado da correia do motor.<\/p>\n\n\n\n<p>Falhas nesse sistema podem causar danos graves ao motor e at\u00e9 a parada do ve\u00edculo. Garantir que o sistema de arrefecimento esteja em boas condi\u00e7\u00f5es \u00e9 essencial para uma viagem tranquila.<\/p>\n\n\n\n<p>Seguindo essas dicas, \u00e9 poss\u00edvel garantir uma viagem mais segura e tranquila durante o Carnaval. Com o carro em perfeitas condi\u00e7\u00f5es, \u00e9 poss\u00edvel aproveitar o feriado sem preocupa\u00e7\u00f5es.<\/p>\n","protected":false},"excerpt":{"rendered":"<p>Garanta uma viagem de carro segura e tranquila durante o Carnaval com essenciais dicas de prepara\u00e7\u00f5es. Verifique esses itens essenciais!<\/p>\n","protected":false},"author":3,"featured_media":7535,"comment_status":"open","ping_status":"open","sticky":false,"template":"","format":"standard","meta":{"_yoast_wpseo_focuskw":"carro","_yoast_wpseo_title":"%%title%%","_yoast_wpseo_metadesc":"Garanta uma viagem de carro segura e tranquila durante o Carnaval com essenciais dicas de prepara\u00e7\u00f5es. Verifique esses itens essenciais!","jnews-multi-image_gallery":[],"jnews_single_post":{"format":"standard"},"jnews_primary_category":[],"jnews_social_meta":[],"jnews_override_counter":[],"footnotes":""},"categories":[122],"post_tag":[199,300,1375],"class_list":["post-7534","post","type-post","status-publish","format-standard","has-post-thumbnail","hentry","category-automobilismo","tag-carnaval","tag-carro","tag-revisao"],"yoast_head":"<!-- This site is optimized with the Yoast SEO plugin v24.6 - https:\/\/yoast.com\/wordpress\/plugins\/seo\/ -->\n<title>Veja o que verificar no carro para ter um carnaval mais seguro<\/title>\n<meta name=\"description\" content=\"Garanta uma viagem de carro segura e tranquila durante o Carnaval com essenciais dicas de prepara\u00e7\u00f5es. Verifique esses itens essenciais!\" \/>\n<meta name=\"robots\" content=\"index, follow, max-snippet:-1, max-image-preview:large, max-video-preview:-1\" \/>\n<link rel=\"canonical\" href=\"https:\/\/www.correiobraziliense.com.br\/cbradar\/veja-o-que-verificar-no-carro-para-ter-um-carnaval-mais-seguro\/\" \/>\n<meta property=\"og:locale\" content=\"pt_BR\" \/>\n<meta property=\"og:type\" content=\"article\" \/>\n<meta property=\"og:title\" content=\"Veja o que verificar no carro para ter um carnaval mais seguro\" \/>\n<meta property=\"og:description\" content=\"Garanta uma viagem de carro segura e tranquila durante o Carnaval com essenciais dicas de prepara\u00e7\u00f5es. Verifique esses itens essenciais!\" \/>\n<meta property=\"og:url\" content=\"https:\/\/www.correiobraziliense.com.br\/cbradar\/veja-o-que-verificar-no-carro-para-ter-um-carnaval-mais-seguro\/\" \/>\n<meta property=\"og:site_name\" content=\"Correio Braziliense - Radar\" \/>\n<meta property=\"article:published_time\" content=\"2025-03-02T15:30:00+00:00\" \/>\n<meta property=\"og:image\" content=\"https:\/\/www.correiobraziliense.com.br\/cbradar\/wp-content\/uploads\/2025\/02\/carro_1740752171866.jpg\" \/>\n\t<meta property=\"og:image:width\" content=\"1280\" \/>\n\t<meta property=\"og:image:height\" content=\"720\" \/>\n\t<meta property=\"og:image:type\" content=\"image\/jpeg\" \/>\n<meta name=\"author\" content=\"Larissa Carvalho\" \/>\n<meta name=\"twitter:card\" content=\"summary_large_image\" \/>\n<meta name=\"twitter:label1\" content=\"Escrito por\" \/>\n\t<meta name=\"twitter:data1\" content=\"Larissa Carvalho\" \/>\n\t<meta name=\"twitter:label2\" content=\"Est. tempo de leitura\" \/>\n\t<meta name=\"twitter:data2\" content=\"4 minutos\" \/>\n<!-- \/ Yoast SEO plugin. -->","yoast_head_json":{"title":"Veja o que verificar no carro para ter um carnaval mais seguro","description":"Garanta uma viagem de carro segura e tranquila durante o Carnaval com essenciais dicas de prepara\u00e7\u00f5es. Verifique esses itens essenciais!","robots":{"index":"index","follow":"follow","max-snippet":"max-snippet:-1","max-image-preview":"max-image-preview:large","max-video-preview":"max-video-preview:-1"},"canonical":"https:\/\/www.correiobraziliense.com.br\/cbradar\/veja-o-que-verificar-no-carro-para-ter-um-carnaval-mais-seguro\/","og_locale":"pt_BR","og_type":"article","og_title":"Veja o que verificar no carro para ter um carnaval mais seguro","og_description":"Garanta uma viagem de carro segura e tranquila durante o Carnaval com essenciais dicas de prepara\u00e7\u00f5es. Verifique esses itens essenciais!","og_url":"https:\/\/www.correiobraziliense.com.br\/cbradar\/veja-o-que-verificar-no-carro-para-ter-um-carnaval-mais-seguro\/","og_site_name":"Correio Braziliense - Radar","article_published_time":"2025-03-02T15:30:00+00:00","og_image":[{"width":1280,"height":720,"url":"https:\/\/www.correiobraziliense.com.br\/cbradar\/wp-content\/uploads\/2025\/02\/carro_1740752171866.jpg","type":"image\/jpeg"}],"author":"Larissa Carvalho","twitter_card":"summary_large_image","twitter_misc":{"Escrito por":"Larissa Carvalho","Est. tempo de leitura":"4 minutos"},"schema":{"@context":"https:\/\/schema.org","@graph":[{"@type":"WebPage","@id":"https:\/\/www.correiobraziliense.com.br\/cbradar\/veja-o-que-verificar-no-carro-para-ter-um-carnaval-mais-seguro\/","url":"https:\/\/www.correiobraziliense.com.br\/cbradar\/veja-o-que-verificar-no-carro-para-ter-um-carnaval-mais-seguro\/","name":"Veja o que verificar no carro para ter um carnaval mais seguro","isPartOf":{"@id":"https:\/\/www.correiobraziliense.com.br\/cbradar\/#website"},"primaryImageOfPage":{"@id":"https:\/\/www.correiobraziliense.com.br\/cbradar\/veja-o-que-verificar-no-carro-para-ter-um-carnaval-mais-seguro\/#primaryimage"},"image":{"@id":"https:\/\/www.correiobraziliense.com.br\/cbradar\/veja-o-que-verificar-no-carro-para-ter-um-carnaval-mais-seguro\/#primaryimage"},"thumbnailUrl":"https:\/\/www.correiobraziliense.com.br\/cbradar\/wp-content\/uploads\/2025\/02\/carro_1740752171866.jpg","datePublished":"2025-03-02T15:30:00+00:00","author":{"@id":"https:\/\/www.correiobraziliense.com.br\/cbradar\/#\/schema\/person\/58422787644df994b53a19d3e56c1513"},"description":"Garanta uma viagem de carro segura e tranquila durante o Carnaval com essenciais dicas de prepara\u00e7\u00f5es. Verifique esses itens essenciais!","breadcrumb":{"@id":"https:\/\/www.correiobraziliense.com.br\/cbradar\/veja-o-que-verificar-no-carro-para-ter-um-carnaval-mais-seguro\/#breadcrumb"},"inLanguage":"pt-BR","potentialAction":[{"@type":"ReadAction","target":["https:\/\/www.correiobraziliense.com.br\/cbradar\/veja-o-que-verificar-no-carro-para-ter-um-carnaval-mais-seguro\/"]}]},{"@type":"ImageObject","inLanguage":"pt-BR","@id":"https:\/\/www.correiobraziliense.com.br\/cbradar\/veja-o-que-verificar-no-carro-para-ter-um-carnaval-mais-seguro\/#primaryimage","url":"https:\/\/www.correiobraziliense.com.br\/cbradar\/wp-content\/uploads\/2025\/02\/carro_1740752171866.jpg","contentUrl":"https:\/\/www.correiobraziliense.com.br\/cbradar\/wp-content\/uploads\/2025\/02\/carro_1740752171866.jpg","width":1280,"height":720,"caption":"Cuidados Essenciais com o Carro. Cr\u00e9ditos: depositphotos.com \/ ArturVerkhovetskiy"},{"@type":"BreadcrumbList","@id":"https:\/\/www.correiobraziliense.com.br\/cbradar\/veja-o-que-verificar-no-carro-para-ter-um-carnaval-mais-seguro\/#breadcrumb","itemListElement":[{"@type":"ListItem","position":1,"name":"In\u00edcio","item":"https:\/\/www.correiobraziliense.com.br\/cbradar\/"},{"@type":"ListItem","position":2,"name":"Veja o que verificar no carro para ter um carnaval mais seguro"}]},{"@type":"WebSite","@id":"https:\/\/www.correiobraziliense.com.br\/cbradar\/#website","url":"https:\/\/www.correiobraziliense.com.br\/cbradar\/","name":"Correio Braziliense - Radar","description":"Acompanhe as \u00faltimas not\u00edcias e fique bem informado sobre tudo o que acontece no Brasil e no mundo.","potentialAction":[{"@type":"SearchAction","target":{"@type":"EntryPoint","urlTemplate":"https:\/\/www.correiobraziliense.com.br\/cbradar\/?s={search_term_string}"},"query-input":{"@type":"PropertyValueSpecification","valueRequired":true,"valueName":"search_term_string"}}],"inLanguage":"pt-BR"},{"@type":"Person","@id":"https:\/\/www.correiobraziliense.com.br\/cbradar\/#\/schema\/person\/58422787644df994b53a19d3e56c1513","name":"Larissa Carvalho","image":{"@type":"ImageObject","inLanguage":"pt-BR","@id":"https:\/\/www.correiobraziliense.com.br\/cbradar\/#\/schema\/person\/image\/","url":"https:\/\/secure.gravatar.com\/avatar\/fe4f91a0de32b52a838d0d612abdc1aa?s=96&d=mm&r=g","contentUrl":"https:\/\/secure.gravatar.com\/avatar\/fe4f91a0de32b52a838d0d612abdc1aa?s=96&d=mm&r=g","caption":"Larissa Carvalho"},"url":"https:\/\/www.correiobraziliense.com.br\/cbradar\/author\/larissamyth\/"}]}},"_links":{"self":[{"href":"https:\/\/www.correiobraziliense.com.br\/cbradar\/wp-json\/wp\/v2\/posts\/7534","targetHints":{"allow":["GET"]}}],"collection":[{"href":"https:\/\/www.correiobraziliense.com.br\/cbradar\/wp-json\/wp\/v2\/posts"}],"about":[{"href":"https:\/\/www.correiobraziliense.com.br\/cbradar\/wp-json\/wp\/v2\/types\/post"}],"author":[{"embeddable":true,"href":"https:\/\/www.correiobraziliense.com.br\/cbradar\/wp-json\/wp\/v2\/users\/3"}],"replies":[{"embeddable":true,"href":"https:\/\/www.correiobraziliense.com.br\/cbradar\/wp-json\/wp\/v2\/comments?post=7534"}],"version-history":[{"count":3,"href":"https:\/\/www.correiobraziliense.com.br\/cbradar\/wp-json\/wp\/v2\/posts\/7534\/revisions"}],"predecessor-version":[{"id":8029,"href":"https:\/\/www.correiobraziliense.com.br\/cbradar\/wp-json\/wp\/v2\/posts\/7534\/revisions\/8029"}],"wp:featuredmedia":[{"embeddable":true,"href":"https:\/\/www.correiobraziliense.com.br\/cbradar\/wp-json\/wp\/v2\/media\/7535"}],"wp:attachment":[{"href":"https:\/\/www.correiobraziliense.com.br\/cbradar\/wp-json\/wp\/v2\/media?parent=7534"}],"wp:term":[{"taxonomy":"category","embeddable":true,"href":"https:\/\/www.correiobraziliense.com.br\/cbradar\/wp-json\/wp\/v2\/categories?post=7534"},{"taxonomy":"post_tag","embeddable":true,"href":"https:\/\/www.correiobraziliense.com.br\/cbradar\/wp-json\/wp\/v2\/post_tag?post=7534"}],"curies":[{"name":"wp","href":"https:\/\/api.w.org\/{rel}","templated":true}]}}