{"id":75340,"date":"2025-07-26T17:03:00","date_gmt":"2025-07-26T20:03:00","guid":{"rendered":"https:\/\/www.correiobraziliense.com.br\/cbradar\/?p=75340"},"modified":"2025-07-25T20:56:41","modified_gmt":"2025-07-25T23:56:41","slug":"erros-no-preparo-do-macarrao-que-deixam-a-massa-grudenta","status":"publish","type":"post","link":"https:\/\/www.correiobraziliense.com.br\/cbradar\/erros-no-preparo-do-macarrao-que-deixam-a-massa-grudenta\/","title":{"rendered":"Erros no preparo do macarr\u00e3o que deixam a massa grudenta"},"content":{"rendered":"\n<p>Ao preparar <strong>massa<\/strong> em casa, muitos acabam cometendo <strong>erros<\/strong> que resultam em um prato menos apetitoso. Neste artigo, vamos destacar alguns desses equ\u00edvocos e como voc\u00ea pode evit\u00e1-los.<\/p>\n\n\n\n<ul class=\"wp-block-list\">\n<li>A quantidade correta de \u00e1gua \u00e9 crucial.<\/li>\n\n\n\n<li>Mexer a massa no momento certo faz diferen\u00e7a.<\/li>\n\n\n\n<li>O tempo de cozimento pode alterar tudo.<\/li>\n<\/ul>\n\n\n\n<h2 class=\"wp-block-heading\">Por que a quantidade de \u00e1gua importa no cozimento da massa?<\/h2>\n\n\n\n<p><strong>Usar pouca \u00e1gua<\/strong> no preparo da massa pode resultar em um prato grudado. A \u00e1gua precisa estar em abund\u00e2ncia para permitir que a massa se mova livremente e libere o amido.<\/p>\n\n\n\n<p>A regra b\u00e1sica \u00e9 utilizar cerca de 1 litro de \u00e1gua para cada 100 gramas de massa. Dessa forma, h\u00e1 espa\u00e7o suficiente para que ela cozinhe de maneira uniforme.<\/p>\n\n\n\n<h2 class=\"wp-block-heading\">Como evitar que a massa fique grudenta?<\/h2>\n\n\n\n<p>Uma dica simples, mas eficaz: <strong>mexer a massa<\/strong> nos primeiros minutos de cozimento impede que ela se grude. \u00c9 nesse in\u00edcio que a massa pode grudar, e uma r\u00e1pida mexida resolve o problema.<\/p>\n\n\n\n<p>A \u00e1gua fervendo ajuda a manter a massa em movimento, mas \u00e9 importante dar uma ajudinha inicial com a colher.<\/p>\n\n\n\n<figure class=\"wp-block-image size-large\"><img decoding=\"async\" width=\"1024\" height=\"576\" src=\"https:\/\/www.correiobraziliense.com.br\/cbradar\/wp-content\/uploads\/2025\/07\/cozinhar-macarrao_1753487754971-1024x576.jpg\" alt=\"Erros no preparo do macarr\u00e3o que deixam a massa grudenta\" class=\"wp-image-75343\" srcset=\"https:\/\/www.correiobraziliense.com.br\/cbradar\/wp-content\/uploads\/2025\/07\/cozinhar-macarrao_1753487754971-1024x576.jpg 1024w, https:\/\/www.correiobraziliense.com.br\/cbradar\/wp-content\/uploads\/2025\/07\/cozinhar-macarrao_1753487754971-300x169.jpg 300w, https:\/\/www.correiobraziliense.com.br\/cbradar\/wp-content\/uploads\/2025\/07\/cozinhar-macarrao_1753487754971-768x432.jpg 768w, https:\/\/www.correiobraziliense.com.br\/cbradar\/wp-content\/uploads\/2025\/07\/cozinhar-macarrao_1753487754971-750x422.jpg 750w, https:\/\/www.correiobraziliense.com.br\/cbradar\/wp-content\/uploads\/2025\/07\/cozinhar-macarrao_1753487754971-1140x641.jpg 1140w, https:\/\/www.correiobraziliense.com.br\/cbradar\/wp-content\/uploads\/2025\/07\/cozinhar-macarrao_1753487754971.jpg 1280w\" sizes=\"(max-width: 1024px) 100vw, 1024px\" \/><figcaption class=\"wp-element-caption\">cozinhar macarr\u00e3o. Cr\u00e9ditos: depositphotos.com \/ HappyWarthog<\/figcaption><\/figure>\n\n\n\n<h2 class=\"wp-block-heading\">Qual o tempo de cozimento ideal?<\/h2>\n\n\n\n<p>O <strong>tempo de cozimento<\/strong> \u00e9 um fator cr\u00edtico para evitar massa grudenta. \u00c9 preciso seguir as instru\u00e7\u00f5es da embalagem, mas tamb\u00e9m consultar o paladar.<\/p>\n\n\n\n<p>Cerca de um minuto antes do tempo indicado, comece a provar a massa. Isso garantir\u00e1 que ela fique al dente, sem passar do ponto e grudar.<\/p>\n\n\n\n<p>Leia tamb\u00e9m: <a href=\"https:\/\/www.correiobraziliense.com.br\/cbradar\/3-erros-comuns-que-fazem-a-abobrinha-estragar-mais-rapido\/\" target=\"_blank\" rel=\"noreferrer noopener\">3 erros comuns que fazem a abobrinha estragar mais r\u00e1pido<\/a><\/p>\n\n\n\n<h2 class=\"wp-block-heading\">Massa perfeita sem grude: O que aprender?<\/h2>\n\n\n\n<ul class=\"wp-block-list\">\n<li>Garanta sempre \u00e1gua suficiente para a pasta.<\/li>\n\n\n\n<li>Mexa a massa no in\u00edcio do cozimento para soltar.<\/li>\n\n\n\n<li>Teste o cozimento um minuto antes do tempo recomendado.<\/li>\n<\/ul>\n\n\n\n<p>Lembre-se, a experi\u00eancia na cozinha melhora com cada tentativa. N\u00e3o tenha medo de ajustar t\u00e9cnicas e descobrir o que funciona melhor para voc\u00ea!<\/p>\n","protected":false},"excerpt":{"rendered":"<p>Aprenda os erros comuns ao cozinhar massa e descubra como evitar que ela fique grudenta, garantindo pratos perfeitos e deliciosos.<\/p>\n","protected":false},"author":3,"featured_media":75342,"comment_status":"open","ping_status":"open","sticky":false,"template":"","format":"standard","meta":{"_yoast_wpseo_focuskw":"erros preparo macarr\u00e3o","_yoast_wpseo_title":"%%title%%","_yoast_wpseo_metadesc":"Aprenda os erros comuns ao cozinhar massa e descubra como evitar que ela fique grudenta, garantindo pratos perfeitos e deliciosos.","jnews-multi-image_gallery":[],"jnews_single_post":{"format":"standard"},"jnews_primary_category":[],"jnews_social_meta":[],"jnews_override_counter":[],"footnotes":""},"categories":[112],"tags":[281,1423,144],"class_list":["post-75340","post","type-post","status-publish","format-standard","has-post-thumbnail","hentry","category-curiosidades","tag-alimentacao","tag-alimentos","tag-curiosidades"],"yoast_head":"<!-- This site is optimized with the Yoast SEO plugin v24.6 - https:\/\/yoast.com\/wordpress\/plugins\/seo\/ -->\n<title>Erros no preparo do macarr\u00e3o que deixam a massa grudenta<\/title>\n<meta name=\"description\" content=\"Aprenda os erros comuns ao cozinhar massa e descubra como evitar que ela fique grudenta, garantindo pratos perfeitos e deliciosos.\" \/>\n<meta name=\"robots\" content=\"index, follow, max-snippet:-1, max-image-preview:large, max-video-preview:-1\" \/>\n<link rel=\"canonical\" href=\"https:\/\/www.correiobraziliense.com.br\/cbradar\/erros-no-preparo-do-macarrao-que-deixam-a-massa-grudenta\/\" \/>\n<meta property=\"og:locale\" content=\"pt_BR\" \/>\n<meta property=\"og:type\" content=\"article\" \/>\n<meta property=\"og:title\" content=\"Erros no preparo do macarr\u00e3o que deixam a massa grudenta\" \/>\n<meta property=\"og:description\" content=\"Aprenda os erros comuns ao cozinhar massa e descubra como evitar que ela fique grudenta, garantindo pratos perfeitos e deliciosos.\" \/>\n<meta property=\"og:url\" content=\"https:\/\/www.correiobraziliense.com.br\/cbradar\/erros-no-preparo-do-macarrao-que-deixam-a-massa-grudenta\/\" \/>\n<meta property=\"og:site_name\" content=\"Correio Braziliense - Radar\" \/>\n<meta property=\"article:published_time\" content=\"2025-07-26T20:03:00+00:00\" \/>\n<meta property=\"og:image\" content=\"https:\/\/www.correiobraziliense.com.br\/cbradar\/wp-content\/uploads\/2025\/07\/cozinhar-macarrao_1753487682206.jpg\" \/>\n\t<meta property=\"og:image:width\" content=\"1280\" \/>\n\t<meta property=\"og:image:height\" content=\"720\" \/>\n\t<meta property=\"og:image:type\" content=\"image\/jpeg\" \/>\n<meta name=\"author\" content=\"Larissa Carvalho\" \/>\n<meta name=\"twitter:card\" content=\"summary_large_image\" \/>\n<meta name=\"twitter:label1\" content=\"Escrito por\" \/>\n\t<meta name=\"twitter:data1\" content=\"Larissa Carvalho\" \/>\n\t<meta name=\"twitter:label2\" content=\"Est. tempo de leitura\" \/>\n\t<meta name=\"twitter:data2\" content=\"3 minutos\" \/>\n<!-- \/ Yoast SEO plugin. -->","yoast_head_json":{"title":"Erros no preparo do macarr\u00e3o que deixam a massa grudenta","description":"Aprenda os erros comuns ao cozinhar massa e descubra como evitar que ela fique grudenta, garantindo pratos perfeitos e deliciosos.","robots":{"index":"index","follow":"follow","max-snippet":"max-snippet:-1","max-image-preview":"max-image-preview:large","max-video-preview":"max-video-preview:-1"},"canonical":"https:\/\/www.correiobraziliense.com.br\/cbradar\/erros-no-preparo-do-macarrao-que-deixam-a-massa-grudenta\/","og_locale":"pt_BR","og_type":"article","og_title":"Erros no preparo do macarr\u00e3o que deixam a massa grudenta","og_description":"Aprenda os erros comuns ao cozinhar massa e descubra como evitar que ela fique grudenta, garantindo pratos perfeitos e deliciosos.","og_url":"https:\/\/www.correiobraziliense.com.br\/cbradar\/erros-no-preparo-do-macarrao-que-deixam-a-massa-grudenta\/","og_site_name":"Correio Braziliense - Radar","article_published_time":"2025-07-26T20:03:00+00:00","og_image":[{"width":1280,"height":720,"url":"https:\/\/www.correiobraziliense.com.br\/cbradar\/wp-content\/uploads\/2025\/07\/cozinhar-macarrao_1753487682206.jpg","type":"image\/jpeg"}],"author":"Larissa Carvalho","twitter_card":"summary_large_image","twitter_misc":{"Escrito por":"Larissa Carvalho","Est. tempo de leitura":"3 minutos"},"schema":{"@context":"https:\/\/schema.org","@graph":[{"@type":"WebPage","@id":"https:\/\/www.correiobraziliense.com.br\/cbradar\/erros-no-preparo-do-macarrao-que-deixam-a-massa-grudenta\/","url":"https:\/\/www.correiobraziliense.com.br\/cbradar\/erros-no-preparo-do-macarrao-que-deixam-a-massa-grudenta\/","name":"Erros no preparo do macarr\u00e3o que deixam a massa grudenta","isPartOf":{"@id":"https:\/\/www.correiobraziliense.com.br\/cbradar\/#website"},"primaryImageOfPage":{"@id":"https:\/\/www.correiobraziliense.com.br\/cbradar\/erros-no-preparo-do-macarrao-que-deixam-a-massa-grudenta\/#primaryimage"},"image":{"@id":"https:\/\/www.correiobraziliense.com.br\/cbradar\/erros-no-preparo-do-macarrao-que-deixam-a-massa-grudenta\/#primaryimage"},"thumbnailUrl":"https:\/\/www.correiobraziliense.com.br\/cbradar\/wp-content\/uploads\/2025\/07\/cozinhar-macarrao_1753487682206.jpg","datePublished":"2025-07-26T20:03:00+00:00","author":{"@id":"https:\/\/www.correiobraziliense.com.br\/cbradar\/#\/schema\/person\/58422787644df994b53a19d3e56c1513"},"description":"Aprenda os erros comuns ao cozinhar massa e descubra como evitar que ela fique grudenta, garantindo pratos perfeitos e deliciosos.","breadcrumb":{"@id":"https:\/\/www.correiobraziliense.com.br\/cbradar\/erros-no-preparo-do-macarrao-que-deixam-a-massa-grudenta\/#breadcrumb"},"inLanguage":"pt-BR","potentialAction":[{"@type":"ReadAction","target":["https:\/\/www.correiobraziliense.com.br\/cbradar\/erros-no-preparo-do-macarrao-que-deixam-a-massa-grudenta\/"]}]},{"@type":"ImageObject","inLanguage":"pt-BR","@id":"https:\/\/www.correiobraziliense.com.br\/cbradar\/erros-no-preparo-do-macarrao-que-deixam-a-massa-grudenta\/#primaryimage","url":"https:\/\/www.correiobraziliense.com.br\/cbradar\/wp-content\/uploads\/2025\/07\/cozinhar-macarrao_1753487682206.jpg","contentUrl":"https:\/\/www.correiobraziliense.com.br\/cbradar\/wp-content\/uploads\/2025\/07\/cozinhar-macarrao_1753487682206.jpg","width":1280,"height":720,"caption":"cozinhar macarr\u00e3o. Cr\u00e9ditos: depositphotos.com \/ AlexLipa"},{"@type":"BreadcrumbList","@id":"https:\/\/www.correiobraziliense.com.br\/cbradar\/erros-no-preparo-do-macarrao-que-deixam-a-massa-grudenta\/#breadcrumb","itemListElement":[{"@type":"ListItem","position":1,"name":"In\u00edcio","item":"https:\/\/www.correiobraziliense.com.br\/cbradar\/"},{"@type":"ListItem","position":2,"name":"Erros no preparo do macarr\u00e3o que deixam a massa grudenta"}]},{"@type":"WebSite","@id":"https:\/\/www.correiobraziliense.com.br\/cbradar\/#website","url":"https:\/\/www.correiobraziliense.com.br\/cbradar\/","name":"Correio Braziliense - Radar","description":"Acompanhe as \u00faltimas not\u00edcias e fique bem informado sobre tudo o que acontece no Brasil e no mundo.","potentialAction":[{"@type":"SearchAction","target":{"@type":"EntryPoint","urlTemplate":"https:\/\/www.correiobraziliense.com.br\/cbradar\/?s={search_term_string}"},"query-input":{"@type":"PropertyValueSpecification","valueRequired":true,"valueName":"search_term_string"}}],"inLanguage":"pt-BR"},{"@type":"Person","@id":"https:\/\/www.correiobraziliense.com.br\/cbradar\/#\/schema\/person\/58422787644df994b53a19d3e56c1513","name":"Larissa Carvalho","image":{"@type":"ImageObject","inLanguage":"pt-BR","@id":"https:\/\/www.correiobraziliense.com.br\/cbradar\/#\/schema\/person\/image\/","url":"https:\/\/secure.gravatar.com\/avatar\/fe4f91a0de32b52a838d0d612abdc1aa?s=96&d=mm&r=g","contentUrl":"https:\/\/secure.gravatar.com\/avatar\/fe4f91a0de32b52a838d0d612abdc1aa?s=96&d=mm&r=g","caption":"Larissa Carvalho"},"url":"https:\/\/www.correiobraziliense.com.br\/cbradar\/author\/larissamyth\/"}]}},"_links":{"self":[{"href":"https:\/\/www.correiobraziliense.com.br\/cbradar\/wp-json\/wp\/v2\/posts\/75340","targetHints":{"allow":["GET"]}}],"collection":[{"href":"https:\/\/www.correiobraziliense.com.br\/cbradar\/wp-json\/wp\/v2\/posts"}],"about":[{"href":"https:\/\/www.correiobraziliense.com.br\/cbradar\/wp-json\/wp\/v2\/types\/post"}],"author":[{"embeddable":true,"href":"https:\/\/www.correiobraziliense.com.br\/cbradar\/wp-json\/wp\/v2\/users\/3"}],"replies":[{"embeddable":true,"href":"https:\/\/www.correiobraziliense.com.br\/cbradar\/wp-json\/wp\/v2\/comments?post=75340"}],"version-history":[{"count":2,"href":"https:\/\/www.correiobraziliense.com.br\/cbradar\/wp-json\/wp\/v2\/posts\/75340\/revisions"}],"predecessor-version":[{"id":75344,"href":"https:\/\/www.correiobraziliense.com.br\/cbradar\/wp-json\/wp\/v2\/posts\/75340\/revisions\/75344"}],"wp:featuredmedia":[{"embeddable":true,"href":"https:\/\/www.correiobraziliense.com.br\/cbradar\/wp-json\/wp\/v2\/media\/75342"}],"wp:attachment":[{"href":"https:\/\/www.correiobraziliense.com.br\/cbradar\/wp-json\/wp\/v2\/media?parent=75340"}],"wp:term":[{"taxonomy":"category","embeddable":true,"href":"https:\/\/www.correiobraziliense.com.br\/cbradar\/wp-json\/wp\/v2\/categories?post=75340"},{"taxonomy":"post_tag","embeddable":true,"href":"https:\/\/www.correiobraziliense.com.br\/cbradar\/wp-json\/wp\/v2\/tags?post=75340"}],"curies":[{"name":"wp","href":"https:\/\/api.w.org\/{rel}","templated":true}]}}