{"id":75486,"date":"2025-07-26T19:53:00","date_gmt":"2025-07-26T22:53:00","guid":{"rendered":"https:\/\/www.correiobraziliense.com.br\/cbradar\/?p=75486"},"modified":"2025-07-26T10:55:00","modified_gmt":"2025-07-26T13:55:00","slug":"15-sinais-de-que-voce-e-mais-jovem-do-que-sua-idade-biologica","status":"publish","type":"post","link":"https:\/\/www.correiobraziliense.com.br\/cbradar\/15-sinais-de-que-voce-e-mais-jovem-do-que-sua-idade-biologica\/","title":{"rendered":"15 sinais de que voc\u00ea \u00e9 mais jovem do que sua idade biol\u00f3gica"},"content":{"rendered":"\n<p>Sentindo-se mais jovem do que a sua idade real? Voc\u00ea n\u00e3o est\u00e1 sozinho. Muitas pessoas percebem que sua <strong>idade biol\u00f3gica<\/strong> n\u00e3o corresponde a como se sentem por dentro. Seja pelo estilo de vida, mentalidade ou gen\u00e9tica, alguns parecem desafiar o tempo. Aqui est\u00e3o alguns sinais de que voc\u00ea pode ser <strong>mais jovem<\/strong> do que sua idade sugere.<\/p>\n\n\n\n<ul class=\"wp-block-list\">\n<li><strong>Resili\u00eancia f\u00edsica:<\/strong> Recupera\u00e7\u00e3o r\u00e1pida de cansa\u00e7o ou les\u00f5es.<\/li>\n\n\n\n<li><strong>Otimismo:<\/strong> Manter uma vis\u00e3o positiva da vida.<\/li>\n\n\n\n<li><strong>Atividade f\u00edsica:<\/strong> Mant\u00e9m o corpo e a mente jovens.<\/li>\n<\/ul>\n\n\n\n<h2 class=\"wp-block-heading\">O que indica que voc\u00ea pode ser mais jovem que sua idade biol\u00f3gica?<\/h2>\n\n\n\n<p>Notou como recupera-se rapidamente ap\u00f3s uma noite em claro ou uma pequena les\u00e3o? Esse tipo de <strong>resili\u00eancia<\/strong> pode indicar juventude interna. A recupera\u00e7\u00e3o \u00e1gil de situa\u00e7\u00f5es f\u00edsicas e emocionais \u00e9 um sinal de sa\u00fade celular vigorosa. Enfrentar os desafios com uma mentalidade de crescimento tamb\u00e9m \u00e9 uma caracter\u00edstica geralmente associada \u00e0 juventude.<\/p>\n\n\n\n<h2 class=\"wp-block-heading\">Voc\u00ea tem uma vis\u00e3o positiva da vida?<\/h2>\n\n\n\n<p>Manter um <strong>otimismo<\/strong> sobre a vida pode ser um marcador de uma mente jovial. Aqueles que focam nas coisas boas, mesmo em tempos dif\u00edceis, geralmente experimentam menores n\u00edveis de estresse, o que rejuvenesce sua sa\u00fade f\u00edsica. O poder do positivismo se reflete na energia e disposi\u00e7\u00e3o geral.<\/p>\n\n\n\n<h2 class=\"wp-block-heading\">Qual a import\u00e2ncia da atividade f\u00edsica para uma vibe jovem?<\/h2>\n\n\n\n<p>A manuten\u00e7\u00e3o da <strong>atividade f\u00edsica<\/strong> regular ajuda a retardar o envelhecimento biol\u00f3gico. De caminhadas di\u00e1rias a ioga, o movimento constante mant\u00e9m o corpo e a mente em \u00f3tima forma. A libera\u00e7\u00e3o de endorfinas durante o exerc\u00edcio n\u00e3o s\u00f3 melhora o humor como tamb\u00e9m promove a juventude interior.<\/p>\n\n\n\n<h2 class=\"wp-block-heading\">Como a nutri\u00e7\u00e3o afeta sua idade biol\u00f3gica?<\/h2>\n\n\n\n<p>Um <strong>regime alimentar equilibrado<\/strong> \u00e9 essencial para um corpo jovem. Alimentos ricos em nutrientes, como frutas, legumes e gr\u00e3os integrais, promovem uma sa\u00fade celular robusta e prolongam a vitalidade. Comer bem mant\u00e9m a energia alta e respalda a sa\u00fade mental e f\u00edsica. Al\u00e9m disso, a hidrata\u00e7\u00e3o adequada \u00e9 fundamental para o funcionamento ideal do organismo e da pele.<\/p>\n\n\n\n<figure class=\"wp-block-image size-large\"><img decoding=\"async\" width=\"1024\" height=\"576\" src=\"https:\/\/www.correiobraziliense.com.br\/cbradar\/wp-content\/uploads\/2025\/07\/pessoa-feliz_1753538083158-1024x576.jpg\" alt=\"15 sinais de que voc\u00ea \u00e9 mais jovem do que sua idade biol\u00f3gica\" class=\"wp-image-75489\" srcset=\"https:\/\/www.correiobraziliense.com.br\/cbradar\/wp-content\/uploads\/2025\/07\/pessoa-feliz_1753538083158-1024x576.jpg 1024w, https:\/\/www.correiobraziliense.com.br\/cbradar\/wp-content\/uploads\/2025\/07\/pessoa-feliz_1753538083158-300x169.jpg 300w, https:\/\/www.correiobraziliense.com.br\/cbradar\/wp-content\/uploads\/2025\/07\/pessoa-feliz_1753538083158-768x432.jpg 768w, https:\/\/www.correiobraziliense.com.br\/cbradar\/wp-content\/uploads\/2025\/07\/pessoa-feliz_1753538083158-750x422.jpg 750w, https:\/\/www.correiobraziliense.com.br\/cbradar\/wp-content\/uploads\/2025\/07\/pessoa-feliz_1753538083158-1140x641.jpg 1140w, https:\/\/www.correiobraziliense.com.br\/cbradar\/wp-content\/uploads\/2025\/07\/pessoa-feliz_1753538083158.jpg 1280w\" sizes=\"(max-width: 1024px) 100vw, 1024px\" \/><figcaption class=\"wp-element-caption\">pessoa feliz. Cr\u00e9ditos: depositphotos.com \/ IgorVetushko<\/figcaption><\/figure>\n\n\n\n<h2 class=\"wp-block-heading\">Sono de qualidade \u00e9 essencial para sentir-se jovem?<\/h2>\n\n\n\n<p>A qualidade do <strong>sono<\/strong> desempenha um papel vital em manter seu organismo funcionando em um ritmo jovem. Dormir bem permite a recupera\u00e7\u00e3o do corpo, promove o bem-estar mental e auxilia no equil\u00edbrio emocional. Um padr\u00e3o de sono saud\u00e1vel \u00e9 crucial para a preven\u00e7\u00e3o do envelhecimento precoce.<\/p>\n\n\n\n<h2 class=\"wp-block-heading\">Conex\u00f5es sociais podem rejuvenescer?<\/h2>\n\n\n\n<p>Ter <strong>fortes la\u00e7os sociais<\/strong> est\u00e1 frequentemente associado a uma vida longa e vibrante. O apoio das conex\u00f5es sociais mant\u00e9m baixos os n\u00edveis de estresse e a satisfa\u00e7\u00e3o com a vida alta, nutrindo o esp\u00edrito jovem. Participar ativamente de grupos e comunidades pode potencializar ainda mais esse benef\u00edcio.<\/p>\n\n\n\n<h2 class=\"wp-block-heading\">Como a capacidade de adapta\u00e7\u00e3o rejuvenesce?<\/h2>\n\n\n\n<p>A <strong>flexibilidade<\/strong> para enfrentar mudan\u00e7as e novas experi\u00eancias sem estresse excessivo demonstra resili\u00eancia juvenil. Essa habilidade permite abra\u00e7ar oportunidades e continuar crescendo, componentes essenciais de uma mentalidade jovem.<\/p>\n\n\n\n<h2 class=\"wp-block-heading\">Voc\u00ea gerencia o estresse de forma eficaz?<\/h2>\n\n\n\n<p>Manter o estresse sob controle \u00e9 fundamental para um corpo e mente jovens. T\u00e9cnicas eficazes de manejo do estresse, como medita\u00e7\u00e3o e exerc\u00edcios f\u00edsicos regulares, ajudam a minimizar seus efeitos negativos no corpo.<\/p>\n\n\n\n<h2 class=\"wp-block-heading\">Qu\u00e3o importante \u00e9 continuar aprendendo?<\/h2>\n\n\n\n<p>Uma <strong>mente curiosa<\/strong> \u00e9 um sintoma de juventude mental. O impulso para aprender coisas novas mant\u00e9m o c\u00e9rebro ativo e engajado, retardando o decl\u00ednio cognitivo. Experimente tamb\u00e9m explorar hobbies diferentes e cursos, estimulando sempre novos desafios para o c\u00e9rebro.<\/p>\n\n\n\n<h2 class=\"wp-block-heading\">A postura pode indicar juventude?<\/h2>\n\n\n\n<p>Uma boa <strong>postura<\/strong> reflete a sa\u00fade e for\u00e7a t\u00edpicas dos mais jovens. Al\u00e9m de prevenir dores, melhora a apar\u00eancia geral, contribuindo para uma presen\u00e7a mais confiante e juvenil.<\/p>\n\n\n\n<h2 class=\"wp-block-heading\">Voc\u00ea lida bem com a tecnologia?<\/h2>\n\n\n\n<p>Se voc\u00ea lida bem com <strong>tecnologia<\/strong>, isso sugere que sua mente est\u00e1 \u00e1gil e atualizada. A familiaridade com ferramentas digitais mant\u00e9m voc\u00ea conectado e reflexivo aos tempos modernos. Estar atento \u00e0s tend\u00eancias tecnol\u00f3gicas pode tamb\u00e9m estimular o pensamento cr\u00edtico.<\/p>\n\n\n\n<h2 class=\"wp-block-heading\">Voc\u00ea ri com frequ\u00eancia?<\/h2>\n\n\n\n<p>O <strong>riso<\/strong> alivia o estresse e eleva o humor, liberando endorfinas que contribuem para uma sensa\u00e7\u00e3o mais jovem e vibrante. Rir frequentemente \u00e9 um sinal de felicidade e resili\u00eancia emocional.<\/p>\n\n\n\n<h2 class=\"wp-block-heading\">Como a pele saud\u00e1vel reflete a idade biol\u00f3gica?<\/h2>\n\n\n\n<p><strong>Pele radiante<\/strong> n\u00e3o \u00e9 apenas um sinal de beleza, mas de sa\u00fade e vitalidade. Indica que seu corpo est\u00e1 adequadamente nutrido e hidratado, funcionando de forma otimizada. A prote\u00e7\u00e3o solar di\u00e1ria \u00e9 outro fator relevante para manter a juventude da pele.<\/p>\n\n\n\n<h2 class=\"wp-block-heading\">Voc\u00ea tem um prop\u00f3sito claro na vida?<\/h2>\n\n\n\n<p>Ter um <strong>senso de prop\u00f3sito<\/strong> orienta suas a\u00e7\u00f5es, proporcionando motiva\u00e7\u00e3o e felicidade. Essa clareza de prop\u00f3sito est\u00e1 ligada \u00e0 longevidade e melhor sa\u00fade mental, rejuvenescendo seu esp\u00edrito.<\/p>\n\n\n\n<h2 class=\"wp-block-heading\">Encorajamento: tire o m\u00e1ximo da vida com esses insights!<\/h2>\n\n\n\n<ul class=\"wp-block-list\">\n<li>Encontre e mantenha atividades que nutrem seu <strong>corpo<\/strong> e <strong>mente<\/strong>.<\/li>\n\n\n\n<li>Cultive conex\u00f5es sociais que promovam felicidade e <strong>longevidade<\/strong>.<\/li>\n\n\n\n<li>Mantenha sua <strong>curiosidade<\/strong> e sede de aprendizado vivas.<\/li>\n<\/ul>\n","protected":false},"excerpt":{"rendered":"<p>Sente-se mais jovem do que parece? Descubra 15 sinais reveladores de que sua idade biol\u00f3gica pode ser menor do que o esperado.<\/p>\n","protected":false},"author":3,"featured_media":75488,"comment_status":"open","ping_status":"open","sticky":false,"template":"","format":"standard","meta":{"_yoast_wpseo_focuskw":"mais jovem idade biol\u00f3gica","_yoast_wpseo_title":"%%title%%","_yoast_wpseo_metadesc":"Sente-se mais jovem do que parece? Descubra 15 sinais reveladores de que sua idade biol\u00f3gica pode ser menor do que o esperado.","jnews-multi-image_gallery":[],"jnews_single_post":{"format":"standard"},"jnews_primary_category":[],"jnews_social_meta":[],"jnews_override_counter":[],"footnotes":""},"categories":[112],"tags":[144,1225,565],"class_list":["post-75486","post","type-post","status-publish","format-standard","has-post-thumbnail","hentry","category-curiosidades","tag-curiosidades","tag-envelhecimento","tag-saude"],"yoast_head":"<!-- This site is optimized with the Yoast SEO plugin v24.6 - https:\/\/yoast.com\/wordpress\/plugins\/seo\/ -->\n<title>15 sinais de que voc\u00ea \u00e9 mais jovem do que sua idade biol\u00f3gica<\/title>\n<meta name=\"description\" content=\"Sente-se mais jovem do que parece? Descubra 15 sinais reveladores de que sua idade biol\u00f3gica pode ser menor do que o esperado.\" \/>\n<meta name=\"robots\" content=\"index, follow, max-snippet:-1, max-image-preview:large, max-video-preview:-1\" \/>\n<link rel=\"canonical\" href=\"https:\/\/www.correiobraziliense.com.br\/cbradar\/15-sinais-de-que-voce-e-mais-jovem-do-que-sua-idade-biologica\/\" \/>\n<meta property=\"og:locale\" content=\"pt_BR\" \/>\n<meta property=\"og:type\" content=\"article\" \/>\n<meta property=\"og:title\" content=\"15 sinais de que voc\u00ea \u00e9 mais jovem do que sua idade biol\u00f3gica\" \/>\n<meta property=\"og:description\" content=\"Sente-se mais jovem do que parece? Descubra 15 sinais reveladores de que sua idade biol\u00f3gica pode ser menor do que o esperado.\" \/>\n<meta property=\"og:url\" content=\"https:\/\/www.correiobraziliense.com.br\/cbradar\/15-sinais-de-que-voce-e-mais-jovem-do-que-sua-idade-biologica\/\" \/>\n<meta property=\"og:site_name\" content=\"Correio Braziliense - Radar\" \/>\n<meta property=\"article:published_time\" content=\"2025-07-26T22:53:00+00:00\" \/>\n<meta property=\"og:image\" content=\"https:\/\/www.correiobraziliense.com.br\/cbradar\/wp-content\/uploads\/2025\/07\/pessoa-feliz_1753537940169.jpg\" \/>\n\t<meta property=\"og:image:width\" content=\"1280\" \/>\n\t<meta property=\"og:image:height\" content=\"720\" \/>\n\t<meta property=\"og:image:type\" content=\"image\/jpeg\" \/>\n<meta name=\"author\" content=\"Larissa Carvalho\" \/>\n<meta name=\"twitter:card\" content=\"summary_large_image\" \/>\n<meta name=\"twitter:label1\" content=\"Escrito por\" \/>\n\t<meta name=\"twitter:data1\" content=\"Larissa Carvalho\" \/>\n\t<meta name=\"twitter:label2\" content=\"Est. tempo de leitura\" \/>\n\t<meta name=\"twitter:data2\" content=\"5 minutos\" \/>\n<!-- \/ Yoast SEO plugin. -->","yoast_head_json":{"title":"15 sinais de que voc\u00ea \u00e9 mais jovem do que sua idade biol\u00f3gica","description":"Sente-se mais jovem do que parece? Descubra 15 sinais reveladores de que sua idade biol\u00f3gica pode ser menor do que o esperado.","robots":{"index":"index","follow":"follow","max-snippet":"max-snippet:-1","max-image-preview":"max-image-preview:large","max-video-preview":"max-video-preview:-1"},"canonical":"https:\/\/www.correiobraziliense.com.br\/cbradar\/15-sinais-de-que-voce-e-mais-jovem-do-que-sua-idade-biologica\/","og_locale":"pt_BR","og_type":"article","og_title":"15 sinais de que voc\u00ea \u00e9 mais jovem do que sua idade biol\u00f3gica","og_description":"Sente-se mais jovem do que parece? Descubra 15 sinais reveladores de que sua idade biol\u00f3gica pode ser menor do que o esperado.","og_url":"https:\/\/www.correiobraziliense.com.br\/cbradar\/15-sinais-de-que-voce-e-mais-jovem-do-que-sua-idade-biologica\/","og_site_name":"Correio Braziliense - Radar","article_published_time":"2025-07-26T22:53:00+00:00","og_image":[{"width":1280,"height":720,"url":"https:\/\/www.correiobraziliense.com.br\/cbradar\/wp-content\/uploads\/2025\/07\/pessoa-feliz_1753537940169.jpg","type":"image\/jpeg"}],"author":"Larissa Carvalho","twitter_card":"summary_large_image","twitter_misc":{"Escrito por":"Larissa Carvalho","Est. tempo de leitura":"5 minutos"},"schema":{"@context":"https:\/\/schema.org","@graph":[{"@type":"WebPage","@id":"https:\/\/www.correiobraziliense.com.br\/cbradar\/15-sinais-de-que-voce-e-mais-jovem-do-que-sua-idade-biologica\/","url":"https:\/\/www.correiobraziliense.com.br\/cbradar\/15-sinais-de-que-voce-e-mais-jovem-do-que-sua-idade-biologica\/","name":"15 sinais de que voc\u00ea \u00e9 mais jovem do que sua idade biol\u00f3gica","isPartOf":{"@id":"https:\/\/www.correiobraziliense.com.br\/cbradar\/#website"},"primaryImageOfPage":{"@id":"https:\/\/www.correiobraziliense.com.br\/cbradar\/15-sinais-de-que-voce-e-mais-jovem-do-que-sua-idade-biologica\/#primaryimage"},"image":{"@id":"https:\/\/www.correiobraziliense.com.br\/cbradar\/15-sinais-de-que-voce-e-mais-jovem-do-que-sua-idade-biologica\/#primaryimage"},"thumbnailUrl":"https:\/\/www.correiobraziliense.com.br\/cbradar\/wp-content\/uploads\/2025\/07\/pessoa-feliz_1753537940169.jpg","datePublished":"2025-07-26T22:53:00+00:00","author":{"@id":"https:\/\/www.correiobraziliense.com.br\/cbradar\/#\/schema\/person\/58422787644df994b53a19d3e56c1513"},"description":"Sente-se mais jovem do que parece? Descubra 15 sinais reveladores de que sua idade biol\u00f3gica pode ser menor do que o esperado.","breadcrumb":{"@id":"https:\/\/www.correiobraziliense.com.br\/cbradar\/15-sinais-de-que-voce-e-mais-jovem-do-que-sua-idade-biologica\/#breadcrumb"},"inLanguage":"pt-BR","potentialAction":[{"@type":"ReadAction","target":["https:\/\/www.correiobraziliense.com.br\/cbradar\/15-sinais-de-que-voce-e-mais-jovem-do-que-sua-idade-biologica\/"]}]},{"@type":"ImageObject","inLanguage":"pt-BR","@id":"https:\/\/www.correiobraziliense.com.br\/cbradar\/15-sinais-de-que-voce-e-mais-jovem-do-que-sua-idade-biologica\/#primaryimage","url":"https:\/\/www.correiobraziliense.com.br\/cbradar\/wp-content\/uploads\/2025\/07\/pessoa-feliz_1753537940169.jpg","contentUrl":"https:\/\/www.correiobraziliense.com.br\/cbradar\/wp-content\/uploads\/2025\/07\/pessoa-feliz_1753537940169.jpg","width":1280,"height":720,"caption":"pessoa feliz. Cr\u00e9ditos: depositphotos.com \/ AndrewLozovyi"},{"@type":"BreadcrumbList","@id":"https:\/\/www.correiobraziliense.com.br\/cbradar\/15-sinais-de-que-voce-e-mais-jovem-do-que-sua-idade-biologica\/#breadcrumb","itemListElement":[{"@type":"ListItem","position":1,"name":"In\u00edcio","item":"https:\/\/www.correiobraziliense.com.br\/cbradar\/"},{"@type":"ListItem","position":2,"name":"15 sinais de que voc\u00ea \u00e9 mais jovem do que sua idade biol\u00f3gica"}]},{"@type":"WebSite","@id":"https:\/\/www.correiobraziliense.com.br\/cbradar\/#website","url":"https:\/\/www.correiobraziliense.com.br\/cbradar\/","name":"Correio Braziliense - Radar","description":"Acompanhe as \u00faltimas not\u00edcias e fique bem informado sobre tudo o que acontece no Brasil e no mundo.","potentialAction":[{"@type":"SearchAction","target":{"@type":"EntryPoint","urlTemplate":"https:\/\/www.correiobraziliense.com.br\/cbradar\/?s={search_term_string}"},"query-input":{"@type":"PropertyValueSpecification","valueRequired":true,"valueName":"search_term_string"}}],"inLanguage":"pt-BR"},{"@type":"Person","@id":"https:\/\/www.correiobraziliense.com.br\/cbradar\/#\/schema\/person\/58422787644df994b53a19d3e56c1513","name":"Larissa Carvalho","image":{"@type":"ImageObject","inLanguage":"pt-BR","@id":"https:\/\/www.correiobraziliense.com.br\/cbradar\/#\/schema\/person\/image\/","url":"https:\/\/secure.gravatar.com\/avatar\/fe4f91a0de32b52a838d0d612abdc1aa?s=96&d=mm&r=g","contentUrl":"https:\/\/secure.gravatar.com\/avatar\/fe4f91a0de32b52a838d0d612abdc1aa?s=96&d=mm&r=g","caption":"Larissa Carvalho"},"url":"https:\/\/www.correiobraziliense.com.br\/cbradar\/author\/larissamyth\/"}]}},"_links":{"self":[{"href":"https:\/\/www.correiobraziliense.com.br\/cbradar\/wp-json\/wp\/v2\/posts\/75486","targetHints":{"allow":["GET"]}}],"collection":[{"href":"https:\/\/www.correiobraziliense.com.br\/cbradar\/wp-json\/wp\/v2\/posts"}],"about":[{"href":"https:\/\/www.correiobraziliense.com.br\/cbradar\/wp-json\/wp\/v2\/types\/post"}],"author":[{"embeddable":true,"href":"https:\/\/www.correiobraziliense.com.br\/cbradar\/wp-json\/wp\/v2\/users\/3"}],"replies":[{"embeddable":true,"href":"https:\/\/www.correiobraziliense.com.br\/cbradar\/wp-json\/wp\/v2\/comments?post=75486"}],"version-history":[{"count":2,"href":"https:\/\/www.correiobraziliense.com.br\/cbradar\/wp-json\/wp\/v2\/posts\/75486\/revisions"}],"predecessor-version":[{"id":75490,"href":"https:\/\/www.correiobraziliense.com.br\/cbradar\/wp-json\/wp\/v2\/posts\/75486\/revisions\/75490"}],"wp:featuredmedia":[{"embeddable":true,"href":"https:\/\/www.correiobraziliense.com.br\/cbradar\/wp-json\/wp\/v2\/media\/75488"}],"wp:attachment":[{"href":"https:\/\/www.correiobraziliense.com.br\/cbradar\/wp-json\/wp\/v2\/media?parent=75486"}],"wp:term":[{"taxonomy":"category","embeddable":true,"href":"https:\/\/www.correiobraziliense.com.br\/cbradar\/wp-json\/wp\/v2\/categories?post=75486"},{"taxonomy":"post_tag","embeddable":true,"href":"https:\/\/www.correiobraziliense.com.br\/cbradar\/wp-json\/wp\/v2\/tags?post=75486"}],"curies":[{"name":"wp","href":"https:\/\/api.w.org\/{rel}","templated":true}]}}