{"id":75491,"date":"2025-07-26T20:23:00","date_gmt":"2025-07-26T23:23:00","guid":{"rendered":"https:\/\/www.correiobraziliense.com.br\/cbradar\/?p=75491"},"modified":"2025-07-26T11:15:50","modified_gmt":"2025-07-26T14:15:50","slug":"tres-chuvas-de-meteoros-iluminam-o-ceu-e-prometem-o-melhor-show-do-ano","status":"publish","type":"post","link":"https:\/\/www.correiobraziliense.com.br\/cbradar\/tres-chuvas-de-meteoros-iluminam-o-ceu-e-prometem-o-melhor-show-do-ano\/","title":{"rendered":"Tr\u00eas chuvas de meteoros iluminam o c\u00e9u e prometem o melhor show do ano"},"content":{"rendered":"\n<p>O final de julho promete um espet\u00e1culo imperd\u00edvel para os aficionados por astronomia: tr\u00eas <strong>chuvas de meteoros<\/strong> ocorrem simultaneamente, proporcionando uma vis\u00e3o impressionante do c\u00e9u noturno. Saber o momento certo de observar e a localiza\u00e7\u00e3o ideal s\u00e3o cruciais para aproveitar ao m\u00e1ximo esse fen\u00f4meno.<\/p>\n\n\n\n<ul class=\"wp-block-list\">\n<li>Aproveite a aus\u00eancia de luz da lua para observar melhor os meteoros.<\/li>\n\n\n\n<li>Descubra o hor\u00e1rio ideal para cada metade das chuvas.<\/li>\n\n\n\n<li>Entenda a diferen\u00e7a entre as tr\u00eas chuvas de meteoros e suas caracter\u00edsticas \u00fanicas.<\/li>\n<\/ul>\n\n\n\n<h2 class=\"wp-block-heading\">O que acontece com a chuva de meteoros?<\/h2>\n\n\n\n<p>Cada chuva de meteoros ocorre quando a Terra passa por trilhas de detritos espaciais deixadas por cometas e asteroides. <strong>Meteoros<\/strong> s\u00e3o vis\u00edveis quando essas part\u00edculas entram na atmosfera, criando rastros luminosos.<\/p>\n\n\n\n<h2 class=\"wp-block-heading\">Por que o final de julho \u00e9 especial para a observa\u00e7\u00e3o de meteoros?<\/h2>\n\n\n\n<p>No fim de <strong>julho<\/strong>, tr\u00eas chuvas de meteoros &#8211; Alpha Capricornids, Southern Delta Aquariids, e Perseids &#8211; est\u00e3o ativas ao mesmo tempo, oferecendo uma oportunidade rara para observadores do c\u00e9u.<\/p>\n\n\n\n<h2 class=\"wp-block-heading\">Alpha Capricornids: conhecendo os detalhes<\/h2>\n\n\n\n<p>Esta chuva tem in\u00edcio em 7 de julho e vai at\u00e9 13 de agosto, mas seu pico ocorre em 30 de julho. Apesar de ser uma chuva menor, os <strong>Alpha Capricornids<\/strong> s\u00e3o conhecidos por suas bolas de fogo espetaculares. O melhor momento para observar \u00e9 entre meia-noite e 1 a.m. LDT, com a vista voltada para o sul.<\/p>\n\n\n\n<h2 class=\"wp-block-heading\">Southern Delta Aquariids: quando e onde observar?<\/h2>\n\n\n\n<p>Indicada para not\u00edvagos, essa chuva come\u00e7a em 19 de julho e continua at\u00e9 13 de agosto, com pico na mesma noite dos Alpha Capricornids. Embora seus meteoros sejam mais r\u00e1pidos, sua taxa hor\u00e1ria pode chegar a 20 por hora no hemisf\u00e9rio sul. Para <strong>maximizar<\/strong> a experi\u00eancia, olhe para a constela\u00e7\u00e3o de Aquarius por volta das 3 a.m. LDT.<\/p>\n\n\n\n<figure class=\"wp-block-image size-large\"><img decoding=\"async\" width=\"1024\" height=\"576\" src=\"https:\/\/www.correiobraziliense.com.br\/cbradar\/wp-content\/uploads\/2025\/07\/chuva-de-meteoros_1753539311473-1024x576.jpg\" alt=\"Tr\u00eas chuvas de meteoros iluminam o c\u00e9u e prometem o melhor show do ano\" class=\"wp-image-75494\" srcset=\"https:\/\/www.correiobraziliense.com.br\/cbradar\/wp-content\/uploads\/2025\/07\/chuva-de-meteoros_1753539311473-1024x576.jpg 1024w, https:\/\/www.correiobraziliense.com.br\/cbradar\/wp-content\/uploads\/2025\/07\/chuva-de-meteoros_1753539311473-300x169.jpg 300w, https:\/\/www.correiobraziliense.com.br\/cbradar\/wp-content\/uploads\/2025\/07\/chuva-de-meteoros_1753539311473-768x432.jpg 768w, https:\/\/www.correiobraziliense.com.br\/cbradar\/wp-content\/uploads\/2025\/07\/chuva-de-meteoros_1753539311473-750x422.jpg 750w, https:\/\/www.correiobraziliense.com.br\/cbradar\/wp-content\/uploads\/2025\/07\/chuva-de-meteoros_1753539311473-1140x641.jpg 1140w, https:\/\/www.correiobraziliense.com.br\/cbradar\/wp-content\/uploads\/2025\/07\/chuva-de-meteoros_1753539311473.jpg 1280w\" sizes=\"(max-width: 1024px) 100vw, 1024px\" \/><figcaption class=\"wp-element-caption\">chuva de meteoros. Cr\u00e9ditos: depositphotos.com \/ wisanuboonrawd<\/figcaption><\/figure>\n\n\n\n<h2 class=\"wp-block-heading\">Perseids: uma explos\u00e3o de cores no c\u00e9u<\/h2>\n\n\n\n<p>Considerada a melhor chuva do ano pelos astr\u00f4nomos, os <strong>Perseids<\/strong> est\u00e3o ativos de 17 de julho a 23 de agosto, com pico esperado em 12 de agosto. Observadores do hemisf\u00e9rio norte t\u00eam vantagem, especialmente antes do amanhecer.<\/p>\n\n\n\n<h2 class=\"wp-block-heading\">Maximize sua experi\u00eancia de observa\u00e7\u00e3o<\/h2>\n\n\n\n<ul class=\"wp-block-list\">\n<li><strong>Escolha um local longe da polui\u00e7\u00e3o luminosa<\/strong> para uma melhor visibilidade.<\/li>\n\n\n\n<li>D\u00ea ao seu olho cerca de 30 minutos para se acostumar com a escurid\u00e3o.<\/li>\n\n\n\n<li>Esteja preparado para esperar e curtir o momento.<\/li>\n<\/ul>\n\n\n\n<h2 class=\"wp-block-heading\">Resumo dos principais aprendizados<\/h2>\n\n\n\n<ul class=\"wp-block-list\">\n<li>A <strong>aus\u00eancia da luz da lua<\/strong> melhora a visibilidade dos meteoros em julho.<\/li>\n\n\n\n<li>Cada chuva de meteoros possui caracter\u00edsticas e hor\u00e1rios de pico espec\u00edficos.<\/li>\n\n\n\n<li>A observa\u00e7\u00e3o noturna pode ser uma experi\u00eancia enriquecedora com as prepara\u00e7\u00f5es adequadas.<\/li>\n<\/ul>\n","protected":false},"excerpt":{"rendered":"<p>Um dos fen\u00f4menos mais lindos do ano vai brilhar no fim de julho. Saiba como, onde e quando ver as chuvas de meteoros em sua melhor fase.<\/p>\n","protected":false},"author":3,"featured_media":75493,"comment_status":"open","ping_status":"open","sticky":false,"template":"","format":"standard","meta":{"_yoast_wpseo_focuskw":"chuvas de meteoros","_yoast_wpseo_title":"%%title%%","_yoast_wpseo_metadesc":"Um dos fen\u00f4menos mais lindos do ano vai brilhar no fim de julho. Saiba como, onde e quando ver as chuvas de meteoros em sua melhor fase.","jnews-multi-image_gallery":[],"jnews_single_post":{"format":"standard"},"jnews_primary_category":[],"jnews_social_meta":[],"jnews_override_counter":[],"footnotes":""},"categories":[112],"tags":[179,736,144],"class_list":["post-75491","post","type-post","status-publish","format-standard","has-post-thumbnail","hentry","category-curiosidades","tag-astronomia","tag-ciencia","tag-curiosidades"],"yoast_head":"<!-- This site is optimized with the Yoast SEO plugin v24.6 - https:\/\/yoast.com\/wordpress\/plugins\/seo\/ -->\n<title>Tr\u00eas chuvas de meteoros iluminam o c\u00e9u e prometem o melhor show do ano<\/title>\n<meta name=\"description\" content=\"Um dos fen\u00f4menos mais lindos do ano vai brilhar no fim de julho. Saiba como, onde e quando ver as chuvas de meteoros em sua melhor fase.\" \/>\n<meta name=\"robots\" content=\"index, follow, max-snippet:-1, max-image-preview:large, max-video-preview:-1\" \/>\n<link rel=\"canonical\" href=\"https:\/\/www.correiobraziliense.com.br\/cbradar\/tres-chuvas-de-meteoros-iluminam-o-ceu-e-prometem-o-melhor-show-do-ano\/\" \/>\n<meta property=\"og:locale\" content=\"pt_BR\" \/>\n<meta property=\"og:type\" content=\"article\" \/>\n<meta property=\"og:title\" content=\"Tr\u00eas chuvas de meteoros iluminam o c\u00e9u e prometem o melhor show do ano\" \/>\n<meta property=\"og:description\" content=\"Um dos fen\u00f4menos mais lindos do ano vai brilhar no fim de julho. Saiba como, onde e quando ver as chuvas de meteoros em sua melhor fase.\" \/>\n<meta property=\"og:url\" content=\"https:\/\/www.correiobraziliense.com.br\/cbradar\/tres-chuvas-de-meteoros-iluminam-o-ceu-e-prometem-o-melhor-show-do-ano\/\" \/>\n<meta property=\"og:site_name\" content=\"Correio Braziliense - Radar\" \/>\n<meta property=\"article:published_time\" content=\"2025-07-26T23:23:00+00:00\" \/>\n<meta property=\"og:image\" content=\"https:\/\/www.correiobraziliense.com.br\/cbradar\/wp-content\/uploads\/2025\/07\/chuva-de-meteoros_1753538840169.jpg\" \/>\n\t<meta property=\"og:image:width\" content=\"1280\" \/>\n\t<meta property=\"og:image:height\" content=\"720\" \/>\n\t<meta property=\"og:image:type\" content=\"image\/jpeg\" \/>\n<meta name=\"author\" content=\"Larissa Carvalho\" \/>\n<meta name=\"twitter:card\" content=\"summary_large_image\" \/>\n<meta name=\"twitter:label1\" content=\"Escrito por\" \/>\n\t<meta name=\"twitter:data1\" content=\"Larissa Carvalho\" \/>\n\t<meta name=\"twitter:label2\" content=\"Est. tempo de leitura\" \/>\n\t<meta name=\"twitter:data2\" content=\"3 minutos\" \/>\n<!-- \/ Yoast SEO plugin. -->","yoast_head_json":{"title":"Tr\u00eas chuvas de meteoros iluminam o c\u00e9u e prometem o melhor show do ano","description":"Um dos fen\u00f4menos mais lindos do ano vai brilhar no fim de julho. Saiba como, onde e quando ver as chuvas de meteoros em sua melhor fase.","robots":{"index":"index","follow":"follow","max-snippet":"max-snippet:-1","max-image-preview":"max-image-preview:large","max-video-preview":"max-video-preview:-1"},"canonical":"https:\/\/www.correiobraziliense.com.br\/cbradar\/tres-chuvas-de-meteoros-iluminam-o-ceu-e-prometem-o-melhor-show-do-ano\/","og_locale":"pt_BR","og_type":"article","og_title":"Tr\u00eas chuvas de meteoros iluminam o c\u00e9u e prometem o melhor show do ano","og_description":"Um dos fen\u00f4menos mais lindos do ano vai brilhar no fim de julho. Saiba como, onde e quando ver as chuvas de meteoros em sua melhor fase.","og_url":"https:\/\/www.correiobraziliense.com.br\/cbradar\/tres-chuvas-de-meteoros-iluminam-o-ceu-e-prometem-o-melhor-show-do-ano\/","og_site_name":"Correio Braziliense - Radar","article_published_time":"2025-07-26T23:23:00+00:00","og_image":[{"width":1280,"height":720,"url":"https:\/\/www.correiobraziliense.com.br\/cbradar\/wp-content\/uploads\/2025\/07\/chuva-de-meteoros_1753538840169.jpg","type":"image\/jpeg"}],"author":"Larissa Carvalho","twitter_card":"summary_large_image","twitter_misc":{"Escrito por":"Larissa Carvalho","Est. tempo de leitura":"3 minutos"},"schema":{"@context":"https:\/\/schema.org","@graph":[{"@type":"WebPage","@id":"https:\/\/www.correiobraziliense.com.br\/cbradar\/tres-chuvas-de-meteoros-iluminam-o-ceu-e-prometem-o-melhor-show-do-ano\/","url":"https:\/\/www.correiobraziliense.com.br\/cbradar\/tres-chuvas-de-meteoros-iluminam-o-ceu-e-prometem-o-melhor-show-do-ano\/","name":"Tr\u00eas chuvas de meteoros iluminam o c\u00e9u e prometem o melhor show do ano","isPartOf":{"@id":"https:\/\/www.correiobraziliense.com.br\/cbradar\/#website"},"primaryImageOfPage":{"@id":"https:\/\/www.correiobraziliense.com.br\/cbradar\/tres-chuvas-de-meteoros-iluminam-o-ceu-e-prometem-o-melhor-show-do-ano\/#primaryimage"},"image":{"@id":"https:\/\/www.correiobraziliense.com.br\/cbradar\/tres-chuvas-de-meteoros-iluminam-o-ceu-e-prometem-o-melhor-show-do-ano\/#primaryimage"},"thumbnailUrl":"https:\/\/www.correiobraziliense.com.br\/cbradar\/wp-content\/uploads\/2025\/07\/chuva-de-meteoros_1753538840169.jpg","datePublished":"2025-07-26T23:23:00+00:00","author":{"@id":"https:\/\/www.correiobraziliense.com.br\/cbradar\/#\/schema\/person\/58422787644df994b53a19d3e56c1513"},"description":"Um dos fen\u00f4menos mais lindos do ano vai brilhar no fim de julho. Saiba como, onde e quando ver as chuvas de meteoros em sua melhor fase.","breadcrumb":{"@id":"https:\/\/www.correiobraziliense.com.br\/cbradar\/tres-chuvas-de-meteoros-iluminam-o-ceu-e-prometem-o-melhor-show-do-ano\/#breadcrumb"},"inLanguage":"pt-BR","potentialAction":[{"@type":"ReadAction","target":["https:\/\/www.correiobraziliense.com.br\/cbradar\/tres-chuvas-de-meteoros-iluminam-o-ceu-e-prometem-o-melhor-show-do-ano\/"]}]},{"@type":"ImageObject","inLanguage":"pt-BR","@id":"https:\/\/www.correiobraziliense.com.br\/cbradar\/tres-chuvas-de-meteoros-iluminam-o-ceu-e-prometem-o-melhor-show-do-ano\/#primaryimage","url":"https:\/\/www.correiobraziliense.com.br\/cbradar\/wp-content\/uploads\/2025\/07\/chuva-de-meteoros_1753538840169.jpg","contentUrl":"https:\/\/www.correiobraziliense.com.br\/cbradar\/wp-content\/uploads\/2025\/07\/chuva-de-meteoros_1753538840169.jpg","width":1280,"height":720,"caption":"chuva de meteoros. Cr\u00e9ditos: depositphotos.com \/ davidhoffmannphotography"},{"@type":"BreadcrumbList","@id":"https:\/\/www.correiobraziliense.com.br\/cbradar\/tres-chuvas-de-meteoros-iluminam-o-ceu-e-prometem-o-melhor-show-do-ano\/#breadcrumb","itemListElement":[{"@type":"ListItem","position":1,"name":"In\u00edcio","item":"https:\/\/www.correiobraziliense.com.br\/cbradar\/"},{"@type":"ListItem","position":2,"name":"Tr\u00eas chuvas de meteoros iluminam o c\u00e9u e prometem o melhor show do ano"}]},{"@type":"WebSite","@id":"https:\/\/www.correiobraziliense.com.br\/cbradar\/#website","url":"https:\/\/www.correiobraziliense.com.br\/cbradar\/","name":"Correio Braziliense - Radar","description":"Acompanhe as \u00faltimas not\u00edcias e fique bem informado sobre tudo o que acontece no Brasil e no mundo.","potentialAction":[{"@type":"SearchAction","target":{"@type":"EntryPoint","urlTemplate":"https:\/\/www.correiobraziliense.com.br\/cbradar\/?s={search_term_string}"},"query-input":{"@type":"PropertyValueSpecification","valueRequired":true,"valueName":"search_term_string"}}],"inLanguage":"pt-BR"},{"@type":"Person","@id":"https:\/\/www.correiobraziliense.com.br\/cbradar\/#\/schema\/person\/58422787644df994b53a19d3e56c1513","name":"Larissa Carvalho","image":{"@type":"ImageObject","inLanguage":"pt-BR","@id":"https:\/\/www.correiobraziliense.com.br\/cbradar\/#\/schema\/person\/image\/","url":"https:\/\/secure.gravatar.com\/avatar\/fe4f91a0de32b52a838d0d612abdc1aa?s=96&d=mm&r=g","contentUrl":"https:\/\/secure.gravatar.com\/avatar\/fe4f91a0de32b52a838d0d612abdc1aa?s=96&d=mm&r=g","caption":"Larissa Carvalho"},"url":"https:\/\/www.correiobraziliense.com.br\/cbradar\/author\/larissamyth\/"}]}},"_links":{"self":[{"href":"https:\/\/www.correiobraziliense.com.br\/cbradar\/wp-json\/wp\/v2\/posts\/75491","targetHints":{"allow":["GET"]}}],"collection":[{"href":"https:\/\/www.correiobraziliense.com.br\/cbradar\/wp-json\/wp\/v2\/posts"}],"about":[{"href":"https:\/\/www.correiobraziliense.com.br\/cbradar\/wp-json\/wp\/v2\/types\/post"}],"author":[{"embeddable":true,"href":"https:\/\/www.correiobraziliense.com.br\/cbradar\/wp-json\/wp\/v2\/users\/3"}],"replies":[{"embeddable":true,"href":"https:\/\/www.correiobraziliense.com.br\/cbradar\/wp-json\/wp\/v2\/comments?post=75491"}],"version-history":[{"count":2,"href":"https:\/\/www.correiobraziliense.com.br\/cbradar\/wp-json\/wp\/v2\/posts\/75491\/revisions"}],"predecessor-version":[{"id":75495,"href":"https:\/\/www.correiobraziliense.com.br\/cbradar\/wp-json\/wp\/v2\/posts\/75491\/revisions\/75495"}],"wp:featuredmedia":[{"embeddable":true,"href":"https:\/\/www.correiobraziliense.com.br\/cbradar\/wp-json\/wp\/v2\/media\/75493"}],"wp:attachment":[{"href":"https:\/\/www.correiobraziliense.com.br\/cbradar\/wp-json\/wp\/v2\/media?parent=75491"}],"wp:term":[{"taxonomy":"category","embeddable":true,"href":"https:\/\/www.correiobraziliense.com.br\/cbradar\/wp-json\/wp\/v2\/categories?post=75491"},{"taxonomy":"post_tag","embeddable":true,"href":"https:\/\/www.correiobraziliense.com.br\/cbradar\/wp-json\/wp\/v2\/tags?post=75491"}],"curies":[{"name":"wp","href":"https:\/\/api.w.org\/{rel}","templated":true}]}}