{"id":75496,"date":"2025-07-26T20:33:00","date_gmt":"2025-07-26T23:33:00","guid":{"rendered":"https:\/\/www.correiobraziliense.com.br\/cbradar\/?p=75496"},"modified":"2025-07-26T11:42:15","modified_gmt":"2025-07-26T14:42:15","slug":"6-caracteristicas-de-pessoas-que-dormem-com-a-porta-fechada-segundo-a-psicologia","status":"publish","type":"post","link":"https:\/\/www.correiobraziliense.com.br\/cbradar\/6-caracteristicas-de-pessoas-que-dormem-com-a-porta-fechada-segundo-a-psicologia\/","title":{"rendered":"6 caracter\u00edsticas de pessoas que dormem com a porta fechada, segundo a psicologia"},"content":{"rendered":"\n<p>Muitas pessoas preferem dormir com a <strong>porta fechada<\/strong>. Esse costume vai al\u00e9m do cotidiano e, segundo a <strong>psicologia<\/strong>, revela tra\u00e7os importantes da <strong>personalidade<\/strong>.<\/p>\n\n\n\n<ul class=\"wp-block-list\">\n<li>A busca pela seguran\u00e7a pessoal \u00e9 fundamental.<\/li>\n\n\n\n<li>Fechar a porta pode expressar o valor \u00e0 solid\u00e3o e ao autocuidado.<\/li>\n\n\n\n<li>Esse h\u00e1bito tamb\u00e9m indica afirma\u00e7\u00e3o de independ\u00eancia e liberdade individual.<\/li>\n<\/ul>\n\n\n\n<h2 class=\"wp-block-heading\">O que quer dizer sobre sua personalidade dormir com a porta fechada?<\/h2>\n\n\n\n<p><strong>Buscar seguran\u00e7a<\/strong> ao dormir de porta fechada n\u00e3o \u00e9 apenas uma quest\u00e3o de conforto, mas tamb\u00e9m mostra a cria\u00e7\u00e3o de uma barreira protetora contra influ\u00eancias externas. Essa a\u00e7\u00e3o fortalece a sensa\u00e7\u00e3o de controle e ordena\u00e7\u00e3o do pr\u00f3prio espa\u00e7o.<\/p>\n\n\n\n<p>Algumas pessoas optam por dormir com a <strong>porta fechada<\/strong> porque <strong>valorizam a solid\u00e3o<\/strong>. Esse h\u00e1bito refor\u00e7a o limite entre si e o mundo ao redor, favorecendo um ambiente seguro para reflex\u00e3o e recarregar as energias emocionais.<\/p>\n\n\n\n<h2 class=\"wp-block-heading\">\u00c9 um sinal de introvers\u00e3o?<\/h2>\n\n\n\n<p>O h\u00e1bito de fechar a porta na hora de dormir est\u00e1 frequentemente associado \u00e0 <strong>introvers\u00e3o<\/strong>. Embora nem sempre signifique timidez, reflete uma prefer\u00eancia por reabastecer energias na solid\u00e3o e promover momentos \u00edntimos de reflex\u00e3o.<\/p>\n\n\n\n<h2 class=\"wp-block-heading\">Praticando o autocuidado por meio dos espa\u00e7os fechados<\/h2>\n\n\n\n<p>Fechar a porta tamb\u00e9m \u00e9 um gesto de <strong>autocuidado<\/strong>. Esse ato cria um espa\u00e7o protegido que pode reduzir o estresse e melhorar a <strong>sa\u00fade mental<\/strong>, ajudando a priorizar o bem-estar pessoal acima de preocupa\u00e7\u00f5es externas.<\/p>\n\n\n\n<figure class=\"wp-block-image size-large\"><img decoding=\"async\" width=\"1024\" height=\"576\" src=\"https:\/\/www.correiobraziliense.com.br\/cbradar\/wp-content\/uploads\/2025\/07\/quarto-porta-fechada_1753540902113-1024x576.jpg\" alt=\"6 caracter\u00edsticas de pessoas que dormem com a porta fechada, segundo a psicologia\" class=\"wp-image-75499\" srcset=\"https:\/\/www.correiobraziliense.com.br\/cbradar\/wp-content\/uploads\/2025\/07\/quarto-porta-fechada_1753540902113-1024x576.jpg 1024w, https:\/\/www.correiobraziliense.com.br\/cbradar\/wp-content\/uploads\/2025\/07\/quarto-porta-fechada_1753540902113-300x169.jpg 300w, https:\/\/www.correiobraziliense.com.br\/cbradar\/wp-content\/uploads\/2025\/07\/quarto-porta-fechada_1753540902113-768x432.jpg 768w, https:\/\/www.correiobraziliense.com.br\/cbradar\/wp-content\/uploads\/2025\/07\/quarto-porta-fechada_1753540902113-750x422.jpg 750w, https:\/\/www.correiobraziliense.com.br\/cbradar\/wp-content\/uploads\/2025\/07\/quarto-porta-fechada_1753540902113-1140x641.jpg 1140w, https:\/\/www.correiobraziliense.com.br\/cbradar\/wp-content\/uploads\/2025\/07\/quarto-porta-fechada_1753540902113.jpg 1280w\" sizes=\"(max-width: 1024px) 100vw, 1024px\" \/><figcaption class=\"wp-element-caption\">quarto porta fechada. Cr\u00e9ditos: depositphotos.com \/ SasinP.<\/figcaption><\/figure>\n\n\n\n<h2 class=\"wp-block-heading\">Independ\u00eancia: Um tra\u00e7o marcante<\/h2>\n\n\n\n<p>O desejo de <strong>independ\u00eancia<\/strong> se manifesta ao fechar a porta do quarto. Marca o controle e a autonomia sobre quem pode entrar nesse espa\u00e7o, reafirmando que ali \u00e9 um ambiente exclusivamente seu.<\/p>\n\n\n\n<h2 class=\"wp-block-heading\">Busca pela liberdade<\/h2>\n\n\n\n<p>Esse gesto tamb\u00e9m simboliza a busca por <strong>liberdade<\/strong>. No espa\u00e7o fechado, \u00e9 poss\u00edvel ser quem realmente se \u00e9, livre de press\u00f5es e julgamentos, encontrando ref\u00fagio para se sentir plenamente \u00e0 vontade.<\/p>\n\n\n\n<h2 class=\"wp-block-heading\">O vi\u00e9s da psicologia<\/h2>\n\n\n\n<ul class=\"wp-block-list\">\n<li>A porta fechada pode simbolizar a busca por seguran\u00e7a e controle.<\/li>\n\n\n\n<li>Esse h\u00e1bito destaca o valor dado \u00e0 solid\u00e3o e ao autocuidado.<\/li>\n\n\n\n<li>Afirma a independ\u00eancia e permite uma maior sensa\u00e7\u00e3o de liberdade pessoal.<\/li>\n<\/ul>\n","protected":false},"excerpt":{"rendered":"<p>Descubra 6 surpreendentes tra\u00e7os revelados por quem dorme com a porta do quarto fechada. Seguran\u00e7a, independ\u00eancia e um mundo pr\u00f3prio?<\/p>\n","protected":false},"author":3,"featured_media":75498,"comment_status":"open","ping_status":"open","sticky":false,"template":"","format":"standard","meta":{"_yoast_wpseo_focuskw":"caracter\u00edsticas porta fechada","_yoast_wpseo_title":"%%title%%","_yoast_wpseo_metadesc":"Descubra 6 surpreendentes tra\u00e7os revelados por quem dorme com a porta do quarto fechada. Seguran\u00e7a, independ\u00eancia e um mundo pr\u00f3prio?","jnews-multi-image_gallery":[],"jnews_single_post":{"format":"standard"},"jnews_primary_category":[],"jnews_social_meta":[],"jnews_override_counter":[],"footnotes":""},"categories":[112],"tags":[144,404],"class_list":["post-75496","post","type-post","status-publish","format-standard","has-post-thumbnail","hentry","category-curiosidades","tag-curiosidades","tag-psicologia"],"yoast_head":"<!-- This site is optimized with the Yoast SEO plugin v24.6 - https:\/\/yoast.com\/wordpress\/plugins\/seo\/ -->\n<title>6 caracter\u00edsticas de pessoas que dormem com a porta fechada, segundo a psicologia<\/title>\n<meta name=\"description\" content=\"Descubra 6 surpreendentes tra\u00e7os revelados por quem dorme com a porta do quarto fechada. Seguran\u00e7a, independ\u00eancia e um mundo pr\u00f3prio?\" \/>\n<meta name=\"robots\" content=\"index, follow, max-snippet:-1, max-image-preview:large, max-video-preview:-1\" \/>\n<link rel=\"canonical\" href=\"https:\/\/www.correiobraziliense.com.br\/cbradar\/6-caracteristicas-de-pessoas-que-dormem-com-a-porta-fechada-segundo-a-psicologia\/\" \/>\n<meta property=\"og:locale\" content=\"pt_BR\" \/>\n<meta property=\"og:type\" content=\"article\" \/>\n<meta property=\"og:title\" content=\"6 caracter\u00edsticas de pessoas que dormem com a porta fechada, segundo a psicologia\" \/>\n<meta property=\"og:description\" content=\"Descubra 6 surpreendentes tra\u00e7os revelados por quem dorme com a porta do quarto fechada. Seguran\u00e7a, independ\u00eancia e um mundo pr\u00f3prio?\" \/>\n<meta property=\"og:url\" content=\"https:\/\/www.correiobraziliense.com.br\/cbradar\/6-caracteristicas-de-pessoas-que-dormem-com-a-porta-fechada-segundo-a-psicologia\/\" \/>\n<meta property=\"og:site_name\" content=\"Correio Braziliense - Radar\" \/>\n<meta property=\"article:published_time\" content=\"2025-07-26T23:33:00+00:00\" \/>\n<meta property=\"og:image\" content=\"https:\/\/www.correiobraziliense.com.br\/cbradar\/wp-content\/uploads\/2025\/07\/quarto-porta-fechada_1753540873174.jpg\" \/>\n\t<meta property=\"og:image:width\" content=\"1280\" \/>\n\t<meta property=\"og:image:height\" content=\"720\" \/>\n\t<meta property=\"og:image:type\" content=\"image\/jpeg\" \/>\n<meta name=\"author\" content=\"Larissa Carvalho\" \/>\n<meta name=\"twitter:card\" content=\"summary_large_image\" \/>\n<meta name=\"twitter:label1\" content=\"Escrito por\" \/>\n\t<meta name=\"twitter:data1\" content=\"Larissa Carvalho\" \/>\n\t<meta name=\"twitter:label2\" content=\"Est. tempo de leitura\" \/>\n\t<meta name=\"twitter:data2\" content=\"3 minutos\" \/>\n<!-- \/ Yoast SEO plugin. -->","yoast_head_json":{"title":"6 caracter\u00edsticas de pessoas que dormem com a porta fechada, segundo a psicologia","description":"Descubra 6 surpreendentes tra\u00e7os revelados por quem dorme com a porta do quarto fechada. Seguran\u00e7a, independ\u00eancia e um mundo pr\u00f3prio?","robots":{"index":"index","follow":"follow","max-snippet":"max-snippet:-1","max-image-preview":"max-image-preview:large","max-video-preview":"max-video-preview:-1"},"canonical":"https:\/\/www.correiobraziliense.com.br\/cbradar\/6-caracteristicas-de-pessoas-que-dormem-com-a-porta-fechada-segundo-a-psicologia\/","og_locale":"pt_BR","og_type":"article","og_title":"6 caracter\u00edsticas de pessoas que dormem com a porta fechada, segundo a psicologia","og_description":"Descubra 6 surpreendentes tra\u00e7os revelados por quem dorme com a porta do quarto fechada. Seguran\u00e7a, independ\u00eancia e um mundo pr\u00f3prio?","og_url":"https:\/\/www.correiobraziliense.com.br\/cbradar\/6-caracteristicas-de-pessoas-que-dormem-com-a-porta-fechada-segundo-a-psicologia\/","og_site_name":"Correio Braziliense - Radar","article_published_time":"2025-07-26T23:33:00+00:00","og_image":[{"width":1280,"height":720,"url":"https:\/\/www.correiobraziliense.com.br\/cbradar\/wp-content\/uploads\/2025\/07\/quarto-porta-fechada_1753540873174.jpg","type":"image\/jpeg"}],"author":"Larissa Carvalho","twitter_card":"summary_large_image","twitter_misc":{"Escrito por":"Larissa Carvalho","Est. tempo de leitura":"3 minutos"},"schema":{"@context":"https:\/\/schema.org","@graph":[{"@type":"WebPage","@id":"https:\/\/www.correiobraziliense.com.br\/cbradar\/6-caracteristicas-de-pessoas-que-dormem-com-a-porta-fechada-segundo-a-psicologia\/","url":"https:\/\/www.correiobraziliense.com.br\/cbradar\/6-caracteristicas-de-pessoas-que-dormem-com-a-porta-fechada-segundo-a-psicologia\/","name":"6 caracter\u00edsticas de pessoas que dormem com a porta fechada, segundo a psicologia","isPartOf":{"@id":"https:\/\/www.correiobraziliense.com.br\/cbradar\/#website"},"primaryImageOfPage":{"@id":"https:\/\/www.correiobraziliense.com.br\/cbradar\/6-caracteristicas-de-pessoas-que-dormem-com-a-porta-fechada-segundo-a-psicologia\/#primaryimage"},"image":{"@id":"https:\/\/www.correiobraziliense.com.br\/cbradar\/6-caracteristicas-de-pessoas-que-dormem-com-a-porta-fechada-segundo-a-psicologia\/#primaryimage"},"thumbnailUrl":"https:\/\/www.correiobraziliense.com.br\/cbradar\/wp-content\/uploads\/2025\/07\/quarto-porta-fechada_1753540873174.jpg","datePublished":"2025-07-26T23:33:00+00:00","author":{"@id":"https:\/\/www.correiobraziliense.com.br\/cbradar\/#\/schema\/person\/58422787644df994b53a19d3e56c1513"},"description":"Descubra 6 surpreendentes tra\u00e7os revelados por quem dorme com a porta do quarto fechada. Seguran\u00e7a, independ\u00eancia e um mundo pr\u00f3prio?","breadcrumb":{"@id":"https:\/\/www.correiobraziliense.com.br\/cbradar\/6-caracteristicas-de-pessoas-que-dormem-com-a-porta-fechada-segundo-a-psicologia\/#breadcrumb"},"inLanguage":"pt-BR","potentialAction":[{"@type":"ReadAction","target":["https:\/\/www.correiobraziliense.com.br\/cbradar\/6-caracteristicas-de-pessoas-que-dormem-com-a-porta-fechada-segundo-a-psicologia\/"]}]},{"@type":"ImageObject","inLanguage":"pt-BR","@id":"https:\/\/www.correiobraziliense.com.br\/cbradar\/6-caracteristicas-de-pessoas-que-dormem-com-a-porta-fechada-segundo-a-psicologia\/#primaryimage","url":"https:\/\/www.correiobraziliense.com.br\/cbradar\/wp-content\/uploads\/2025\/07\/quarto-porta-fechada_1753540873174.jpg","contentUrl":"https:\/\/www.correiobraziliense.com.br\/cbradar\/wp-content\/uploads\/2025\/07\/quarto-porta-fechada_1753540873174.jpg","width":1280,"height":720,"caption":"Quarto porta fechada. Cr\u00e9ditos: depositphotos.com \/ dropthepress@gmail.com"},{"@type":"BreadcrumbList","@id":"https:\/\/www.correiobraziliense.com.br\/cbradar\/6-caracteristicas-de-pessoas-que-dormem-com-a-porta-fechada-segundo-a-psicologia\/#breadcrumb","itemListElement":[{"@type":"ListItem","position":1,"name":"In\u00edcio","item":"https:\/\/www.correiobraziliense.com.br\/cbradar\/"},{"@type":"ListItem","position":2,"name":"6 caracter\u00edsticas de pessoas que dormem com a porta fechada, segundo a psicologia"}]},{"@type":"WebSite","@id":"https:\/\/www.correiobraziliense.com.br\/cbradar\/#website","url":"https:\/\/www.correiobraziliense.com.br\/cbradar\/","name":"Correio Braziliense - Radar","description":"Acompanhe as \u00faltimas not\u00edcias e fique bem informado sobre tudo o que acontece no Brasil e no mundo.","potentialAction":[{"@type":"SearchAction","target":{"@type":"EntryPoint","urlTemplate":"https:\/\/www.correiobraziliense.com.br\/cbradar\/?s={search_term_string}"},"query-input":{"@type":"PropertyValueSpecification","valueRequired":true,"valueName":"search_term_string"}}],"inLanguage":"pt-BR"},{"@type":"Person","@id":"https:\/\/www.correiobraziliense.com.br\/cbradar\/#\/schema\/person\/58422787644df994b53a19d3e56c1513","name":"Larissa Carvalho","image":{"@type":"ImageObject","inLanguage":"pt-BR","@id":"https:\/\/www.correiobraziliense.com.br\/cbradar\/#\/schema\/person\/image\/","url":"https:\/\/secure.gravatar.com\/avatar\/fe4f91a0de32b52a838d0d612abdc1aa?s=96&d=mm&r=g","contentUrl":"https:\/\/secure.gravatar.com\/avatar\/fe4f91a0de32b52a838d0d612abdc1aa?s=96&d=mm&r=g","caption":"Larissa Carvalho"},"url":"https:\/\/www.correiobraziliense.com.br\/cbradar\/author\/larissamyth\/"}]}},"_links":{"self":[{"href":"https:\/\/www.correiobraziliense.com.br\/cbradar\/wp-json\/wp\/v2\/posts\/75496","targetHints":{"allow":["GET"]}}],"collection":[{"href":"https:\/\/www.correiobraziliense.com.br\/cbradar\/wp-json\/wp\/v2\/posts"}],"about":[{"href":"https:\/\/www.correiobraziliense.com.br\/cbradar\/wp-json\/wp\/v2\/types\/post"}],"author":[{"embeddable":true,"href":"https:\/\/www.correiobraziliense.com.br\/cbradar\/wp-json\/wp\/v2\/users\/3"}],"replies":[{"embeddable":true,"href":"https:\/\/www.correiobraziliense.com.br\/cbradar\/wp-json\/wp\/v2\/comments?post=75496"}],"version-history":[{"count":2,"href":"https:\/\/www.correiobraziliense.com.br\/cbradar\/wp-json\/wp\/v2\/posts\/75496\/revisions"}],"predecessor-version":[{"id":75500,"href":"https:\/\/www.correiobraziliense.com.br\/cbradar\/wp-json\/wp\/v2\/posts\/75496\/revisions\/75500"}],"wp:featuredmedia":[{"embeddable":true,"href":"https:\/\/www.correiobraziliense.com.br\/cbradar\/wp-json\/wp\/v2\/media\/75498"}],"wp:attachment":[{"href":"https:\/\/www.correiobraziliense.com.br\/cbradar\/wp-json\/wp\/v2\/media?parent=75496"}],"wp:term":[{"taxonomy":"category","embeddable":true,"href":"https:\/\/www.correiobraziliense.com.br\/cbradar\/wp-json\/wp\/v2\/categories?post=75496"},{"taxonomy":"post_tag","embeddable":true,"href":"https:\/\/www.correiobraziliense.com.br\/cbradar\/wp-json\/wp\/v2\/tags?post=75496"}],"curies":[{"name":"wp","href":"https:\/\/api.w.org\/{rel}","templated":true}]}}