{"id":75533,"date":"2025-07-27T06:33:00","date_gmt":"2025-07-27T09:33:00","guid":{"rendered":"https:\/\/www.correiobraziliense.com.br\/cbradar\/?p=75533"},"modified":"2025-07-26T12:29:46","modified_gmt":"2025-07-26T15:29:46","slug":"a-forma-mais-segura-de-lavar-framboesas-sem-perder-sabor","status":"publish","type":"post","link":"https:\/\/www.correiobraziliense.com.br\/cbradar\/a-forma-mais-segura-de-lavar-framboesas-sem-perder-sabor\/","title":{"rendered":"A forma mais segura de lavar framboesas sem perder sabor"},"content":{"rendered":"\n<p>As <strong>framboesas<\/strong> s\u00e3o famosas por seu sabor delicioso e seu alto teor de antioxidantes. Saber <strong>lavar<\/strong> essas delicadas frutas da forma correta \u00e9 essencial para proteger sua sa\u00fade e garantir seu consumo perfeito.<\/p>\n\n\n\n<ul class=\"wp-block-list\">\n<li>Por ser porosa, a framboesa acumula sujeiras e qu\u00edmicos.<\/li>\n\n\n\n<li>O m\u00e9todo ideal de lavagem preserva seu sabor e frescor.<\/li>\n\n\n\n<li>Evite intoxica\u00e7\u00f5es alimentares com t\u00e9cnicas simples e eficazes.<\/li>\n<\/ul>\n\n\n\n<h2 class=\"wp-block-heading\">Por que \u00e9 importante lavar framboesas da maneira correta?<\/h2>\n\n\n\n<p>Devido \u00e0 sua superf\u00edcie porosa, as <strong>framboesas<\/strong> podem reter sujeiras, pesticidas e outros res\u00edduos que afetam seu sabor e poderiam comprometer a sa\u00fade. Especialistas alertam para a import\u00e2ncia de lav\u00e1-las <strong>corretamente<\/strong> antes de consumir.<\/p>\n\n\n\n<p><strong>Dica r\u00e1pida:<\/strong> Lave as framboesas apenas antes de comer, para evitar que estraguem rapidamente.<\/p>\n\n\n\n<h2 class=\"wp-block-heading\">Qual \u00e9 o m\u00e9todo mais seguro para limpar framboesas?<\/h2>\n\n\n\n<p>Um procedimento simples e seguro pode garantir a limpeza das framboesas sem prejudicar sua integridade ou sabor:<\/p>\n\n\n\n<ul class=\"wp-block-list\">\n<li>Use um <strong>escorredor de malha fina<\/strong> para evitar romper as framboesas.<\/li>\n\n\n\n<li>Passe um <strong>fio de \u00e1gua fria<\/strong> sobre as framboesas, mexendo delicadamente.<\/li>\n\n\n\n<li>Prepare uma solu\u00e7\u00e3o com um litro de \u00e1gua e tr\u00eas colheres de <strong>vinagre branco<\/strong>.<\/li>\n\n\n\n<li>Deixe as frutas de molho por <strong>5 minutos<\/strong>.<\/li>\n\n\n\n<li>Escorra e seque delicadamente com papel absorvente.<\/li>\n<\/ul>\n\n\n\n<p>Guarde em um recipiente na geladeira tampado apenas parcialmente para que as frutas respirem.<\/p>\n\n\n\n<figure class=\"wp-block-image size-large\"><img decoding=\"async\" width=\"1024\" height=\"576\" src=\"https:\/\/www.correiobraziliense.com.br\/cbradar\/wp-content\/uploads\/2025\/07\/framboesa_1753543769574-1024x576.jpg\" alt=\"A forma mais segura de lavar framboesas sem perder sabor\" class=\"wp-image-75536\" srcset=\"https:\/\/www.correiobraziliense.com.br\/cbradar\/wp-content\/uploads\/2025\/07\/framboesa_1753543769574-1024x576.jpg 1024w, https:\/\/www.correiobraziliense.com.br\/cbradar\/wp-content\/uploads\/2025\/07\/framboesa_1753543769574-300x169.jpg 300w, https:\/\/www.correiobraziliense.com.br\/cbradar\/wp-content\/uploads\/2025\/07\/framboesa_1753543769574-768x432.jpg 768w, https:\/\/www.correiobraziliense.com.br\/cbradar\/wp-content\/uploads\/2025\/07\/framboesa_1753543769574-750x422.jpg 750w, https:\/\/www.correiobraziliense.com.br\/cbradar\/wp-content\/uploads\/2025\/07\/framboesa_1753543769574-1140x641.jpg 1140w, https:\/\/www.correiobraziliense.com.br\/cbradar\/wp-content\/uploads\/2025\/07\/framboesa_1753543769574.jpg 1280w\" sizes=\"(max-width: 1024px) 100vw, 1024px\" \/><figcaption class=\"wp-element-caption\">framboesa. Cr\u00e9ditos: depositphotos.com \/ AntonMatyukha<\/figcaption><\/figure>\n\n\n\n<h2 class=\"wp-block-heading\">Como preservar o sabor e a frescura das framboesas?<\/h2>\n\n\n\n<p>Manter a qualidade das <strong>framboesas<\/strong> ap\u00f3s lav\u00e1-las \u00e9 crucial. Evite deix\u00e1-las \u00famidas por muito tempo para preservar os melhores atributos da fruta.<\/p>\n\n\n\n<p><strong>Aten\u00e7\u00e3o:<\/strong> N\u00e3o lave as framboesas com anteced\u00eancia, pois isso pode acelerar a decomposi\u00e7\u00e3o e alterar o sabor.<\/p>\n\n\n\n<h2 class=\"wp-block-heading\">Resumo dos principais aprendizados sobre a lavagem de framboesas<\/h2>\n\n\n\n<ul class=\"wp-block-list\">\n<li><strong>Limpeza cuidadosa<\/strong> \u00e9 essencial para a seguran\u00e7a alimentar e qualidade da fruta.<\/li>\n\n\n\n<li>Um <strong>banho de vinagre<\/strong> ajuda a eliminar pesticidas sem perder sabor.<\/li>\n\n\n\n<li>A preserva\u00e7\u00e3o adequada prolonga a vida \u00fatil e mant\u00e9m o frescor da framboesa.<\/li>\n<\/ul>\n\n\n\n<p>Lembre-se sempre de seguir estas pr\u00e1ticas para desfrutar de suas framboesas de maneira segura e saborosa!<\/p>\n","protected":false},"excerpt":{"rendered":"<p>Framboesas s\u00e3o delicadas e podem acumular res\u00edduos. Aprenda a lavar sem danificar e preserve o sabor e frescor da fruta.<\/p>\n","protected":false},"author":3,"featured_media":75535,"comment_status":"open","ping_status":"open","sticky":false,"template":"","format":"standard","meta":{"_yoast_wpseo_focuskw":"lavar framboesa","_yoast_wpseo_title":"%%title%%","_yoast_wpseo_metadesc":"Framboesas s\u00e3o delicadas e podem acumular res\u00edduos. Aprenda a lavar sem danificar e preserve o sabor e frescor da fruta.","jnews-multi-image_gallery":[],"jnews_single_post":{"format":"standard"},"jnews_primary_category":[],"jnews_social_meta":[],"jnews_override_counter":[],"footnotes":""},"categories":[112],"tags":[281,1423,144],"class_list":["post-75533","post","type-post","status-publish","format-standard","has-post-thumbnail","hentry","category-curiosidades","tag-alimentacao","tag-alimentos","tag-curiosidades"],"yoast_head":"<!-- This site is optimized with the Yoast SEO plugin v24.6 - https:\/\/yoast.com\/wordpress\/plugins\/seo\/ -->\n<title>A forma mais segura de lavar framboesas sem perder sabor<\/title>\n<meta name=\"description\" content=\"Framboesas s\u00e3o delicadas e podem acumular res\u00edduos. Aprenda a lavar sem danificar e preserve o sabor e frescor da fruta.\" \/>\n<meta name=\"robots\" content=\"index, follow, max-snippet:-1, max-image-preview:large, max-video-preview:-1\" \/>\n<link rel=\"canonical\" href=\"https:\/\/www.correiobraziliense.com.br\/cbradar\/a-forma-mais-segura-de-lavar-framboesas-sem-perder-sabor\/\" \/>\n<meta property=\"og:locale\" content=\"pt_BR\" \/>\n<meta property=\"og:type\" content=\"article\" \/>\n<meta property=\"og:title\" content=\"A forma mais segura de lavar framboesas sem perder sabor\" \/>\n<meta property=\"og:description\" content=\"Framboesas s\u00e3o delicadas e podem acumular res\u00edduos. Aprenda a lavar sem danificar e preserve o sabor e frescor da fruta.\" \/>\n<meta property=\"og:url\" content=\"https:\/\/www.correiobraziliense.com.br\/cbradar\/a-forma-mais-segura-de-lavar-framboesas-sem-perder-sabor\/\" \/>\n<meta property=\"og:site_name\" content=\"Correio Braziliense - Radar\" \/>\n<meta property=\"article:published_time\" content=\"2025-07-27T09:33:00+00:00\" \/>\n<meta property=\"og:image\" content=\"https:\/\/www.correiobraziliense.com.br\/cbradar\/wp-content\/uploads\/2025\/07\/framboesa_1753543747240.jpg\" \/>\n\t<meta property=\"og:image:width\" content=\"1280\" \/>\n\t<meta property=\"og:image:height\" content=\"720\" \/>\n\t<meta property=\"og:image:type\" content=\"image\/jpeg\" \/>\n<meta name=\"author\" content=\"Larissa Carvalho\" \/>\n<meta name=\"twitter:card\" content=\"summary_large_image\" \/>\n<meta name=\"twitter:label1\" content=\"Escrito por\" \/>\n\t<meta name=\"twitter:data1\" content=\"Larissa Carvalho\" \/>\n\t<meta name=\"twitter:label2\" content=\"Est. tempo de leitura\" \/>\n\t<meta name=\"twitter:data2\" content=\"3 minutos\" \/>\n<!-- \/ Yoast SEO plugin. -->","yoast_head_json":{"title":"A forma mais segura de lavar framboesas sem perder sabor","description":"Framboesas s\u00e3o delicadas e podem acumular res\u00edduos. Aprenda a lavar sem danificar e preserve o sabor e frescor da fruta.","robots":{"index":"index","follow":"follow","max-snippet":"max-snippet:-1","max-image-preview":"max-image-preview:large","max-video-preview":"max-video-preview:-1"},"canonical":"https:\/\/www.correiobraziliense.com.br\/cbradar\/a-forma-mais-segura-de-lavar-framboesas-sem-perder-sabor\/","og_locale":"pt_BR","og_type":"article","og_title":"A forma mais segura de lavar framboesas sem perder sabor","og_description":"Framboesas s\u00e3o delicadas e podem acumular res\u00edduos. Aprenda a lavar sem danificar e preserve o sabor e frescor da fruta.","og_url":"https:\/\/www.correiobraziliense.com.br\/cbradar\/a-forma-mais-segura-de-lavar-framboesas-sem-perder-sabor\/","og_site_name":"Correio Braziliense - Radar","article_published_time":"2025-07-27T09:33:00+00:00","og_image":[{"width":1280,"height":720,"url":"https:\/\/www.correiobraziliense.com.br\/cbradar\/wp-content\/uploads\/2025\/07\/framboesa_1753543747240.jpg","type":"image\/jpeg"}],"author":"Larissa Carvalho","twitter_card":"summary_large_image","twitter_misc":{"Escrito por":"Larissa Carvalho","Est. tempo de leitura":"3 minutos"},"schema":{"@context":"https:\/\/schema.org","@graph":[{"@type":"WebPage","@id":"https:\/\/www.correiobraziliense.com.br\/cbradar\/a-forma-mais-segura-de-lavar-framboesas-sem-perder-sabor\/","url":"https:\/\/www.correiobraziliense.com.br\/cbradar\/a-forma-mais-segura-de-lavar-framboesas-sem-perder-sabor\/","name":"A forma mais segura de lavar framboesas sem perder sabor","isPartOf":{"@id":"https:\/\/www.correiobraziliense.com.br\/cbradar\/#website"},"primaryImageOfPage":{"@id":"https:\/\/www.correiobraziliense.com.br\/cbradar\/a-forma-mais-segura-de-lavar-framboesas-sem-perder-sabor\/#primaryimage"},"image":{"@id":"https:\/\/www.correiobraziliense.com.br\/cbradar\/a-forma-mais-segura-de-lavar-framboesas-sem-perder-sabor\/#primaryimage"},"thumbnailUrl":"https:\/\/www.correiobraziliense.com.br\/cbradar\/wp-content\/uploads\/2025\/07\/framboesa_1753543747240.jpg","datePublished":"2025-07-27T09:33:00+00:00","author":{"@id":"https:\/\/www.correiobraziliense.com.br\/cbradar\/#\/schema\/person\/58422787644df994b53a19d3e56c1513"},"description":"Framboesas s\u00e3o delicadas e podem acumular res\u00edduos. Aprenda a lavar sem danificar e preserve o sabor e frescor da fruta.","breadcrumb":{"@id":"https:\/\/www.correiobraziliense.com.br\/cbradar\/a-forma-mais-segura-de-lavar-framboesas-sem-perder-sabor\/#breadcrumb"},"inLanguage":"pt-BR","potentialAction":[{"@type":"ReadAction","target":["https:\/\/www.correiobraziliense.com.br\/cbradar\/a-forma-mais-segura-de-lavar-framboesas-sem-perder-sabor\/"]}]},{"@type":"ImageObject","inLanguage":"pt-BR","@id":"https:\/\/www.correiobraziliense.com.br\/cbradar\/a-forma-mais-segura-de-lavar-framboesas-sem-perder-sabor\/#primaryimage","url":"https:\/\/www.correiobraziliense.com.br\/cbradar\/wp-content\/uploads\/2025\/07\/framboesa_1753543747240.jpg","contentUrl":"https:\/\/www.correiobraziliense.com.br\/cbradar\/wp-content\/uploads\/2025\/07\/framboesa_1753543747240.jpg","width":1280,"height":720,"caption":"framboesa. Cr\u00e9ditos: depositphotos.com \/ vic02dd13"},{"@type":"BreadcrumbList","@id":"https:\/\/www.correiobraziliense.com.br\/cbradar\/a-forma-mais-segura-de-lavar-framboesas-sem-perder-sabor\/#breadcrumb","itemListElement":[{"@type":"ListItem","position":1,"name":"In\u00edcio","item":"https:\/\/www.correiobraziliense.com.br\/cbradar\/"},{"@type":"ListItem","position":2,"name":"A forma mais segura de lavar framboesas sem perder sabor"}]},{"@type":"WebSite","@id":"https:\/\/www.correiobraziliense.com.br\/cbradar\/#website","url":"https:\/\/www.correiobraziliense.com.br\/cbradar\/","name":"Correio Braziliense - Radar","description":"Acompanhe as \u00faltimas not\u00edcias e fique bem informado sobre tudo o que acontece no Brasil e no mundo.","potentialAction":[{"@type":"SearchAction","target":{"@type":"EntryPoint","urlTemplate":"https:\/\/www.correiobraziliense.com.br\/cbradar\/?s={search_term_string}"},"query-input":{"@type":"PropertyValueSpecification","valueRequired":true,"valueName":"search_term_string"}}],"inLanguage":"pt-BR"},{"@type":"Person","@id":"https:\/\/www.correiobraziliense.com.br\/cbradar\/#\/schema\/person\/58422787644df994b53a19d3e56c1513","name":"Larissa Carvalho","image":{"@type":"ImageObject","inLanguage":"pt-BR","@id":"https:\/\/www.correiobraziliense.com.br\/cbradar\/#\/schema\/person\/image\/","url":"https:\/\/secure.gravatar.com\/avatar\/fe4f91a0de32b52a838d0d612abdc1aa?s=96&d=mm&r=g","contentUrl":"https:\/\/secure.gravatar.com\/avatar\/fe4f91a0de32b52a838d0d612abdc1aa?s=96&d=mm&r=g","caption":"Larissa Carvalho"},"url":"https:\/\/www.correiobraziliense.com.br\/cbradar\/author\/larissamyth\/"}]}},"_links":{"self":[{"href":"https:\/\/www.correiobraziliense.com.br\/cbradar\/wp-json\/wp\/v2\/posts\/75533","targetHints":{"allow":["GET"]}}],"collection":[{"href":"https:\/\/www.correiobraziliense.com.br\/cbradar\/wp-json\/wp\/v2\/posts"}],"about":[{"href":"https:\/\/www.correiobraziliense.com.br\/cbradar\/wp-json\/wp\/v2\/types\/post"}],"author":[{"embeddable":true,"href":"https:\/\/www.correiobraziliense.com.br\/cbradar\/wp-json\/wp\/v2\/users\/3"}],"replies":[{"embeddable":true,"href":"https:\/\/www.correiobraziliense.com.br\/cbradar\/wp-json\/wp\/v2\/comments?post=75533"}],"version-history":[{"count":2,"href":"https:\/\/www.correiobraziliense.com.br\/cbradar\/wp-json\/wp\/v2\/posts\/75533\/revisions"}],"predecessor-version":[{"id":75537,"href":"https:\/\/www.correiobraziliense.com.br\/cbradar\/wp-json\/wp\/v2\/posts\/75533\/revisions\/75537"}],"wp:featuredmedia":[{"embeddable":true,"href":"https:\/\/www.correiobraziliense.com.br\/cbradar\/wp-json\/wp\/v2\/media\/75535"}],"wp:attachment":[{"href":"https:\/\/www.correiobraziliense.com.br\/cbradar\/wp-json\/wp\/v2\/media?parent=75533"}],"wp:term":[{"taxonomy":"category","embeddable":true,"href":"https:\/\/www.correiobraziliense.com.br\/cbradar\/wp-json\/wp\/v2\/categories?post=75533"},{"taxonomy":"post_tag","embeddable":true,"href":"https:\/\/www.correiobraziliense.com.br\/cbradar\/wp-json\/wp\/v2\/tags?post=75533"}],"curies":[{"name":"wp","href":"https:\/\/api.w.org\/{rel}","templated":true}]}}