{"id":75553,"date":"2025-07-27T06:53:00","date_gmt":"2025-07-27T09:53:00","guid":{"rendered":"https:\/\/www.correiobraziliense.com.br\/cbradar\/?p=75553"},"modified":"2025-07-26T12:43:44","modified_gmt":"2025-07-26T15:43:44","slug":"cuidados-ao-passear-com-pets-idosos-adaptacoes-e-atencao-especial","status":"publish","type":"post","link":"https:\/\/www.correiobraziliense.com.br\/cbradar\/cuidados-ao-passear-com-pets-idosos-adaptacoes-e-atencao-especial\/","title":{"rendered":"Cuidados ao passear com pets idosos: adapta\u00e7\u00f5es e aten\u00e7\u00e3o especial"},"content":{"rendered":"\n<p>Passear com <strong>pets idosos<\/strong> requer cuidados espec\u00edficos para garantir o bem-estar deles. No entanto, algumas adapta\u00e7\u00f5es simples podem fazer toda a diferen\u00e7a. Neste artigo, discutiremos como tornar os passeios mais confort\u00e1veis e seguros para os animais mais velhos.<\/p>\n\n\n\n<ul class=\"wp-block-list\">\n<li>Import\u00e2ncia de adaptar a rotina de passeios.<\/li>\n\n\n\n<li>Como identificar sinais de cansa\u00e7o.<\/li>\n\n\n\n<li>Dicas para um passeio seguro e agrad\u00e1vel.<\/li>\n<\/ul>\n\n\n\n<h2 class=\"wp-block-heading\">Como adaptar a rotina de passeios de <strong>c\u00e3es idosos<\/strong>?<\/h2>\n\n\n\n<p>Os <strong>animais idosos<\/strong> muitas vezes necessitam de passeios mais curtos e tranquilos. Ajustar o tempo e a frequ\u00eancia dos passeios ajuda a manter o <strong>bem-estar<\/strong> do pet sem sobrecarreg\u00e1-lo.<\/p>\n\n\n\n<p>Aten\u00e7\u00e3o \u00e0 temperatura: evite passear nos hor\u00e1rios mais quentes do dia para proteger o seu <strong>c\u00e3o idoso<\/strong> de insola\u00e7\u00f5es.<\/p>\n\n\n\n<h2 class=\"wp-block-heading\"><strong>Sinais de cansa\u00e7o<\/strong> em pets idosos durante os passeios<\/h2>\n\n\n\n<p>Observe se seu <strong>pet<\/strong> apresenta ofega\u00e7\u00e3o excessiva ou se ele tenta fazer pausas frequentes. S\u00e3o indicativos de que o ritmo do passeio deve ser ajustado.<\/p>\n\n\n\n<p>Outra indica\u00e7\u00e3o \u00e9 a relut\u00e2ncia em continuar caminhando, que pode sinalizar dor ou desconforto. Nesse caso, interrompa o passeio imediatamente e avalie a situa\u00e7\u00e3o do seu <strong>pet idoso<\/strong>.<\/p>\n\n\n\n<h2 class=\"wp-block-heading\">Quais s\u00e3o as melhores pr\u00e1ticas para passear com <strong>pets idosos<\/strong>?<\/h2>\n\n\n\n<p>Escolha cal\u00e7adas planas e bem pavimentadas para evitar les\u00f5es nas articula\u00e7\u00f5es dos <strong>pets idosos<\/strong>.<\/p>\n\n\n\n<p>Leve sempre \u00e1gua fresca e pare regularmente para oferecer ao seu <strong>animal<\/strong>, prevenindo a desidrata\u00e7\u00e3o.<\/p>\n\n\n\n<ul class=\"wp-block-list\">\n<li>Utilize guias mais curtas para garantir melhor controle, diminuindo o risco de acidentes.<\/li>\n\n\n\n<li>Introduza brinquedos leves ou pequenas pausas para relaxamento durante o percurso.<\/li>\n<\/ul>\n\n\n\n<figure class=\"wp-block-image size-large\"><img decoding=\"async\" width=\"1024\" height=\"576\" src=\"https:\/\/www.correiobraziliense.com.br\/cbradar\/wp-content\/uploads\/2025\/07\/passear-cachorro_1753544582663-1024x576.jpg\" alt=\"Cuidados ao passear com pets idosos: adapta\u00e7\u00f5es e aten\u00e7\u00e3o especial\" class=\"wp-image-75556\" srcset=\"https:\/\/www.correiobraziliense.com.br\/cbradar\/wp-content\/uploads\/2025\/07\/passear-cachorro_1753544582663-1024x576.jpg 1024w, https:\/\/www.correiobraziliense.com.br\/cbradar\/wp-content\/uploads\/2025\/07\/passear-cachorro_1753544582663-300x169.jpg 300w, https:\/\/www.correiobraziliense.com.br\/cbradar\/wp-content\/uploads\/2025\/07\/passear-cachorro_1753544582663-768x432.jpg 768w, https:\/\/www.correiobraziliense.com.br\/cbradar\/wp-content\/uploads\/2025\/07\/passear-cachorro_1753544582663-750x422.jpg 750w, https:\/\/www.correiobraziliense.com.br\/cbradar\/wp-content\/uploads\/2025\/07\/passear-cachorro_1753544582663-1140x641.jpg 1140w, https:\/\/www.correiobraziliense.com.br\/cbradar\/wp-content\/uploads\/2025\/07\/passear-cachorro_1753544582663.jpg 1280w\" sizes=\"(max-width: 1024px) 100vw, 1024px\" \/><figcaption class=\"wp-element-caption\">passear cachorro. Cr\u00e9ditos: depositphotos.com \/ ArturVerkhovetskiy<\/figcaption><\/figure>\n\n\n\n<p>Leia tamb\u00e9m: <em><a href=\"https:\/\/www.correiobraziliense.com.br\/cbradar\/como-lavar-roupinhas-de-pet-sem-deixar-alergias-no-cachorro\/\" target=\"_blank\" rel=\"noreferrer noopener\">Como lavar roupinhas de pet sem deixar alergias no cachorro<\/a><\/em><\/p>\n\n\n\n<h2 class=\"wp-block-heading\">Medidas adicionais para garantir o conforto dos <strong>pets idosos<\/strong><\/h2>\n\n\n\n<p>Invista em uma coleira ajust\u00e1vel que n\u00e3o pressione o pesco\u00e7o do <strong>pet<\/strong>. Prefira materiais macios e confort\u00e1veis.<\/p>\n\n\n\n<p>Use protetores de patas, especialmente em superf\u00edcies quentes, frias ou rugosas, para evitar queimaduras ou machucados.<\/p>\n\n\n\n<h2 class=\"wp-block-heading\">Resumindo a import\u00e2ncia dos <strong>cuidados<\/strong> com pets idosos<\/h2>\n\n\n\n<ul class=\"wp-block-list\">\n<li>Adapte o ritmo e a estrutura dos passeios de acordo com as necessidades individuais do <strong>animal idoso<\/strong>.<\/li>\n\n\n\n<li>Esteja atento a <strong>sinais de cansa\u00e7o<\/strong> ou desconforto e fa\u00e7a pausas conforme necess\u00e1rio.<\/li>\n\n\n\n<li>Opte por equipamentos e rotas que priorizem o conforto e a seguran\u00e7a do <strong>pet<\/strong>.<\/li>\n<\/ul>\n","protected":false},"excerpt":{"rendered":"<p>Descubra cuidados essenciais e adapta\u00e7\u00f5es para passear com pets idosos, garantindo conforto e sa\u00fade nas caminhadas di\u00e1rias.<\/p>\n","protected":false},"author":3,"featured_media":75555,"comment_status":"open","ping_status":"open","sticky":false,"template":"","format":"standard","meta":{"_yoast_wpseo_focuskw":"passear pets idosos","_yoast_wpseo_title":"%%title%%","_yoast_wpseo_metadesc":"Descubra cuidados essenciais e adapta\u00e7\u00f5es para passear com pets idosos, garantindo conforto e sa\u00fade nas caminhadas di\u00e1rias.","jnews-multi-image_gallery":[],"jnews_single_post":{"format":"standard"},"jnews_primary_category":[],"jnews_social_meta":[],"jnews_override_counter":[],"footnotes":""},"categories":[112],"tags":[1977,144,782],"class_list":["post-75553","post","type-post","status-publish","format-standard","has-post-thumbnail","hentry","category-curiosidades","tag-animais-de-estimacao","tag-curiosidades","tag-pet"],"yoast_head":"<!-- This site is optimized with the Yoast SEO plugin v24.6 - https:\/\/yoast.com\/wordpress\/plugins\/seo\/ -->\n<title>Cuidados ao passear com pets idosos: adapta\u00e7\u00f5es e aten\u00e7\u00e3o especial<\/title>\n<meta name=\"description\" content=\"Descubra cuidados essenciais e adapta\u00e7\u00f5es para passear com pets idosos, garantindo conforto e sa\u00fade nas caminhadas di\u00e1rias.\" \/>\n<meta name=\"robots\" content=\"index, follow, max-snippet:-1, max-image-preview:large, max-video-preview:-1\" \/>\n<link rel=\"canonical\" href=\"https:\/\/www.correiobraziliense.com.br\/cbradar\/cuidados-ao-passear-com-pets-idosos-adaptacoes-e-atencao-especial\/\" \/>\n<meta property=\"og:locale\" content=\"pt_BR\" \/>\n<meta property=\"og:type\" content=\"article\" \/>\n<meta property=\"og:title\" content=\"Cuidados ao passear com pets idosos: adapta\u00e7\u00f5es e aten\u00e7\u00e3o especial\" \/>\n<meta property=\"og:description\" content=\"Descubra cuidados essenciais e adapta\u00e7\u00f5es para passear com pets idosos, garantindo conforto e sa\u00fade nas caminhadas di\u00e1rias.\" \/>\n<meta property=\"og:url\" content=\"https:\/\/www.correiobraziliense.com.br\/cbradar\/cuidados-ao-passear-com-pets-idosos-adaptacoes-e-atencao-especial\/\" \/>\n<meta property=\"og:site_name\" content=\"Correio Braziliense - Radar\" \/>\n<meta property=\"article:published_time\" content=\"2025-07-27T09:53:00+00:00\" \/>\n<meta property=\"og:image\" content=\"https:\/\/www.correiobraziliense.com.br\/cbradar\/wp-content\/uploads\/2025\/07\/passear-cachorro_1753544536510.jpg\" \/>\n\t<meta property=\"og:image:width\" content=\"1280\" \/>\n\t<meta property=\"og:image:height\" content=\"720\" \/>\n\t<meta property=\"og:image:type\" content=\"image\/jpeg\" \/>\n<meta name=\"author\" content=\"Larissa Carvalho\" \/>\n<meta name=\"twitter:card\" content=\"summary_large_image\" \/>\n<meta name=\"twitter:label1\" content=\"Escrito por\" \/>\n\t<meta name=\"twitter:data1\" content=\"Larissa Carvalho\" \/>\n\t<meta name=\"twitter:label2\" content=\"Est. tempo de leitura\" \/>\n\t<meta name=\"twitter:data2\" content=\"3 minutos\" \/>\n<!-- \/ Yoast SEO plugin. -->","yoast_head_json":{"title":"Cuidados ao passear com pets idosos: adapta\u00e7\u00f5es e aten\u00e7\u00e3o especial","description":"Descubra cuidados essenciais e adapta\u00e7\u00f5es para passear com pets idosos, garantindo conforto e sa\u00fade nas caminhadas di\u00e1rias.","robots":{"index":"index","follow":"follow","max-snippet":"max-snippet:-1","max-image-preview":"max-image-preview:large","max-video-preview":"max-video-preview:-1"},"canonical":"https:\/\/www.correiobraziliense.com.br\/cbradar\/cuidados-ao-passear-com-pets-idosos-adaptacoes-e-atencao-especial\/","og_locale":"pt_BR","og_type":"article","og_title":"Cuidados ao passear com pets idosos: adapta\u00e7\u00f5es e aten\u00e7\u00e3o especial","og_description":"Descubra cuidados essenciais e adapta\u00e7\u00f5es para passear com pets idosos, garantindo conforto e sa\u00fade nas caminhadas di\u00e1rias.","og_url":"https:\/\/www.correiobraziliense.com.br\/cbradar\/cuidados-ao-passear-com-pets-idosos-adaptacoes-e-atencao-especial\/","og_site_name":"Correio Braziliense - Radar","article_published_time":"2025-07-27T09:53:00+00:00","og_image":[{"width":1280,"height":720,"url":"https:\/\/www.correiobraziliense.com.br\/cbradar\/wp-content\/uploads\/2025\/07\/passear-cachorro_1753544536510.jpg","type":"image\/jpeg"}],"author":"Larissa Carvalho","twitter_card":"summary_large_image","twitter_misc":{"Escrito por":"Larissa Carvalho","Est. tempo de leitura":"3 minutos"},"schema":{"@context":"https:\/\/schema.org","@graph":[{"@type":"WebPage","@id":"https:\/\/www.correiobraziliense.com.br\/cbradar\/cuidados-ao-passear-com-pets-idosos-adaptacoes-e-atencao-especial\/","url":"https:\/\/www.correiobraziliense.com.br\/cbradar\/cuidados-ao-passear-com-pets-idosos-adaptacoes-e-atencao-especial\/","name":"Cuidados ao passear com pets idosos: adapta\u00e7\u00f5es e aten\u00e7\u00e3o especial","isPartOf":{"@id":"https:\/\/www.correiobraziliense.com.br\/cbradar\/#website"},"primaryImageOfPage":{"@id":"https:\/\/www.correiobraziliense.com.br\/cbradar\/cuidados-ao-passear-com-pets-idosos-adaptacoes-e-atencao-especial\/#primaryimage"},"image":{"@id":"https:\/\/www.correiobraziliense.com.br\/cbradar\/cuidados-ao-passear-com-pets-idosos-adaptacoes-e-atencao-especial\/#primaryimage"},"thumbnailUrl":"https:\/\/www.correiobraziliense.com.br\/cbradar\/wp-content\/uploads\/2025\/07\/passear-cachorro_1753544536510.jpg","datePublished":"2025-07-27T09:53:00+00:00","author":{"@id":"https:\/\/www.correiobraziliense.com.br\/cbradar\/#\/schema\/person\/58422787644df994b53a19d3e56c1513"},"description":"Descubra cuidados essenciais e adapta\u00e7\u00f5es para passear com pets idosos, garantindo conforto e sa\u00fade nas caminhadas di\u00e1rias.","breadcrumb":{"@id":"https:\/\/www.correiobraziliense.com.br\/cbradar\/cuidados-ao-passear-com-pets-idosos-adaptacoes-e-atencao-especial\/#breadcrumb"},"inLanguage":"pt-BR","potentialAction":[{"@type":"ReadAction","target":["https:\/\/www.correiobraziliense.com.br\/cbradar\/cuidados-ao-passear-com-pets-idosos-adaptacoes-e-atencao-especial\/"]}]},{"@type":"ImageObject","inLanguage":"pt-BR","@id":"https:\/\/www.correiobraziliense.com.br\/cbradar\/cuidados-ao-passear-com-pets-idosos-adaptacoes-e-atencao-especial\/#primaryimage","url":"https:\/\/www.correiobraziliense.com.br\/cbradar\/wp-content\/uploads\/2025\/07\/passear-cachorro_1753544536510.jpg","contentUrl":"https:\/\/www.correiobraziliense.com.br\/cbradar\/wp-content\/uploads\/2025\/07\/passear-cachorro_1753544536510.jpg","width":1280,"height":720,"caption":"passear cachorro. Cr\u00e9ditos: depositphotos.com \/ AndrewLozovyi"},{"@type":"BreadcrumbList","@id":"https:\/\/www.correiobraziliense.com.br\/cbradar\/cuidados-ao-passear-com-pets-idosos-adaptacoes-e-atencao-especial\/#breadcrumb","itemListElement":[{"@type":"ListItem","position":1,"name":"In\u00edcio","item":"https:\/\/www.correiobraziliense.com.br\/cbradar\/"},{"@type":"ListItem","position":2,"name":"Cuidados ao passear com pets idosos: adapta\u00e7\u00f5es e aten\u00e7\u00e3o especial"}]},{"@type":"WebSite","@id":"https:\/\/www.correiobraziliense.com.br\/cbradar\/#website","url":"https:\/\/www.correiobraziliense.com.br\/cbradar\/","name":"Correio Braziliense - Radar","description":"Acompanhe as \u00faltimas not\u00edcias e fique bem informado sobre tudo o que acontece no Brasil e no mundo.","potentialAction":[{"@type":"SearchAction","target":{"@type":"EntryPoint","urlTemplate":"https:\/\/www.correiobraziliense.com.br\/cbradar\/?s={search_term_string}"},"query-input":{"@type":"PropertyValueSpecification","valueRequired":true,"valueName":"search_term_string"}}],"inLanguage":"pt-BR"},{"@type":"Person","@id":"https:\/\/www.correiobraziliense.com.br\/cbradar\/#\/schema\/person\/58422787644df994b53a19d3e56c1513","name":"Larissa Carvalho","image":{"@type":"ImageObject","inLanguage":"pt-BR","@id":"https:\/\/www.correiobraziliense.com.br\/cbradar\/#\/schema\/person\/image\/","url":"https:\/\/secure.gravatar.com\/avatar\/fe4f91a0de32b52a838d0d612abdc1aa?s=96&d=mm&r=g","contentUrl":"https:\/\/secure.gravatar.com\/avatar\/fe4f91a0de32b52a838d0d612abdc1aa?s=96&d=mm&r=g","caption":"Larissa Carvalho"},"url":"https:\/\/www.correiobraziliense.com.br\/cbradar\/author\/larissamyth\/"}]}},"_links":{"self":[{"href":"https:\/\/www.correiobraziliense.com.br\/cbradar\/wp-json\/wp\/v2\/posts\/75553","targetHints":{"allow":["GET"]}}],"collection":[{"href":"https:\/\/www.correiobraziliense.com.br\/cbradar\/wp-json\/wp\/v2\/posts"}],"about":[{"href":"https:\/\/www.correiobraziliense.com.br\/cbradar\/wp-json\/wp\/v2\/types\/post"}],"author":[{"embeddable":true,"href":"https:\/\/www.correiobraziliense.com.br\/cbradar\/wp-json\/wp\/v2\/users\/3"}],"replies":[{"embeddable":true,"href":"https:\/\/www.correiobraziliense.com.br\/cbradar\/wp-json\/wp\/v2\/comments?post=75553"}],"version-history":[{"count":2,"href":"https:\/\/www.correiobraziliense.com.br\/cbradar\/wp-json\/wp\/v2\/posts\/75553\/revisions"}],"predecessor-version":[{"id":75557,"href":"https:\/\/www.correiobraziliense.com.br\/cbradar\/wp-json\/wp\/v2\/posts\/75553\/revisions\/75557"}],"wp:featuredmedia":[{"embeddable":true,"href":"https:\/\/www.correiobraziliense.com.br\/cbradar\/wp-json\/wp\/v2\/media\/75555"}],"wp:attachment":[{"href":"https:\/\/www.correiobraziliense.com.br\/cbradar\/wp-json\/wp\/v2\/media?parent=75553"}],"wp:term":[{"taxonomy":"category","embeddable":true,"href":"https:\/\/www.correiobraziliense.com.br\/cbradar\/wp-json\/wp\/v2\/categories?post=75553"},{"taxonomy":"post_tag","embeddable":true,"href":"https:\/\/www.correiobraziliense.com.br\/cbradar\/wp-json\/wp\/v2\/tags?post=75553"}],"curies":[{"name":"wp","href":"https:\/\/api.w.org\/{rel}","templated":true}]}}