{"id":7558,"date":"2025-03-02T18:50:00","date_gmt":"2025-03-02T21:50:00","guid":{"rendered":"https:\/\/www.correiobraziliense.com.br\/cbradar\/?p=7558"},"modified":"2025-03-01T13:19:42","modified_gmt":"2025-03-01T16:19:42","slug":"samsung-rebatiza-celulares-para-expandir-mercado","status":"publish","type":"post","link":"https:\/\/www.correiobraziliense.com.br\/cbradar\/samsung-rebatiza-celulares-para-expandir-mercado\/","title":{"rendered":"Samsung rebatiza celulares para expandir mercado"},"content":{"rendered":"\n<h2 class=\"wp-block-heading\">A <strong><a href=\"https:\/\/www.samsung.com\/br\/\" target=\"_blank\" rel=\"noreferrer noopener\">Samsung<\/a><\/strong>, gigante sul-coreana no <a href=\"https:\/\/www.correiobraziliense.com.br\/cbradar\/veja-o-novo-monitor-curvo-e-barato-lancado-pela-samsung\/\" target=\"_blank\" rel=\"noreferrer noopener\">setor de tecnologia<\/a>, est\u00e1 adotando uma estrat\u00e9gia j\u00e1 conhecida no mercado, especialmente pela Xiaomi: relan\u00e7ar dispositivos com nomes diferentes em mercados distintos. Recentemente, a empresa anunciou os modelos <strong>Galaxy M06 5G e Galaxy M16 5G, <\/strong>que compartilham as mesmas especifica\u00e7\u00f5es dos j\u00e1 conhecidos<strong> Galaxy F06 5G<\/strong> e<strong> Galaxy A16 5G<\/strong>, respectivamente.<\/h2>\n\n\n\n<p>Essa abordagem visa adaptar-se a diferentes mercados, oferecendo essencialmente o mesmo produto, mas com uma identidade ajustada para atender a prefer\u00eancias locais. A pr\u00e1tica n\u00e3o \u00e9 nova, mas reflete uma tend\u00eancia crescente entre fabricantes de tecnologia que buscam maximizar o alcance de seus produtos sem a necessidade de desenvolver novos dispositivos do zero.<\/p>\n\n\n\n<h2 class=\"wp-block-heading\"><strong>Quais s\u00e3o as especifica\u00e7\u00f5es do Galaxy M06 5G?<\/strong><\/h2>\n\n\n\n<p>O<strong> Galaxy M06 5G<\/strong> \u00e9, na verdade, uma vers\u00e3o renomeada do<strong> Galaxy F06 5G<\/strong>, inicialmente lan\u00e7ado para o mercado indiano. Equipado com o processador Mediatek Dimensity 6300, o dispositivo oferece op\u00e7\u00f5es de armazenamento de 128 GB, com variantes de<strong> 4 GB ou 6 GB<\/strong> de RAM. Al\u00e9m disso, o aparelho chega com o sistema operacional Android 15, prometendo atualiza\u00e7\u00f5es at\u00e9 o Android 19, gra\u00e7as \u00e0 interface One UI 7 Core.<\/p>\n\n\n\n<figure class=\"wp-block-image size-large\"><img decoding=\"async\" width=\"1024\" height=\"576\" src=\"https:\/\/www.correiobraziliense.com.br\/cbradar\/wp-content\/uploads\/2025\/02\/Samsung_1740755914880-1024x576.jpg\" alt=\"Samsung rebatiza celulares para expandir mercado\" class=\"wp-image-7560\" srcset=\"https:\/\/www.correiobraziliense.com.br\/cbradar\/wp-content\/uploads\/2025\/02\/Samsung_1740755914880-1024x576.jpg 1024w, https:\/\/www.correiobraziliense.com.br\/cbradar\/wp-content\/uploads\/2025\/02\/Samsung_1740755914880-300x169.jpg 300w, https:\/\/www.correiobraziliense.com.br\/cbradar\/wp-content\/uploads\/2025\/02\/Samsung_1740755914880-768x432.jpg 768w, https:\/\/www.correiobraziliense.com.br\/cbradar\/wp-content\/uploads\/2025\/02\/Samsung_1740755914880-750x422.jpg 750w, https:\/\/www.correiobraziliense.com.br\/cbradar\/wp-content\/uploads\/2025\/02\/Samsung_1740755914880-1140x641.jpg 1140w, https:\/\/www.correiobraziliense.com.br\/cbradar\/wp-content\/uploads\/2025\/02\/Samsung_1740755914880.jpg 1280w\" sizes=\"(max-width: 1024px) 100vw, 1024px\" \/><figcaption class=\"wp-element-caption\">Samsung. Cr\u00e9ditos: depositphotos.com \/ tomeqs<\/figcaption><\/figure>\n\n\n\n<p>Em termos de design, o M06 5G apresenta novas op\u00e7\u00f5es de cores, como o verde (Sage Green) e o preto (Blazing Black), diferenciando-se visualmente de suas vers\u00f5es anteriores. Essa mudan\u00e7a de cores \u00e9 uma estrat\u00e9gia comum para revitalizar o interesse do consumidor em um produto j\u00e1 existente.<\/p>\n\n\n\n<h2 class=\"wp-block-heading\"><strong>O que diferencia o Galaxy M16 5G do Galaxy A16 5G?<\/strong><\/h2>\n\n\n\n<p>O<strong> Galaxy M16 5G<\/strong> \u00e9 essencialmente uma vers\u00e3o renomeada do <strong>Galaxy A16 5G,<\/strong> mas com algumas diferen\u00e7as significativas. Enquanto a vers\u00e3o indiana do <strong>A16 5G<\/strong> utiliza o chipset Dimensity 6300, a vers\u00e3o brasileira \u00e9 equipada com o Exynos 1330. No entanto, ambos os modelos compartilham uma tela Super AMOLED de 6,7 polegadas, com taxa de atualiza\u00e7\u00e3o de 90 Hz e resolu\u00e7\u00e3o de 1080 x 2340 pixels.<\/p>\n\n\n\n<p>Visualmente, o M16 5G apresenta um design atualizado, com um m\u00f3dulo de c\u00e2meras em formato de &#8220;p\u00edlula&#8221;, abrigando tr\u00eas c\u00e2meras, ao contr\u00e1rio das c\u00e2meras &#8220;soltas&#8221; vistas em modelos anteriores. Essa mudan\u00e7a n\u00e3o afeta as especifica\u00e7\u00f5es t\u00e9cnicas, que permanecem inalteradas.<\/p>\n\n\n\n<h2 class=\"wp-block-heading\"><strong>Disponibilidade e pre\u00e7os dos novos modelos<\/strong><\/h2>\n\n\n\n<p>Atualmente, os modelos <strong>Galaxy M06 5G e M16 5G<\/strong> est\u00e3o dispon\u00edveis no mercado indiano, sem previs\u00e3o de lan\u00e7amento no <strong>Brasil. <\/strong>O pre\u00e7o inicial do <strong>Galaxy M06 5G<\/strong> \u00e9 de 9.499 r\u00fapias indianas, aproximadamente R$ 633 em convers\u00e3o direta. J\u00e1 o<strong> Galaxy M16 5G<\/strong> tem um pre\u00e7o inicial de 11.499 r\u00fapias, cerca de R$ 767. As op\u00e7\u00f5es de cores incluem Blush Pink (rosa), Mint Green (verde) e Thunder Black (preto).<\/p>\n\n\n\n<p>Essa estrat\u00e9gia de renomea\u00e7\u00e3o permite \u00e0 <strong>Samsung <\/strong>otimizar seus recursos e expandir sua presen\u00e7a global, adaptando-se \u00e0s necessidades e prefer\u00eancias de diferentes mercados sem a necessidade de desenvolver novos produtos do zero. A pr\u00e1tica, j\u00e1 utilizada por outras empresas, mostra-se eficaz na manuten\u00e7\u00e3o da relev\u00e2ncia e competitividade no setor de tecnologia m\u00f3vel.<\/p>\n","protected":false},"excerpt":{"rendered":"<p>Entenda a estrat\u00e9gia da Samsung de renomea\u00e7\u00e3o de seus celulares para diferentes mercados e as especifica\u00e7\u00f5es dos modelos Galaxy M06 e M16 5G.<\/p>\n","protected":false},"author":3,"featured_media":7559,"comment_status":"open","ping_status":"open","sticky":false,"template":"","format":"standard","meta":{"_yoast_wpseo_focuskw":"Samsung celulares","_yoast_wpseo_title":"%%title%%","_yoast_wpseo_metadesc":"Entenda a estrat\u00e9gia da Samsung de renomea\u00e7\u00e3o de seus celulares para diferentes mercados e as especifica\u00e7\u00f5es dos modelos Galaxy M06 e M16 5G.","jnews-multi-image_gallery":[],"jnews_single_post":{"format":"standard"},"jnews_primary_category":[],"jnews_social_meta":[],"jnews_override_counter":[],"footnotes":""},"categories":[115],"post_tag":[238,156,114],"class_list":["post-7558","post","type-post","status-publish","format-standard","has-post-thumbnail","hentry","category-tecnologia","tag-celulares","tag-samsung","tag-tecnologia"],"yoast_head":"<!-- This site is optimized with the Yoast SEO plugin v24.6 - https:\/\/yoast.com\/wordpress\/plugins\/seo\/ -->\n<title>Samsung rebatiza celulares para expandir mercado<\/title>\n<meta name=\"description\" content=\"Entenda a estrat\u00e9gia da Samsung de renomea\u00e7\u00e3o de seus celulares para diferentes mercados e as especifica\u00e7\u00f5es dos modelos Galaxy M06 e M16 5G.\" \/>\n<meta name=\"robots\" content=\"index, follow, max-snippet:-1, max-image-preview:large, max-video-preview:-1\" \/>\n<link rel=\"canonical\" href=\"https:\/\/www.correiobraziliense.com.br\/cbradar\/samsung-rebatiza-celulares-para-expandir-mercado\/\" \/>\n<meta property=\"og:locale\" content=\"pt_BR\" \/>\n<meta property=\"og:type\" content=\"article\" \/>\n<meta property=\"og:title\" content=\"Samsung rebatiza celulares para expandir mercado\" \/>\n<meta property=\"og:description\" content=\"Entenda a estrat\u00e9gia da Samsung de renomea\u00e7\u00e3o de seus celulares para diferentes mercados e as especifica\u00e7\u00f5es dos modelos Galaxy M06 e M16 5G.\" \/>\n<meta property=\"og:url\" content=\"https:\/\/www.correiobraziliense.com.br\/cbradar\/samsung-rebatiza-celulares-para-expandir-mercado\/\" \/>\n<meta property=\"og:site_name\" content=\"Correio Braziliense - Radar\" \/>\n<meta property=\"article:published_time\" content=\"2025-03-02T21:50:00+00:00\" \/>\n<meta property=\"og:image\" content=\"https:\/\/www.correiobraziliense.com.br\/cbradar\/wp-content\/uploads\/2025\/02\/Samsung_1740755873273.jpg\" \/>\n\t<meta property=\"og:image:width\" content=\"1280\" \/>\n\t<meta property=\"og:image:height\" content=\"720\" \/>\n\t<meta property=\"og:image:type\" content=\"image\/jpeg\" \/>\n<meta name=\"author\" content=\"Larissa Carvalho\" \/>\n<meta name=\"twitter:card\" content=\"summary_large_image\" \/>\n<meta name=\"twitter:label1\" content=\"Escrito por\" \/>\n\t<meta name=\"twitter:data1\" content=\"Larissa Carvalho\" \/>\n\t<meta name=\"twitter:label2\" content=\"Est. tempo de leitura\" \/>\n\t<meta name=\"twitter:data2\" content=\"4 minutos\" \/>\n<!-- \/ Yoast SEO plugin. -->","yoast_head_json":{"title":"Samsung rebatiza celulares para expandir mercado","description":"Entenda a estrat\u00e9gia da Samsung de renomea\u00e7\u00e3o de seus celulares para diferentes mercados e as especifica\u00e7\u00f5es dos modelos Galaxy M06 e M16 5G.","robots":{"index":"index","follow":"follow","max-snippet":"max-snippet:-1","max-image-preview":"max-image-preview:large","max-video-preview":"max-video-preview:-1"},"canonical":"https:\/\/www.correiobraziliense.com.br\/cbradar\/samsung-rebatiza-celulares-para-expandir-mercado\/","og_locale":"pt_BR","og_type":"article","og_title":"Samsung rebatiza celulares para expandir mercado","og_description":"Entenda a estrat\u00e9gia da Samsung de renomea\u00e7\u00e3o de seus celulares para diferentes mercados e as especifica\u00e7\u00f5es dos modelos Galaxy M06 e M16 5G.","og_url":"https:\/\/www.correiobraziliense.com.br\/cbradar\/samsung-rebatiza-celulares-para-expandir-mercado\/","og_site_name":"Correio Braziliense - Radar","article_published_time":"2025-03-02T21:50:00+00:00","og_image":[{"width":1280,"height":720,"url":"https:\/\/www.correiobraziliense.com.br\/cbradar\/wp-content\/uploads\/2025\/02\/Samsung_1740755873273.jpg","type":"image\/jpeg"}],"author":"Larissa Carvalho","twitter_card":"summary_large_image","twitter_misc":{"Escrito por":"Larissa Carvalho","Est. tempo de leitura":"4 minutos"},"schema":{"@context":"https:\/\/schema.org","@graph":[{"@type":"WebPage","@id":"https:\/\/www.correiobraziliense.com.br\/cbradar\/samsung-rebatiza-celulares-para-expandir-mercado\/","url":"https:\/\/www.correiobraziliense.com.br\/cbradar\/samsung-rebatiza-celulares-para-expandir-mercado\/","name":"Samsung rebatiza celulares para expandir mercado","isPartOf":{"@id":"https:\/\/www.correiobraziliense.com.br\/cbradar\/#website"},"primaryImageOfPage":{"@id":"https:\/\/www.correiobraziliense.com.br\/cbradar\/samsung-rebatiza-celulares-para-expandir-mercado\/#primaryimage"},"image":{"@id":"https:\/\/www.correiobraziliense.com.br\/cbradar\/samsung-rebatiza-celulares-para-expandir-mercado\/#primaryimage"},"thumbnailUrl":"https:\/\/www.correiobraziliense.com.br\/cbradar\/wp-content\/uploads\/2025\/02\/Samsung_1740755873273.jpg","datePublished":"2025-03-02T21:50:00+00:00","author":{"@id":"https:\/\/www.correiobraziliense.com.br\/cbradar\/#\/schema\/person\/58422787644df994b53a19d3e56c1513"},"description":"Entenda a estrat\u00e9gia da Samsung de renomea\u00e7\u00e3o de seus celulares para diferentes mercados e as especifica\u00e7\u00f5es dos modelos Galaxy M06 e M16 5G.","breadcrumb":{"@id":"https:\/\/www.correiobraziliense.com.br\/cbradar\/samsung-rebatiza-celulares-para-expandir-mercado\/#breadcrumb"},"inLanguage":"pt-BR","potentialAction":[{"@type":"ReadAction","target":["https:\/\/www.correiobraziliense.com.br\/cbradar\/samsung-rebatiza-celulares-para-expandir-mercado\/"]}]},{"@type":"ImageObject","inLanguage":"pt-BR","@id":"https:\/\/www.correiobraziliense.com.br\/cbradar\/samsung-rebatiza-celulares-para-expandir-mercado\/#primaryimage","url":"https:\/\/www.correiobraziliense.com.br\/cbradar\/wp-content\/uploads\/2025\/02\/Samsung_1740755873273.jpg","contentUrl":"https:\/\/www.correiobraziliense.com.br\/cbradar\/wp-content\/uploads\/2025\/02\/Samsung_1740755873273.jpg","width":1280,"height":720,"caption":"Samsung. Cr\u00e9ditos: depositphotos.com \/ Mykola"},{"@type":"BreadcrumbList","@id":"https:\/\/www.correiobraziliense.com.br\/cbradar\/samsung-rebatiza-celulares-para-expandir-mercado\/#breadcrumb","itemListElement":[{"@type":"ListItem","position":1,"name":"In\u00edcio","item":"https:\/\/www.correiobraziliense.com.br\/cbradar\/"},{"@type":"ListItem","position":2,"name":"Samsung rebatiza celulares para expandir mercado"}]},{"@type":"WebSite","@id":"https:\/\/www.correiobraziliense.com.br\/cbradar\/#website","url":"https:\/\/www.correiobraziliense.com.br\/cbradar\/","name":"Correio Braziliense - Radar","description":"Acompanhe as \u00faltimas not\u00edcias e fique bem informado sobre tudo o que acontece no Brasil e no mundo.","potentialAction":[{"@type":"SearchAction","target":{"@type":"EntryPoint","urlTemplate":"https:\/\/www.correiobraziliense.com.br\/cbradar\/?s={search_term_string}"},"query-input":{"@type":"PropertyValueSpecification","valueRequired":true,"valueName":"search_term_string"}}],"inLanguage":"pt-BR"},{"@type":"Person","@id":"https:\/\/www.correiobraziliense.com.br\/cbradar\/#\/schema\/person\/58422787644df994b53a19d3e56c1513","name":"Larissa Carvalho","image":{"@type":"ImageObject","inLanguage":"pt-BR","@id":"https:\/\/www.correiobraziliense.com.br\/cbradar\/#\/schema\/person\/image\/","url":"https:\/\/secure.gravatar.com\/avatar\/fe4f91a0de32b52a838d0d612abdc1aa?s=96&d=mm&r=g","contentUrl":"https:\/\/secure.gravatar.com\/avatar\/fe4f91a0de32b52a838d0d612abdc1aa?s=96&d=mm&r=g","caption":"Larissa Carvalho"},"url":"https:\/\/www.correiobraziliense.com.br\/cbradar\/author\/larissamyth\/"}]}},"_links":{"self":[{"href":"https:\/\/www.correiobraziliense.com.br\/cbradar\/wp-json\/wp\/v2\/posts\/7558","targetHints":{"allow":["GET"]}}],"collection":[{"href":"https:\/\/www.correiobraziliense.com.br\/cbradar\/wp-json\/wp\/v2\/posts"}],"about":[{"href":"https:\/\/www.correiobraziliense.com.br\/cbradar\/wp-json\/wp\/v2\/types\/post"}],"author":[{"embeddable":true,"href":"https:\/\/www.correiobraziliense.com.br\/cbradar\/wp-json\/wp\/v2\/users\/3"}],"replies":[{"embeddable":true,"href":"https:\/\/www.correiobraziliense.com.br\/cbradar\/wp-json\/wp\/v2\/comments?post=7558"}],"version-history":[{"count":2,"href":"https:\/\/www.correiobraziliense.com.br\/cbradar\/wp-json\/wp\/v2\/posts\/7558\/revisions"}],"predecessor-version":[{"id":8018,"href":"https:\/\/www.correiobraziliense.com.br\/cbradar\/wp-json\/wp\/v2\/posts\/7558\/revisions\/8018"}],"wp:featuredmedia":[{"embeddable":true,"href":"https:\/\/www.correiobraziliense.com.br\/cbradar\/wp-json\/wp\/v2\/media\/7559"}],"wp:attachment":[{"href":"https:\/\/www.correiobraziliense.com.br\/cbradar\/wp-json\/wp\/v2\/media?parent=7558"}],"wp:term":[{"taxonomy":"category","embeddable":true,"href":"https:\/\/www.correiobraziliense.com.br\/cbradar\/wp-json\/wp\/v2\/categories?post=7558"},{"taxonomy":"post_tag","embeddable":true,"href":"https:\/\/www.correiobraziliense.com.br\/cbradar\/wp-json\/wp\/v2\/post_tag?post=7558"}],"curies":[{"name":"wp","href":"https:\/\/api.w.org\/{rel}","templated":true}]}}