{"id":7563,"date":"2025-03-01T08:23:00","date_gmt":"2025-03-01T11:23:00","guid":{"rendered":"https:\/\/www.correiobraziliense.com.br\/cbradar\/?p=7563"},"modified":"2025-02-28T17:33:04","modified_gmt":"2025-02-28T20:33:04","slug":"navio-da-byd-chega-ao-brasil-com-mais-de-5-mil-carros-veja-novidades","status":"publish","type":"post","link":"https:\/\/www.correiobraziliense.com.br\/cbradar\/navio-da-byd-chega-ao-brasil-com-mais-de-5-mil-carros-veja-novidades\/","title":{"rendered":"Navio da BYD chega ao Brasil com mais de 5 mil carros, veja novidades"},"content":{"rendered":"\n<p>Em um movimento estrat\u00e9gico para atender \u00e0 crescente demanda por ve\u00edculos el\u00e9tricos e h\u00edbridos no&nbsp;<strong>Brasil<\/strong>, a&nbsp;<strong><a href=\"https:\/\/www.byd.com\/br\" target=\"_blank\" rel=\"noreferrer noopener\">BYD<\/a>&nbsp;<\/strong>trouxe novamente ao pa\u00eds o navio cargueiro&nbsp;<strong>Explorer<\/strong>. A embarca\u00e7\u00e3o atracou no&nbsp;<strong>Portocel<\/strong>, em&nbsp;<strong>Aracruz<\/strong>,&nbsp;<strong>Esp\u00edrito Santo<\/strong>, trazendo consigo 5.524 ve\u00edculos das linhas&nbsp;<strong>Dolphin<\/strong>,&nbsp;<strong>Song&nbsp;<\/strong>e&nbsp;<strong>Yuan<\/strong>. Este evento marca um passo significativo na expans\u00e3o da presen\u00e7a da BYD no mercado brasileiro.<\/p>\n\n\n\n<p>A chegada do BYD Explorer \u00e9 uma resposta direta \u00e0 necessidade de abastecer o mercado local at\u00e9 que a nova f\u00e1brica da empresa em Cama\u00e7ari, Bahia, esteja operacional. Este complexo industrial, que ser\u00e1 o maior da BYD fora da China, est\u00e1 projetado para produzir inicialmente 150 mil ve\u00edculos por ano, com potencial de expans\u00e3o para 300 mil unidades anuais em uma segunda fase.<\/p>\n\n\n\n<h2 class=\"wp-block-heading\"><strong>Por que a BYD escolheu o Brasil para expandir suas opera\u00e7\u00f5es?<\/strong><\/h2>\n\n\n\n<p>O Brasil representa um mercado estrat\u00e9gico para a BYD devido ao seu tamanho e potencial de crescimento no setor de ve\u00edculos el\u00e9tricos. A crescente conscientiza\u00e7\u00e3o ambiental e os incentivos governamentais para a ado\u00e7\u00e3o de tecnologias mais limpas t\u00eam impulsionado a demanda por ve\u00edculos el\u00e9tricos no pa\u00eds. Al\u00e9m disso, a localiza\u00e7\u00e3o geogr\u00e1fica do Brasil permite \u00e0 BYD atender n\u00e3o apenas o mercado local, mas tamb\u00e9m outros pa\u00edses da Am\u00e9rica Latina.<\/p>\n\n\n\n<figure class=\"wp-block-image size-large\"><img decoding=\"async\" width=\"1024\" height=\"576\" src=\"https:\/\/www.correiobraziliense.com.br\/cbradar\/wp-content\/uploads\/2025\/02\/BYD-2-1024x576.png\" alt=\"Navio da BYD chega ao Brasil com mais de 5 mil carros, veja novidades\" class=\"wp-image-7565\" srcset=\"https:\/\/www.correiobraziliense.com.br\/cbradar\/wp-content\/uploads\/2025\/02\/BYD-2-1024x576.png 1024w, https:\/\/www.correiobraziliense.com.br\/cbradar\/wp-content\/uploads\/2025\/02\/BYD-2-300x169.png 300w, https:\/\/www.correiobraziliense.com.br\/cbradar\/wp-content\/uploads\/2025\/02\/BYD-2-768x432.png 768w, https:\/\/www.correiobraziliense.com.br\/cbradar\/wp-content\/uploads\/2025\/02\/BYD-2-750x422.png 750w, https:\/\/www.correiobraziliense.com.br\/cbradar\/wp-content\/uploads\/2025\/02\/BYD-2-1140x641.png 1140w, https:\/\/www.correiobraziliense.com.br\/cbradar\/wp-content\/uploads\/2025\/02\/BYD-2.png 1280w\" sizes=\"(max-width: 1024px) 100vw, 1024px\" \/><figcaption class=\"wp-element-caption\">BYD. Fonte: divulga\u00e7\u00e3o \/ BYD<\/figcaption><\/figure>\n\n\n\n<h2 class=\"wp-block-heading\"><strong>Quais s\u00e3o os modelos de ve\u00edculos trazidos pelo BYD Explorer?<\/strong><\/h2>\n\n\n\n<p>O navio cargueiro trouxe tr\u00eas modelos principais: Dolphin, Song e Yuan. Cada um desses modelos atende a diferentes segmentos do mercado. O&nbsp;<strong>Dolphin<\/strong>&nbsp;\u00e9 um compacto el\u00e9trico ideal para o uso urbano, oferecendo efici\u00eancia e praticidade. O&nbsp;<strong>Song<\/strong>&nbsp;\u00e9 um SUV h\u00edbrido que combina desempenho com economia de combust\u00edvel, enquanto o&nbsp;<strong>Yuan<\/strong>&nbsp;\u00e9 um crossover que se destaca pela versatilidade e design moderno.<\/p>\n\n\n\n<h2 class=\"wp-block-heading\"><strong>Qual \u00e9 o futuro da BYD no Brasil?<\/strong><\/h2>\n\n\n\n<p>Com a inaugura\u00e7\u00e3o da f\u00e1brica em Cama\u00e7ari, a BYD est\u00e1 posicionada para se tornar um dos principais players no mercado automotivo brasileiro. A capacidade de produ\u00e7\u00e3o local permitir\u00e1 \u00e0 empresa reduzir custos e oferecer pre\u00e7os mais competitivos, al\u00e9m de adaptar seus ve\u00edculos \u00e0s necessidades espec\u00edficas dos consumidores brasileiros. A expectativa \u00e9 que a f\u00e1brica comece a operar em breve, consolidando a presen\u00e7a da BYD no Brasil e contribuindo para a transi\u00e7\u00e3o do pa\u00eds para uma mobilidade mais sustent\u00e1vel.<\/p>\n\n\n\n<h2 class=\"wp-block-heading\"><strong>Como a chegada do BYD Explorer impacta o mercado de ve\u00edculos el\u00e9tricos no Brasil?<\/strong><\/h2>\n\n\n\n<p>A chegada do BYD Explorer com milhares de ve\u00edculos el\u00e9tricos e h\u00edbridos \u00e9 um marco para o mercado brasileiro. Este movimento n\u00e3o apenas atende \u00e0 demanda imediata, mas tamb\u00e9m sinaliza o compromisso da BYD com o desenvolvimento sustent\u00e1vel e a inova\u00e7\u00e3o tecnol\u00f3gica. \u00c0 medida que mais consumidores brasileiros optam por ve\u00edculos el\u00e9tricos, a presen\u00e7a da BYD no pa\u00eds pode acelerar a ado\u00e7\u00e3o dessas tecnologias, impulsionando o crescimento do setor e promovendo um futuro mais verde.<\/p>\n","protected":false},"excerpt":{"rendered":"<p>A chegada do navio Explorer da BYD ao Brasil traz milhares de ve\u00edculos el\u00e9tricos e h\u00edbridos, marcando um passo importante.<\/p>\n","protected":false},"author":3,"featured_media":7564,"comment_status":"open","ping_status":"open","sticky":false,"template":"","format":"standard","meta":{"_yoast_wpseo_focuskw":"BYD 5 mil carros","_yoast_wpseo_title":"%%title%%","_yoast_wpseo_metadesc":"A chegada do navio Explorer da BYD ao Brasil traz milhares de ve\u00edculos el\u00e9tricos e h\u00edbridos, marcando um passo importante.","jnews-multi-image_gallery":[],"jnews_single_post":{"format":"standard"},"jnews_primary_category":[],"jnews_social_meta":[],"jnews_override_counter":[],"footnotes":""},"categories":[122],"post_tag":[134],"class_list":["post-7563","post","type-post","status-publish","format-standard","has-post-thumbnail","hentry","category-automobilismo","tag-byd"],"yoast_head":"<!-- This site is optimized with the Yoast SEO plugin v24.6 - https:\/\/yoast.com\/wordpress\/plugins\/seo\/ -->\n<title>Navio da BYD chega ao Brasil com mais de 5 mil carros, veja novidades<\/title>\n<meta name=\"description\" content=\"A chegada do navio Explorer da BYD ao Brasil traz milhares de ve\u00edculos el\u00e9tricos e h\u00edbridos, marcando um passo importante.\" \/>\n<meta name=\"robots\" content=\"index, follow, max-snippet:-1, max-image-preview:large, max-video-preview:-1\" \/>\n<link rel=\"canonical\" href=\"https:\/\/www.correiobraziliense.com.br\/cbradar\/navio-da-byd-chega-ao-brasil-com-mais-de-5-mil-carros-veja-novidades\/\" \/>\n<meta property=\"og:locale\" content=\"pt_BR\" \/>\n<meta property=\"og:type\" content=\"article\" \/>\n<meta property=\"og:title\" content=\"Navio da BYD chega ao Brasil com mais de 5 mil carros, veja novidades\" \/>\n<meta property=\"og:description\" content=\"A chegada do navio Explorer da BYD ao Brasil traz milhares de ve\u00edculos el\u00e9tricos e h\u00edbridos, marcando um passo importante.\" \/>\n<meta property=\"og:url\" content=\"https:\/\/www.correiobraziliense.com.br\/cbradar\/navio-da-byd-chega-ao-brasil-com-mais-de-5-mil-carros-veja-novidades\/\" \/>\n<meta property=\"og:site_name\" content=\"Correio Braziliense - Radar\" \/>\n<meta property=\"article:published_time\" content=\"2025-03-01T11:23:00+00:00\" \/>\n<meta property=\"og:image\" content=\"https:\/\/www.correiobraziliense.com.br\/cbradar\/wp-content\/uploads\/2025\/02\/BYD-1.png\" \/>\n\t<meta property=\"og:image:width\" content=\"1280\" \/>\n\t<meta property=\"og:image:height\" content=\"720\" \/>\n\t<meta property=\"og:image:type\" content=\"image\/png\" \/>\n<meta name=\"author\" content=\"Larissa Carvalho\" \/>\n<meta name=\"twitter:card\" content=\"summary_large_image\" \/>\n<meta name=\"twitter:label1\" content=\"Escrito por\" \/>\n\t<meta name=\"twitter:data1\" content=\"Larissa Carvalho\" \/>\n\t<meta name=\"twitter:label2\" content=\"Est. tempo de leitura\" \/>\n\t<meta name=\"twitter:data2\" content=\"3 minutos\" \/>\n<!-- \/ Yoast SEO plugin. -->","yoast_head_json":{"title":"Navio da BYD chega ao Brasil com mais de 5 mil carros, veja novidades","description":"A chegada do navio Explorer da BYD ao Brasil traz milhares de ve\u00edculos el\u00e9tricos e h\u00edbridos, marcando um passo importante.","robots":{"index":"index","follow":"follow","max-snippet":"max-snippet:-1","max-image-preview":"max-image-preview:large","max-video-preview":"max-video-preview:-1"},"canonical":"https:\/\/www.correiobraziliense.com.br\/cbradar\/navio-da-byd-chega-ao-brasil-com-mais-de-5-mil-carros-veja-novidades\/","og_locale":"pt_BR","og_type":"article","og_title":"Navio da BYD chega ao Brasil com mais de 5 mil carros, veja novidades","og_description":"A chegada do navio Explorer da BYD ao Brasil traz milhares de ve\u00edculos el\u00e9tricos e h\u00edbridos, marcando um passo importante.","og_url":"https:\/\/www.correiobraziliense.com.br\/cbradar\/navio-da-byd-chega-ao-brasil-com-mais-de-5-mil-carros-veja-novidades\/","og_site_name":"Correio Braziliense - Radar","article_published_time":"2025-03-01T11:23:00+00:00","og_image":[{"width":1280,"height":720,"url":"https:\/\/www.correiobraziliense.com.br\/cbradar\/wp-content\/uploads\/2025\/02\/BYD-1.png","type":"image\/png"}],"author":"Larissa Carvalho","twitter_card":"summary_large_image","twitter_misc":{"Escrito por":"Larissa Carvalho","Est. tempo de leitura":"3 minutos"},"schema":{"@context":"https:\/\/schema.org","@graph":[{"@type":"WebPage","@id":"https:\/\/www.correiobraziliense.com.br\/cbradar\/navio-da-byd-chega-ao-brasil-com-mais-de-5-mil-carros-veja-novidades\/","url":"https:\/\/www.correiobraziliense.com.br\/cbradar\/navio-da-byd-chega-ao-brasil-com-mais-de-5-mil-carros-veja-novidades\/","name":"Navio da BYD chega ao Brasil com mais de 5 mil carros, veja novidades","isPartOf":{"@id":"https:\/\/www.correiobraziliense.com.br\/cbradar\/#website"},"primaryImageOfPage":{"@id":"https:\/\/www.correiobraziliense.com.br\/cbradar\/navio-da-byd-chega-ao-brasil-com-mais-de-5-mil-carros-veja-novidades\/#primaryimage"},"image":{"@id":"https:\/\/www.correiobraziliense.com.br\/cbradar\/navio-da-byd-chega-ao-brasil-com-mais-de-5-mil-carros-veja-novidades\/#primaryimage"},"thumbnailUrl":"https:\/\/www.correiobraziliense.com.br\/cbradar\/wp-content\/uploads\/2025\/02\/BYD-1.png","datePublished":"2025-03-01T11:23:00+00:00","author":{"@id":"https:\/\/www.correiobraziliense.com.br\/cbradar\/#\/schema\/person\/58422787644df994b53a19d3e56c1513"},"description":"A chegada do navio Explorer da BYD ao Brasil traz milhares de ve\u00edculos el\u00e9tricos e h\u00edbridos, marcando um passo importante.","breadcrumb":{"@id":"https:\/\/www.correiobraziliense.com.br\/cbradar\/navio-da-byd-chega-ao-brasil-com-mais-de-5-mil-carros-veja-novidades\/#breadcrumb"},"inLanguage":"pt-BR","potentialAction":[{"@type":"ReadAction","target":["https:\/\/www.correiobraziliense.com.br\/cbradar\/navio-da-byd-chega-ao-brasil-com-mais-de-5-mil-carros-veja-novidades\/"]}]},{"@type":"ImageObject","inLanguage":"pt-BR","@id":"https:\/\/www.correiobraziliense.com.br\/cbradar\/navio-da-byd-chega-ao-brasil-com-mais-de-5-mil-carros-veja-novidades\/#primaryimage","url":"https:\/\/www.correiobraziliense.com.br\/cbradar\/wp-content\/uploads\/2025\/02\/BYD-1.png","contentUrl":"https:\/\/www.correiobraziliense.com.br\/cbradar\/wp-content\/uploads\/2025\/02\/BYD-1.png","width":1280,"height":720,"caption":"BYD. Fonte: divulga\u00e7\u00e3o \/ BYD"},{"@type":"BreadcrumbList","@id":"https:\/\/www.correiobraziliense.com.br\/cbradar\/navio-da-byd-chega-ao-brasil-com-mais-de-5-mil-carros-veja-novidades\/#breadcrumb","itemListElement":[{"@type":"ListItem","position":1,"name":"In\u00edcio","item":"https:\/\/www.correiobraziliense.com.br\/cbradar\/"},{"@type":"ListItem","position":2,"name":"Navio da BYD chega ao Brasil com mais de 5 mil carros, veja novidades"}]},{"@type":"WebSite","@id":"https:\/\/www.correiobraziliense.com.br\/cbradar\/#website","url":"https:\/\/www.correiobraziliense.com.br\/cbradar\/","name":"Correio Braziliense - Radar","description":"Acompanhe as \u00faltimas not\u00edcias e fique bem informado sobre tudo o que acontece no Brasil e no mundo.","potentialAction":[{"@type":"SearchAction","target":{"@type":"EntryPoint","urlTemplate":"https:\/\/www.correiobraziliense.com.br\/cbradar\/?s={search_term_string}"},"query-input":{"@type":"PropertyValueSpecification","valueRequired":true,"valueName":"search_term_string"}}],"inLanguage":"pt-BR"},{"@type":"Person","@id":"https:\/\/www.correiobraziliense.com.br\/cbradar\/#\/schema\/person\/58422787644df994b53a19d3e56c1513","name":"Larissa Carvalho","image":{"@type":"ImageObject","inLanguage":"pt-BR","@id":"https:\/\/www.correiobraziliense.com.br\/cbradar\/#\/schema\/person\/image\/","url":"https:\/\/secure.gravatar.com\/avatar\/fe4f91a0de32b52a838d0d612abdc1aa?s=96&d=mm&r=g","contentUrl":"https:\/\/secure.gravatar.com\/avatar\/fe4f91a0de32b52a838d0d612abdc1aa?s=96&d=mm&r=g","caption":"Larissa Carvalho"},"url":"https:\/\/www.correiobraziliense.com.br\/cbradar\/author\/larissamyth\/"}]}},"_links":{"self":[{"href":"https:\/\/www.correiobraziliense.com.br\/cbradar\/wp-json\/wp\/v2\/posts\/7563","targetHints":{"allow":["GET"]}}],"collection":[{"href":"https:\/\/www.correiobraziliense.com.br\/cbradar\/wp-json\/wp\/v2\/posts"}],"about":[{"href":"https:\/\/www.correiobraziliense.com.br\/cbradar\/wp-json\/wp\/v2\/types\/post"}],"author":[{"embeddable":true,"href":"https:\/\/www.correiobraziliense.com.br\/cbradar\/wp-json\/wp\/v2\/users\/3"}],"replies":[{"embeddable":true,"href":"https:\/\/www.correiobraziliense.com.br\/cbradar\/wp-json\/wp\/v2\/comments?post=7563"}],"version-history":[{"count":1,"href":"https:\/\/www.correiobraziliense.com.br\/cbradar\/wp-json\/wp\/v2\/posts\/7563\/revisions"}],"predecessor-version":[{"id":7566,"href":"https:\/\/www.correiobraziliense.com.br\/cbradar\/wp-json\/wp\/v2\/posts\/7563\/revisions\/7566"}],"wp:featuredmedia":[{"embeddable":true,"href":"https:\/\/www.correiobraziliense.com.br\/cbradar\/wp-json\/wp\/v2\/media\/7564"}],"wp:attachment":[{"href":"https:\/\/www.correiobraziliense.com.br\/cbradar\/wp-json\/wp\/v2\/media?parent=7563"}],"wp:term":[{"taxonomy":"category","embeddable":true,"href":"https:\/\/www.correiobraziliense.com.br\/cbradar\/wp-json\/wp\/v2\/categories?post=7563"},{"taxonomy":"post_tag","embeddable":true,"href":"https:\/\/www.correiobraziliense.com.br\/cbradar\/wp-json\/wp\/v2\/post_tag?post=7563"}],"curies":[{"name":"wp","href":"https:\/\/api.w.org\/{rel}","templated":true}]}}