{"id":75650,"date":"2025-07-27T16:03:00","date_gmt":"2025-07-27T19:03:00","guid":{"rendered":"https:\/\/www.correiobraziliense.com.br\/cbradar\/?p=75650"},"modified":"2025-07-26T16:31:04","modified_gmt":"2025-07-26T19:31:04","slug":"este-cometa-veio-de-fora-do-sistema-solar-e-pode-nao-ser-so-um-cometa","status":"publish","type":"post","link":"https:\/\/www.correiobraziliense.com.br\/cbradar\/este-cometa-veio-de-fora-do-sistema-solar-e-pode-nao-ser-so-um-cometa\/","title":{"rendered":"Este cometa veio de fora do sistema solar e pode n\u00e3o ser s\u00f3 um cometa"},"content":{"rendered":"\n<p>O <strong>Telesc\u00f3pio Espacial Hubble<\/strong> capturou imagens intrigantes do mais novo invasor interestelar do nosso sistema solar, o <strong>cometa 3I\/ATLAS<\/strong>. Este objeto, detectado recentemente, promete ampliar nosso conhecimento sobre o universo. Ao longo deste artigo, abordaremos:<\/p>\n\n\n\n<ul class=\"wp-block-list\">\n<li>A origem e trajet\u00f3ria do cometa 3I\/ATLAS<\/li>\n\n\n\n<li>Como suas caracter\u00edsticas exclusivas desafiam a compreens\u00e3o atual<\/li>\n\n\n\n<li>O potencial impacto de sua observa\u00e7\u00e3o para a ci\u00eancia<\/li>\n<\/ul>\n\n\n\n<h2 class=\"wp-block-heading\">De onde veio o cometa 3I\/ATLAS?<\/h2>\n\n\n\n<p>Identificado recentemente nos limites do <strong>dom\u00ednio solar<\/strong>, o cometa 3I\/ATLAS exibe uma velocidade surpreendente, confirmando suas origens extrasolares. \u00c9 o terceiro objeto interestelar descoberto, ap\u00f3s &#8216;Oumuamua e Borisov, prometendo respostas emocionantes sobre o passado do universo.<\/p>\n\n\n\n<p>A suspeita \u00e9 que 3I\/ATLAS tenha se originado perto do centro gal\u00e1ctico, uma regi\u00e3o rica em estrelas e fen\u00f4menos c\u00f3smicos intensos. Essa conjectura se baseia em sua trajet\u00f3ria e composi\u00e7\u00e3o.<\/p>\n\n\n\n<h2 class=\"wp-block-heading\">O que as imagens do Hubble revelam?<\/h2>\n\n\n\n<p>Imagens do <strong>Hubble<\/strong> oferecem um vislumbre fascinante desse cometa em fuga. Com um halo de g\u00e1s e poeira \u2014 conhecido como coma \u2014, seu n\u00facleo permanece envolto em mist\u00e9rio. Estes fen\u00f4menos j\u00e1 estimularam discuss\u00f5es sobre sua idade e composi\u00e7\u00e3o, estimadas em 3 a 11 bilh\u00f5es de anos.<\/p>\n\n\n\n<p>Apenas algumas horas ap\u00f3s a captura, as imagens foram editadas por astr\u00f4nomos amadores e distribu\u00eddas em tempo real, proporcionando uma janela de visualiza\u00e7\u00e3o \u00fanica para pesquisadores e entusiastas.<\/p>\n\n\n\n<figure class=\"wp-block-image size-large\"><img decoding=\"async\" width=\"1024\" height=\"576\" src=\"https:\/\/www.correiobraziliense.com.br\/cbradar\/wp-content\/uploads\/2025\/07\/cometas_1753558236459-1024x576.jpg\" alt=\"Este cometa veio de fora do sistema solar e pode n\u00e3o ser s\u00f3 um cometa\" class=\"wp-image-75653\" srcset=\"https:\/\/www.correiobraziliense.com.br\/cbradar\/wp-content\/uploads\/2025\/07\/cometas_1753558236459-1024x576.jpg 1024w, https:\/\/www.correiobraziliense.com.br\/cbradar\/wp-content\/uploads\/2025\/07\/cometas_1753558236459-300x169.jpg 300w, https:\/\/www.correiobraziliense.com.br\/cbradar\/wp-content\/uploads\/2025\/07\/cometas_1753558236459-768x432.jpg 768w, https:\/\/www.correiobraziliense.com.br\/cbradar\/wp-content\/uploads\/2025\/07\/cometas_1753558236459-750x422.jpg 750w, https:\/\/www.correiobraziliense.com.br\/cbradar\/wp-content\/uploads\/2025\/07\/cometas_1753558236459-1140x641.jpg 1140w, https:\/\/www.correiobraziliense.com.br\/cbradar\/wp-content\/uploads\/2025\/07\/cometas_1753558236459.jpg 1280w\" sizes=\"(max-width: 1024px) 100vw, 1024px\" \/><figcaption class=\"wp-element-caption\">cometas. Cr\u00e9ditos: depositphotos.com \/ maxim4e4ek<\/figcaption><\/figure>\n\n\n\n<h2 class=\"wp-block-heading\">Quais os pr\u00f3ximos passos na observa\u00e7\u00e3o de 3I\/ATLAS?<\/h2>\n\n\n\n<p>Espera-se que 3I\/ATLAS atinja seu <strong>peri\u00e9lio<\/strong> em 30 de outubro, aproximando-se a cerca de 130 milh\u00f5es de milhas do Sol. At\u00e9 l\u00e1, cientistas esperam decifrar suas origens e caracter\u00edsticas singulares. Este cometa oferece uma chance \u00fanica para desvendar segredos do universo, estimulando especula\u00e7\u00f5es, incluindo a possibilidade intrigante de ser uma <em>nave alien\u00edgena.<\/em><\/p>\n\n\n\n<p>Este objeto, que passa pelo sistema solar com frequ\u00eancia \u00fanica e imprevis\u00edvel, oferece uma oportunidade extraordin\u00e1ria para o avan\u00e7o das ci\u00eancias espaciais. Observat\u00f3rios no mundo todo ir\u00e3o coordenar novas campanhas de observa\u00e7\u00e3o durante sua aproxima\u00e7\u00e3o, aproveitando instrumentos terrestres e espaciais.<\/p>\n\n\n\n<h2 class=\"wp-block-heading\">Explorando o cometa 3I\/ATLAS: o que aprendemos?<\/h2>\n\n\n\n<ul class=\"wp-block-list\">\n<li>O 3I\/ATLAS pode ser mais antigo que o pr\u00f3prio sistema solar, possivelmente vindo do centro da gal\u00e1xia.<\/li>\n\n\n\n<li>Ele passar\u00e1 pelo peri\u00e9lio no final de outubro, proporcionando tempo valioso para estudo.<\/li>\n\n\n\n<li>Pesquisas j\u00e1 despertaram discuss\u00f5es sobre suas origens e potencial como um artefato alien\u00edgena.<\/li>\n<\/ul>\n\n\n\n<p>Leia tamb\u00e9m: <a href=\"https:\/\/www.correiobraziliense.com.br\/cbradar\/5-curiosidades-sobre-o-cometa-interestelar-3i-atlas-que-fascinam-cientistas\/\" target=\"_blank\" rel=\"noreferrer noopener\">5 curiosidades sobre o cometa interestelar 3I\/Atlas que fascinam cientistas<\/a><\/p>\n","protected":false},"excerpt":{"rendered":"<p>Veja imagens incr\u00edveis do cometa interestelar 3I\/ATLAS capturadas pelo Telesc\u00f3pio Hubble, revelando mist\u00e9rios de fora do nosso sistema solar!<\/p>\n","protected":false},"author":3,"featured_media":75652,"comment_status":"open","ping_status":"open","sticky":false,"template":"","format":"standard","meta":{"_yoast_wpseo_focuskw":"cometa fora do sistema","_yoast_wpseo_title":"%%title%%","_yoast_wpseo_metadesc":"Veja imagens incr\u00edveis do cometa interestelar 3I\/ATLAS capturadas pelo Telesc\u00f3pio Hubble, revelando mist\u00e9rios de fora do nosso sistema solar!","jnews-multi-image_gallery":[],"jnews_single_post":{"format":"standard"},"jnews_primary_category":[],"jnews_social_meta":[],"jnews_override_counter":[],"footnotes":""},"categories":[112],"tags":[179,736,144],"class_list":["post-75650","post","type-post","status-publish","format-standard","has-post-thumbnail","hentry","category-curiosidades","tag-astronomia","tag-ciencia","tag-curiosidades"],"yoast_head":"<!-- This site is optimized with the Yoast SEO plugin v24.6 - https:\/\/yoast.com\/wordpress\/plugins\/seo\/ -->\n<title>Este cometa veio de fora do sistema solar e pode n\u00e3o ser s\u00f3 um cometa<\/title>\n<meta name=\"description\" content=\"Veja imagens incr\u00edveis do cometa interestelar 3I\/ATLAS capturadas pelo Telesc\u00f3pio Hubble, revelando mist\u00e9rios de fora do nosso sistema solar!\" \/>\n<meta name=\"robots\" content=\"index, follow, max-snippet:-1, max-image-preview:large, max-video-preview:-1\" \/>\n<link rel=\"canonical\" href=\"https:\/\/www.correiobraziliense.com.br\/cbradar\/este-cometa-veio-de-fora-do-sistema-solar-e-pode-nao-ser-so-um-cometa\/\" \/>\n<meta property=\"og:locale\" content=\"pt_BR\" \/>\n<meta property=\"og:type\" content=\"article\" \/>\n<meta property=\"og:title\" content=\"Este cometa veio de fora do sistema solar e pode n\u00e3o ser s\u00f3 um cometa\" \/>\n<meta property=\"og:description\" content=\"Veja imagens incr\u00edveis do cometa interestelar 3I\/ATLAS capturadas pelo Telesc\u00f3pio Hubble, revelando mist\u00e9rios de fora do nosso sistema solar!\" \/>\n<meta property=\"og:url\" content=\"https:\/\/www.correiobraziliense.com.br\/cbradar\/este-cometa-veio-de-fora-do-sistema-solar-e-pode-nao-ser-so-um-cometa\/\" \/>\n<meta property=\"og:site_name\" content=\"Correio Braziliense - Radar\" \/>\n<meta property=\"article:published_time\" content=\"2025-07-27T19:03:00+00:00\" \/>\n<meta property=\"og:image\" content=\"https:\/\/www.correiobraziliense.com.br\/cbradar\/wp-content\/uploads\/2025\/07\/cometas_1753558158228.jpg\" \/>\n\t<meta property=\"og:image:width\" content=\"1280\" \/>\n\t<meta property=\"og:image:height\" content=\"720\" \/>\n\t<meta property=\"og:image:type\" content=\"image\/jpeg\" \/>\n<meta name=\"author\" content=\"Larissa Carvalho\" \/>\n<meta name=\"twitter:card\" content=\"summary_large_image\" \/>\n<meta name=\"twitter:label1\" content=\"Escrito por\" \/>\n\t<meta name=\"twitter:data1\" content=\"Larissa Carvalho\" \/>\n\t<meta name=\"twitter:label2\" content=\"Est. tempo de leitura\" \/>\n\t<meta name=\"twitter:data2\" content=\"3 minutos\" \/>\n<!-- \/ Yoast SEO plugin. -->","yoast_head_json":{"title":"Este cometa veio de fora do sistema solar e pode n\u00e3o ser s\u00f3 um cometa","description":"Veja imagens incr\u00edveis do cometa interestelar 3I\/ATLAS capturadas pelo Telesc\u00f3pio Hubble, revelando mist\u00e9rios de fora do nosso sistema solar!","robots":{"index":"index","follow":"follow","max-snippet":"max-snippet:-1","max-image-preview":"max-image-preview:large","max-video-preview":"max-video-preview:-1"},"canonical":"https:\/\/www.correiobraziliense.com.br\/cbradar\/este-cometa-veio-de-fora-do-sistema-solar-e-pode-nao-ser-so-um-cometa\/","og_locale":"pt_BR","og_type":"article","og_title":"Este cometa veio de fora do sistema solar e pode n\u00e3o ser s\u00f3 um cometa","og_description":"Veja imagens incr\u00edveis do cometa interestelar 3I\/ATLAS capturadas pelo Telesc\u00f3pio Hubble, revelando mist\u00e9rios de fora do nosso sistema solar!","og_url":"https:\/\/www.correiobraziliense.com.br\/cbradar\/este-cometa-veio-de-fora-do-sistema-solar-e-pode-nao-ser-so-um-cometa\/","og_site_name":"Correio Braziliense - Radar","article_published_time":"2025-07-27T19:03:00+00:00","og_image":[{"width":1280,"height":720,"url":"https:\/\/www.correiobraziliense.com.br\/cbradar\/wp-content\/uploads\/2025\/07\/cometas_1753558158228.jpg","type":"image\/jpeg"}],"author":"Larissa Carvalho","twitter_card":"summary_large_image","twitter_misc":{"Escrito por":"Larissa Carvalho","Est. tempo de leitura":"3 minutos"},"schema":{"@context":"https:\/\/schema.org","@graph":[{"@type":"WebPage","@id":"https:\/\/www.correiobraziliense.com.br\/cbradar\/este-cometa-veio-de-fora-do-sistema-solar-e-pode-nao-ser-so-um-cometa\/","url":"https:\/\/www.correiobraziliense.com.br\/cbradar\/este-cometa-veio-de-fora-do-sistema-solar-e-pode-nao-ser-so-um-cometa\/","name":"Este cometa veio de fora do sistema solar e pode n\u00e3o ser s\u00f3 um cometa","isPartOf":{"@id":"https:\/\/www.correiobraziliense.com.br\/cbradar\/#website"},"primaryImageOfPage":{"@id":"https:\/\/www.correiobraziliense.com.br\/cbradar\/este-cometa-veio-de-fora-do-sistema-solar-e-pode-nao-ser-so-um-cometa\/#primaryimage"},"image":{"@id":"https:\/\/www.correiobraziliense.com.br\/cbradar\/este-cometa-veio-de-fora-do-sistema-solar-e-pode-nao-ser-so-um-cometa\/#primaryimage"},"thumbnailUrl":"https:\/\/www.correiobraziliense.com.br\/cbradar\/wp-content\/uploads\/2025\/07\/cometas_1753558158228.jpg","datePublished":"2025-07-27T19:03:00+00:00","author":{"@id":"https:\/\/www.correiobraziliense.com.br\/cbradar\/#\/schema\/person\/58422787644df994b53a19d3e56c1513"},"description":"Veja imagens incr\u00edveis do cometa interestelar 3I\/ATLAS capturadas pelo Telesc\u00f3pio Hubble, revelando mist\u00e9rios de fora do nosso sistema solar!","breadcrumb":{"@id":"https:\/\/www.correiobraziliense.com.br\/cbradar\/este-cometa-veio-de-fora-do-sistema-solar-e-pode-nao-ser-so-um-cometa\/#breadcrumb"},"inLanguage":"pt-BR","potentialAction":[{"@type":"ReadAction","target":["https:\/\/www.correiobraziliense.com.br\/cbradar\/este-cometa-veio-de-fora-do-sistema-solar-e-pode-nao-ser-so-um-cometa\/"]}]},{"@type":"ImageObject","inLanguage":"pt-BR","@id":"https:\/\/www.correiobraziliense.com.br\/cbradar\/este-cometa-veio-de-fora-do-sistema-solar-e-pode-nao-ser-so-um-cometa\/#primaryimage","url":"https:\/\/www.correiobraziliense.com.br\/cbradar\/wp-content\/uploads\/2025\/07\/cometas_1753558158228.jpg","contentUrl":"https:\/\/www.correiobraziliense.com.br\/cbradar\/wp-content\/uploads\/2025\/07\/cometas_1753558158228.jpg","width":1280,"height":720,"caption":"Cometas. Cr\u00e9ditos: depositphotos.com \/ JimCumming"},{"@type":"BreadcrumbList","@id":"https:\/\/www.correiobraziliense.com.br\/cbradar\/este-cometa-veio-de-fora-do-sistema-solar-e-pode-nao-ser-so-um-cometa\/#breadcrumb","itemListElement":[{"@type":"ListItem","position":1,"name":"In\u00edcio","item":"https:\/\/www.correiobraziliense.com.br\/cbradar\/"},{"@type":"ListItem","position":2,"name":"Este cometa veio de fora do sistema solar e pode n\u00e3o ser s\u00f3 um cometa"}]},{"@type":"WebSite","@id":"https:\/\/www.correiobraziliense.com.br\/cbradar\/#website","url":"https:\/\/www.correiobraziliense.com.br\/cbradar\/","name":"Correio Braziliense - Radar","description":"Acompanhe as \u00faltimas not\u00edcias e fique bem informado sobre tudo o que acontece no Brasil e no mundo.","potentialAction":[{"@type":"SearchAction","target":{"@type":"EntryPoint","urlTemplate":"https:\/\/www.correiobraziliense.com.br\/cbradar\/?s={search_term_string}"},"query-input":{"@type":"PropertyValueSpecification","valueRequired":true,"valueName":"search_term_string"}}],"inLanguage":"pt-BR"},{"@type":"Person","@id":"https:\/\/www.correiobraziliense.com.br\/cbradar\/#\/schema\/person\/58422787644df994b53a19d3e56c1513","name":"Larissa Carvalho","image":{"@type":"ImageObject","inLanguage":"pt-BR","@id":"https:\/\/www.correiobraziliense.com.br\/cbradar\/#\/schema\/person\/image\/","url":"https:\/\/secure.gravatar.com\/avatar\/fe4f91a0de32b52a838d0d612abdc1aa?s=96&d=mm&r=g","contentUrl":"https:\/\/secure.gravatar.com\/avatar\/fe4f91a0de32b52a838d0d612abdc1aa?s=96&d=mm&r=g","caption":"Larissa Carvalho"},"url":"https:\/\/www.correiobraziliense.com.br\/cbradar\/author\/larissamyth\/"}]}},"_links":{"self":[{"href":"https:\/\/www.correiobraziliense.com.br\/cbradar\/wp-json\/wp\/v2\/posts\/75650","targetHints":{"allow":["GET"]}}],"collection":[{"href":"https:\/\/www.correiobraziliense.com.br\/cbradar\/wp-json\/wp\/v2\/posts"}],"about":[{"href":"https:\/\/www.correiobraziliense.com.br\/cbradar\/wp-json\/wp\/v2\/types\/post"}],"author":[{"embeddable":true,"href":"https:\/\/www.correiobraziliense.com.br\/cbradar\/wp-json\/wp\/v2\/users\/3"}],"replies":[{"embeddable":true,"href":"https:\/\/www.correiobraziliense.com.br\/cbradar\/wp-json\/wp\/v2\/comments?post=75650"}],"version-history":[{"count":2,"href":"https:\/\/www.correiobraziliense.com.br\/cbradar\/wp-json\/wp\/v2\/posts\/75650\/revisions"}],"predecessor-version":[{"id":75654,"href":"https:\/\/www.correiobraziliense.com.br\/cbradar\/wp-json\/wp\/v2\/posts\/75650\/revisions\/75654"}],"wp:featuredmedia":[{"embeddable":true,"href":"https:\/\/www.correiobraziliense.com.br\/cbradar\/wp-json\/wp\/v2\/media\/75652"}],"wp:attachment":[{"href":"https:\/\/www.correiobraziliense.com.br\/cbradar\/wp-json\/wp\/v2\/media?parent=75650"}],"wp:term":[{"taxonomy":"category","embeddable":true,"href":"https:\/\/www.correiobraziliense.com.br\/cbradar\/wp-json\/wp\/v2\/categories?post=75650"},{"taxonomy":"post_tag","embeddable":true,"href":"https:\/\/www.correiobraziliense.com.br\/cbradar\/wp-json\/wp\/v2\/tags?post=75650"}],"curies":[{"name":"wp","href":"https:\/\/api.w.org\/{rel}","templated":true}]}}