{"id":7567,"date":"2025-03-01T12:30:00","date_gmt":"2025-03-01T15:30:00","guid":{"rendered":"https:\/\/www.correiobraziliense.com.br\/cbradar\/?p=7567"},"modified":"2025-03-01T04:05:19","modified_gmt":"2025-03-01T07:05:19","slug":"conheca-essa-bmw-feita-exclusivamente-para-homenagear-uma-lenda","status":"publish","type":"post","link":"https:\/\/www.correiobraziliense.com.br\/cbradar\/conheca-essa-bmw-feita-exclusivamente-para-homenagear-uma-lenda\/","title":{"rendered":"Conhe\u00e7a essa BMW feita exclusivamente para homenagear uma lenda"},"content":{"rendered":"\n<p><strong>Valentino Rossi<\/strong>, conhecido mundialmente como &#8220;<strong>The Doctor<\/strong>&#8220;, \u00e9 uma lenda viva no mundo das corridas de moto. Com nove t\u00edtulos mundiais na <strong>Moto GP<\/strong>, Rossi deixou uma marca indel\u00e9vel no esporte. Agora, aos 46 anos, ele continua a desafiar os limites, mas desta vez ao volante de um <strong>BMW M4 GT3 <\/strong>na <strong>FIA WEC<\/strong>. A mudan\u00e7a de motos para carros n\u00e3o diminuiu seu entusiasmo pelas corridas, e ele continua a ser uma figura influente no automobilismo.<\/p>\n\n\n\n<p>Para celebrar sua carreira e sua ic\u00f4nica associa\u00e7\u00e3o com o n\u00famero 46, a <strong>BMW <\/strong>lan\u00e7ou uma edi\u00e7\u00e3o especial do <strong>M4<\/strong>, a <strong>CS Edition VR46<\/strong>. Esta s\u00e9rie limitada reflete a personalidade vibrante de Rossi e sua paix\u00e3o por design e velocidade. A edi\u00e7\u00e3o especial \u00e9 uma homenagem ao legado de Rossi e sua cont\u00ednua influ\u00eancia no mundo das corridas.<\/p>\n\n\n\n<h2 class=\"wp-block-heading\"><strong>O BMW M4 CS Edition VR46: Uma Homenagem a Rossi<\/strong><\/h2>\n\n\n\n<p>A BMW M4 CS Edition VR46 foi criada com a participa\u00e7\u00e3o direta de Valentino Rossi, garantindo que cada detalhe refletisse seu estilo \u00fanico. A s\u00e9rie especial est\u00e1 dispon\u00edvel em duas vers\u00f5es distintas: a Design e a Style. Cada uma delas possui uma cor exclusiva, com a vers\u00e3o Sport em azul Marina Bay e a Style em azul Frozen Tanzanite. Ambas as vers\u00f5es apresentam o n\u00famero 46 em destaque nas laterais, um tributo ao n\u00famero que Rossi tornou famoso.<\/p>\n\n\n\n<p>Os detalhes em verde fluorescente, uma cor frequentemente associada a Rossi, adicionam um toque chamativo ao design. Essa tonalidade aparece em v\u00e1rios elementos do carro, incluindo a borda da grade, emblemas, pin\u00e7as de freio, molduras de portas e em um dos gomos das rodas. O interior do carro tamb\u00e9m n\u00e3o fica atr\u00e1s, com o verde presente em soleiras, encostos, painel e logotipos, criando um contraste interessante com o azul escuro predominante.<\/p>\n\n\n\n<figure class=\"wp-block-image size-large\"><img decoding=\"async\" width=\"1024\" height=\"576\" src=\"https:\/\/www.correiobraziliense.com.br\/cbradar\/wp-content\/uploads\/2025\/02\/CS-Edition-VR46-2-1024x576.png\" alt=\"Conhe\u00e7a essa BMW feita exclusivamente para homenagear uma lenda\" class=\"wp-image-7575\" srcset=\"https:\/\/www.correiobraziliense.com.br\/cbradar\/wp-content\/uploads\/2025\/02\/CS-Edition-VR46-2-1024x576.png 1024w, https:\/\/www.correiobraziliense.com.br\/cbradar\/wp-content\/uploads\/2025\/02\/CS-Edition-VR46-2-300x169.png 300w, https:\/\/www.correiobraziliense.com.br\/cbradar\/wp-content\/uploads\/2025\/02\/CS-Edition-VR46-2-768x432.png 768w, https:\/\/www.correiobraziliense.com.br\/cbradar\/wp-content\/uploads\/2025\/02\/CS-Edition-VR46-2-750x422.png 750w, https:\/\/www.correiobraziliense.com.br\/cbradar\/wp-content\/uploads\/2025\/02\/CS-Edition-VR46-2-1140x641.png 1140w, https:\/\/www.correiobraziliense.com.br\/cbradar\/wp-content\/uploads\/2025\/02\/CS-Edition-VR46-2.png 1280w\" sizes=\"(max-width: 1024px) 100vw, 1024px\" \/><figcaption class=\"wp-element-caption\">CS Edition VR46. Fonte: divulga\u00e7\u00e3o \/ BMW<\/figcaption><\/figure>\n\n\n\n<h2 class=\"wp-block-heading\"><strong>Quais s\u00e3o as caracter\u00edsticas exclusivas do M4 CS Edition VR46?<\/strong><\/h2>\n\n\n\n<p>Al\u00e9m do design personalizado, cada unidade do M4 CS Edition VR46 possui uma numera\u00e7\u00e3o exclusiva no console central, refor\u00e7ando a exclusividade da s\u00e9rie. Apenas 46 unidades ser\u00e3o produzidas, cada uma vendida por 260 mil euros, o que equivale a cerca de 1,6 milh\u00e3o de reais. Os compradores n\u00e3o apenas adquirem um carro de edi\u00e7\u00e3o limitada, mas tamb\u00e9m ganham uma experi\u00eancia \u00fanica: uma viagem de dois dias para a It\u00e1lia, onde ter\u00e3o a oportunidade de conhecer Valentino Rossi pessoalmente.<\/p>\n\n\n\n<p>Apesar das personaliza\u00e7\u00f5es est\u00e9ticas, a mec\u00e2nica do M4 CS Edition VR46 permanece inalterada. O carro \u00e9 equipado com um motor 3.0 biturbo de seis cilindros em linha, capaz de entregar 551 cv e 66,2 kgfm de torque. A transmiss\u00e3o autom\u00e1tica de oito marchas e a tra\u00e7\u00e3o integral garantem uma performance excepcional, mantendo o padr\u00e3o de excel\u00eancia associado \u00e0 BMW.<\/p>\n\n\n\n<blockquote class=\"instagram-media\" data-instgrm-captioned data-instgrm-permalink=\"https:\/\/www.instagram.com\/reel\/DGgHmEYsJIF\/?utm_source=ig_embed&amp;utm_campaign=loading\" data-instgrm-version=\"14\" style=\" background:#FFF; border:0; border-radius:3px; box-shadow:0 0 1px 0 rgba(0,0,0,0.5),0 1px 10px 0 rgba(0,0,0,0.15); margin: 1px; max-width:540px; min-width:326px; padding:0; width:99.375%; width:-webkit-calc(100% - 2px); width:calc(100% - 2px);\"><div style=\"padding:16px;\"> <a href=\"https:\/\/www.instagram.com\/reel\/DGgHmEYsJIF\/?utm_source=ig_embed&amp;utm_campaign=loading\" style=\" background:#FFFFFF; line-height:0; padding:0 0; text-align:center; text-decoration:none; width:100%;\" target=\"_blank\"> <div style=\" display: flex; flex-direction: row; align-items: center;\"> <div style=\"background-color: #F4F4F4; border-radius: 50%; flex-grow: 0; height: 40px; margin-right: 14px; width: 40px;\"><\/div> <div style=\"display: flex; flex-direction: column; flex-grow: 1; justify-content: center;\"> <div style=\" background-color: #F4F4F4; border-radius: 4px; flex-grow: 0; height: 14px; margin-bottom: 6px; width: 100px;\"><\/div> <div style=\" background-color: #F4F4F4; border-radius: 4px; flex-grow: 0; height: 14px; width: 60px;\"><\/div><\/div><\/div><div style=\"padding: 19% 0;\"><\/div> <div style=\"display:block; height:50px; margin:0 auto 12px; width:50px;\"><svg width=\"50px\" height=\"50px\" viewBox=\"0 0 60 60\" version=\"1.1\" xmlns=\"https:\/\/www.w3.org\/2000\/svg\" xmlns:xlink=\"https:\/\/www.w3.org\/1999\/xlink\"><g stroke=\"none\" stroke-width=\"1\" fill=\"none\" fill-rule=\"evenodd\"><g transform=\"translate(-511.000000, -20.000000)\" fill=\"#000000\"><g><path d=\"M556.869,30.41 C554.814,30.41 553.148,32.076 553.148,34.131 C553.148,36.186 554.814,37.852 556.869,37.852 C558.924,37.852 560.59,36.186 560.59,34.131 C560.59,32.076 558.924,30.41 556.869,30.41 M541,60.657 C535.114,60.657 530.342,55.887 530.342,50 C530.342,44.114 535.114,39.342 541,39.342 C546.887,39.342 551.658,44.114 551.658,50 C551.658,55.887 546.887,60.657 541,60.657 M541,33.886 C532.1,33.886 524.886,41.1 524.886,50 C524.886,58.899 532.1,66.113 541,66.113 C549.9,66.113 557.115,58.899 557.115,50 C557.115,41.1 549.9,33.886 541,33.886 M565.378,62.101 C565.244,65.022 564.756,66.606 564.346,67.663 C563.803,69.06 563.154,70.057 562.106,71.106 C561.058,72.155 560.06,72.803 558.662,73.347 C557.607,73.757 556.021,74.244 553.102,74.378 C549.944,74.521 548.997,74.552 541,74.552 C533.003,74.552 532.056,74.521 528.898,74.378 C525.979,74.244 524.393,73.757 523.338,73.347 C521.94,72.803 520.942,72.155 519.894,71.106 C518.846,70.057 518.197,69.06 517.654,67.663 C517.244,66.606 516.755,65.022 516.623,62.101 C516.479,58.943 516.448,57.996 516.448,50 C516.448,42.003 516.479,41.056 516.623,37.899 C516.755,34.978 517.244,33.391 517.654,32.338 C518.197,30.938 518.846,29.942 519.894,28.894 C520.942,27.846 521.94,27.196 523.338,26.654 C524.393,26.244 525.979,25.756 528.898,25.623 C532.057,25.479 533.004,25.448 541,25.448 C548.997,25.448 549.943,25.479 553.102,25.623 C556.021,25.756 557.607,26.244 558.662,26.654 C560.06,27.196 561.058,27.846 562.106,28.894 C563.154,29.942 563.803,30.938 564.346,32.338 C564.756,33.391 565.244,34.978 565.378,37.899 C565.522,41.056 565.552,42.003 565.552,50 C565.552,57.996 565.522,58.943 565.378,62.101 M570.82,37.631 C570.674,34.438 570.167,32.258 569.425,30.349 C568.659,28.377 567.633,26.702 565.965,25.035 C564.297,23.368 562.623,22.342 560.652,21.575 C558.743,20.834 556.562,20.326 553.369,20.18 C550.169,20.033 549.148,20 541,20 C532.853,20 531.831,20.033 528.631,20.18 C525.438,20.326 523.257,20.834 521.349,21.575 C519.376,22.342 517.703,23.368 516.035,25.035 C514.368,26.702 513.342,28.377 512.574,30.349 C511.834,32.258 511.326,34.438 511.181,37.631 C511.035,40.831 511,41.851 511,50 C511,58.147 511.035,59.17 511.181,62.369 C511.326,65.562 511.834,67.743 512.574,69.651 C513.342,71.625 514.368,73.296 516.035,74.965 C517.703,76.634 519.376,77.658 521.349,78.425 C523.257,79.167 525.438,79.673 528.631,79.82 C531.831,79.965 532.853,80.001 541,80.001 C549.148,80.001 550.169,79.965 553.369,79.82 C556.562,79.673 558.743,79.167 560.652,78.425 C562.623,77.658 564.297,76.634 565.965,74.965 C567.633,73.296 568.659,71.625 569.425,69.651 C570.167,67.743 570.674,65.562 570.82,62.369 C570.966,59.17 571,58.147 571,50 C571,41.851 570.966,40.831 570.82,37.631\"><\/path><\/g><\/g><\/g><\/svg><\/div><div style=\"padding-top: 8px;\"> <div style=\" color:#3897f0; font-family:Arial,sans-serif; font-size:14px; font-style:normal; font-weight:550; line-height:18px;\">Ver essa foto no Instagram<\/div><\/div><div style=\"padding: 12.5% 0;\"><\/div> <div style=\"display: flex; flex-direction: row; margin-bottom: 14px; align-items: center;\"><div> <div style=\"background-color: #F4F4F4; border-radius: 50%; height: 12.5px; width: 12.5px; transform: translateX(0px) translateY(7px);\"><\/div> <div style=\"background-color: #F4F4F4; height: 12.5px; transform: rotate(-45deg) translateX(3px) translateY(1px); width: 12.5px; flex-grow: 0; margin-right: 14px; margin-left: 2px;\"><\/div> <div style=\"background-color: #F4F4F4; border-radius: 50%; height: 12.5px; width: 12.5px; transform: translateX(9px) translateY(-18px);\"><\/div><\/div><div style=\"margin-left: 8px;\"> <div style=\" background-color: #F4F4F4; border-radius: 50%; flex-grow: 0; height: 20px; width: 20px;\"><\/div> <div style=\" width: 0; height: 0; border-top: 2px solid transparent; border-left: 6px solid #f4f4f4; border-bottom: 2px solid transparent; transform: translateX(16px) translateY(-4px) rotate(30deg)\"><\/div><\/div><div style=\"margin-left: auto;\"> <div style=\" width: 0px; border-top: 8px solid #F4F4F4; border-right: 8px solid transparent; transform: translateY(16px);\"><\/div> <div style=\" background-color: #F4F4F4; flex-grow: 0; height: 12px; width: 16px; transform: translateY(-4px);\"><\/div> <div style=\" width: 0; height: 0; border-top: 8px solid #F4F4F4; border-left: 8px solid transparent; transform: translateY(-4px) translateX(8px);\"><\/div><\/div><\/div> <div style=\"display: flex; flex-direction: column; flex-grow: 1; justify-content: center; margin-bottom: 24px;\"> <div style=\" background-color: #F4F4F4; border-radius: 4px; flex-grow: 0; height: 14px; margin-bottom: 6px; width: 224px;\"><\/div> <div style=\" background-color: #F4F4F4; border-radius: 4px; flex-grow: 0; height: 14px; width: 144px;\"><\/div><\/div><\/a><p style=\" color:#c9c8cd; font-family:Arial,sans-serif; font-size:14px; line-height:17px; margin-bottom:0; margin-top:8px; overflow:hidden; padding:8px 0 7px; text-align:center; text-overflow:ellipsis; white-space:nowrap;\"><a href=\"https:\/\/www.instagram.com\/reel\/DGgHmEYsJIF\/?utm_source=ig_embed&amp;utm_campaign=loading\" style=\" color:#c9c8cd; font-family:Arial,sans-serif; font-size:14px; font-style:normal; font-weight:normal; line-height:17px; text-decoration:none;\" target=\"_blank\">Uma publica\u00e7\u00e3o compartilhada por Valentino Rossi (@valeyellow46)<\/a><\/p><\/div><\/blockquote>\n<script async src=\"\/\/www.instagram.com\/embed.js\"><\/script>\n\n\n\n<h2 class=\"wp-block-heading\"><strong>O legado de Valentino Rossi no automobilismo<\/strong><\/h2>\n\n\n\n<p>Valentino Rossi continua a ser uma figura central no mundo das corridas, mesmo ap\u00f3s sua transi\u00e7\u00e3o das motos para os carros. Sua colabora\u00e7\u00e3o com a BMW na cria\u00e7\u00e3o do M4 CS Edition VR46 \u00e9 mais um exemplo de sua capacidade de influenciar e inovar no automobilismo. Esta edi\u00e7\u00e3o especial n\u00e3o apenas celebra sua carreira, mas tamb\u00e9m solidifica seu status como \u00edcone do esporte.<\/p>\n\n\n\n<p>O impacto de Rossi no automobilismo vai al\u00e9m das pistas. Ele inspira novas gera\u00e7\u00f5es de pilotos e entusiastas, mostrando que a paix\u00e3o pelas corridas n\u00e3o conhece limites. Com o M4 CS Edition VR46, Rossi n\u00e3o apenas celebra seu legado, mas tamb\u00e9m continua a escrever sua hist\u00f3ria no mundo das corridas.<\/p>\n","protected":false},"excerpt":{"rendered":"<p>Conhe\u00e7a a edi\u00e7\u00e3o especial do BMW M4 CS homenagem a Valentino Rossi, a lenda das corridas de moto, e sua transi\u00e7\u00e3o para as quatro rodas<\/p>\n","protected":false},"author":3,"featured_media":7574,"comment_status":"open","ping_status":"open","sticky":false,"template":"","format":"standard","meta":{"_yoast_wpseo_focuskw":"BMW","_yoast_wpseo_title":"%%title%%","_yoast_wpseo_metadesc":"Conhe\u00e7a a edi\u00e7\u00e3o especial do BMW M4 CS homenagem a Valentino Rossi, a lenda das corridas de moto, e sua transi\u00e7\u00e3o para as quatro rodas","jnews-multi-image_gallery":[],"jnews_single_post":{"format":"standard"},"jnews_primary_category":[],"jnews_social_meta":[],"jnews_override_counter":[],"footnotes":""},"categories":[122],"post_tag":[1344],"class_list":["post-7567","post","type-post","status-publish","format-standard","has-post-thumbnail","hentry","category-automobilismo","tag-bmw"],"yoast_head":"<!-- This site is optimized with the Yoast SEO plugin v24.6 - https:\/\/yoast.com\/wordpress\/plugins\/seo\/ -->\n<title>Conhe\u00e7a essa BMW feita exclusivamente para homenagear uma lenda<\/title>\n<meta name=\"description\" content=\"Conhe\u00e7a a edi\u00e7\u00e3o especial do BMW M4 CS homenagem a Valentino Rossi, a lenda das corridas de moto, e sua transi\u00e7\u00e3o para as quatro rodas\" \/>\n<meta name=\"robots\" content=\"index, follow, max-snippet:-1, max-image-preview:large, max-video-preview:-1\" \/>\n<link rel=\"canonical\" href=\"https:\/\/www.correiobraziliense.com.br\/cbradar\/conheca-essa-bmw-feita-exclusivamente-para-homenagear-uma-lenda\/\" \/>\n<meta property=\"og:locale\" content=\"pt_BR\" \/>\n<meta property=\"og:type\" content=\"article\" \/>\n<meta property=\"og:title\" content=\"Conhe\u00e7a essa BMW feita exclusivamente para homenagear uma lenda\" \/>\n<meta property=\"og:description\" content=\"Conhe\u00e7a a edi\u00e7\u00e3o especial do BMW M4 CS homenagem a Valentino Rossi, a lenda das corridas de moto, e sua transi\u00e7\u00e3o para as quatro rodas\" \/>\n<meta property=\"og:url\" content=\"https:\/\/www.correiobraziliense.com.br\/cbradar\/conheca-essa-bmw-feita-exclusivamente-para-homenagear-uma-lenda\/\" \/>\n<meta property=\"og:site_name\" content=\"Correio Braziliense - Radar\" \/>\n<meta property=\"article:published_time\" content=\"2025-03-01T15:30:00+00:00\" \/>\n<meta property=\"og:image\" content=\"https:\/\/www.correiobraziliense.com.br\/cbradar\/wp-content\/uploads\/2025\/02\/CS-Edition-VR46.png\" \/>\n\t<meta property=\"og:image:width\" content=\"1280\" \/>\n\t<meta property=\"og:image:height\" content=\"720\" \/>\n\t<meta property=\"og:image:type\" content=\"image\/png\" \/>\n<meta name=\"author\" content=\"Larissa Carvalho\" \/>\n<meta name=\"twitter:card\" content=\"summary_large_image\" \/>\n<meta name=\"twitter:label1\" content=\"Escrito por\" \/>\n\t<meta name=\"twitter:data1\" content=\"Larissa Carvalho\" \/>\n\t<meta name=\"twitter:label2\" content=\"Est. tempo de leitura\" \/>\n\t<meta name=\"twitter:data2\" content=\"4 minutos\" \/>\n<!-- \/ Yoast SEO plugin. -->","yoast_head_json":{"title":"Conhe\u00e7a essa BMW feita exclusivamente para homenagear uma lenda","description":"Conhe\u00e7a a edi\u00e7\u00e3o especial do BMW M4 CS homenagem a Valentino Rossi, a lenda das corridas de moto, e sua transi\u00e7\u00e3o para as quatro rodas","robots":{"index":"index","follow":"follow","max-snippet":"max-snippet:-1","max-image-preview":"max-image-preview:large","max-video-preview":"max-video-preview:-1"},"canonical":"https:\/\/www.correiobraziliense.com.br\/cbradar\/conheca-essa-bmw-feita-exclusivamente-para-homenagear-uma-lenda\/","og_locale":"pt_BR","og_type":"article","og_title":"Conhe\u00e7a essa BMW feita exclusivamente para homenagear uma lenda","og_description":"Conhe\u00e7a a edi\u00e7\u00e3o especial do BMW M4 CS homenagem a Valentino Rossi, a lenda das corridas de moto, e sua transi\u00e7\u00e3o para as quatro rodas","og_url":"https:\/\/www.correiobraziliense.com.br\/cbradar\/conheca-essa-bmw-feita-exclusivamente-para-homenagear-uma-lenda\/","og_site_name":"Correio Braziliense - Radar","article_published_time":"2025-03-01T15:30:00+00:00","og_image":[{"width":1280,"height":720,"url":"https:\/\/www.correiobraziliense.com.br\/cbradar\/wp-content\/uploads\/2025\/02\/CS-Edition-VR46.png","type":"image\/png"}],"author":"Larissa Carvalho","twitter_card":"summary_large_image","twitter_misc":{"Escrito por":"Larissa Carvalho","Est. tempo de leitura":"4 minutos"},"schema":{"@context":"https:\/\/schema.org","@graph":[{"@type":"WebPage","@id":"https:\/\/www.correiobraziliense.com.br\/cbradar\/conheca-essa-bmw-feita-exclusivamente-para-homenagear-uma-lenda\/","url":"https:\/\/www.correiobraziliense.com.br\/cbradar\/conheca-essa-bmw-feita-exclusivamente-para-homenagear-uma-lenda\/","name":"Conhe\u00e7a essa BMW feita exclusivamente para homenagear uma lenda","isPartOf":{"@id":"https:\/\/www.correiobraziliense.com.br\/cbradar\/#website"},"primaryImageOfPage":{"@id":"https:\/\/www.correiobraziliense.com.br\/cbradar\/conheca-essa-bmw-feita-exclusivamente-para-homenagear-uma-lenda\/#primaryimage"},"image":{"@id":"https:\/\/www.correiobraziliense.com.br\/cbradar\/conheca-essa-bmw-feita-exclusivamente-para-homenagear-uma-lenda\/#primaryimage"},"thumbnailUrl":"https:\/\/www.correiobraziliense.com.br\/cbradar\/wp-content\/uploads\/2025\/02\/CS-Edition-VR46.png","datePublished":"2025-03-01T15:30:00+00:00","author":{"@id":"https:\/\/www.correiobraziliense.com.br\/cbradar\/#\/schema\/person\/58422787644df994b53a19d3e56c1513"},"description":"Conhe\u00e7a a edi\u00e7\u00e3o especial do BMW M4 CS homenagem a Valentino Rossi, a lenda das corridas de moto, e sua transi\u00e7\u00e3o para as quatro rodas","breadcrumb":{"@id":"https:\/\/www.correiobraziliense.com.br\/cbradar\/conheca-essa-bmw-feita-exclusivamente-para-homenagear-uma-lenda\/#breadcrumb"},"inLanguage":"pt-BR","potentialAction":[{"@type":"ReadAction","target":["https:\/\/www.correiobraziliense.com.br\/cbradar\/conheca-essa-bmw-feita-exclusivamente-para-homenagear-uma-lenda\/"]}]},{"@type":"ImageObject","inLanguage":"pt-BR","@id":"https:\/\/www.correiobraziliense.com.br\/cbradar\/conheca-essa-bmw-feita-exclusivamente-para-homenagear-uma-lenda\/#primaryimage","url":"https:\/\/www.correiobraziliense.com.br\/cbradar\/wp-content\/uploads\/2025\/02\/CS-Edition-VR46.png","contentUrl":"https:\/\/www.correiobraziliense.com.br\/cbradar\/wp-content\/uploads\/2025\/02\/CS-Edition-VR46.png","width":1280,"height":720,"caption":"CS Edition VR46. Fonte: divulga\u00e7\u00e3o \/ BMW"},{"@type":"BreadcrumbList","@id":"https:\/\/www.correiobraziliense.com.br\/cbradar\/conheca-essa-bmw-feita-exclusivamente-para-homenagear-uma-lenda\/#breadcrumb","itemListElement":[{"@type":"ListItem","position":1,"name":"In\u00edcio","item":"https:\/\/www.correiobraziliense.com.br\/cbradar\/"},{"@type":"ListItem","position":2,"name":"Conhe\u00e7a essa BMW feita exclusivamente para homenagear uma lenda"}]},{"@type":"WebSite","@id":"https:\/\/www.correiobraziliense.com.br\/cbradar\/#website","url":"https:\/\/www.correiobraziliense.com.br\/cbradar\/","name":"Correio Braziliense - Radar","description":"Acompanhe as \u00faltimas not\u00edcias e fique bem informado sobre tudo o que acontece no Brasil e no mundo.","potentialAction":[{"@type":"SearchAction","target":{"@type":"EntryPoint","urlTemplate":"https:\/\/www.correiobraziliense.com.br\/cbradar\/?s={search_term_string}"},"query-input":{"@type":"PropertyValueSpecification","valueRequired":true,"valueName":"search_term_string"}}],"inLanguage":"pt-BR"},{"@type":"Person","@id":"https:\/\/www.correiobraziliense.com.br\/cbradar\/#\/schema\/person\/58422787644df994b53a19d3e56c1513","name":"Larissa Carvalho","image":{"@type":"ImageObject","inLanguage":"pt-BR","@id":"https:\/\/www.correiobraziliense.com.br\/cbradar\/#\/schema\/person\/image\/","url":"https:\/\/secure.gravatar.com\/avatar\/fe4f91a0de32b52a838d0d612abdc1aa?s=96&d=mm&r=g","contentUrl":"https:\/\/secure.gravatar.com\/avatar\/fe4f91a0de32b52a838d0d612abdc1aa?s=96&d=mm&r=g","caption":"Larissa Carvalho"},"url":"https:\/\/www.correiobraziliense.com.br\/cbradar\/author\/larissamyth\/"}]}},"_links":{"self":[{"href":"https:\/\/www.correiobraziliense.com.br\/cbradar\/wp-json\/wp\/v2\/posts\/7567","targetHints":{"allow":["GET"]}}],"collection":[{"href":"https:\/\/www.correiobraziliense.com.br\/cbradar\/wp-json\/wp\/v2\/posts"}],"about":[{"href":"https:\/\/www.correiobraziliense.com.br\/cbradar\/wp-json\/wp\/v2\/types\/post"}],"author":[{"embeddable":true,"href":"https:\/\/www.correiobraziliense.com.br\/cbradar\/wp-json\/wp\/v2\/users\/3"}],"replies":[{"embeddable":true,"href":"https:\/\/www.correiobraziliense.com.br\/cbradar\/wp-json\/wp\/v2\/comments?post=7567"}],"version-history":[{"count":1,"href":"https:\/\/www.correiobraziliense.com.br\/cbradar\/wp-json\/wp\/v2\/posts\/7567\/revisions"}],"predecessor-version":[{"id":7576,"href":"https:\/\/www.correiobraziliense.com.br\/cbradar\/wp-json\/wp\/v2\/posts\/7567\/revisions\/7576"}],"wp:featuredmedia":[{"embeddable":true,"href":"https:\/\/www.correiobraziliense.com.br\/cbradar\/wp-json\/wp\/v2\/media\/7574"}],"wp:attachment":[{"href":"https:\/\/www.correiobraziliense.com.br\/cbradar\/wp-json\/wp\/v2\/media?parent=7567"}],"wp:term":[{"taxonomy":"category","embeddable":true,"href":"https:\/\/www.correiobraziliense.com.br\/cbradar\/wp-json\/wp\/v2\/categories?post=7567"},{"taxonomy":"post_tag","embeddable":true,"href":"https:\/\/www.correiobraziliense.com.br\/cbradar\/wp-json\/wp\/v2\/post_tag?post=7567"}],"curies":[{"name":"wp","href":"https:\/\/api.w.org\/{rel}","templated":true}]}}