{"id":75693,"date":"2025-07-27T17:23:00","date_gmt":"2025-07-27T20:23:00","guid":{"rendered":"https:\/\/www.correiobraziliense.com.br\/cbradar\/?p=75693"},"modified":"2025-07-26T17:53:35","modified_gmt":"2025-07-26T20:53:35","slug":"os-alimentos-que-voce-deve-evitar-para-se-manter-jovem-por-dentro-e-por-fora","status":"publish","type":"post","link":"https:\/\/www.correiobraziliense.com.br\/cbradar\/os-alimentos-que-voce-deve-evitar-para-se-manter-jovem-por-dentro-e-por-fora\/","title":{"rendered":"Os alimentos que voc\u00ea deve evitar para se manter jovem por dentro e por fora"},"content":{"rendered":"\n<p>A nossa <strong>dieta<\/strong> influencia n\u00e3o s\u00f3 a nossa <strong>sa\u00fade<\/strong>, mas tamb\u00e9m o processo de <strong>envelhecimento<\/strong> dos \u00f3rg\u00e3os e da pele. Existem certos alimentos que aceleram o envelhecimento. Neste artigo, explicamos quais alimentos devem ser evitados para se manter jovem por mais tempo.<\/p>\n\n\n\n<ul class=\"wp-block-list\">\n<li>As gorduras hidrogenadas presentes na margarina.<\/li>\n\n\n\n<li>A\u00e7\u00facares refinados que destroem o col\u00e1geno.<\/li>\n\n\n\n<li>Embutidos que desidratam a pele.<\/li>\n<\/ul>\n\n\n\n<h2 class=\"wp-block-heading\">Quais alimentos aceleram o envelhecimento?<\/h2>\n\n\n\n<p>Alguns alimentos cont\u00eam subst\u00e2ncias capazes de acelerar o <strong>envelhecimento<\/strong> dos \u00f3rg\u00e3os e da pele. \u00c9 essencial evitar ou limitar esses alimentos para manter uma apar\u00eancia jovem.<\/p>\n\n\n\n<h2 class=\"wp-block-heading\">Por que a margarina faz mal para a pele?<\/h2>\n\n\n\n<p>A <strong>margarina<\/strong> \u00e9 rica em gorduras hidrogenadas, tornando a pele mais sens\u00edvel \u00e0 radia\u00e7\u00e3o UV. O ideal \u00e9 optar pelo azeite extra virgem. Al\u00e9m disso, a margarina pode contribuir para processos inflamat\u00f3rios no organismo, afetando a elasticidade e a sa\u00fade da pele a longo prazo.<\/p>\n\n\n\n<figure class=\"wp-block-image size-large\"><img decoding=\"async\" width=\"1024\" height=\"576\" src=\"https:\/\/www.correiobraziliense.com.br\/cbradar\/wp-content\/uploads\/2025\/07\/pele-saudavel_1753563201208-1024x576.jpg\" alt=\"Os alimentos que voc\u00ea deve evitar para se manter jovem por dentro e por fora\" class=\"wp-image-75697\" srcset=\"https:\/\/www.correiobraziliense.com.br\/cbradar\/wp-content\/uploads\/2025\/07\/pele-saudavel_1753563201208-1024x576.jpg 1024w, https:\/\/www.correiobraziliense.com.br\/cbradar\/wp-content\/uploads\/2025\/07\/pele-saudavel_1753563201208-300x169.jpg 300w, https:\/\/www.correiobraziliense.com.br\/cbradar\/wp-content\/uploads\/2025\/07\/pele-saudavel_1753563201208-768x432.jpg 768w, https:\/\/www.correiobraziliense.com.br\/cbradar\/wp-content\/uploads\/2025\/07\/pele-saudavel_1753563201208-750x422.jpg 750w, https:\/\/www.correiobraziliense.com.br\/cbradar\/wp-content\/uploads\/2025\/07\/pele-saudavel_1753563201208-1140x641.jpg 1140w, https:\/\/www.correiobraziliense.com.br\/cbradar\/wp-content\/uploads\/2025\/07\/pele-saudavel_1753563201208.jpg 1280w\" sizes=\"(max-width: 1024px) 100vw, 1024px\" \/><figcaption class=\"wp-element-caption\">pele saud\u00e1vel. Cr\u00e9ditos: depositphotos.com \/ VitalikRadko<\/figcaption><\/figure>\n\n\n\n<h2 class=\"wp-block-heading\">A\u00e7\u00facares refinados afetam o col\u00e1geno?<\/h2>\n\n\n\n<p>Bebidas a\u00e7ucaradas, bolos industrializados e biscoitos cont\u00eam a\u00e7\u00facares refinados que prejudicam o <strong>col\u00e1geno<\/strong>, prote\u00edna essencial para a sa\u00fade da pele. O consumo deve ser evitado ou feito com modera\u00e7\u00e3o. Vale lembrar que o excesso de a\u00e7\u00facar tamb\u00e9m pode aumentar o risco de doen\u00e7as metab\u00f3licas, como diabetes, que afetam indiretamente o envelhecimento da pele.<\/p>\n\n\n\n<h2 class=\"wp-block-heading\">Como os embutidos afetam a pele?<\/h2>\n\n\n\n<p>Salame, salsicha e lingui\u00e7a cont\u00eam sulfitos e gorduras saturadas. Esses elementos desidratam a pele e facilitam o aparecimento de rugas. \u00c9 importante consumir carnes frescas e com baixo teor de gordura no lugar de embutidos industrializados.<\/p>\n\n\n\n<h2 class=\"wp-block-heading\">Quais os efeitos do \u00e1lcool no envelhecimento?<\/h2>\n\n\n\n<p>O <strong>\u00e1lcool<\/strong> desidrata o organismo, deixando a pele seca e sem brilho. O excesso de \u00e1lcool deixa os sinais da idade mais evidentes ao longo do tempo. Ainda, o consumo frequente pode prejudicar a absor\u00e7\u00e3o de vitaminas essenciais \u00e0 renova\u00e7\u00e3o celular, como a vitamina A e a vitamina C.<\/p>\n\n\n\n<h2 class=\"wp-block-heading\">Comida apimentada e ros\u00e1cea: qual \u00e9 a rela\u00e7\u00e3o?<\/h2>\n\n\n\n<p>Alimentos picantes podem causar inflama\u00e7\u00f5es e favorecer o surgimento da ros\u00e1cea na pele, por conta da ruptura de vasos sangu\u00edneos. Pessoas com tend\u00eancia \u00e0 vermelhid\u00e3o devem evitar esse tipo de alimento. Al\u00e9m disso, o excesso de pimenta pode aumentar a produ\u00e7\u00e3o de radicais livres, acelerando o desgaste celular.<\/p>\n\n\n\n<h2 class=\"wp-block-heading\">Alternativa saud\u00e1vel para a dieta di\u00e1ria<\/h2>\n\n\n\n<p>Uma alimenta\u00e7\u00e3o equilibrada deve incluir leguminosas, cereais integrais, peixes, frutas, verduras, azeite extra virgem e prote\u00ednas magras. Al\u00e9m disso, a hidrata\u00e7\u00e3o adequada \u00e9 fundamental para manter a sa\u00fade da pele. Considere incluir fontes de antioxidantes, como frutas vermelhas e ch\u00e1 verde, que ajudam a combater o envelhecimento celular.<\/p>\n\n\n\n<h2 class=\"wp-block-heading\">Retarde o envelhecimento com uma dieta balanceada<\/h2>\n\n\n\n<ul class=\"wp-block-list\">\n<li>Evitar alimentos ricos em gorduras hidrogenadas e a\u00e7\u00facares refinados ajuda a manter a pele mais jovem.<\/li>\n\n\n\n<li>Limitar o consumo de \u00e1lcool e embutidos previne a desidrata\u00e7\u00e3o e o envelhecimento precoce da pele.<\/li>\n\n\n\n<li>Adotar uma dieta rica em frutas, verduras e prote\u00ednas saud\u00e1veis \u00e9 essencial para um envelhecimento saud\u00e1vel. Praticar exerc\u00edcios f\u00edsicos regularmente e dormir bem tamb\u00e9m contribui para uma pele mais bonita.<\/li>\n<\/ul>\n","protected":false},"excerpt":{"rendered":"<p>Dietas certas podem retardar o envelhecimento. Descubra alimentos que evitam rugas e mantenha-se jovem! Dicas para uma pele saud\u00e1vel.<\/p>\n","protected":false},"author":3,"featured_media":75696,"comment_status":"open","ping_status":"open","sticky":false,"template":"","format":"standard","meta":{"_yoast_wpseo_focuskw":"alimentos deve evitar","_yoast_wpseo_title":"%%title%%","_yoast_wpseo_metadesc":"Dietas certas podem retardar o envelhecimento. Descubra alimentos que evitam rugas e mantenha-se jovem! Dicas para uma pele saud\u00e1vel.","jnews-multi-image_gallery":[],"jnews_single_post":{"format":"standard"},"jnews_primary_category":[],"jnews_social_meta":[],"jnews_override_counter":[],"footnotes":""},"categories":[112],"tags":[1423,144,1225],"class_list":["post-75693","post","type-post","status-publish","format-standard","has-post-thumbnail","hentry","category-curiosidades","tag-alimentos","tag-curiosidades","tag-envelhecimento"],"yoast_head":"<!-- This site is optimized with the Yoast SEO plugin v24.6 - https:\/\/yoast.com\/wordpress\/plugins\/seo\/ -->\n<title>Os alimentos que voc\u00ea deve evitar para se manter jovem por dentro e por fora<\/title>\n<meta name=\"description\" content=\"Dietas certas podem retardar o envelhecimento. Descubra alimentos que evitam rugas e mantenha-se jovem! Dicas para uma pele saud\u00e1vel.\" \/>\n<meta name=\"robots\" content=\"index, follow, max-snippet:-1, max-image-preview:large, max-video-preview:-1\" \/>\n<link rel=\"canonical\" href=\"https:\/\/www.correiobraziliense.com.br\/cbradar\/os-alimentos-que-voce-deve-evitar-para-se-manter-jovem-por-dentro-e-por-fora\/\" \/>\n<meta property=\"og:locale\" content=\"pt_BR\" \/>\n<meta property=\"og:type\" content=\"article\" \/>\n<meta property=\"og:title\" content=\"Os alimentos que voc\u00ea deve evitar para se manter jovem por dentro e por fora\" \/>\n<meta property=\"og:description\" content=\"Dietas certas podem retardar o envelhecimento. Descubra alimentos que evitam rugas e mantenha-se jovem! Dicas para uma pele saud\u00e1vel.\" \/>\n<meta property=\"og:url\" content=\"https:\/\/www.correiobraziliense.com.br\/cbradar\/os-alimentos-que-voce-deve-evitar-para-se-manter-jovem-por-dentro-e-por-fora\/\" \/>\n<meta property=\"og:site_name\" content=\"Correio Braziliense - Radar\" \/>\n<meta property=\"article:published_time\" content=\"2025-07-27T20:23:00+00:00\" \/>\n<meta property=\"og:image\" content=\"https:\/\/www.correiobraziliense.com.br\/cbradar\/wp-content\/uploads\/2025\/07\/pele-saudavel_1753563176300.jpg\" \/>\n\t<meta property=\"og:image:width\" content=\"1280\" \/>\n\t<meta property=\"og:image:height\" content=\"720\" \/>\n\t<meta property=\"og:image:type\" content=\"image\/jpeg\" \/>\n<meta name=\"author\" content=\"Larissa Carvalho\" \/>\n<meta name=\"twitter:card\" content=\"summary_large_image\" \/>\n<meta name=\"twitter:label1\" content=\"Escrito por\" \/>\n\t<meta name=\"twitter:data1\" content=\"Larissa Carvalho\" \/>\n\t<meta name=\"twitter:label2\" content=\"Est. tempo de leitura\" \/>\n\t<meta name=\"twitter:data2\" content=\"4 minutos\" \/>\n<!-- \/ Yoast SEO plugin. -->","yoast_head_json":{"title":"Os alimentos que voc\u00ea deve evitar para se manter jovem por dentro e por fora","description":"Dietas certas podem retardar o envelhecimento. Descubra alimentos que evitam rugas e mantenha-se jovem! Dicas para uma pele saud\u00e1vel.","robots":{"index":"index","follow":"follow","max-snippet":"max-snippet:-1","max-image-preview":"max-image-preview:large","max-video-preview":"max-video-preview:-1"},"canonical":"https:\/\/www.correiobraziliense.com.br\/cbradar\/os-alimentos-que-voce-deve-evitar-para-se-manter-jovem-por-dentro-e-por-fora\/","og_locale":"pt_BR","og_type":"article","og_title":"Os alimentos que voc\u00ea deve evitar para se manter jovem por dentro e por fora","og_description":"Dietas certas podem retardar o envelhecimento. Descubra alimentos que evitam rugas e mantenha-se jovem! Dicas para uma pele saud\u00e1vel.","og_url":"https:\/\/www.correiobraziliense.com.br\/cbradar\/os-alimentos-que-voce-deve-evitar-para-se-manter-jovem-por-dentro-e-por-fora\/","og_site_name":"Correio Braziliense - Radar","article_published_time":"2025-07-27T20:23:00+00:00","og_image":[{"width":1280,"height":720,"url":"https:\/\/www.correiobraziliense.com.br\/cbradar\/wp-content\/uploads\/2025\/07\/pele-saudavel_1753563176300.jpg","type":"image\/jpeg"}],"author":"Larissa Carvalho","twitter_card":"summary_large_image","twitter_misc":{"Escrito por":"Larissa Carvalho","Est. tempo de leitura":"4 minutos"},"schema":{"@context":"https:\/\/schema.org","@graph":[{"@type":"WebPage","@id":"https:\/\/www.correiobraziliense.com.br\/cbradar\/os-alimentos-que-voce-deve-evitar-para-se-manter-jovem-por-dentro-e-por-fora\/","url":"https:\/\/www.correiobraziliense.com.br\/cbradar\/os-alimentos-que-voce-deve-evitar-para-se-manter-jovem-por-dentro-e-por-fora\/","name":"Os alimentos que voc\u00ea deve evitar para se manter jovem por dentro e por fora","isPartOf":{"@id":"https:\/\/www.correiobraziliense.com.br\/cbradar\/#website"},"primaryImageOfPage":{"@id":"https:\/\/www.correiobraziliense.com.br\/cbradar\/os-alimentos-que-voce-deve-evitar-para-se-manter-jovem-por-dentro-e-por-fora\/#primaryimage"},"image":{"@id":"https:\/\/www.correiobraziliense.com.br\/cbradar\/os-alimentos-que-voce-deve-evitar-para-se-manter-jovem-por-dentro-e-por-fora\/#primaryimage"},"thumbnailUrl":"https:\/\/www.correiobraziliense.com.br\/cbradar\/wp-content\/uploads\/2025\/07\/pele-saudavel_1753563176300.jpg","datePublished":"2025-07-27T20:23:00+00:00","author":{"@id":"https:\/\/www.correiobraziliense.com.br\/cbradar\/#\/schema\/person\/58422787644df994b53a19d3e56c1513"},"description":"Dietas certas podem retardar o envelhecimento. Descubra alimentos que evitam rugas e mantenha-se jovem! Dicas para uma pele saud\u00e1vel.","breadcrumb":{"@id":"https:\/\/www.correiobraziliense.com.br\/cbradar\/os-alimentos-que-voce-deve-evitar-para-se-manter-jovem-por-dentro-e-por-fora\/#breadcrumb"},"inLanguage":"pt-BR","potentialAction":[{"@type":"ReadAction","target":["https:\/\/www.correiobraziliense.com.br\/cbradar\/os-alimentos-que-voce-deve-evitar-para-se-manter-jovem-por-dentro-e-por-fora\/"]}]},{"@type":"ImageObject","inLanguage":"pt-BR","@id":"https:\/\/www.correiobraziliense.com.br\/cbradar\/os-alimentos-que-voce-deve-evitar-para-se-manter-jovem-por-dentro-e-por-fora\/#primaryimage","url":"https:\/\/www.correiobraziliense.com.br\/cbradar\/wp-content\/uploads\/2025\/07\/pele-saudavel_1753563176300.jpg","contentUrl":"https:\/\/www.correiobraziliense.com.br\/cbradar\/wp-content\/uploads\/2025\/07\/pele-saudavel_1753563176300.jpg","width":1280,"height":720,"caption":"pele saud\u00e1vel. Cr\u00e9ditos: depositphotos.com \/ AllaSerebrina"},{"@type":"BreadcrumbList","@id":"https:\/\/www.correiobraziliense.com.br\/cbradar\/os-alimentos-que-voce-deve-evitar-para-se-manter-jovem-por-dentro-e-por-fora\/#breadcrumb","itemListElement":[{"@type":"ListItem","position":1,"name":"In\u00edcio","item":"https:\/\/www.correiobraziliense.com.br\/cbradar\/"},{"@type":"ListItem","position":2,"name":"Os alimentos que voc\u00ea deve evitar para se manter jovem por dentro e por fora"}]},{"@type":"WebSite","@id":"https:\/\/www.correiobraziliense.com.br\/cbradar\/#website","url":"https:\/\/www.correiobraziliense.com.br\/cbradar\/","name":"Correio Braziliense - Radar","description":"Acompanhe as \u00faltimas not\u00edcias e fique bem informado sobre tudo o que acontece no Brasil e no mundo.","potentialAction":[{"@type":"SearchAction","target":{"@type":"EntryPoint","urlTemplate":"https:\/\/www.correiobraziliense.com.br\/cbradar\/?s={search_term_string}"},"query-input":{"@type":"PropertyValueSpecification","valueRequired":true,"valueName":"search_term_string"}}],"inLanguage":"pt-BR"},{"@type":"Person","@id":"https:\/\/www.correiobraziliense.com.br\/cbradar\/#\/schema\/person\/58422787644df994b53a19d3e56c1513","name":"Larissa Carvalho","image":{"@type":"ImageObject","inLanguage":"pt-BR","@id":"https:\/\/www.correiobraziliense.com.br\/cbradar\/#\/schema\/person\/image\/","url":"https:\/\/secure.gravatar.com\/avatar\/fe4f91a0de32b52a838d0d612abdc1aa?s=96&d=mm&r=g","contentUrl":"https:\/\/secure.gravatar.com\/avatar\/fe4f91a0de32b52a838d0d612abdc1aa?s=96&d=mm&r=g","caption":"Larissa Carvalho"},"url":"https:\/\/www.correiobraziliense.com.br\/cbradar\/author\/larissamyth\/"}]}},"_links":{"self":[{"href":"https:\/\/www.correiobraziliense.com.br\/cbradar\/wp-json\/wp\/v2\/posts\/75693","targetHints":{"allow":["GET"]}}],"collection":[{"href":"https:\/\/www.correiobraziliense.com.br\/cbradar\/wp-json\/wp\/v2\/posts"}],"about":[{"href":"https:\/\/www.correiobraziliense.com.br\/cbradar\/wp-json\/wp\/v2\/types\/post"}],"author":[{"embeddable":true,"href":"https:\/\/www.correiobraziliense.com.br\/cbradar\/wp-json\/wp\/v2\/users\/3"}],"replies":[{"embeddable":true,"href":"https:\/\/www.correiobraziliense.com.br\/cbradar\/wp-json\/wp\/v2\/comments?post=75693"}],"version-history":[{"count":2,"href":"https:\/\/www.correiobraziliense.com.br\/cbradar\/wp-json\/wp\/v2\/posts\/75693\/revisions"}],"predecessor-version":[{"id":75698,"href":"https:\/\/www.correiobraziliense.com.br\/cbradar\/wp-json\/wp\/v2\/posts\/75693\/revisions\/75698"}],"wp:featuredmedia":[{"embeddable":true,"href":"https:\/\/www.correiobraziliense.com.br\/cbradar\/wp-json\/wp\/v2\/media\/75696"}],"wp:attachment":[{"href":"https:\/\/www.correiobraziliense.com.br\/cbradar\/wp-json\/wp\/v2\/media?parent=75693"}],"wp:term":[{"taxonomy":"category","embeddable":true,"href":"https:\/\/www.correiobraziliense.com.br\/cbradar\/wp-json\/wp\/v2\/categories?post=75693"},{"taxonomy":"post_tag","embeddable":true,"href":"https:\/\/www.correiobraziliense.com.br\/cbradar\/wp-json\/wp\/v2\/tags?post=75693"}],"curies":[{"name":"wp","href":"https:\/\/api.w.org\/{rel}","templated":true}]}}