{"id":75714,"date":"2025-07-27T21:43:00","date_gmt":"2025-07-28T00:43:00","guid":{"rendered":"https:\/\/www.correiobraziliense.com.br\/cbradar\/?p=75714"},"modified":"2025-07-27T02:32:03","modified_gmt":"2025-07-27T05:32:03","slug":"esse-e-o-lugar-onde-viver-bem-custa-menos-do-que-voce-imagina","status":"publish","type":"post","link":"https:\/\/www.correiobraziliense.com.br\/cbradar\/esse-e-o-lugar-onde-viver-bem-custa-menos-do-que-voce-imagina\/","title":{"rendered":"Esse \u00e9 o lugar onde viver bem custa menos do que voc\u00ea imagina"},"content":{"rendered":"\n<p><strong><a href=\"https:\/\/www.sorocaba.sp.gov.br\/\" target=\"_blank\" rel=\"noreferrer noopener\">Sorocaba<\/a><\/strong>, no interior de <strong>S\u00e3o Paulo<\/strong>, <strong>Brasil<\/strong>, a 100 km de <strong>S\u00e3o Paulo<\/strong> e pr\u00f3xima a <strong>Itu<\/strong> e <strong>Votorantim<\/strong>, \u00e9 conhecida como \u201c<strong>Manchester Paulista<\/strong>\u201d. Com uma economia diversificada e qualidade de vida elevada, esse lugar \u00e9 ideal para morar. Vivencie o que torna esta cidade um destino vibrante para estabelecer resid\u00eancia.<\/p>\n\n\n\n<ul class=\"wp-block-list\">\n<li>Economia robusta com ind\u00fastria diversificada e setor de servi\u00e7os em crescimento.<\/li>\n\n\n\n<li>Infraestrutura urbana moderna com amplo programa de mobilidade urbana.<\/li>\n\n\n\n<li>Qualidade de vida elevada com parques, cultura e educa\u00e7\u00e3o de qualidade.<\/li>\n<\/ul>\n\n\n\n<h2 class=\"wp-block-heading\">Por que morar em Sorocaba?<\/h2>\n\n\n\n<p><strong>Sorocaba<\/strong> possui um IDH de 0,798, segundo o <strong><strong>Programa das Na\u00e7\u00f5es Unidas para o Desenvolvimento<\/strong><\/strong>. A economia \u00e9 movida por ind\u00fastria, com\u00e9rcio e servi\u00e7os, conforme a <strong>Prefeitura de Sorocaba<\/strong>.<\/p>\n\n\n\n<p>Com cerca de 723.682 habitantes, segundo o <strong>IBGE<\/strong>, a cidade oferece infraestrutura completa de sa\u00fade, educa\u00e7\u00e3o e mobilidade urbana. A seguran\u00e7a \u00e9 refor\u00e7ada em \u00e1reas residenciais com policiamento comunit\u00e1rio.<\/p>\n\n\n\n<p>O custo de vida \u00e9 mais acess\u00edvel que na capital paulista, com alugu\u00e9is at\u00e9 40% mais baratos. <strong>Sorocaba<\/strong> concentra universidades renomadas e hospitais de refer\u00eancia regional.<\/p>\n\n\n\n<p>A cidade investe constantemente em mobilidade urbana atrav\u00e9s do programa \u201c<strong>Sorocaba Tem Pressa<\/strong>\u201d, com mais de 30 obras previstas at\u00e9 2024.<\/p>\n\n\n<div class=\"wp-block-image\">\n<figure class=\"aligncenter size-large\"><img decoding=\"async\" width=\"1024\" height=\"576\" src=\"https:\/\/www.correiobraziliense.com.br\/cbradar\/wp-content\/uploads\/2025\/02\/Sorocaba_1740204500202-1024x576.jpg\" alt=\"Esssa cidade do interior de S\u00e3o Paulo encanta brasileiros e o mundo!\" class=\"wp-image-5003\" srcset=\"https:\/\/www.correiobraziliense.com.br\/cbradar\/wp-content\/uploads\/2025\/02\/Sorocaba_1740204500202-1024x576.jpg 1024w, https:\/\/www.correiobraziliense.com.br\/cbradar\/wp-content\/uploads\/2025\/02\/Sorocaba_1740204500202-300x169.jpg 300w, https:\/\/www.correiobraziliense.com.br\/cbradar\/wp-content\/uploads\/2025\/02\/Sorocaba_1740204500202-768x432.jpg 768w, https:\/\/www.correiobraziliense.com.br\/cbradar\/wp-content\/uploads\/2025\/02\/Sorocaba_1740204500202-750x422.jpg 750w, https:\/\/www.correiobraziliense.com.br\/cbradar\/wp-content\/uploads\/2025\/02\/Sorocaba_1740204500202-1140x641.jpg 1140w, https:\/\/www.correiobraziliense.com.br\/cbradar\/wp-content\/uploads\/2025\/02\/Sorocaba_1740204500202.jpg 1280w\" sizes=\"(max-width: 1024px) 100vw, 1024px\" \/><figcaption class=\"wp-element-caption\">Sorocaba \/\/ Cr\u00e9ditos: depositphotos.com \/ snehitdesign<\/figcaption><\/figure><\/div>\n\n\n<h2 class=\"wp-block-heading\">Quais s\u00e3o os melhores bairros para morar em Sorocaba?<\/h2>\n\n\n\n<p>O <strong>Centro<\/strong> \u00e9 vibrante, com com\u00e9rcio diversificado e acesso ao <strong>Teatro Municipal<\/strong> e \u00e0 <strong>Catedral Metropolitana<\/strong>. Ideal para quem busca praticidade e vida urbana intensa.<\/p>\n\n\n\n<p>O <strong>Jardim Vergueiro<\/strong> oferece tranquilidade residencial com proximidade ao <strong>Shopping Iguatemi Sorocaba<\/strong>. \u00c9 procurado por fam\u00edlias que valorizam seguran\u00e7a e infraestrutura completa.<\/p>\n\n\n\n<p>A <strong>Vila Hort\u00eancia<\/strong> combina tradi\u00e7\u00e3o e modernidade, pr\u00f3xima ao <strong>Parque da Biquinha<\/strong>. Residencial consolidado com excelente transporte p\u00fablico.<\/p>\n\n\n\n<p>O <strong>Campolim<\/strong> \u00e9 sofisticado, com casas de alto padr\u00e3o e condom\u00ednios fechados. Regi\u00e3o nobre da cidade, pr\u00f3xima a clubes e \u00e1reas verdes.<\/p>\n\n\n\n<p><strong>Vila Carvalho<\/strong> atrai jovens profissionais pela proximidade a empresas e universidades. Bairro em expans\u00e3o com boa oferta de servi\u00e7os.<\/p>\n\n\n\n<h2 class=\"wp-block-heading\">Quais s\u00e3o as principais atra\u00e7\u00f5es tur\u00edsticas de Sorocaba?<\/h2>\n\n\n\n<p>O <strong>Parque Zool\u00f3gico Municipal Quinzinho de Barros<\/strong> encanta com mais de 1.200 animais de 200 esp\u00e9cies diferentes. \u00c9 um dos maiores zool\u00f3gicos do interior paulista, segundo o <strong>Melhores Destinos<\/strong>.<\/p>\n\n\n\n<p>O <strong>Teatro Municipal Teot\u00f4nio Vilela<\/strong> impressiona pela arquitetura neocl\u00e1ssica e programa\u00e7\u00e3o cultural diversificada. Palco de espet\u00e1culos nacionais e internacionais, \u00e9 refer\u00eancia cultural regional.<\/p>\n\n\n\n<p>A <strong>Catedral Metropolitana de Sorocaba<\/strong> destaca-se pela imponente arquitetura g\u00f3tica e vitrais coloridos. Marco religioso e arquitet\u00f4nico da cidade, atrai visitantes pela beleza e hist\u00f3ria.<\/p>\n\n\n\n<p>O <strong>Shopping Iguatemi Sorocaba<\/strong> oferece entretenimento, gastronomia e compras em espa\u00e7o moderno. Centro de conviv\u00eancia social com cinema, pra\u00e7a de alimenta\u00e7\u00e3o e eventos culturais.<\/p>\n\n\n\n<p>O <strong>Parque da Biquinha<\/strong> proporciona contato com a natureza atrav\u00e9s de trilhas, lagos e \u00e1rea de lazer. Espa\u00e7o ideal para atividades ao ar livre e eventos familiares.<\/p>\n\n\n\n<ul class=\"wp-block-list\">\n<li><strong>Parque Zool\u00f3gico Municipal<\/strong>: Mais de 1.200 animais e educa\u00e7\u00e3o ambiental.<\/li>\n\n\n\n<li><strong>Teatro Municipal<\/strong>: Programa\u00e7\u00e3o cultural diversificada em arquitetura hist\u00f3rica.<\/li>\n\n\n\n<li><strong>Catedral Metropolitana<\/strong>: Arquitetura g\u00f3tica e import\u00e2ncia religiosa.<\/li>\n\n\n\n<li><strong>Shopping Iguatemi<\/strong>: Centro de entretenimento e compras.<\/li>\n\n\n\n<li><strong>Parque da Biquinha<\/strong>: Natureza e lazer em \u00e1rea verde preservada.<\/li>\n<\/ul>\n\n\n<div class=\"wp-block-image\">\n<figure class=\"aligncenter size-large\"><img decoding=\"async\" width=\"1024\" height=\"576\" src=\"https:\/\/www.correiobraziliense.com.br\/cbradar\/wp-content\/uploads\/2025\/02\/Sorocaba_1740204490407-1024x576.jpg\" alt=\"Esssa cidade do interior de S\u00e3o Paulo encanta brasileiros e o mundo!\" class=\"wp-image-5001\" srcset=\"https:\/\/www.correiobraziliense.com.br\/cbradar\/wp-content\/uploads\/2025\/02\/Sorocaba_1740204490407-1024x576.jpg 1024w, https:\/\/www.correiobraziliense.com.br\/cbradar\/wp-content\/uploads\/2025\/02\/Sorocaba_1740204490407-300x169.jpg 300w, https:\/\/www.correiobraziliense.com.br\/cbradar\/wp-content\/uploads\/2025\/02\/Sorocaba_1740204490407-768x432.jpg 768w, https:\/\/www.correiobraziliense.com.br\/cbradar\/wp-content\/uploads\/2025\/02\/Sorocaba_1740204490407-750x422.jpg 750w, https:\/\/www.correiobraziliense.com.br\/cbradar\/wp-content\/uploads\/2025\/02\/Sorocaba_1740204490407-1140x641.jpg 1140w, https:\/\/www.correiobraziliense.com.br\/cbradar\/wp-content\/uploads\/2025\/02\/Sorocaba_1740204490407.jpg 1280w\" sizes=\"(max-width: 1024px) 100vw, 1024px\" \/><figcaption class=\"wp-element-caption\">Sorocaba \/\/ Cr\u00e9ditos: depositphotos.com \/ snehitdesign<\/figcaption><\/figure><\/div>\n\n\n<h2 class=\"wp-block-heading\">Como \u00e9 a vida cultural em Sorocaba?<\/h2>\n\n\n\n<p><strong>Sorocaba<\/strong> vibra com o <strong>Festival de Inverno de Sorocaba<\/strong>, que re\u00fane m\u00fasica, teatro e dan\u00e7a durante o m\u00eas de julho. O <strong>Centro Cultural<\/strong> oferece exposi\u00e7\u00f5es permanentes e tempor\u00e1rias.<\/p>\n\n\n\n<p>A gastronomia local destaca pratos da culin\u00e1ria italiana e alem\u00e3, heran\u00e7a dos imigrantes. Restaurantes no <strong>Centro Hist\u00f3rico<\/strong> preservam tradi\u00e7\u00f5es culin\u00e1rias centen\u00e1rias.<\/p>\n\n\n\n<p>Feiras livres no <strong>Largo S\u00e3o Bento<\/strong> oferecem produtos regionais e artesanato t\u00edpico. A <strong>Casa do Artes\u00e3o<\/strong> promove o trabalho de artistas locais.<\/p>\n\n\n\n<h2 class=\"wp-block-heading\">Por que Sorocaba \u00e9 refer\u00eancia em desenvolvimento industrial?<\/h2>\n\n\n\n<p><strong>Sorocaba<\/strong> \u00e9 reconhecida pela diversifica\u00e7\u00e3o industrial, com destaque para metalurgia, t\u00eaxtil e tecnologia, segundo a <strong>Secretaria de Desenvolvimento Econ\u00f4mico de Sorocaba<\/strong>. O <strong>Distrito Industrial<\/strong> concentra empresas multinacionais e nacionais.<\/p>\n\n\n\n<p>A cidade possui localiza\u00e7\u00e3o estrat\u00e9gica com acesso \u00e0s principais rodovias paulistas: <strong>Castello Branco<\/strong>, <strong>Santos Dumont<\/strong> e <strong>Raposo Tavares<\/strong>. Essa posi\u00e7\u00e3o facilita o escoamento da produ\u00e7\u00e3o e atrai investimentos.<\/p>\n\n\n\n<p>O <strong>Parque Tecnol\u00f3gico de Sorocaba<\/strong> fomenta inova\u00e7\u00e3o e pesquisa em parceria com universidades locais. Empresas de tecnologia encontram ambiente prop\u00edcio para desenvolvimento.<\/p>\n\n\n\n<h2 class=\"wp-block-heading\">A origem do apelido \u201cManchester Paulista\u201d<\/h2>\n\n\n\n<p><strong>Sorocaba<\/strong> ganhou o apelido &#8220;<strong>Manchester Paulista<\/strong>&#8221; no s\u00e9culo XIX devido ao intenso desenvolvimento industrial t\u00eaxtil. A compara\u00e7\u00e3o com <strong>Manchester<\/strong>, <strong>Inglaterra<\/strong>, surgiu pela similaridade na produ\u00e7\u00e3o de tecidos e crescimento urbano acelerado.<\/p>\n\n\n\n<p>As f\u00e1bricas de tecido transformaram a paisagem urbana e atra\u00edram trabalhadores de diversas regi\u00f5es. O apelido permanece at\u00e9 hoje, simbolizando a voca\u00e7\u00e3o industrial da cidade.<\/p>\n\n\n\n<p>A <strong>F\u00e1brica Santa Ros\u00e1lia<\/strong>, inaugurada em 1882, foi uma das pioneiras do setor t\u00eaxtil regional. Seu patrim\u00f4nio arquitet\u00f4nico industrial \u00e9 preservado como mem\u00f3ria hist\u00f3rica.<\/p>\n\n\n\n<h2 class=\"wp-block-heading\">Melhor \u00e9poca para visitar Sorocaba?<\/h2>\n\n\n\n<p>Entre <strong>abril<\/strong> e <strong>setembro<\/strong>, <strong>Sorocaba<\/strong> tem temperaturas entre 15\u00b0C e 25\u00b0C, segundo o <strong>Climatempo<\/strong>. O inverno seco \u00e9 ideal para atividades ao ar livre e eventos culturais.<\/p>\n\n\n\n<p>O <strong>Festival de Inverno<\/strong> em julho atrai milhares de visitantes para espet\u00e1culos e workshops. A cidade fica mais movimentada com turismo cultural e gastron\u00f4mico.<\/p>\n\n\n\n<p>Os meses de <strong>outubro<\/strong> a <strong>mar\u00e7o<\/strong> registram mais chuvas, mas oferecem vegeta\u00e7\u00e3o exuberante nos parques. O ver\u00e3o \u00e9 perfeito para aproveitar \u00e1reas verdes e piscinas.<\/p>\n\n\n\n<p>A <strong>Festa do Divino Esp\u00edrito Santo<\/strong>, em maio, combina tradi\u00e7\u00e3o religiosa com clima ameno. Prociss\u00f5es e festividades ocorrem com tempo seco e agrad\u00e1vel.<\/p>\n\n\n\n<p><strong>Leia tamb\u00e9m:<a href=\"https:\/\/www.correiobraziliense.com.br\/cbradar\/poucos-sabem-mas-essa-cidade-esta-entre-as-melhores-para-viver\/\" target=\"_blank\" rel=\"noreferrer noopener\"> Poucos sabem, mas essa cidade est\u00e1 entre as melhores para viver<\/a><\/strong>.<\/p>\n\n\n\n<h2 class=\"wp-block-heading\">Vivencie Sorocaba<\/h2>\n\n\n\n<p><strong>Sorocaba<\/strong> une desenvolvimento econ\u00f4mico, qualidade de vida e rica vida cultural em <strong>S\u00e3o Paulo<\/strong>. Do <strong>Parque Zool\u00f3gico<\/strong> ao <strong>Festival de Inverno<\/strong>, \u00e9 uma cidade completa para estabelecer resid\u00eancia. Planeje sua mudan\u00e7a para viver o crescimento e as oportunidades de <strong>Sorocaba<\/strong>.<\/p>\n\n\n\n<ul class=\"wp-block-list\">\n<li>Economia diversificada com oportunidades em ind\u00fastria e servi\u00e7os.<\/li>\n\n\n\n<li>Infraestrutura urbana moderna com programa de mobilidade em execu\u00e7\u00e3o.<\/li>\n\n\n\n<li>Vida cultural intensa com festivais, teatro e gastronomia tradicional.<\/li>\n<\/ul>\n","protected":false},"excerpt":{"rendered":"<p>Sorocaba, no interior de S\u00e3o Paulo, Brasil, a 100 km de S\u00e3o Paulo e pr\u00f3xima a Itu e Votorantim, \u00e9 conhecida como \u201cManchester Paulista\u201d. Com uma economia diversificada e qualidade de vida elevada, esse lugar \u00e9 ideal para morar. Vivencie o que torna esta cidade um destino vibrante para estabelecer resid\u00eancia. Por que morar em [&hellip;]<\/p>\n","protected":false},"author":8,"featured_media":56748,"comment_status":"open","ping_status":"open","sticky":false,"template":"","format":"standard","meta":{"_yoast_wpseo_focuskw":"esse","_yoast_wpseo_title":"","_yoast_wpseo_metadesc":"Esse lugar surpreende com custo de vida acess\u00edvel e alta qualidade de vida. Um destino ideal para quem busca bem-estar.","jnews-multi-image_gallery":[],"jnews_single_post":{"format":"standard"},"jnews_primary_category":[],"jnews_social_meta":[],"jnews_override_counter":[],"footnotes":""},"categories":[108,111],"post_tag":[225,278,6866],"class_list":["post-75714","post","type-post","status-publish","format-standard","has-post-thumbnail","hentry","category-cidades","category-turismo","tag-brasil","tag-sao-paulo","tag-sorocaba"],"yoast_head":"<!-- This site is optimized with the Yoast SEO plugin v24.6 - https:\/\/yoast.com\/wordpress\/plugins\/seo\/ -->\n<title>Esse \u00e9 o lugar onde viver bem custa menos do que voc\u00ea imagina - Correio Braziliense - Radar<\/title>\n<meta name=\"description\" content=\"Esse lugar surpreende com custo de vida acess\u00edvel e alta qualidade de vida. Um destino ideal para quem busca bem-estar.\" \/>\n<meta name=\"robots\" content=\"index, follow, max-snippet:-1, max-image-preview:large, max-video-preview:-1\" \/>\n<link rel=\"canonical\" href=\"https:\/\/www.correiobraziliense.com.br\/cbradar\/esse-e-o-lugar-onde-viver-bem-custa-menos-do-que-voce-imagina\/\" \/>\n<meta property=\"og:locale\" content=\"pt_BR\" \/>\n<meta property=\"og:type\" content=\"article\" \/>\n<meta property=\"og:title\" content=\"Esse \u00e9 o lugar onde viver bem custa menos do que voc\u00ea imagina - Correio Braziliense - Radar\" \/>\n<meta property=\"og:description\" content=\"Esse lugar surpreende com custo de vida acess\u00edvel e alta qualidade de vida. Um destino ideal para quem busca bem-estar.\" \/>\n<meta property=\"og:url\" content=\"https:\/\/www.correiobraziliense.com.br\/cbradar\/esse-e-o-lugar-onde-viver-bem-custa-menos-do-que-voce-imagina\/\" \/>\n<meta property=\"og:site_name\" content=\"Correio Braziliense - Radar\" \/>\n<meta property=\"article:published_time\" content=\"2025-07-28T00:43:00+00:00\" \/>\n<meta property=\"og:image\" content=\"https:\/\/www.correiobraziliense.com.br\/cbradar\/wp-content\/uploads\/2025\/06\/Sorocaba_1750482701932.jpg\" \/>\n\t<meta property=\"og:image:width\" content=\"1280\" \/>\n\t<meta property=\"og:image:height\" content=\"720\" \/>\n\t<meta property=\"og:image:type\" content=\"image\/jpeg\" \/>\n<meta name=\"author\" content=\"Maura Pereira\" \/>\n<meta name=\"twitter:card\" content=\"summary_large_image\" \/>\n<meta name=\"twitter:label1\" content=\"Escrito por\" \/>\n\t<meta name=\"twitter:data1\" content=\"Maura Pereira\" \/>\n\t<meta name=\"twitter:label2\" content=\"Est. tempo de leitura\" \/>\n\t<meta name=\"twitter:data2\" content=\"6 minutos\" \/>\n<!-- \/ Yoast SEO plugin. -->","yoast_head_json":{"title":"Esse \u00e9 o lugar onde viver bem custa menos do que voc\u00ea imagina - Correio Braziliense - Radar","description":"Esse lugar surpreende com custo de vida acess\u00edvel e alta qualidade de vida. Um destino ideal para quem busca bem-estar.","robots":{"index":"index","follow":"follow","max-snippet":"max-snippet:-1","max-image-preview":"max-image-preview:large","max-video-preview":"max-video-preview:-1"},"canonical":"https:\/\/www.correiobraziliense.com.br\/cbradar\/esse-e-o-lugar-onde-viver-bem-custa-menos-do-que-voce-imagina\/","og_locale":"pt_BR","og_type":"article","og_title":"Esse \u00e9 o lugar onde viver bem custa menos do que voc\u00ea imagina - Correio Braziliense - Radar","og_description":"Esse lugar surpreende com custo de vida acess\u00edvel e alta qualidade de vida. Um destino ideal para quem busca bem-estar.","og_url":"https:\/\/www.correiobraziliense.com.br\/cbradar\/esse-e-o-lugar-onde-viver-bem-custa-menos-do-que-voce-imagina\/","og_site_name":"Correio Braziliense - Radar","article_published_time":"2025-07-28T00:43:00+00:00","og_image":[{"width":1280,"height":720,"url":"https:\/\/www.correiobraziliense.com.br\/cbradar\/wp-content\/uploads\/2025\/06\/Sorocaba_1750482701932.jpg","type":"image\/jpeg"}],"author":"Maura Pereira","twitter_card":"summary_large_image","twitter_misc":{"Escrito por":"Maura Pereira","Est. tempo de leitura":"6 minutos"},"schema":{"@context":"https:\/\/schema.org","@graph":[{"@type":"WebPage","@id":"https:\/\/www.correiobraziliense.com.br\/cbradar\/esse-e-o-lugar-onde-viver-bem-custa-menos-do-que-voce-imagina\/","url":"https:\/\/www.correiobraziliense.com.br\/cbradar\/esse-e-o-lugar-onde-viver-bem-custa-menos-do-que-voce-imagina\/","name":"Esse \u00e9 o lugar onde viver bem custa menos do que voc\u00ea imagina - Correio Braziliense - Radar","isPartOf":{"@id":"https:\/\/www.correiobraziliense.com.br\/cbradar\/#website"},"primaryImageOfPage":{"@id":"https:\/\/www.correiobraziliense.com.br\/cbradar\/esse-e-o-lugar-onde-viver-bem-custa-menos-do-que-voce-imagina\/#primaryimage"},"image":{"@id":"https:\/\/www.correiobraziliense.com.br\/cbradar\/esse-e-o-lugar-onde-viver-bem-custa-menos-do-que-voce-imagina\/#primaryimage"},"thumbnailUrl":"https:\/\/www.correiobraziliense.com.br\/cbradar\/wp-content\/uploads\/2025\/06\/Sorocaba_1750482701932.jpg","datePublished":"2025-07-28T00:43:00+00:00","author":{"@id":"https:\/\/www.correiobraziliense.com.br\/cbradar\/#\/schema\/person\/4053c651a9bfc785afc6f4cbc9032fd3"},"description":"Esse lugar surpreende com custo de vida acess\u00edvel e alta qualidade de vida. Um destino ideal para quem busca bem-estar.","breadcrumb":{"@id":"https:\/\/www.correiobraziliense.com.br\/cbradar\/esse-e-o-lugar-onde-viver-bem-custa-menos-do-que-voce-imagina\/#breadcrumb"},"inLanguage":"pt-BR","potentialAction":[{"@type":"ReadAction","target":["https:\/\/www.correiobraziliense.com.br\/cbradar\/esse-e-o-lugar-onde-viver-bem-custa-menos-do-que-voce-imagina\/"]}]},{"@type":"ImageObject","inLanguage":"pt-BR","@id":"https:\/\/www.correiobraziliense.com.br\/cbradar\/esse-e-o-lugar-onde-viver-bem-custa-menos-do-que-voce-imagina\/#primaryimage","url":"https:\/\/www.correiobraziliense.com.br\/cbradar\/wp-content\/uploads\/2025\/06\/Sorocaba_1750482701932.jpg","contentUrl":"https:\/\/www.correiobraziliense.com.br\/cbradar\/wp-content\/uploads\/2025\/06\/Sorocaba_1750482701932.jpg","width":1280,"height":720,"caption":"Sorocaba \u00e9 um polo industrial e comercial importante do interior paulista, com forte crescimento urbano. \/\/ Cr\u00e9ditos: depositphotos.com \/ snehitdesign"},{"@type":"BreadcrumbList","@id":"https:\/\/www.correiobraziliense.com.br\/cbradar\/esse-e-o-lugar-onde-viver-bem-custa-menos-do-que-voce-imagina\/#breadcrumb","itemListElement":[{"@type":"ListItem","position":1,"name":"In\u00edcio","item":"https:\/\/www.correiobraziliense.com.br\/cbradar\/"},{"@type":"ListItem","position":2,"name":"Esse \u00e9 o lugar onde viver bem custa menos do que voc\u00ea imagina"}]},{"@type":"WebSite","@id":"https:\/\/www.correiobraziliense.com.br\/cbradar\/#website","url":"https:\/\/www.correiobraziliense.com.br\/cbradar\/","name":"Correio Braziliense - Radar","description":"Acompanhe as \u00faltimas not\u00edcias e fique bem informado sobre tudo o que acontece no Brasil e no mundo.","potentialAction":[{"@type":"SearchAction","target":{"@type":"EntryPoint","urlTemplate":"https:\/\/www.correiobraziliense.com.br\/cbradar\/?s={search_term_string}"},"query-input":{"@type":"PropertyValueSpecification","valueRequired":true,"valueName":"search_term_string"}}],"inLanguage":"pt-BR"},{"@type":"Person","@id":"https:\/\/www.correiobraziliense.com.br\/cbradar\/#\/schema\/person\/4053c651a9bfc785afc6f4cbc9032fd3","name":"Maura Pereira","image":{"@type":"ImageObject","inLanguage":"pt-BR","@id":"https:\/\/www.correiobraziliense.com.br\/cbradar\/#\/schema\/person\/image\/","url":"https:\/\/secure.gravatar.com\/avatar\/3effd6bdadfa447f15089c7f7144eaa6?s=96&d=mm&r=g","contentUrl":"https:\/\/secure.gravatar.com\/avatar\/3effd6bdadfa447f15089c7f7144eaa6?s=96&d=mm&r=g","caption":"Maura Pereira"},"sameAs":["https:\/\/www.correiobraziliense.com.br\/"],"url":"https:\/\/www.correiobraziliense.com.br\/cbradar\/author\/mauramyth\/"}]}},"_links":{"self":[{"href":"https:\/\/www.correiobraziliense.com.br\/cbradar\/wp-json\/wp\/v2\/posts\/75714","targetHints":{"allow":["GET"]}}],"collection":[{"href":"https:\/\/www.correiobraziliense.com.br\/cbradar\/wp-json\/wp\/v2\/posts"}],"about":[{"href":"https:\/\/www.correiobraziliense.com.br\/cbradar\/wp-json\/wp\/v2\/types\/post"}],"author":[{"embeddable":true,"href":"https:\/\/www.correiobraziliense.com.br\/cbradar\/wp-json\/wp\/v2\/users\/8"}],"replies":[{"embeddable":true,"href":"https:\/\/www.correiobraziliense.com.br\/cbradar\/wp-json\/wp\/v2\/comments?post=75714"}],"version-history":[{"count":13,"href":"https:\/\/www.correiobraziliense.com.br\/cbradar\/wp-json\/wp\/v2\/posts\/75714\/revisions"}],"predecessor-version":[{"id":75913,"href":"https:\/\/www.correiobraziliense.com.br\/cbradar\/wp-json\/wp\/v2\/posts\/75714\/revisions\/75913"}],"wp:featuredmedia":[{"embeddable":true,"href":"https:\/\/www.correiobraziliense.com.br\/cbradar\/wp-json\/wp\/v2\/media\/56748"}],"wp:attachment":[{"href":"https:\/\/www.correiobraziliense.com.br\/cbradar\/wp-json\/wp\/v2\/media?parent=75714"}],"wp:term":[{"taxonomy":"category","embeddable":true,"href":"https:\/\/www.correiobraziliense.com.br\/cbradar\/wp-json\/wp\/v2\/categories?post=75714"},{"taxonomy":"post_tag","embeddable":true,"href":"https:\/\/www.correiobraziliense.com.br\/cbradar\/wp-json\/wp\/v2\/post_tag?post=75714"}],"curies":[{"name":"wp","href":"https:\/\/api.w.org\/{rel}","templated":true}]}}