{"id":75739,"date":"2025-07-27T10:03:00","date_gmt":"2025-07-27T13:03:00","guid":{"rendered":"https:\/\/www.correiobraziliense.com.br\/cbradar\/?p=75739"},"modified":"2025-07-26T18:33:40","modified_gmt":"2025-07-26T21:33:40","slug":"nao-e-mosquito-nem-aranha-este-inseto-pode-levar-a-morte-se-ignorado","status":"publish","type":"post","link":"https:\/\/www.correiobraziliense.com.br\/cbradar\/nao-e-mosquito-nem-aranha-este-inseto-pode-levar-a-morte-se-ignorado\/","title":{"rendered":"N\u00e3o \u00e9 mosquito nem aranha este inseto pode levar \u00e0 morte se ignorado"},"content":{"rendered":"\n<p>O ver\u00e3o, esta\u00e7\u00e3o adorada por muitos devido aos seus prazeres ensolarados, tamb\u00e9m traz alguns inconvenientes, como as picadas de insetos. As picadas, sejam causadas por mosquitos, vespas ou pulgas, frequentemente provocam vermelhid\u00e3o e coceira. No entanto, existe um inseto, muitas vezes negligenciado, cuja picada representa um risco muito mais s\u00e9rio: o escorpi\u00e3o. Embora algumas picadas possam passar despercebidas a princ\u00edpio, podem resultar em consequ\u00eancias graves.<\/p>\n\n\n\n<p>Os escorpi\u00f5es, encontrados em diversas regi\u00f5es do mundo, t\u00eam a capacidade de causar picadas dolorosas. Na Europa, embora as esp\u00e9cies de escorpi\u00f5es raramente sejam letais, ainda assim provocam dores intensas. J\u00e1 em outras regi\u00f5es do planeta, a situa\u00e7\u00e3o \u00e9 mais preocupante. As picadas de certos escorpi\u00f5es podem levar a complica\u00e7\u00f5es graves e at\u00e9 \u00e0 morte, caso n\u00e3o haja um tratamento r\u00e1pido. Por isso, \u00e9 essencial saber diferenciar esse tipo de picada para agir de forma adequada e imediata.<\/p>\n\n\n\n<h2 class=\"wp-block-heading\">Quais s\u00e3o os sinais de uma picada de escorpi\u00e3o?<\/h2>\n\n\n\n<p>A picada de escorpi\u00e3o se diferencia por deixar uma marca bem espec\u00edfica. Ela vem acompanhada de uma dor aguda, com a \u00e1rea afetada ficando rapidamente vermelha, quente e com sensa\u00e7\u00e3o de queima\u00e7\u00e3o. Esses sintomas podem ser especialmente severos em pessoas sens\u00edveis ou al\u00e9rgicas. Outros sinais incluem dorm\u00eancia, n\u00e1useas, queda de press\u00e3o e dificuldade para respirar. Um sintoma preocupante \u00e9 o surgimento r\u00e1pido de sinais neurol\u00f3gicos, o que demanda aten\u00e7\u00e3o m\u00e9dica urgente.<\/p>\n\n\n\n<figure class=\"wp-block-image size-large\"><img decoding=\"async\" width=\"1024\" height=\"576\" src=\"https:\/\/www.correiobraziliense.com.br\/cbradar\/wp-content\/uploads\/2025\/07\/escorpiao_1753565602485-1024x576.jpg\" alt=\"N\u00e3o \u00e9 mosquito nem aranha este inseto pode levar \u00e0 morte se ignorado\" class=\"wp-image-75742\" srcset=\"https:\/\/www.correiobraziliense.com.br\/cbradar\/wp-content\/uploads\/2025\/07\/escorpiao_1753565602485-1024x576.jpg 1024w, https:\/\/www.correiobraziliense.com.br\/cbradar\/wp-content\/uploads\/2025\/07\/escorpiao_1753565602485-300x169.jpg 300w, https:\/\/www.correiobraziliense.com.br\/cbradar\/wp-content\/uploads\/2025\/07\/escorpiao_1753565602485-768x432.jpg 768w, https:\/\/www.correiobraziliense.com.br\/cbradar\/wp-content\/uploads\/2025\/07\/escorpiao_1753565602485-750x422.jpg 750w, https:\/\/www.correiobraziliense.com.br\/cbradar\/wp-content\/uploads\/2025\/07\/escorpiao_1753565602485-1140x641.jpg 1140w, https:\/\/www.correiobraziliense.com.br\/cbradar\/wp-content\/uploads\/2025\/07\/escorpiao_1753565602485.jpg 1280w\" sizes=\"(max-width: 1024px) 100vw, 1024px\" \/><figcaption class=\"wp-element-caption\">escorpi\u00e3o. Cr\u00e9ditos: depositphotos.com \/ robertohunger<\/figcaption><\/figure>\n\n\n\n<h2 class=\"wp-block-heading\">Como reconhecer os outros tipos de picadas?<\/h2>\n\n\n\n<p>Distinguir os tipos de picadas de insetos \u00e9 uma habilidade \u00fatil. As picadas de formiga costumam provocar pequenas bolhas. Os carrapatos permanecem presos \u00e0 pele. As mordidas de aranha deixam dois pontinhos pr\u00f3ximos um do outro. Diferente da coceira causada por picadas de mosquito, as de escorpi\u00e3o geram dor imediata, sendo importante distinguir corretamente para buscar o tratamento adequado.<\/p>\n\n\n\n<h2 class=\"wp-block-heading\">O que fazer diante de uma picada de inseto?<\/h2>\n\n\n\n<p>Ao ser picado por um inseto, aconselha-se higienizar a \u00e1rea afetada com \u00e1gua e sab\u00e3o para evitar infec\u00e7\u00f5es. A aplica\u00e7\u00e3o de compressas frias pode ajudar a reduzir a inflama\u00e7\u00e3o. Se houver dor intensa ou sintomas incomuns, \u00e9 fundamental procurar um m\u00e9dico para avaliar a necessidade de cuidado especializado. Aten\u00e7\u00e3o e rapidez s\u00e3o essenciais para prevenir complica\u00e7\u00f5es s\u00e9rias.<\/p>\n\n\n\n<p>Em resumo, \u00e9 fundamental estar atento \u00e0s picadas de insetos, especialmente no ver\u00e3o. Conhecer os sinais caracter\u00edsticos e as medidas corretas pode ser crucial para proteger a sa\u00fade. O principal \u00e9 ficar informado e preparado para reagir corretamente diante dos diferentes tipos de picadas que essa esta\u00e7\u00e3o pode trazer.<\/p>\n","protected":false},"excerpt":{"rendered":"<p>No ver\u00e3o, nem toda picada \u00e9 inofensiva. Descubra os sintomas perigosos da picada de escorpi\u00e3o e evite riscos \u00e0 sua sa\u00fade.<\/p>\n","protected":false},"author":3,"featured_media":75741,"comment_status":"open","ping_status":"open","sticky":false,"template":"","format":"standard","meta":{"jnews-multi-image_gallery":[],"jnews_single_post":{"format":"standard"},"jnews_primary_category":[],"jnews_social_meta":[],"jnews_override_counter":[],"footnotes":""},"categories":[112],"post_tag":[230,144],"class_list":["post-75739","post","type-post","status-publish","format-standard","has-post-thumbnail","hentry","category-curiosidades","tag-animais","tag-curiosidades"],"yoast_head":"<!-- This site is optimized with the Yoast SEO plugin v24.6 - https:\/\/yoast.com\/wordpress\/plugins\/seo\/ -->\n<title>N\u00e3o \u00e9 mosquito nem aranha este inseto pode levar \u00e0 morte se ignorado<\/title>\n<meta name=\"description\" content=\"No ver\u00e3o, nem toda picada \u00e9 inofensiva. Descubra os sintomas perigosos da picada de escorpi\u00e3o e evite riscos \u00e0 sua sa\u00fade.\" \/>\n<meta name=\"robots\" content=\"index, follow, max-snippet:-1, max-image-preview:large, max-video-preview:-1\" \/>\n<link rel=\"canonical\" href=\"https:\/\/www.correiobraziliense.com.br\/cbradar\/nao-e-mosquito-nem-aranha-este-inseto-pode-levar-a-morte-se-ignorado\/\" \/>\n<meta property=\"og:locale\" content=\"pt_BR\" \/>\n<meta property=\"og:type\" content=\"article\" \/>\n<meta property=\"og:title\" content=\"N\u00e3o \u00e9 mosquito nem aranha este inseto pode levar \u00e0 morte se ignorado\" \/>\n<meta property=\"og:description\" content=\"No ver\u00e3o, nem toda picada \u00e9 inofensiva. Descubra os sintomas perigosos da picada de escorpi\u00e3o e evite riscos \u00e0 sua sa\u00fade.\" \/>\n<meta property=\"og:url\" content=\"https:\/\/www.correiobraziliense.com.br\/cbradar\/nao-e-mosquito-nem-aranha-este-inseto-pode-levar-a-morte-se-ignorado\/\" \/>\n<meta property=\"og:site_name\" content=\"Correio Braziliense - Radar\" \/>\n<meta property=\"article:published_time\" content=\"2025-07-27T13:03:00+00:00\" \/>\n<meta property=\"og:image\" content=\"https:\/\/www.correiobraziliense.com.br\/cbradar\/wp-content\/uploads\/2025\/07\/escorpiao_1753565574223.jpg\" \/>\n\t<meta property=\"og:image:width\" content=\"1280\" \/>\n\t<meta property=\"og:image:height\" content=\"720\" \/>\n\t<meta property=\"og:image:type\" content=\"image\/jpeg\" \/>\n<meta name=\"author\" content=\"Larissa Carvalho\" \/>\n<meta name=\"twitter:card\" content=\"summary_large_image\" \/>\n<meta name=\"twitter:label1\" content=\"Escrito por\" \/>\n\t<meta name=\"twitter:data1\" content=\"Larissa Carvalho\" \/>\n\t<meta name=\"twitter:label2\" content=\"Est. tempo de leitura\" \/>\n\t<meta name=\"twitter:data2\" content=\"3 minutos\" \/>\n<!-- \/ Yoast SEO plugin. -->","yoast_head_json":{"title":"N\u00e3o \u00e9 mosquito nem aranha este inseto pode levar \u00e0 morte se ignorado","description":"No ver\u00e3o, nem toda picada \u00e9 inofensiva. Descubra os sintomas perigosos da picada de escorpi\u00e3o e evite riscos \u00e0 sua sa\u00fade.","robots":{"index":"index","follow":"follow","max-snippet":"max-snippet:-1","max-image-preview":"max-image-preview:large","max-video-preview":"max-video-preview:-1"},"canonical":"https:\/\/www.correiobraziliense.com.br\/cbradar\/nao-e-mosquito-nem-aranha-este-inseto-pode-levar-a-morte-se-ignorado\/","og_locale":"pt_BR","og_type":"article","og_title":"N\u00e3o \u00e9 mosquito nem aranha este inseto pode levar \u00e0 morte se ignorado","og_description":"No ver\u00e3o, nem toda picada \u00e9 inofensiva. Descubra os sintomas perigosos da picada de escorpi\u00e3o e evite riscos \u00e0 sua sa\u00fade.","og_url":"https:\/\/www.correiobraziliense.com.br\/cbradar\/nao-e-mosquito-nem-aranha-este-inseto-pode-levar-a-morte-se-ignorado\/","og_site_name":"Correio Braziliense - Radar","article_published_time":"2025-07-27T13:03:00+00:00","og_image":[{"width":1280,"height":720,"url":"https:\/\/www.correiobraziliense.com.br\/cbradar\/wp-content\/uploads\/2025\/07\/escorpiao_1753565574223.jpg","type":"image\/jpeg"}],"author":"Larissa Carvalho","twitter_card":"summary_large_image","twitter_misc":{"Escrito por":"Larissa Carvalho","Est. tempo de leitura":"3 minutos"},"schema":{"@context":"https:\/\/schema.org","@graph":[{"@type":"WebPage","@id":"https:\/\/www.correiobraziliense.com.br\/cbradar\/nao-e-mosquito-nem-aranha-este-inseto-pode-levar-a-morte-se-ignorado\/","url":"https:\/\/www.correiobraziliense.com.br\/cbradar\/nao-e-mosquito-nem-aranha-este-inseto-pode-levar-a-morte-se-ignorado\/","name":"N\u00e3o \u00e9 mosquito nem aranha este inseto pode levar \u00e0 morte se ignorado","isPartOf":{"@id":"https:\/\/www.correiobraziliense.com.br\/cbradar\/#website"},"primaryImageOfPage":{"@id":"https:\/\/www.correiobraziliense.com.br\/cbradar\/nao-e-mosquito-nem-aranha-este-inseto-pode-levar-a-morte-se-ignorado\/#primaryimage"},"image":{"@id":"https:\/\/www.correiobraziliense.com.br\/cbradar\/nao-e-mosquito-nem-aranha-este-inseto-pode-levar-a-morte-se-ignorado\/#primaryimage"},"thumbnailUrl":"https:\/\/www.correiobraziliense.com.br\/cbradar\/wp-content\/uploads\/2025\/07\/escorpiao_1753565574223.jpg","datePublished":"2025-07-27T13:03:00+00:00","author":{"@id":"https:\/\/www.correiobraziliense.com.br\/cbradar\/#\/schema\/person\/58422787644df994b53a19d3e56c1513"},"description":"No ver\u00e3o, nem toda picada \u00e9 inofensiva. Descubra os sintomas perigosos da picada de escorpi\u00e3o e evite riscos \u00e0 sua sa\u00fade.","breadcrumb":{"@id":"https:\/\/www.correiobraziliense.com.br\/cbradar\/nao-e-mosquito-nem-aranha-este-inseto-pode-levar-a-morte-se-ignorado\/#breadcrumb"},"inLanguage":"pt-BR","potentialAction":[{"@type":"ReadAction","target":["https:\/\/www.correiobraziliense.com.br\/cbradar\/nao-e-mosquito-nem-aranha-este-inseto-pode-levar-a-morte-se-ignorado\/"]}]},{"@type":"ImageObject","inLanguage":"pt-BR","@id":"https:\/\/www.correiobraziliense.com.br\/cbradar\/nao-e-mosquito-nem-aranha-este-inseto-pode-levar-a-morte-se-ignorado\/#primaryimage","url":"https:\/\/www.correiobraziliense.com.br\/cbradar\/wp-content\/uploads\/2025\/07\/escorpiao_1753565574223.jpg","contentUrl":"https:\/\/www.correiobraziliense.com.br\/cbradar\/wp-content\/uploads\/2025\/07\/escorpiao_1753565574223.jpg","width":1280,"height":720,"caption":"escorpi\u00e3o. Cr\u00e9ditos: depositphotos.com \/ thehouse"},{"@type":"BreadcrumbList","@id":"https:\/\/www.correiobraziliense.com.br\/cbradar\/nao-e-mosquito-nem-aranha-este-inseto-pode-levar-a-morte-se-ignorado\/#breadcrumb","itemListElement":[{"@type":"ListItem","position":1,"name":"In\u00edcio","item":"https:\/\/www.correiobraziliense.com.br\/cbradar\/"},{"@type":"ListItem","position":2,"name":"N\u00e3o \u00e9 mosquito nem aranha este inseto pode levar \u00e0 morte se ignorado"}]},{"@type":"WebSite","@id":"https:\/\/www.correiobraziliense.com.br\/cbradar\/#website","url":"https:\/\/www.correiobraziliense.com.br\/cbradar\/","name":"Correio Braziliense - Radar","description":"Acompanhe as \u00faltimas not\u00edcias e fique bem informado sobre tudo o que acontece no Brasil e no mundo.","potentialAction":[{"@type":"SearchAction","target":{"@type":"EntryPoint","urlTemplate":"https:\/\/www.correiobraziliense.com.br\/cbradar\/?s={search_term_string}"},"query-input":{"@type":"PropertyValueSpecification","valueRequired":true,"valueName":"search_term_string"}}],"inLanguage":"pt-BR"},{"@type":"Person","@id":"https:\/\/www.correiobraziliense.com.br\/cbradar\/#\/schema\/person\/58422787644df994b53a19d3e56c1513","name":"Larissa Carvalho","image":{"@type":"ImageObject","inLanguage":"pt-BR","@id":"https:\/\/www.correiobraziliense.com.br\/cbradar\/#\/schema\/person\/image\/","url":"https:\/\/secure.gravatar.com\/avatar\/fe4f91a0de32b52a838d0d612abdc1aa?s=96&d=mm&r=g","contentUrl":"https:\/\/secure.gravatar.com\/avatar\/fe4f91a0de32b52a838d0d612abdc1aa?s=96&d=mm&r=g","caption":"Larissa Carvalho"},"url":"https:\/\/www.correiobraziliense.com.br\/cbradar\/author\/larissamyth\/"}]}},"_links":{"self":[{"href":"https:\/\/www.correiobraziliense.com.br\/cbradar\/wp-json\/wp\/v2\/posts\/75739","targetHints":{"allow":["GET"]}}],"collection":[{"href":"https:\/\/www.correiobraziliense.com.br\/cbradar\/wp-json\/wp\/v2\/posts"}],"about":[{"href":"https:\/\/www.correiobraziliense.com.br\/cbradar\/wp-json\/wp\/v2\/types\/post"}],"author":[{"embeddable":true,"href":"https:\/\/www.correiobraziliense.com.br\/cbradar\/wp-json\/wp\/v2\/users\/3"}],"replies":[{"embeddable":true,"href":"https:\/\/www.correiobraziliense.com.br\/cbradar\/wp-json\/wp\/v2\/comments?post=75739"}],"version-history":[{"count":2,"href":"https:\/\/www.correiobraziliense.com.br\/cbradar\/wp-json\/wp\/v2\/posts\/75739\/revisions"}],"predecessor-version":[{"id":75743,"href":"https:\/\/www.correiobraziliense.com.br\/cbradar\/wp-json\/wp\/v2\/posts\/75739\/revisions\/75743"}],"wp:featuredmedia":[{"embeddable":true,"href":"https:\/\/www.correiobraziliense.com.br\/cbradar\/wp-json\/wp\/v2\/media\/75741"}],"wp:attachment":[{"href":"https:\/\/www.correiobraziliense.com.br\/cbradar\/wp-json\/wp\/v2\/media?parent=75739"}],"wp:term":[{"taxonomy":"category","embeddable":true,"href":"https:\/\/www.correiobraziliense.com.br\/cbradar\/wp-json\/wp\/v2\/categories?post=75739"},{"taxonomy":"post_tag","embeddable":true,"href":"https:\/\/www.correiobraziliense.com.br\/cbradar\/wp-json\/wp\/v2\/post_tag?post=75739"}],"curies":[{"name":"wp","href":"https:\/\/api.w.org\/{rel}","templated":true}]}}