{"id":7585,"date":"2025-03-01T19:30:00","date_gmt":"2025-03-01T22:30:00","guid":{"rendered":"https:\/\/www.correiobraziliense.com.br\/cbradar\/?p=7585"},"modified":"2025-02-28T17:27:36","modified_gmt":"2025-02-28T20:27:36","slug":"ator-da-serie-original-de-the-office-e-confirmado-no-spin-off","status":"publish","type":"post","link":"https:\/\/www.correiobraziliense.com.br\/cbradar\/ator-da-serie-original-de-the-office-e-confirmado-no-spin-off\/","title":{"rendered":"Ator da s\u00e9rie original de The Office \u00e9 confirmado no spin-off"},"content":{"rendered":"\n<p><strong>Oscar Nu\u00f1ez<\/strong>, conhecido por seu papel como Oscar Martinez em <strong>The Office<\/strong>, est\u00e1 de volta ao universo da s\u00e9rie. O ator reprisar\u00e1 seu papel no spin-off intitulado The Paper, produzido pela <strong>Peacock<\/strong>. A nova s\u00e9rie, anunciada em 2024, \u00e9 comandada por <strong>Greg Daniels<\/strong>, criador de The Office, e promete trazer uma nova perspectiva ao universo j\u00e1 conhecido pelos f\u00e3s.<\/p>\n\n\n\n<p><strong>The Paper<\/strong> segue a equipe de document\u00e1rio que imortalizou a filial da <strong>Dunder Mifflin<\/strong> em <strong>Scranton<\/strong>. Desta vez, eles est\u00e3o em busca de um novo assunto e encontram um jornal hist\u00f3rico do meio-oeste que est\u00e1 em decl\u00ednio, junto com uma editora que tenta reviv\u00ea-lo com a ajuda de rep\u00f3rteres volunt\u00e1rios. Essa premissa promete trazer uma nova din\u00e2mica e explorar temas contempor\u00e2neos no cen\u00e1rio jornal\u00edstico.<\/p>\n\n\n\n<h2 class=\"wp-block-heading\"><strong>Quem comp\u00f5e o elenco de The Paper?<\/strong><\/h2>\n\n\n\n<p>O elenco principal de The Paper \u00e9 composto por nomes como Domhnall Gleeson, Sabrina Impacciatore, Melvin Gregg, Chelsea Frei, Ramona Young, Gbemisola Ikumelo, Alex Edelman, Tim Key e Eric Rahill. Al\u00e9m disso, a s\u00e9rie contar\u00e1 com participa\u00e7\u00f5es especiais de Duane Shepard Sr., Allan Havey, Nate Jackson, Mo Welch, Nancy Lenehan, Molly Ephraim e Tracy Letts. A presen\u00e7a de Oscar Nu\u00f1ez adiciona um elemento de nostalgia para os f\u00e3s de The Office, que est\u00e3o ansiosos para ver como seu personagem evoluiu.<\/p>\n\n\n\n<iframe loading=\"lazy\" width=\"560\" height=\"315\" src=\"https:\/\/www.youtube.com\/embed\/tNcDHWpselE?si=t3TXKk5GUrzV0N5S\" title=\"YouTube video player\" frameborder=\"0\" allow=\"accelerometer; autoplay; clipboard-write; encrypted-media; gyroscope; picture-in-picture; web-share\" referrerpolicy=\"strict-origin-when-cross-origin\" allowfullscreen><\/iframe>\n\n\n\n<h2 class=\"wp-block-heading\"><strong>Qual \u00e9 o papel de Oscar Martinez em The Paper?<\/strong><\/h2>\n\n\n\n<p>Oscar Nu\u00f1ez interpretou Oscar Martinez ao longo das nove temporadas de The Office, onde seu personagem era um contador que trabalhava ao lado de Kevin Malone e Angela Martin. No final da s\u00e9rie, Oscar estava concorrendo a senador estadual e foi escolhido como padrinho do filho de Dwight e Angela. Sua participa\u00e7\u00e3o em The Paper levanta especula\u00e7\u00f5es sobre o destino do personagem. Ser\u00e1 que ele venceu a elei\u00e7\u00e3o e agora \u00e9 uma figura pol\u00edtica coberta pelo jornal? Ainda n\u00e3o h\u00e1 confirma\u00e7\u00e3o sobre sua trajet\u00f3ria na trama, nem sobre a extens\u00e3o de seu papel na nova produ\u00e7\u00e3o.<\/p>\n\n\n\n<figure class=\"wp-block-image size-large\"><img decoding=\"async\" width=\"1024\" height=\"576\" src=\"https:\/\/www.correiobraziliense.com.br\/cbradar\/wp-content\/uploads\/2025\/02\/The-Office-2-1024x576.png\" alt=\"Ator da s\u00e9rie original de The Office \u00e9 confirmado no spin-off\" class=\"wp-image-7587\" srcset=\"https:\/\/www.correiobraziliense.com.br\/cbradar\/wp-content\/uploads\/2025\/02\/The-Office-2-1024x576.png 1024w, https:\/\/www.correiobraziliense.com.br\/cbradar\/wp-content\/uploads\/2025\/02\/The-Office-2-300x169.png 300w, https:\/\/www.correiobraziliense.com.br\/cbradar\/wp-content\/uploads\/2025\/02\/The-Office-2-768x432.png 768w, https:\/\/www.correiobraziliense.com.br\/cbradar\/wp-content\/uploads\/2025\/02\/The-Office-2-750x422.png 750w, https:\/\/www.correiobraziliense.com.br\/cbradar\/wp-content\/uploads\/2025\/02\/The-Office-2-1140x641.png 1140w, https:\/\/www.correiobraziliense.com.br\/cbradar\/wp-content\/uploads\/2025\/02\/The-Office-2.png 1280w\" sizes=\"(max-width: 1024px) 100vw, 1024px\" \/><figcaption class=\"wp-element-caption\">The Office. Fonte: divulga\u00e7\u00e3o \/ NBC<\/figcaption><\/figure>\n\n\n\n<h2 class=\"wp-block-heading\"><strong>O legado de The Office e sua influ\u00eancia<\/strong><\/h2>\n\n\n\n<p>The Office foi ao ar entre 2005 e 2013, conquistando uma legi\u00e3o de f\u00e3s e gerando uma s\u00e9rie de memes que se tornaram eternos na internet. A s\u00e9rie tamb\u00e9m impulsionou a carreira de grandes nomes de Hollywood, como Steve Carell, John Krasinski, Rainn Wilson e Mindy Kaling. As nove temporadas de The Office est\u00e3o dispon\u00edveis para streaming em v\u00e1rias plataformas, como Netflix, Prime Video, Paramount e HBO Max, permitindo que novos f\u00e3s descubram a s\u00e9rie e antigos f\u00e3s revivam momentos ic\u00f4nicos.<\/p>\n\n\n\n<p>Embora o Peacock, plataforma que produz The Paper, n\u00e3o esteja dispon\u00edvel no Brasil, a expectativa \u00e9 que a s\u00e9rie encontre meios de ser acessada por f\u00e3s brasileiros, que aguardam ansiosamente por novas hist\u00f3rias e a chance de rever personagens queridos em um novo contexto.<\/p>\n","protected":false},"excerpt":{"rendered":"<p>Explore a nova s\u00e9rie spin-off intitulada &#8216;The Paper&#8217; ambientada no universo de &#8216;The Office&#8217;. Saiba mais sobre sua premissa!<\/p>\n","protected":false},"author":3,"featured_media":7586,"comment_status":"open","ping_status":"open","sticky":false,"template":"","format":"standard","meta":{"_yoast_wpseo_focuskw":"Ator the office","_yoast_wpseo_title":"%%title%%","_yoast_wpseo_metadesc":"Explore a nova s\u00e9rie spin-off intitulada 'The Paper' ambientada no universo de 'The Office'. Saiba mais sobre sua premissa!","jnews-multi-image_gallery":[],"jnews_single_post":{"format":"standard"},"jnews_primary_category":[],"jnews_social_meta":[],"jnews_override_counter":[],"footnotes":""},"categories":[140],"post_tag":[568,1336],"class_list":["post-7585","post","type-post","status-publish","format-standard","has-post-thumbnail","hentry","category-entretenimento","tag-series-e-filmes","tag-the-office"],"yoast_head":"<!-- This site is optimized with the Yoast SEO plugin v24.6 - https:\/\/yoast.com\/wordpress\/plugins\/seo\/ -->\n<title>Ator da s\u00e9rie original de The Office \u00e9 confirmado no spin-off<\/title>\n<meta name=\"description\" content=\"Explore a nova s\u00e9rie spin-off intitulada &#039;The Paper&#039; ambientada no universo de &#039;The Office&#039;. Saiba mais sobre sua premissa!\" \/>\n<meta name=\"robots\" content=\"index, follow, max-snippet:-1, max-image-preview:large, max-video-preview:-1\" \/>\n<link rel=\"canonical\" href=\"https:\/\/www.correiobraziliense.com.br\/cbradar\/ator-da-serie-original-de-the-office-e-confirmado-no-spin-off\/\" \/>\n<meta property=\"og:locale\" content=\"pt_BR\" \/>\n<meta property=\"og:type\" content=\"article\" \/>\n<meta property=\"og:title\" content=\"Ator da s\u00e9rie original de The Office \u00e9 confirmado no spin-off\" \/>\n<meta property=\"og:description\" content=\"Explore a nova s\u00e9rie spin-off intitulada &#039;The Paper&#039; ambientada no universo de &#039;The Office&#039;. Saiba mais sobre sua premissa!\" \/>\n<meta property=\"og:url\" content=\"https:\/\/www.correiobraziliense.com.br\/cbradar\/ator-da-serie-original-de-the-office-e-confirmado-no-spin-off\/\" \/>\n<meta property=\"og:site_name\" content=\"Correio Braziliense - Radar\" \/>\n<meta property=\"article:published_time\" content=\"2025-03-01T22:30:00+00:00\" \/>\n<meta property=\"og:image\" content=\"https:\/\/www.correiobraziliense.com.br\/cbradar\/wp-content\/uploads\/2025\/02\/The-Office.png\" \/>\n\t<meta property=\"og:image:width\" content=\"1280\" \/>\n\t<meta property=\"og:image:height\" content=\"720\" \/>\n\t<meta property=\"og:image:type\" content=\"image\/png\" \/>\n<meta name=\"author\" content=\"Larissa Carvalho\" \/>\n<meta name=\"twitter:card\" content=\"summary_large_image\" \/>\n<meta name=\"twitter:label1\" content=\"Escrito por\" \/>\n\t<meta name=\"twitter:data1\" content=\"Larissa Carvalho\" \/>\n\t<meta name=\"twitter:label2\" content=\"Est. tempo de leitura\" \/>\n\t<meta name=\"twitter:data2\" content=\"3 minutos\" \/>\n<!-- \/ Yoast SEO plugin. -->","yoast_head_json":{"title":"Ator da s\u00e9rie original de The Office \u00e9 confirmado no spin-off","description":"Explore a nova s\u00e9rie spin-off intitulada 'The Paper' ambientada no universo de 'The Office'. Saiba mais sobre sua premissa!","robots":{"index":"index","follow":"follow","max-snippet":"max-snippet:-1","max-image-preview":"max-image-preview:large","max-video-preview":"max-video-preview:-1"},"canonical":"https:\/\/www.correiobraziliense.com.br\/cbradar\/ator-da-serie-original-de-the-office-e-confirmado-no-spin-off\/","og_locale":"pt_BR","og_type":"article","og_title":"Ator da s\u00e9rie original de The Office \u00e9 confirmado no spin-off","og_description":"Explore a nova s\u00e9rie spin-off intitulada 'The Paper' ambientada no universo de 'The Office'. Saiba mais sobre sua premissa!","og_url":"https:\/\/www.correiobraziliense.com.br\/cbradar\/ator-da-serie-original-de-the-office-e-confirmado-no-spin-off\/","og_site_name":"Correio Braziliense - Radar","article_published_time":"2025-03-01T22:30:00+00:00","og_image":[{"width":1280,"height":720,"url":"https:\/\/www.correiobraziliense.com.br\/cbradar\/wp-content\/uploads\/2025\/02\/The-Office.png","type":"image\/png"}],"author":"Larissa Carvalho","twitter_card":"summary_large_image","twitter_misc":{"Escrito por":"Larissa Carvalho","Est. tempo de leitura":"3 minutos"},"schema":{"@context":"https:\/\/schema.org","@graph":[{"@type":"WebPage","@id":"https:\/\/www.correiobraziliense.com.br\/cbradar\/ator-da-serie-original-de-the-office-e-confirmado-no-spin-off\/","url":"https:\/\/www.correiobraziliense.com.br\/cbradar\/ator-da-serie-original-de-the-office-e-confirmado-no-spin-off\/","name":"Ator da s\u00e9rie original de The Office \u00e9 confirmado no spin-off","isPartOf":{"@id":"https:\/\/www.correiobraziliense.com.br\/cbradar\/#website"},"primaryImageOfPage":{"@id":"https:\/\/www.correiobraziliense.com.br\/cbradar\/ator-da-serie-original-de-the-office-e-confirmado-no-spin-off\/#primaryimage"},"image":{"@id":"https:\/\/www.correiobraziliense.com.br\/cbradar\/ator-da-serie-original-de-the-office-e-confirmado-no-spin-off\/#primaryimage"},"thumbnailUrl":"https:\/\/www.correiobraziliense.com.br\/cbradar\/wp-content\/uploads\/2025\/02\/The-Office.png","datePublished":"2025-03-01T22:30:00+00:00","author":{"@id":"https:\/\/www.correiobraziliense.com.br\/cbradar\/#\/schema\/person\/58422787644df994b53a19d3e56c1513"},"description":"Explore a nova s\u00e9rie spin-off intitulada 'The Paper' ambientada no universo de 'The Office'. Saiba mais sobre sua premissa!","breadcrumb":{"@id":"https:\/\/www.correiobraziliense.com.br\/cbradar\/ator-da-serie-original-de-the-office-e-confirmado-no-spin-off\/#breadcrumb"},"inLanguage":"pt-BR","potentialAction":[{"@type":"ReadAction","target":["https:\/\/www.correiobraziliense.com.br\/cbradar\/ator-da-serie-original-de-the-office-e-confirmado-no-spin-off\/"]}]},{"@type":"ImageObject","inLanguage":"pt-BR","@id":"https:\/\/www.correiobraziliense.com.br\/cbradar\/ator-da-serie-original-de-the-office-e-confirmado-no-spin-off\/#primaryimage","url":"https:\/\/www.correiobraziliense.com.br\/cbradar\/wp-content\/uploads\/2025\/02\/The-Office.png","contentUrl":"https:\/\/www.correiobraziliense.com.br\/cbradar\/wp-content\/uploads\/2025\/02\/The-Office.png","width":1280,"height":720,"caption":"The Office. Fonte: divulga\u00e7\u00e3o \/ NBC"},{"@type":"BreadcrumbList","@id":"https:\/\/www.correiobraziliense.com.br\/cbradar\/ator-da-serie-original-de-the-office-e-confirmado-no-spin-off\/#breadcrumb","itemListElement":[{"@type":"ListItem","position":1,"name":"In\u00edcio","item":"https:\/\/www.correiobraziliense.com.br\/cbradar\/"},{"@type":"ListItem","position":2,"name":"Ator da s\u00e9rie original de The Office \u00e9 confirmado no spin-off"}]},{"@type":"WebSite","@id":"https:\/\/www.correiobraziliense.com.br\/cbradar\/#website","url":"https:\/\/www.correiobraziliense.com.br\/cbradar\/","name":"Correio Braziliense - Radar","description":"Acompanhe as \u00faltimas not\u00edcias e fique bem informado sobre tudo o que acontece no Brasil e no mundo.","potentialAction":[{"@type":"SearchAction","target":{"@type":"EntryPoint","urlTemplate":"https:\/\/www.correiobraziliense.com.br\/cbradar\/?s={search_term_string}"},"query-input":{"@type":"PropertyValueSpecification","valueRequired":true,"valueName":"search_term_string"}}],"inLanguage":"pt-BR"},{"@type":"Person","@id":"https:\/\/www.correiobraziliense.com.br\/cbradar\/#\/schema\/person\/58422787644df994b53a19d3e56c1513","name":"Larissa Carvalho","image":{"@type":"ImageObject","inLanguage":"pt-BR","@id":"https:\/\/www.correiobraziliense.com.br\/cbradar\/#\/schema\/person\/image\/","url":"https:\/\/secure.gravatar.com\/avatar\/fe4f91a0de32b52a838d0d612abdc1aa?s=96&d=mm&r=g","contentUrl":"https:\/\/secure.gravatar.com\/avatar\/fe4f91a0de32b52a838d0d612abdc1aa?s=96&d=mm&r=g","caption":"Larissa Carvalho"},"url":"https:\/\/www.correiobraziliense.com.br\/cbradar\/author\/larissamyth\/"}]}},"_links":{"self":[{"href":"https:\/\/www.correiobraziliense.com.br\/cbradar\/wp-json\/wp\/v2\/posts\/7585","targetHints":{"allow":["GET"]}}],"collection":[{"href":"https:\/\/www.correiobraziliense.com.br\/cbradar\/wp-json\/wp\/v2\/posts"}],"about":[{"href":"https:\/\/www.correiobraziliense.com.br\/cbradar\/wp-json\/wp\/v2\/types\/post"}],"author":[{"embeddable":true,"href":"https:\/\/www.correiobraziliense.com.br\/cbradar\/wp-json\/wp\/v2\/users\/3"}],"replies":[{"embeddable":true,"href":"https:\/\/www.correiobraziliense.com.br\/cbradar\/wp-json\/wp\/v2\/comments?post=7585"}],"version-history":[{"count":1,"href":"https:\/\/www.correiobraziliense.com.br\/cbradar\/wp-json\/wp\/v2\/posts\/7585\/revisions"}],"predecessor-version":[{"id":7588,"href":"https:\/\/www.correiobraziliense.com.br\/cbradar\/wp-json\/wp\/v2\/posts\/7585\/revisions\/7588"}],"wp:featuredmedia":[{"embeddable":true,"href":"https:\/\/www.correiobraziliense.com.br\/cbradar\/wp-json\/wp\/v2\/media\/7586"}],"wp:attachment":[{"href":"https:\/\/www.correiobraziliense.com.br\/cbradar\/wp-json\/wp\/v2\/media?parent=7585"}],"wp:term":[{"taxonomy":"category","embeddable":true,"href":"https:\/\/www.correiobraziliense.com.br\/cbradar\/wp-json\/wp\/v2\/categories?post=7585"},{"taxonomy":"post_tag","embeddable":true,"href":"https:\/\/www.correiobraziliense.com.br\/cbradar\/wp-json\/wp\/v2\/post_tag?post=7585"}],"curies":[{"name":"wp","href":"https:\/\/api.w.org\/{rel}","templated":true}]}}