{"id":75862,"date":"2025-07-27T08:40:00","date_gmt":"2025-07-27T11:40:00","guid":{"rendered":"https:\/\/www.correiobraziliense.com.br\/cbradar\/?p=75862"},"modified":"2025-07-26T22:47:54","modified_gmt":"2025-07-27T01:47:54","slug":"conheca-a-mente-mais-rapida-do-mundo-ele-montou-um-cubo-magico-em-29-segundos","status":"publish","type":"post","link":"https:\/\/www.correiobraziliense.com.br\/cbradar\/conheca-a-mente-mais-rapida-do-mundo-ele-montou-um-cubo-magico-em-29-segundos\/","title":{"rendered":"Conhe\u00e7a a mente mais r\u00e1pida do mundo: ele montou um cubo m\u00e1gico em 29 segundos"},"content":{"rendered":"\n<p>Mart\u00edn L\u00f3pez, um jovem de 21 anos de Villa Ballester, foi coroado <strong>campe\u00e3o mundial<\/strong> na categoria Megaminx no Campeonato Mundial de Cubo M\u00e1gico 2025, realizado em Seattle. Com uma trajet\u00f3ria que come\u00e7ou inesperadamente aos 14 anos, Mart\u00edn provou que o <strong>cubing<\/strong> vai muito al\u00e9m de um passatempo. A seguir, conhe\u00e7a seus segredos.<\/p>\n\n\n\n<ul class=\"wp-block-list\">\n<li>Praticar entre 70 e 80 vezes por dia \u00e9 fundamental para evoluir.<\/li>\n\n\n\n<li>Concentra\u00e7\u00e3o \u00e9 essencial para conquistar tempos recordes.<\/li>\n\n\n\n<li>O Megaminx, um desafio de 12 faces, exige mais mem\u00f3ria do que matem\u00e1tica.<\/li>\n<\/ul>\n\n\n\n<p>A entrevista foi dada ao portal <a href=\"https:\/\/tn.com.ar\/sociedad\/2025\/07\/26\/la-mente-mas-rapida-del-mundo-es-de-san-martin-y-salio-campeon-al-armar-un-cubo-de-12-caras-en-29-segundos\/\" target=\"_blank\" rel=\"noreferrer noopener\">TN<\/a>.<\/p>\n\n\n\n<h2 class=\"wp-block-heading\">Como alcan\u00e7ar velocidade no Speedcubing?<\/h2>\n\n\n\n<p>A <strong>const\u00e2ncia<\/strong> \u00e9 indispens\u00e1vel. Mart\u00edn L\u00f3pez pratica todos os dias h\u00e1 quase oito anos, montando o cubo entre 70 e 80 vezes diariamente. Esse esfor\u00e7o resultou em tempos pessoais que superam seus pr\u00f3prios resultados em competi\u00e7\u00f5es oficiais.<\/p>\n\n\n\n<h2 class=\"wp-block-heading\">Dicas para melhorar no Megaminx<\/h2>\n\n\n\n<p>Para quem est\u00e1 come\u00e7ando, Mart\u00edn recomenda aprender os m\u00e9todos mais avan\u00e7ados desde cedo e praticar todos os dias, mesmo que pouco. O segredo est\u00e1 na <strong>mem\u00f3ria<\/strong> e no reconhecimento de padr\u00f5es, mais do que na matem\u00e1tica. Ele ainda aponta que buscar solucionar cubos diferentes auxilia no desenvolvimento de novas estrat\u00e9gias.<\/p>\n\n\n\n<figure class=\"wp-block-image size-large\"><img decoding=\"async\" width=\"1024\" height=\"576\" src=\"https:\/\/www.correiobraziliense.com.br\/cbradar\/wp-content\/uploads\/2025\/07\/cubo-magico_1753580842121-1024x576.jpg\" alt=\"Conhe\u00e7a a mente mais r\u00e1pida do mundo: ele montou um cubo m\u00e1gico em 29 segundos\" class=\"wp-image-75865\" srcset=\"https:\/\/www.correiobraziliense.com.br\/cbradar\/wp-content\/uploads\/2025\/07\/cubo-magico_1753580842121-1024x576.jpg 1024w, https:\/\/www.correiobraziliense.com.br\/cbradar\/wp-content\/uploads\/2025\/07\/cubo-magico_1753580842121-300x169.jpg 300w, https:\/\/www.correiobraziliense.com.br\/cbradar\/wp-content\/uploads\/2025\/07\/cubo-magico_1753580842121-768x432.jpg 768w, https:\/\/www.correiobraziliense.com.br\/cbradar\/wp-content\/uploads\/2025\/07\/cubo-magico_1753580842121-750x422.jpg 750w, https:\/\/www.correiobraziliense.com.br\/cbradar\/wp-content\/uploads\/2025\/07\/cubo-magico_1753580842121-1140x641.jpg 1140w, https:\/\/www.correiobraziliense.com.br\/cbradar\/wp-content\/uploads\/2025\/07\/cubo-magico_1753580842121.jpg 1280w\" sizes=\"(max-width: 1024px) 100vw, 1024px\" \/><figcaption class=\"wp-element-caption\">cubo m\u00e1gico. Cr\u00e9ditos: depositphotos.com \/ Vejaa<\/figcaption><\/figure>\n\n\n\n<h2 class=\"wp-block-heading\">Uma conquista que mudou tudo<\/h2>\n\n\n\n<p>Em 2022, Mart\u00edn bateu o recorde mundial de Megaminx com um tempo de 29,27 segundos. Esse feito marcou sua carreira e o destacou na comunidade internacional. Agora, de olho em pr\u00f3ximos campeonatos, seu grande objetivo \u00e9 <strong>manter a consist\u00eancia<\/strong>. Recentemente, ele tamb\u00e9m come\u00e7ou a compartilhar tutoriais online, ajudando outros cubistas ao redor do mundo.<\/p>\n\n\n\n<h2 class=\"wp-block-heading\">O poder da concentra\u00e7\u00e3o<\/h2>\n\n\n\n<p>Mart\u00edn ressalta a import\u00e2ncia da <strong>concentra\u00e7\u00e3o<\/strong> durante as competi\u00e7\u00f5es. Ele costuma treinar em ambientes barulhentos, como shoppings, o que o ajudou a desenvolver a capacidade de se desligar do exterior e focar apenas no cubo.<\/p>\n\n\n\n<h2 class=\"wp-block-heading\">O futuro no Speedcubing<\/h2>\n\n\n\n<p>Com o t\u00edtulo mundial, Mart\u00edn j\u00e1 se prepara para o Campeonato Mundial de 2027 na Su\u00e9cia, visando bater novos recordes em sua categoria. Seu recorde dom\u00e9stico est\u00e1 a poucos mil\u00e9simos de superar o atual recorde mundial.<\/p>\n\n\n\n<p><strong>Principais aprendizados do artigo:<\/strong><\/p>\n\n\n\n<ul class=\"wp-block-list\">\n<li>Pr\u00e1tica constante e concentra\u00e7\u00e3o s\u00e3o fundamentais para o sucesso.<\/li>\n\n\n\n<li>Aprender t\u00e9cnicas avan\u00e7adas desde o in\u00edcio acelera o progresso.<\/li>\n\n\n\n<li>A mem\u00f3ria tem papel crucial na resolu\u00e7\u00e3o de cubos complexos como o Megaminx.<\/li>\n<\/ul>\n\n\n\n<p>Inspirado pela dedica\u00e7\u00e3o de Mart\u00edn, agora voc\u00ea est\u00e1 pronto para enfrentar seus pr\u00f3prios desafios no speedcubing.<\/p>\n","protected":false},"excerpt":{"rendered":"<p>Campe\u00e3o Mundial de Megaminx, Mart\u00edn L\u00f3pez monta cubos 80 vezes ao dia. Descubra seus segredos para iniciar no speedcubing com sucesso.<\/p>\n","protected":false},"author":3,"featured_media":75864,"comment_status":"open","ping_status":"open","sticky":false,"template":"","format":"standard","meta":{"_yoast_wpseo_focuskw":"mente mais r\u00e1pida do mundo","_yoast_wpseo_title":"%%title%%","_yoast_wpseo_metadesc":"Campe\u00e3o Mundial de Megaminx, Mart\u00edn L\u00f3pez monta cubos 80 vezes ao dia. Descubra seus segredos para iniciar no speedcubing com sucesso.","jnews-multi-image_gallery":[],"jnews_single_post":{"format":"standard"},"jnews_primary_category":[],"jnews_social_meta":[],"jnews_override_counter":[],"footnotes":""},"categories":[112],"tags":[144],"class_list":["post-75862","post","type-post","status-publish","format-standard","has-post-thumbnail","hentry","category-curiosidades","tag-curiosidades"],"yoast_head":"<!-- This site is optimized with the Yoast SEO plugin v24.6 - https:\/\/yoast.com\/wordpress\/plugins\/seo\/ -->\n<title>Conhe\u00e7a a mente mais r\u00e1pida do mundo: ele montou um cubo m\u00e1gico em 29 segundos<\/title>\n<meta name=\"description\" content=\"Campe\u00e3o Mundial de Megaminx, Mart\u00edn L\u00f3pez monta cubos 80 vezes ao dia. Descubra seus segredos para iniciar no speedcubing com sucesso.\" \/>\n<meta name=\"robots\" content=\"index, follow, max-snippet:-1, max-image-preview:large, max-video-preview:-1\" \/>\n<link rel=\"canonical\" href=\"https:\/\/www.correiobraziliense.com.br\/cbradar\/conheca-a-mente-mais-rapida-do-mundo-ele-montou-um-cubo-magico-em-29-segundos\/\" \/>\n<meta property=\"og:locale\" content=\"pt_BR\" \/>\n<meta property=\"og:type\" content=\"article\" \/>\n<meta property=\"og:title\" content=\"Conhe\u00e7a a mente mais r\u00e1pida do mundo: ele montou um cubo m\u00e1gico em 29 segundos\" \/>\n<meta property=\"og:description\" content=\"Campe\u00e3o Mundial de Megaminx, Mart\u00edn L\u00f3pez monta cubos 80 vezes ao dia. Descubra seus segredos para iniciar no speedcubing com sucesso.\" \/>\n<meta property=\"og:url\" content=\"https:\/\/www.correiobraziliense.com.br\/cbradar\/conheca-a-mente-mais-rapida-do-mundo-ele-montou-um-cubo-magico-em-29-segundos\/\" \/>\n<meta property=\"og:site_name\" content=\"Correio Braziliense - Radar\" \/>\n<meta property=\"article:published_time\" content=\"2025-07-27T11:40:00+00:00\" \/>\n<meta property=\"og:image\" content=\"https:\/\/www.correiobraziliense.com.br\/cbradar\/wp-content\/uploads\/2025\/07\/cubo-magico_1753580740760.jpg\" \/>\n\t<meta property=\"og:image:width\" content=\"1280\" \/>\n\t<meta property=\"og:image:height\" content=\"720\" \/>\n\t<meta property=\"og:image:type\" content=\"image\/jpeg\" \/>\n<meta name=\"author\" content=\"Larissa Carvalho\" \/>\n<meta name=\"twitter:card\" content=\"summary_large_image\" \/>\n<meta name=\"twitter:label1\" content=\"Escrito por\" \/>\n\t<meta name=\"twitter:data1\" content=\"Larissa Carvalho\" \/>\n\t<meta name=\"twitter:label2\" content=\"Est. tempo de leitura\" \/>\n\t<meta name=\"twitter:data2\" content=\"3 minutos\" \/>\n<!-- \/ Yoast SEO plugin. -->","yoast_head_json":{"title":"Conhe\u00e7a a mente mais r\u00e1pida do mundo: ele montou um cubo m\u00e1gico em 29 segundos","description":"Campe\u00e3o Mundial de Megaminx, Mart\u00edn L\u00f3pez monta cubos 80 vezes ao dia. Descubra seus segredos para iniciar no speedcubing com sucesso.","robots":{"index":"index","follow":"follow","max-snippet":"max-snippet:-1","max-image-preview":"max-image-preview:large","max-video-preview":"max-video-preview:-1"},"canonical":"https:\/\/www.correiobraziliense.com.br\/cbradar\/conheca-a-mente-mais-rapida-do-mundo-ele-montou-um-cubo-magico-em-29-segundos\/","og_locale":"pt_BR","og_type":"article","og_title":"Conhe\u00e7a a mente mais r\u00e1pida do mundo: ele montou um cubo m\u00e1gico em 29 segundos","og_description":"Campe\u00e3o Mundial de Megaminx, Mart\u00edn L\u00f3pez monta cubos 80 vezes ao dia. Descubra seus segredos para iniciar no speedcubing com sucesso.","og_url":"https:\/\/www.correiobraziliense.com.br\/cbradar\/conheca-a-mente-mais-rapida-do-mundo-ele-montou-um-cubo-magico-em-29-segundos\/","og_site_name":"Correio Braziliense - Radar","article_published_time":"2025-07-27T11:40:00+00:00","og_image":[{"width":1280,"height":720,"url":"https:\/\/www.correiobraziliense.com.br\/cbradar\/wp-content\/uploads\/2025\/07\/cubo-magico_1753580740760.jpg","type":"image\/jpeg"}],"author":"Larissa Carvalho","twitter_card":"summary_large_image","twitter_misc":{"Escrito por":"Larissa Carvalho","Est. tempo de leitura":"3 minutos"},"schema":{"@context":"https:\/\/schema.org","@graph":[{"@type":"WebPage","@id":"https:\/\/www.correiobraziliense.com.br\/cbradar\/conheca-a-mente-mais-rapida-do-mundo-ele-montou-um-cubo-magico-em-29-segundos\/","url":"https:\/\/www.correiobraziliense.com.br\/cbradar\/conheca-a-mente-mais-rapida-do-mundo-ele-montou-um-cubo-magico-em-29-segundos\/","name":"Conhe\u00e7a a mente mais r\u00e1pida do mundo: ele montou um cubo m\u00e1gico em 29 segundos","isPartOf":{"@id":"https:\/\/www.correiobraziliense.com.br\/cbradar\/#website"},"primaryImageOfPage":{"@id":"https:\/\/www.correiobraziliense.com.br\/cbradar\/conheca-a-mente-mais-rapida-do-mundo-ele-montou-um-cubo-magico-em-29-segundos\/#primaryimage"},"image":{"@id":"https:\/\/www.correiobraziliense.com.br\/cbradar\/conheca-a-mente-mais-rapida-do-mundo-ele-montou-um-cubo-magico-em-29-segundos\/#primaryimage"},"thumbnailUrl":"https:\/\/www.correiobraziliense.com.br\/cbradar\/wp-content\/uploads\/2025\/07\/cubo-magico_1753580740760.jpg","datePublished":"2025-07-27T11:40:00+00:00","author":{"@id":"https:\/\/www.correiobraziliense.com.br\/cbradar\/#\/schema\/person\/58422787644df994b53a19d3e56c1513"},"description":"Campe\u00e3o Mundial de Megaminx, Mart\u00edn L\u00f3pez monta cubos 80 vezes ao dia. Descubra seus segredos para iniciar no speedcubing com sucesso.","breadcrumb":{"@id":"https:\/\/www.correiobraziliense.com.br\/cbradar\/conheca-a-mente-mais-rapida-do-mundo-ele-montou-um-cubo-magico-em-29-segundos\/#breadcrumb"},"inLanguage":"pt-BR","potentialAction":[{"@type":"ReadAction","target":["https:\/\/www.correiobraziliense.com.br\/cbradar\/conheca-a-mente-mais-rapida-do-mundo-ele-montou-um-cubo-magico-em-29-segundos\/"]}]},{"@type":"ImageObject","inLanguage":"pt-BR","@id":"https:\/\/www.correiobraziliense.com.br\/cbradar\/conheca-a-mente-mais-rapida-do-mundo-ele-montou-um-cubo-magico-em-29-segundos\/#primaryimage","url":"https:\/\/www.correiobraziliense.com.br\/cbradar\/wp-content\/uploads\/2025\/07\/cubo-magico_1753580740760.jpg","contentUrl":"https:\/\/www.correiobraziliense.com.br\/cbradar\/wp-content\/uploads\/2025\/07\/cubo-magico_1753580740760.jpg","width":1280,"height":720,"caption":"cubo m\u00e1gico. Cr\u00e9ditos: depositphotos.com \/ Vejaa"},{"@type":"BreadcrumbList","@id":"https:\/\/www.correiobraziliense.com.br\/cbradar\/conheca-a-mente-mais-rapida-do-mundo-ele-montou-um-cubo-magico-em-29-segundos\/#breadcrumb","itemListElement":[{"@type":"ListItem","position":1,"name":"In\u00edcio","item":"https:\/\/www.correiobraziliense.com.br\/cbradar\/"},{"@type":"ListItem","position":2,"name":"Conhe\u00e7a a mente mais r\u00e1pida do mundo: ele montou um cubo m\u00e1gico em 29 segundos"}]},{"@type":"WebSite","@id":"https:\/\/www.correiobraziliense.com.br\/cbradar\/#website","url":"https:\/\/www.correiobraziliense.com.br\/cbradar\/","name":"Correio Braziliense - Radar","description":"Acompanhe as \u00faltimas not\u00edcias e fique bem informado sobre tudo o que acontece no Brasil e no mundo.","potentialAction":[{"@type":"SearchAction","target":{"@type":"EntryPoint","urlTemplate":"https:\/\/www.correiobraziliense.com.br\/cbradar\/?s={search_term_string}"},"query-input":{"@type":"PropertyValueSpecification","valueRequired":true,"valueName":"search_term_string"}}],"inLanguage":"pt-BR"},{"@type":"Person","@id":"https:\/\/www.correiobraziliense.com.br\/cbradar\/#\/schema\/person\/58422787644df994b53a19d3e56c1513","name":"Larissa Carvalho","image":{"@type":"ImageObject","inLanguage":"pt-BR","@id":"https:\/\/www.correiobraziliense.com.br\/cbradar\/#\/schema\/person\/image\/","url":"https:\/\/secure.gravatar.com\/avatar\/fe4f91a0de32b52a838d0d612abdc1aa?s=96&d=mm&r=g","contentUrl":"https:\/\/secure.gravatar.com\/avatar\/fe4f91a0de32b52a838d0d612abdc1aa?s=96&d=mm&r=g","caption":"Larissa Carvalho"},"url":"https:\/\/www.correiobraziliense.com.br\/cbradar\/author\/larissamyth\/"}]}},"_links":{"self":[{"href":"https:\/\/www.correiobraziliense.com.br\/cbradar\/wp-json\/wp\/v2\/posts\/75862","targetHints":{"allow":["GET"]}}],"collection":[{"href":"https:\/\/www.correiobraziliense.com.br\/cbradar\/wp-json\/wp\/v2\/posts"}],"about":[{"href":"https:\/\/www.correiobraziliense.com.br\/cbradar\/wp-json\/wp\/v2\/types\/post"}],"author":[{"embeddable":true,"href":"https:\/\/www.correiobraziliense.com.br\/cbradar\/wp-json\/wp\/v2\/users\/3"}],"replies":[{"embeddable":true,"href":"https:\/\/www.correiobraziliense.com.br\/cbradar\/wp-json\/wp\/v2\/comments?post=75862"}],"version-history":[{"count":2,"href":"https:\/\/www.correiobraziliense.com.br\/cbradar\/wp-json\/wp\/v2\/posts\/75862\/revisions"}],"predecessor-version":[{"id":75866,"href":"https:\/\/www.correiobraziliense.com.br\/cbradar\/wp-json\/wp\/v2\/posts\/75862\/revisions\/75866"}],"wp:featuredmedia":[{"embeddable":true,"href":"https:\/\/www.correiobraziliense.com.br\/cbradar\/wp-json\/wp\/v2\/media\/75864"}],"wp:attachment":[{"href":"https:\/\/www.correiobraziliense.com.br\/cbradar\/wp-json\/wp\/v2\/media?parent=75862"}],"wp:term":[{"taxonomy":"category","embeddable":true,"href":"https:\/\/www.correiobraziliense.com.br\/cbradar\/wp-json\/wp\/v2\/categories?post=75862"},{"taxonomy":"post_tag","embeddable":true,"href":"https:\/\/www.correiobraziliense.com.br\/cbradar\/wp-json\/wp\/v2\/tags?post=75862"}],"curies":[{"name":"wp","href":"https:\/\/api.w.org\/{rel}","templated":true}]}}