{"id":7599,"date":"2025-03-01T09:30:00","date_gmt":"2025-03-01T12:30:00","guid":{"rendered":"https:\/\/www.correiobraziliense.com.br\/cbradar\/?p=7599"},"modified":"2025-03-01T04:04:45","modified_gmt":"2025-03-01T07:04:45","slug":"as-casas-dessa-cidade-foram-construidas-embaixo-da-terra","status":"publish","type":"post","link":"https:\/\/www.correiobraziliense.com.br\/cbradar\/as-casas-dessa-cidade-foram-construidas-embaixo-da-terra\/","title":{"rendered":"As casas dessa cidade foram constru\u00eddas embaixo da terra"},"content":{"rendered":"\n<p>Enquanto a maioria das cidades \u00e9 constru\u00edda sobre o solo, existe um lugar onde as casas <strong>foram escavadas debaixo da terra<\/strong>. <strong>Coober Pedy<\/strong>, na <strong>Austr\u00e1lia<\/strong>, \u00e9 um vilarejo onde os moradores vivem em <strong>casas subterr\u00e2neas<\/strong> para escapar do calor do deserto.<\/p>\n\n\n\n<p>Localizada no sul da Austr\u00e1lia, Coober Pedy \u00e9 conhecida como a <strong>&#8220;Capital Mundial da Opala&#8221;<\/strong>, pois abriga uma das maiores jazidas desse mineral precioso. Desde o in\u00edcio do s\u00e9culo XX, os mineradores come\u00e7aram a chegar \u00e0 regi\u00e3o em busca de fortuna, mas rapidamente perceberam que as temperaturas <strong>acima dos 45\u202f\u00b0C<\/strong> tornavam a vida na superf\u00edcie quase imposs\u00edvel. A solu\u00e7\u00e3o foi construir suas casas e com\u00e9rcios <strong>dentro de t\u00faneis escavados na rocha<\/strong>, criando uma cidade subterr\u00e2nea \u00fanica.<\/p>\n\n\n\n<p>Hoje, quase <strong>80% da popula\u00e7\u00e3o<\/strong> vive nessas moradias subterr\u00e2neas, chamadas de <strong>&#8220;dugouts&#8221;<\/strong>, que oferecem um ambiente fresco e confort\u00e1vel sem a necessidade de ar condicionado.<\/p>\n\n\n\n<h2 class=\"wp-block-heading\"><strong>Como \u00e9 viver debaixo da terra?<\/strong><\/h2>\n\n\n\n<p>As casas subterr\u00e2neas de Coober Pedy n\u00e3o s\u00e3o cavernas improvisadas, mas sim lares totalmente equipados, com salas, cozinhas, banheiros e at\u00e9 decora\u00e7\u00f5es luxuosas. A temperatura interna se mant\u00e9m em torno de <strong>23\u202f\u00b0C<\/strong> o ano todo, protegendo os moradores do calor extremo do deserto e das noites frias.<\/p>\n\n\n\n<p>Al\u00e9m das casas, a cidade possui <strong>roupas, lojas, hot\u00e9is e at\u00e9 bares<\/strong>, criando uma infraestrutura completa sob a terra. O <strong>Mirante do Grande Guincho<\/strong>, um dos pontos tur\u00edsticos mais famosos, permite que os visitantes vejam a paisagem \u00e1rida e cheia de buracos de minera\u00e7\u00e3o que cercam a cidade.<\/p>\n\n\n\n<p>A minera\u00e7\u00e3o ainda \u00e9 a principal atividade econ\u00f4mica, e muitas das casas foram escavadas <strong>diretamente das antigas minas de opala<\/strong>, transformando os t\u00faneis abandonados em resid\u00eancias e estabelecimentos comerciais.<\/p>\n\n\n\n<figure class=\"wp-block-image size-large\"><img decoding=\"async\" width=\"1024\" height=\"576\" src=\"https:\/\/www.correiobraziliense.com.br\/cbradar\/wp-content\/uploads\/2025\/02\/Coober-Pedy_1740767633938-1024x576.jpg\" alt=\"As casas dessa cidade foram constru\u00eddas embaixo da terra\" class=\"wp-image-7602\" srcset=\"https:\/\/www.correiobraziliense.com.br\/cbradar\/wp-content\/uploads\/2025\/02\/Coober-Pedy_1740767633938-1024x576.jpg 1024w, https:\/\/www.correiobraziliense.com.br\/cbradar\/wp-content\/uploads\/2025\/02\/Coober-Pedy_1740767633938-300x169.jpg 300w, https:\/\/www.correiobraziliense.com.br\/cbradar\/wp-content\/uploads\/2025\/02\/Coober-Pedy_1740767633938-768x432.jpg 768w, https:\/\/www.correiobraziliense.com.br\/cbradar\/wp-content\/uploads\/2025\/02\/Coober-Pedy_1740767633938-750x422.jpg 750w, https:\/\/www.correiobraziliense.com.br\/cbradar\/wp-content\/uploads\/2025\/02\/Coober-Pedy_1740767633938-1140x641.jpg 1140w, https:\/\/www.correiobraziliense.com.br\/cbradar\/wp-content\/uploads\/2025\/02\/Coober-Pedy_1740767633938.jpg 1280w\" sizes=\"(max-width: 1024px) 100vw, 1024px\" \/><figcaption class=\"wp-element-caption\">Coober Pedy. Cr\u00e9ditos: depositphotos.com \/ edella<\/figcaption><\/figure>\n\n\n\n<h2 class=\"wp-block-heading\"><strong>Um dos destinos mais inusitados da Austr\u00e1lia<\/strong><\/h2>\n\n\n\n<p>Coober Pedy atrai viajantes do mundo todos que desejam experimentar a sensa\u00e7\u00e3o de viver em uma cidade subterr\u00e2nea. Al\u00e9m de explorar suas casas escavadas na rocha, os visitantes podem visitar o <strong>Museu de Minera\u00e7\u00e3o<\/strong>, praticar golfe em um campo sem grama e at\u00e9 passar a noite em um <strong>hotel<\/strong>.<\/p>\n\n\n\n<p>A cidade tamb\u00e9m foi cen\u00e1rio de diversos filmes de fic\u00e7\u00e3o cient\u00edfica, como <em>Mad Max: Al\u00e9m da C\u00fapula do Trov\u00e3o<\/em>, devido \u00e0 sua apar\u00eancia surreal e paisagem des\u00e9rtica.<\/p>\n\n\n\n<p>Coober Pedy \u00e9 uma prova de que a criatividade humana pode transformar at\u00e9 os lugares mais in\u00f3spitos em um lar confort\u00e1vel, mostrando que, mesmo no meio do deserto, \u00e9 poss\u00edvel encontrar uma forma de viver com qualidade.<\/p>\n","protected":false},"excerpt":{"rendered":"<p>Uma cidade foi constru\u00edda no extremo da terra para escapar do calor do deserto. Descubra os segredos do incr\u00edvel vilarejo!<\/p>\n","protected":false},"author":3,"featured_media":7601,"comment_status":"open","ping_status":"open","sticky":false,"template":"","format":"standard","meta":{"_yoast_wpseo_focuskw":"terra","_yoast_wpseo_title":"%%title%%","_yoast_wpseo_metadesc":"Uma cidade foi constru\u00edda no extremo da terra para escapar do calor do deserto. Descubra os segredos do incr\u00edvel vilarejo!","jnews-multi-image_gallery":[],"jnews_single_post":{"format":"standard"},"jnews_primary_category":[],"jnews_social_meta":[],"jnews_override_counter":[],"footnotes":""},"categories":[108],"post_tag":[109],"class_list":["post-7599","post","type-post","status-publish","format-standard","has-post-thumbnail","hentry","category-cidades","tag-cidades"],"yoast_head":"<!-- This site is optimized with the Yoast SEO plugin v24.6 - https:\/\/yoast.com\/wordpress\/plugins\/seo\/ -->\n<title>As casas dessa cidade foram constru\u00eddas embaixo da terra<\/title>\n<meta name=\"description\" content=\"Uma cidade foi constru\u00edda no extremo da terra para escapar do calor do deserto. Descubra os segredos do incr\u00edvel vilarejo!\" \/>\n<meta name=\"robots\" content=\"index, follow, max-snippet:-1, max-image-preview:large, max-video-preview:-1\" \/>\n<link rel=\"canonical\" href=\"https:\/\/www.correiobraziliense.com.br\/cbradar\/as-casas-dessa-cidade-foram-construidas-embaixo-da-terra\/\" \/>\n<meta property=\"og:locale\" content=\"pt_BR\" \/>\n<meta property=\"og:type\" content=\"article\" \/>\n<meta property=\"og:title\" content=\"As casas dessa cidade foram constru\u00eddas embaixo da terra\" \/>\n<meta property=\"og:description\" content=\"Uma cidade foi constru\u00edda no extremo da terra para escapar do calor do deserto. Descubra os segredos do incr\u00edvel vilarejo!\" \/>\n<meta property=\"og:url\" content=\"https:\/\/www.correiobraziliense.com.br\/cbradar\/as-casas-dessa-cidade-foram-construidas-embaixo-da-terra\/\" \/>\n<meta property=\"og:site_name\" content=\"Correio Braziliense - Radar\" \/>\n<meta property=\"article:published_time\" content=\"2025-03-01T12:30:00+00:00\" \/>\n<meta property=\"og:image\" content=\"https:\/\/www.correiobraziliense.com.br\/cbradar\/wp-content\/uploads\/2025\/02\/Coober-Pedy_1740767581570.jpg\" \/>\n\t<meta property=\"og:image:width\" content=\"1280\" \/>\n\t<meta property=\"og:image:height\" content=\"720\" \/>\n\t<meta property=\"og:image:type\" content=\"image\/jpeg\" \/>\n<meta name=\"author\" content=\"Larissa Carvalho\" \/>\n<meta name=\"twitter:card\" content=\"summary_large_image\" \/>\n<meta name=\"twitter:label1\" content=\"Escrito por\" \/>\n\t<meta name=\"twitter:data1\" content=\"Larissa Carvalho\" \/>\n\t<meta name=\"twitter:label2\" content=\"Est. tempo de leitura\" \/>\n\t<meta name=\"twitter:data2\" content=\"3 minutos\" \/>\n<!-- \/ Yoast SEO plugin. -->","yoast_head_json":{"title":"As casas dessa cidade foram constru\u00eddas embaixo da terra","description":"Uma cidade foi constru\u00edda no extremo da terra para escapar do calor do deserto. Descubra os segredos do incr\u00edvel vilarejo!","robots":{"index":"index","follow":"follow","max-snippet":"max-snippet:-1","max-image-preview":"max-image-preview:large","max-video-preview":"max-video-preview:-1"},"canonical":"https:\/\/www.correiobraziliense.com.br\/cbradar\/as-casas-dessa-cidade-foram-construidas-embaixo-da-terra\/","og_locale":"pt_BR","og_type":"article","og_title":"As casas dessa cidade foram constru\u00eddas embaixo da terra","og_description":"Uma cidade foi constru\u00edda no extremo da terra para escapar do calor do deserto. Descubra os segredos do incr\u00edvel vilarejo!","og_url":"https:\/\/www.correiobraziliense.com.br\/cbradar\/as-casas-dessa-cidade-foram-construidas-embaixo-da-terra\/","og_site_name":"Correio Braziliense - Radar","article_published_time":"2025-03-01T12:30:00+00:00","og_image":[{"width":1280,"height":720,"url":"https:\/\/www.correiobraziliense.com.br\/cbradar\/wp-content\/uploads\/2025\/02\/Coober-Pedy_1740767581570.jpg","type":"image\/jpeg"}],"author":"Larissa Carvalho","twitter_card":"summary_large_image","twitter_misc":{"Escrito por":"Larissa Carvalho","Est. tempo de leitura":"3 minutos"},"schema":{"@context":"https:\/\/schema.org","@graph":[{"@type":"WebPage","@id":"https:\/\/www.correiobraziliense.com.br\/cbradar\/as-casas-dessa-cidade-foram-construidas-embaixo-da-terra\/","url":"https:\/\/www.correiobraziliense.com.br\/cbradar\/as-casas-dessa-cidade-foram-construidas-embaixo-da-terra\/","name":"As casas dessa cidade foram constru\u00eddas embaixo da terra","isPartOf":{"@id":"https:\/\/www.correiobraziliense.com.br\/cbradar\/#website"},"primaryImageOfPage":{"@id":"https:\/\/www.correiobraziliense.com.br\/cbradar\/as-casas-dessa-cidade-foram-construidas-embaixo-da-terra\/#primaryimage"},"image":{"@id":"https:\/\/www.correiobraziliense.com.br\/cbradar\/as-casas-dessa-cidade-foram-construidas-embaixo-da-terra\/#primaryimage"},"thumbnailUrl":"https:\/\/www.correiobraziliense.com.br\/cbradar\/wp-content\/uploads\/2025\/02\/Coober-Pedy_1740767581570.jpg","datePublished":"2025-03-01T12:30:00+00:00","author":{"@id":"https:\/\/www.correiobraziliense.com.br\/cbradar\/#\/schema\/person\/58422787644df994b53a19d3e56c1513"},"description":"Uma cidade foi constru\u00edda no extremo da terra para escapar do calor do deserto. Descubra os segredos do incr\u00edvel vilarejo!","breadcrumb":{"@id":"https:\/\/www.correiobraziliense.com.br\/cbradar\/as-casas-dessa-cidade-foram-construidas-embaixo-da-terra\/#breadcrumb"},"inLanguage":"pt-BR","potentialAction":[{"@type":"ReadAction","target":["https:\/\/www.correiobraziliense.com.br\/cbradar\/as-casas-dessa-cidade-foram-construidas-embaixo-da-terra\/"]}]},{"@type":"ImageObject","inLanguage":"pt-BR","@id":"https:\/\/www.correiobraziliense.com.br\/cbradar\/as-casas-dessa-cidade-foram-construidas-embaixo-da-terra\/#primaryimage","url":"https:\/\/www.correiobraziliense.com.br\/cbradar\/wp-content\/uploads\/2025\/02\/Coober-Pedy_1740767581570.jpg","contentUrl":"https:\/\/www.correiobraziliense.com.br\/cbradar\/wp-content\/uploads\/2025\/02\/Coober-Pedy_1740767581570.jpg","width":1280,"height":720,"caption":"Coober Pedy. Cr\u00e9ditos: depositphotos.com \/ fotofritz"},{"@type":"BreadcrumbList","@id":"https:\/\/www.correiobraziliense.com.br\/cbradar\/as-casas-dessa-cidade-foram-construidas-embaixo-da-terra\/#breadcrumb","itemListElement":[{"@type":"ListItem","position":1,"name":"In\u00edcio","item":"https:\/\/www.correiobraziliense.com.br\/cbradar\/"},{"@type":"ListItem","position":2,"name":"As casas dessa cidade foram constru\u00eddas embaixo da terra"}]},{"@type":"WebSite","@id":"https:\/\/www.correiobraziliense.com.br\/cbradar\/#website","url":"https:\/\/www.correiobraziliense.com.br\/cbradar\/","name":"Correio Braziliense - Radar","description":"Acompanhe as \u00faltimas not\u00edcias e fique bem informado sobre tudo o que acontece no Brasil e no mundo.","potentialAction":[{"@type":"SearchAction","target":{"@type":"EntryPoint","urlTemplate":"https:\/\/www.correiobraziliense.com.br\/cbradar\/?s={search_term_string}"},"query-input":{"@type":"PropertyValueSpecification","valueRequired":true,"valueName":"search_term_string"}}],"inLanguage":"pt-BR"},{"@type":"Person","@id":"https:\/\/www.correiobraziliense.com.br\/cbradar\/#\/schema\/person\/58422787644df994b53a19d3e56c1513","name":"Larissa Carvalho","image":{"@type":"ImageObject","inLanguage":"pt-BR","@id":"https:\/\/www.correiobraziliense.com.br\/cbradar\/#\/schema\/person\/image\/","url":"https:\/\/secure.gravatar.com\/avatar\/fe4f91a0de32b52a838d0d612abdc1aa?s=96&d=mm&r=g","contentUrl":"https:\/\/secure.gravatar.com\/avatar\/fe4f91a0de32b52a838d0d612abdc1aa?s=96&d=mm&r=g","caption":"Larissa Carvalho"},"url":"https:\/\/www.correiobraziliense.com.br\/cbradar\/author\/larissamyth\/"}]}},"_links":{"self":[{"href":"https:\/\/www.correiobraziliense.com.br\/cbradar\/wp-json\/wp\/v2\/posts\/7599","targetHints":{"allow":["GET"]}}],"collection":[{"href":"https:\/\/www.correiobraziliense.com.br\/cbradar\/wp-json\/wp\/v2\/posts"}],"about":[{"href":"https:\/\/www.correiobraziliense.com.br\/cbradar\/wp-json\/wp\/v2\/types\/post"}],"author":[{"embeddable":true,"href":"https:\/\/www.correiobraziliense.com.br\/cbradar\/wp-json\/wp\/v2\/users\/3"}],"replies":[{"embeddable":true,"href":"https:\/\/www.correiobraziliense.com.br\/cbradar\/wp-json\/wp\/v2\/comments?post=7599"}],"version-history":[{"count":1,"href":"https:\/\/www.correiobraziliense.com.br\/cbradar\/wp-json\/wp\/v2\/posts\/7599\/revisions"}],"predecessor-version":[{"id":7604,"href":"https:\/\/www.correiobraziliense.com.br\/cbradar\/wp-json\/wp\/v2\/posts\/7599\/revisions\/7604"}],"wp:featuredmedia":[{"embeddable":true,"href":"https:\/\/www.correiobraziliense.com.br\/cbradar\/wp-json\/wp\/v2\/media\/7601"}],"wp:attachment":[{"href":"https:\/\/www.correiobraziliense.com.br\/cbradar\/wp-json\/wp\/v2\/media?parent=7599"}],"wp:term":[{"taxonomy":"category","embeddable":true,"href":"https:\/\/www.correiobraziliense.com.br\/cbradar\/wp-json\/wp\/v2\/categories?post=7599"},{"taxonomy":"post_tag","embeddable":true,"href":"https:\/\/www.correiobraziliense.com.br\/cbradar\/wp-json\/wp\/v2\/post_tag?post=7599"}],"curies":[{"name":"wp","href":"https:\/\/api.w.org\/{rel}","templated":true}]}}