{"id":7655,"date":"2025-03-01T07:30:00","date_gmt":"2025-03-01T10:30:00","guid":{"rendered":"https:\/\/www.correiobraziliense.com.br\/cbradar\/?p=7655"},"modified":"2025-02-28T17:37:00","modified_gmt":"2025-02-28T20:37:00","slug":"essa-cidade-fica-no-lugar-mais-remoto-do-mundo","status":"publish","type":"post","link":"https:\/\/www.correiobraziliense.com.br\/cbradar\/essa-cidade-fica-no-lugar-mais-remoto-do-mundo\/","title":{"rendered":"Essa cidade fica no lugar mais remoto do mundo"},"content":{"rendered":"\n<p>Enquanto muitas cidades est\u00e3o conectadas por estradas, ferrovias e aeroportos, existe um lugar onde a vizinhan\u00e7a mais pr\u00f3xima fica a mais de <strong>2.000 km de dist\u00e2ncia<\/strong>. <strong>Edimburgo dos Sete Mares<\/strong>, no <strong>territ\u00f3rio brit\u00e2nico de Trist\u00e3o da Cunha<\/strong>, \u00e9 considerado o assentamento humano mais isolado do mundo.<\/p>\n\n\n\n<p>Localizado no meio do <strong>Oceano Atl\u00e2ntico<\/strong>, esse pequeno vilarejo abriga cerca de <strong>250 habitantes<\/strong>, que vivem em uma ilha vulc\u00e2nica rodeada por um mar agitado e sem qualquer conex\u00e3o direta com o resto do mundo. Para chegar at\u00e9 l\u00e1, \u00e9 preciso embarcar em um navio de carga que parte da \u00c1frica do Sul e leva at\u00e9 <strong>uma semana<\/strong> para alcan\u00e7ar a ilha.<\/p>\n\n\n\n<p>Apesar de sua localiza\u00e7\u00e3o extrema, a comunidade \u00e9 autossuficiente e mant\u00e9m um modo de vida tradicional, baseado na pesca, na agricultura e na cria\u00e7\u00e3o de gado.<\/p>\n\n\n\n<h2 class=\"wp-block-heading\"><strong>Como \u00e9 viver no lugar mais isolado do planeta?<\/strong><\/h2>\n\n\n\n<p>Os moradores de Edimburgo dos Sete Mares levam uma vida simples, com poucas influ\u00eancias externas. N\u00e3o h\u00e1 voos comerciais, nem grandes estabelecimentos comerciais \u2014 tudo o que chega \u00e0 ilha vem por barco, e as remessas de suprimentos acontecem apenas algumas vezes por ano.<\/p>\n\n\n\n<p>As casas s\u00e3o modestas, a comunica\u00e7\u00e3o com o mundo exterior \u00e9 limitada e o entretenimento \u00e9 baseado em atividades comunit\u00e1rias, como festivais locais e partidas de futebol. O sistema de sa\u00fade e educa\u00e7\u00e3o \u00e9 b\u00e1sico, mas eficiente para atender a pequena popula\u00e7\u00e3o.<\/p>\n\n\n\n<p>A economia da ilha gira em torno da pesca da lagosta, que \u00e9 exportada para a Europa, e do turismo, que atrai viajantes aventureiros dispostos a enfrentar a longa viagem para conhecer esse peda\u00e7o remoto do mundo.<\/p>\n\n\n\n<figure class=\"wp-block-image size-large\"><img decoding=\"async\" width=\"1024\" height=\"576\" src=\"https:\/\/www.correiobraziliense.com.br\/cbradar\/wp-content\/uploads\/2025\/02\/Tristao-da-Cunha-1024x576.png\" alt=\"Essa cidade fica no lugar mais remoto do mundo\" class=\"wp-image-7657\" srcset=\"https:\/\/www.correiobraziliense.com.br\/cbradar\/wp-content\/uploads\/2025\/02\/Tristao-da-Cunha-1024x576.png 1024w, https:\/\/www.correiobraziliense.com.br\/cbradar\/wp-content\/uploads\/2025\/02\/Tristao-da-Cunha-300x169.png 300w, https:\/\/www.correiobraziliense.com.br\/cbradar\/wp-content\/uploads\/2025\/02\/Tristao-da-Cunha-768x432.png 768w, https:\/\/www.correiobraziliense.com.br\/cbradar\/wp-content\/uploads\/2025\/02\/Tristao-da-Cunha-750x422.png 750w, https:\/\/www.correiobraziliense.com.br\/cbradar\/wp-content\/uploads\/2025\/02\/Tristao-da-Cunha-1140x641.png 1140w, https:\/\/www.correiobraziliense.com.br\/cbradar\/wp-content\/uploads\/2025\/02\/Tristao-da-Cunha.png 1280w\" sizes=\"(max-width: 1024px) 100vw, 1024px\" \/><figcaption class=\"wp-element-caption\">Trist\u00e3o da Cunha. Fonte: Warrenmck, CC BY-SA 4.0, via Wikimedia Commons<\/figcaption><\/figure>\n\n\n\n<h2 class=\"wp-block-heading\"><strong>Um dos destinos mais inacess\u00edveis da Terra<\/strong><\/h2>\n\n\n\n<p>Embora seja extremamente isolado, Edimburgo dos Sete Mares oferece uma paisagem impressionante, com montanhas vulc\u00e2nicas, praias selvagens e uma vida marinha abundante. A ilha \u00e9 lar de diversas esp\u00e9cies de aves e mam\u00edferos marinhos, como pinguins e focas, que encontram ref\u00fagio nesse ambiente intocado.<\/p>\n\n\n\n<p>A hist\u00f3ria da ilha tamb\u00e9m \u00e9 fascinante. Foi descoberta pelos portugueses no s\u00e9culo XVI e, mais tarde, ocupada pelos brit\u00e2nicos, que estabeleceram uma comunidade resiliente que persiste at\u00e9 hoje.<\/p>\n\n\n\n<p>Edimburgo dos Sete Mares \u00e9 a prova de que a vida pode florescer mesmo nos lugares mais remotos do planeta, onde a conex\u00e3o com a natureza \u00e9 mais forte do que qualquer la\u00e7o com o mundo moderno.<\/p>\n","protected":false},"excerpt":{"rendered":"<p>Uma cidade no meio do oceano: descubra os segredos de onde a civiliza\u00e7\u00e3o mais pr\u00f3xima est\u00e1 a mais de 2.000 km de dist\u00e2ncia.<\/p>\n","protected":false},"author":3,"featured_media":7656,"comment_status":"open","ping_status":"open","sticky":false,"template":"","format":"standard","meta":{"_yoast_wpseo_focuskw":"lugar mais remoto do mundo","_yoast_wpseo_title":"%%title%%","_yoast_wpseo_metadesc":"Uma cidade no meio do oceano: descubra os segredos de onde a civiliza\u00e7\u00e3o mais pr\u00f3xima est\u00e1 a mais de 2.000 km de dist\u00e2ncia.","jnews-multi-image_gallery":[],"jnews_single_post":{"format":"standard"},"jnews_primary_category":[],"jnews_social_meta":[],"jnews_override_counter":[],"footnotes":""},"categories":[108],"post_tag":[109],"class_list":["post-7655","post","type-post","status-publish","format-standard","has-post-thumbnail","hentry","category-cidades","tag-cidades"],"yoast_head":"<!-- This site is optimized with the Yoast SEO plugin v24.6 - https:\/\/yoast.com\/wordpress\/plugins\/seo\/ -->\n<title>Essa cidade fica no lugar mais remoto do mundo<\/title>\n<meta name=\"description\" content=\"Uma cidade no meio do oceano: descubra os segredos de onde a civiliza\u00e7\u00e3o mais pr\u00f3xima est\u00e1 a mais de 2.000 km de dist\u00e2ncia.\" \/>\n<meta name=\"robots\" content=\"index, follow, max-snippet:-1, max-image-preview:large, max-video-preview:-1\" \/>\n<link rel=\"canonical\" href=\"https:\/\/www.correiobraziliense.com.br\/cbradar\/essa-cidade-fica-no-lugar-mais-remoto-do-mundo\/\" \/>\n<meta property=\"og:locale\" content=\"pt_BR\" \/>\n<meta property=\"og:type\" content=\"article\" \/>\n<meta property=\"og:title\" content=\"Essa cidade fica no lugar mais remoto do mundo\" \/>\n<meta property=\"og:description\" content=\"Uma cidade no meio do oceano: descubra os segredos de onde a civiliza\u00e7\u00e3o mais pr\u00f3xima est\u00e1 a mais de 2.000 km de dist\u00e2ncia.\" \/>\n<meta property=\"og:url\" content=\"https:\/\/www.correiobraziliense.com.br\/cbradar\/essa-cidade-fica-no-lugar-mais-remoto-do-mundo\/\" \/>\n<meta property=\"og:site_name\" content=\"Correio Braziliense - Radar\" \/>\n<meta property=\"article:published_time\" content=\"2025-03-01T10:30:00+00:00\" \/>\n<meta property=\"og:image\" content=\"https:\/\/www.correiobraziliense.com.br\/cbradar\/wp-content\/uploads\/2025\/02\/Edimburgo-dos-Sete-Mares.png\" \/>\n\t<meta property=\"og:image:width\" content=\"1280\" \/>\n\t<meta property=\"og:image:height\" content=\"720\" \/>\n\t<meta property=\"og:image:type\" content=\"image\/png\" \/>\n<meta name=\"author\" content=\"Larissa Carvalho\" \/>\n<meta name=\"twitter:card\" content=\"summary_large_image\" \/>\n<meta name=\"twitter:label1\" content=\"Escrito por\" \/>\n\t<meta name=\"twitter:data1\" content=\"Larissa Carvalho\" \/>\n\t<meta name=\"twitter:label2\" content=\"Est. tempo de leitura\" \/>\n\t<meta name=\"twitter:data2\" content=\"3 minutos\" \/>\n<!-- \/ Yoast SEO plugin. -->","yoast_head_json":{"title":"Essa cidade fica no lugar mais remoto do mundo","description":"Uma cidade no meio do oceano: descubra os segredos de onde a civiliza\u00e7\u00e3o mais pr\u00f3xima est\u00e1 a mais de 2.000 km de dist\u00e2ncia.","robots":{"index":"index","follow":"follow","max-snippet":"max-snippet:-1","max-image-preview":"max-image-preview:large","max-video-preview":"max-video-preview:-1"},"canonical":"https:\/\/www.correiobraziliense.com.br\/cbradar\/essa-cidade-fica-no-lugar-mais-remoto-do-mundo\/","og_locale":"pt_BR","og_type":"article","og_title":"Essa cidade fica no lugar mais remoto do mundo","og_description":"Uma cidade no meio do oceano: descubra os segredos de onde a civiliza\u00e7\u00e3o mais pr\u00f3xima est\u00e1 a mais de 2.000 km de dist\u00e2ncia.","og_url":"https:\/\/www.correiobraziliense.com.br\/cbradar\/essa-cidade-fica-no-lugar-mais-remoto-do-mundo\/","og_site_name":"Correio Braziliense - Radar","article_published_time":"2025-03-01T10:30:00+00:00","og_image":[{"width":1280,"height":720,"url":"https:\/\/www.correiobraziliense.com.br\/cbradar\/wp-content\/uploads\/2025\/02\/Edimburgo-dos-Sete-Mares.png","type":"image\/png"}],"author":"Larissa Carvalho","twitter_card":"summary_large_image","twitter_misc":{"Escrito por":"Larissa Carvalho","Est. tempo de leitura":"3 minutos"},"schema":{"@context":"https:\/\/schema.org","@graph":[{"@type":"WebPage","@id":"https:\/\/www.correiobraziliense.com.br\/cbradar\/essa-cidade-fica-no-lugar-mais-remoto-do-mundo\/","url":"https:\/\/www.correiobraziliense.com.br\/cbradar\/essa-cidade-fica-no-lugar-mais-remoto-do-mundo\/","name":"Essa cidade fica no lugar mais remoto do mundo","isPartOf":{"@id":"https:\/\/www.correiobraziliense.com.br\/cbradar\/#website"},"primaryImageOfPage":{"@id":"https:\/\/www.correiobraziliense.com.br\/cbradar\/essa-cidade-fica-no-lugar-mais-remoto-do-mundo\/#primaryimage"},"image":{"@id":"https:\/\/www.correiobraziliense.com.br\/cbradar\/essa-cidade-fica-no-lugar-mais-remoto-do-mundo\/#primaryimage"},"thumbnailUrl":"https:\/\/www.correiobraziliense.com.br\/cbradar\/wp-content\/uploads\/2025\/02\/Edimburgo-dos-Sete-Mares.png","datePublished":"2025-03-01T10:30:00+00:00","author":{"@id":"https:\/\/www.correiobraziliense.com.br\/cbradar\/#\/schema\/person\/58422787644df994b53a19d3e56c1513"},"description":"Uma cidade no meio do oceano: descubra os segredos de onde a civiliza\u00e7\u00e3o mais pr\u00f3xima est\u00e1 a mais de 2.000 km de dist\u00e2ncia.","breadcrumb":{"@id":"https:\/\/www.correiobraziliense.com.br\/cbradar\/essa-cidade-fica-no-lugar-mais-remoto-do-mundo\/#breadcrumb"},"inLanguage":"pt-BR","potentialAction":[{"@type":"ReadAction","target":["https:\/\/www.correiobraziliense.com.br\/cbradar\/essa-cidade-fica-no-lugar-mais-remoto-do-mundo\/"]}]},{"@type":"ImageObject","inLanguage":"pt-BR","@id":"https:\/\/www.correiobraziliense.com.br\/cbradar\/essa-cidade-fica-no-lugar-mais-remoto-do-mundo\/#primaryimage","url":"https:\/\/www.correiobraziliense.com.br\/cbradar\/wp-content\/uploads\/2025\/02\/Edimburgo-dos-Sete-Mares.png","contentUrl":"https:\/\/www.correiobraziliense.com.br\/cbradar\/wp-content\/uploads\/2025\/02\/Edimburgo-dos-Sete-Mares.png","width":1280,"height":720,"caption":"Edimburgo dos Sete Mares. Fonte: Chris and Steve at flickr, CC BY-SA 3.0, via Wikimedia Commons"},{"@type":"BreadcrumbList","@id":"https:\/\/www.correiobraziliense.com.br\/cbradar\/essa-cidade-fica-no-lugar-mais-remoto-do-mundo\/#breadcrumb","itemListElement":[{"@type":"ListItem","position":1,"name":"In\u00edcio","item":"https:\/\/www.correiobraziliense.com.br\/cbradar\/"},{"@type":"ListItem","position":2,"name":"Essa cidade fica no lugar mais remoto do mundo"}]},{"@type":"WebSite","@id":"https:\/\/www.correiobraziliense.com.br\/cbradar\/#website","url":"https:\/\/www.correiobraziliense.com.br\/cbradar\/","name":"Correio Braziliense - Radar","description":"Acompanhe as \u00faltimas not\u00edcias e fique bem informado sobre tudo o que acontece no Brasil e no mundo.","potentialAction":[{"@type":"SearchAction","target":{"@type":"EntryPoint","urlTemplate":"https:\/\/www.correiobraziliense.com.br\/cbradar\/?s={search_term_string}"},"query-input":{"@type":"PropertyValueSpecification","valueRequired":true,"valueName":"search_term_string"}}],"inLanguage":"pt-BR"},{"@type":"Person","@id":"https:\/\/www.correiobraziliense.com.br\/cbradar\/#\/schema\/person\/58422787644df994b53a19d3e56c1513","name":"Larissa Carvalho","image":{"@type":"ImageObject","inLanguage":"pt-BR","@id":"https:\/\/www.correiobraziliense.com.br\/cbradar\/#\/schema\/person\/image\/","url":"https:\/\/secure.gravatar.com\/avatar\/fe4f91a0de32b52a838d0d612abdc1aa?s=96&d=mm&r=g","contentUrl":"https:\/\/secure.gravatar.com\/avatar\/fe4f91a0de32b52a838d0d612abdc1aa?s=96&d=mm&r=g","caption":"Larissa Carvalho"},"url":"https:\/\/www.correiobraziliense.com.br\/cbradar\/author\/larissamyth\/"}]}},"_links":{"self":[{"href":"https:\/\/www.correiobraziliense.com.br\/cbradar\/wp-json\/wp\/v2\/posts\/7655","targetHints":{"allow":["GET"]}}],"collection":[{"href":"https:\/\/www.correiobraziliense.com.br\/cbradar\/wp-json\/wp\/v2\/posts"}],"about":[{"href":"https:\/\/www.correiobraziliense.com.br\/cbradar\/wp-json\/wp\/v2\/types\/post"}],"author":[{"embeddable":true,"href":"https:\/\/www.correiobraziliense.com.br\/cbradar\/wp-json\/wp\/v2\/users\/3"}],"replies":[{"embeddable":true,"href":"https:\/\/www.correiobraziliense.com.br\/cbradar\/wp-json\/wp\/v2\/comments?post=7655"}],"version-history":[{"count":1,"href":"https:\/\/www.correiobraziliense.com.br\/cbradar\/wp-json\/wp\/v2\/posts\/7655\/revisions"}],"predecessor-version":[{"id":7658,"href":"https:\/\/www.correiobraziliense.com.br\/cbradar\/wp-json\/wp\/v2\/posts\/7655\/revisions\/7658"}],"wp:featuredmedia":[{"embeddable":true,"href":"https:\/\/www.correiobraziliense.com.br\/cbradar\/wp-json\/wp\/v2\/media\/7656"}],"wp:attachment":[{"href":"https:\/\/www.correiobraziliense.com.br\/cbradar\/wp-json\/wp\/v2\/media?parent=7655"}],"wp:term":[{"taxonomy":"category","embeddable":true,"href":"https:\/\/www.correiobraziliense.com.br\/cbradar\/wp-json\/wp\/v2\/categories?post=7655"},{"taxonomy":"post_tag","embeddable":true,"href":"https:\/\/www.correiobraziliense.com.br\/cbradar\/wp-json\/wp\/v2\/post_tag?post=7655"}],"curies":[{"name":"wp","href":"https:\/\/api.w.org\/{rel}","templated":true}]}}