{"id":76669,"date":"2025-07-28T22:23:00","date_gmt":"2025-07-29T01:23:00","guid":{"rendered":"https:\/\/www.correiobraziliense.com.br\/cbradar\/?p=76669"},"modified":"2025-07-28T07:39:52","modified_gmt":"2025-07-28T10:39:52","slug":"a-verdadeira-origem-das-expressoes-populares-que-voce-usa-todo-dia","status":"publish","type":"post","link":"https:\/\/www.correiobraziliense.com.br\/cbradar\/a-verdadeira-origem-das-expressoes-populares-que-voce-usa-todo-dia\/","title":{"rendered":"A verdadeira origem das express\u00f5es populares que voc\u00ea usa todo dia"},"content":{"rendered":"\n<p>As <strong><a href=\"https:\/\/pt.wikipedia.org\/wiki\/G%C3%ADria\" target=\"_blank\" rel=\"noreferrer noopener\">express\u00f5es populares<\/a><\/strong> fazem parte do nosso dia a dia, mas suas origens muitas vezes s\u00e3o desconhecidas. Entender essas frases conecta-nos \u00e0 hist\u00f3ria e promove bem-estar mental ao estimular a curiosidade. Conhe\u00e7a a origem de cinco express\u00f5es e como elas inspiram sa\u00fade emocional.<\/p>\n\n\n\n<ul class=\"wp-block-list\">\n<li>Express\u00f5es populares estimulam a curiosidade e o aprendizado.<\/li>\n\n\n\n<li>Conhecer a cultura reduz o estresse e promove conex\u00e3o.<\/li>\n\n\n\n<li>Reflex\u00f5es sobre linguagem fortalecem a sa\u00fade mental.<\/li>\n<\/ul>\n\n\n\n<h2 class=\"wp-block-heading\">O que significa \u201cpagar mico\u201d?<\/h2>\n\n\n\n<p>A express\u00e3o <strong>pagar mico<\/strong> vem do s\u00e9culo XIX, quando o jogo de cartas \u201cmico\u201d era popular no Brasil. Quem ficava com a carta do mico perdia, associando-se a situa\u00e7\u00f5es constrangedoras. Conhecer essa origem pode inspirar leveza ao lidar com erros.<\/p>\n\n\n\n<p>Rir de si mesmo \u00e9 uma pr\u00e1tica de bem-estar. Aceitar falhas com bom humor reduz a ansiedade e fortalece a resili\u00eancia.<\/p>\n\n\n<div class=\"wp-block-image\">\n<figure class=\"aligncenter size-large\"><img decoding=\"async\" width=\"1024\" height=\"576\" src=\"https:\/\/www.correiobraziliense.com.br\/cbradar\/wp-content\/uploads\/2025\/07\/palavras_1753698995299-1024x576.jpg\" alt=\"\" class=\"wp-image-76689\" srcset=\"https:\/\/www.correiobraziliense.com.br\/cbradar\/wp-content\/uploads\/2025\/07\/palavras_1753698995299-1024x576.jpg 1024w, https:\/\/www.correiobraziliense.com.br\/cbradar\/wp-content\/uploads\/2025\/07\/palavras_1753698995299-300x169.jpg 300w, https:\/\/www.correiobraziliense.com.br\/cbradar\/wp-content\/uploads\/2025\/07\/palavras_1753698995299-768x432.jpg 768w, https:\/\/www.correiobraziliense.com.br\/cbradar\/wp-content\/uploads\/2025\/07\/palavras_1753698995299-750x422.jpg 750w, https:\/\/www.correiobraziliense.com.br\/cbradar\/wp-content\/uploads\/2025\/07\/palavras_1753698995299-1140x642.jpg 1140w, https:\/\/www.correiobraziliense.com.br\/cbradar\/wp-content\/uploads\/2025\/07\/palavras_1753698995299.jpg 1279w\" sizes=\"(max-width: 1024px) 100vw, 1024px\" \/><figcaption class=\"wp-element-caption\">Palavras \/\/ Cr\u00e9ditos: depositphotos.com \/ saffiresblue<\/figcaption><\/figure><\/div>\n\n\n<h2 class=\"wp-block-heading\">Por que dizemos \u201cengolir sapo\u201d?<\/h2>\n\n\n\n<p><strong>Engolir sapo<\/strong> remete a situa\u00e7\u00f5es em que algu\u00e9m tolera algo desagrad\u00e1vel. A origem \u00e9 incerta, mas pode estar ligada a contos populares onde sapos simbolizavam desafios. Refletir sobre essas express\u00f5es ajuda a lidar com frustra\u00e7\u00f5es.<\/p>\n\n\n\n<p>Pr\u00e1ticas como journaling ajudam a processar emo\u00e7\u00f5es. Escrever sobre desafios promove clareza mental e equil\u00edbrio.<\/p>\n\n\n\n<h2 class=\"wp-block-heading\">Qual \u00e9 a origem de \u201cdar com a l\u00edngua nos dentes\u201d?<\/h2>\n\n\n\n<p>A express\u00e3o <strong>dar com a l\u00edngua nos dentes<\/strong> significa revelar segredos. Sua origem vem do h\u00e1bito de pessoas falarem tanto que \u201cbatiam\u201d a l\u00edngua nos dentes. Essa curiosidade nos lembra da import\u00e2ncia da comunica\u00e7\u00e3o consciente.<\/p>\n\n\n\n<p>Falar com aten\u00e7\u00e3o fortalece relacionamentos. Pr\u00e1ticas como escuta ativa promovem conex\u00e3o e bem-estar emocional.<\/p>\n\n\n\n<p><strong>Dica r\u00e1pida<\/strong>: Antes de compartilhar algo, pergunte-se se \u00e9 necess\u00e1rio e gentil.<\/p>\n\n\n\n<h2 class=\"wp-block-heading\">Como \u201cestar com a pulga atr\u00e1s da orelha\u201d surgiu?<\/h2>\n\n\n\n<p>Essa express\u00e3o, que indica desconfian\u00e7a, vem da sensa\u00e7\u00e3o inc\u00f4moda de algo atr\u00e1s da orelha, como uma pulga. Conhecer essas hist\u00f3rias estimula a curiosidade e reduz o estresse. Aprender sobre cultura \u00e9 uma pausa relaxante.<\/p>\n\n\n\n<p>Atividades como leitura de contos populares fortalecem a mente. Isso promove sa\u00fade cognitiva e prazer no aprendizado.<\/p>\n\n\n\n<p><strong>Leia tamb\u00e9m<\/strong>: <a href=\"https:\/\/www.correiobraziliense.com.br\/cbradar\/o-segredo-que-vai-fazer-toda-sua-familia-dormir-melhor-todos-os-dias\/\" target=\"_blank\" rel=\"noreferrer noopener\"><strong>O segredo que vai fazer toda sua fam\u00edlia dormir melhor todos os dias.<\/strong><\/a><\/p>\n\n\n\n<h2 class=\"wp-block-heading\">Por que usamos \u201ccorrer atr\u00e1s do preju\u00edzo\u201d?<\/h2>\n\n\n\n<p><strong>Correr atr\u00e1s do preju\u00edzo<\/strong> significa tentar recuperar algo perdido. A express\u00e3o tem ra\u00edzes em contextos comerciais, onde se buscava compensar perdas. Essa ideia inspira resili\u00eancia e proatividade na vida.<\/p>\n\n\n\n<p>Adotar uma mentalidade de supera\u00e7\u00e3o fortalece a sa\u00fade emocional. Pr\u00e1ticas como planejamento di\u00e1rio ajudam a manter o foco.<\/p>\n\n\n\n<h2 class=\"wp-block-heading\">Express\u00f5es como inspira\u00e7\u00e3o para o bem-estar<\/h2>\n\n\n\n<p>As express\u00f5es populares nos conectam \u00e0 cultura e promovem bem-estar ao estimular a curiosidade. Refletir sobre elas \u00e9 uma forma de cuidar da sa\u00fade mental. Abaixo, os principais aprendizados:<\/p>\n\n\n\n<ul class=\"wp-block-list\">\n<li>Conhecer express\u00f5es reduz o estresse e estimula a mente.<\/li>\n\n\n\n<li>Aceitar falhas com leveza promove resili\u00eancia emocional.<\/li>\n\n\n\n<li>Comunica\u00e7\u00e3o consciente fortalece la\u00e7os e bem-estar.<\/li>\n<\/ul>\n","protected":false},"excerpt":{"rendered":"<p>As express\u00f5es populares fazem parte do nosso dia a dia, mas suas origens muitas vezes s\u00e3o desconhecidas. Entender essas frases conecta-nos \u00e0 hist\u00f3ria e promove bem-estar mental ao estimular a curiosidade. Conhe\u00e7a a origem de cinco express\u00f5es e como elas inspiram sa\u00fade emocional. O que significa \u201cpagar mico\u201d? A express\u00e3o pagar mico vem do s\u00e9culo [&hellip;]<\/p>\n","protected":false},"author":8,"featured_media":76686,"comment_status":"open","ping_status":"open","sticky":false,"template":"","format":"standard","meta":{"_yoast_wpseo_focuskw":"populares","_yoast_wpseo_title":"","_yoast_wpseo_metadesc":"Voc\u00ea conhece a verdadeira origem das express\u00f5es populares que usa? Descubra hist\u00f3rias que v\u00e3o mudar sua vis\u00e3o do cotidiano.","jnews-multi-image_gallery":[],"jnews_single_post":{"format":"standard"},"jnews_primary_category":[],"jnews_social_meta":[],"jnews_override_counter":[],"footnotes":""},"categories":[112],"post_tag":[8712,8711],"class_list":["post-76669","post","type-post","status-publish","format-standard","has-post-thumbnail","hentry","category-curiosidades","tag-expressoes","tag-girias"],"yoast_head":"<!-- This site is optimized with the Yoast SEO plugin v24.6 - https:\/\/yoast.com\/wordpress\/plugins\/seo\/ -->\n<title>A verdadeira origem das express\u00f5es populares que voc\u00ea usa todo dia - Correio Braziliense - Radar<\/title>\n<meta name=\"description\" content=\"Voc\u00ea conhece a verdadeira origem das express\u00f5es populares que usa? Descubra hist\u00f3rias que v\u00e3o mudar sua vis\u00e3o do cotidiano.\" \/>\n<meta name=\"robots\" content=\"index, follow, max-snippet:-1, max-image-preview:large, max-video-preview:-1\" \/>\n<link rel=\"canonical\" href=\"https:\/\/www.correiobraziliense.com.br\/cbradar\/a-verdadeira-origem-das-expressoes-populares-que-voce-usa-todo-dia\/\" \/>\n<meta property=\"og:locale\" content=\"pt_BR\" \/>\n<meta property=\"og:type\" content=\"article\" \/>\n<meta property=\"og:title\" content=\"A verdadeira origem das express\u00f5es populares que voc\u00ea usa todo dia - Correio Braziliense - Radar\" \/>\n<meta property=\"og:description\" content=\"Voc\u00ea conhece a verdadeira origem das express\u00f5es populares que usa? Descubra hist\u00f3rias que v\u00e3o mudar sua vis\u00e3o do cotidiano.\" \/>\n<meta property=\"og:url\" content=\"https:\/\/www.correiobraziliense.com.br\/cbradar\/a-verdadeira-origem-das-expressoes-populares-que-voce-usa-todo-dia\/\" \/>\n<meta property=\"og:site_name\" content=\"Correio Braziliense - Radar\" \/>\n<meta property=\"article:published_time\" content=\"2025-07-29T01:23:00+00:00\" \/>\n<meta property=\"og:image\" content=\"https:\/\/www.correiobraziliense.com.br\/cbradar\/wp-content\/uploads\/2025\/07\/giria_1753698950287.jpg\" \/>\n\t<meta property=\"og:image:width\" content=\"1280\" \/>\n\t<meta property=\"og:image:height\" content=\"720\" \/>\n\t<meta property=\"og:image:type\" content=\"image\/jpeg\" \/>\n<meta name=\"author\" content=\"Maura Pereira\" \/>\n<meta name=\"twitter:card\" content=\"summary_large_image\" \/>\n<meta name=\"twitter:label1\" content=\"Escrito por\" \/>\n\t<meta name=\"twitter:data1\" content=\"Maura Pereira\" \/>\n\t<meta name=\"twitter:label2\" content=\"Est. tempo de leitura\" \/>\n\t<meta name=\"twitter:data2\" content=\"3 minutos\" \/>\n<!-- \/ Yoast SEO plugin. -->","yoast_head_json":{"title":"A verdadeira origem das express\u00f5es populares que voc\u00ea usa todo dia - Correio Braziliense - Radar","description":"Voc\u00ea conhece a verdadeira origem das express\u00f5es populares que usa? Descubra hist\u00f3rias que v\u00e3o mudar sua vis\u00e3o do cotidiano.","robots":{"index":"index","follow":"follow","max-snippet":"max-snippet:-1","max-image-preview":"max-image-preview:large","max-video-preview":"max-video-preview:-1"},"canonical":"https:\/\/www.correiobraziliense.com.br\/cbradar\/a-verdadeira-origem-das-expressoes-populares-que-voce-usa-todo-dia\/","og_locale":"pt_BR","og_type":"article","og_title":"A verdadeira origem das express\u00f5es populares que voc\u00ea usa todo dia - Correio Braziliense - Radar","og_description":"Voc\u00ea conhece a verdadeira origem das express\u00f5es populares que usa? Descubra hist\u00f3rias que v\u00e3o mudar sua vis\u00e3o do cotidiano.","og_url":"https:\/\/www.correiobraziliense.com.br\/cbradar\/a-verdadeira-origem-das-expressoes-populares-que-voce-usa-todo-dia\/","og_site_name":"Correio Braziliense - Radar","article_published_time":"2025-07-29T01:23:00+00:00","og_image":[{"width":1280,"height":720,"url":"https:\/\/www.correiobraziliense.com.br\/cbradar\/wp-content\/uploads\/2025\/07\/giria_1753698950287.jpg","type":"image\/jpeg"}],"author":"Maura Pereira","twitter_card":"summary_large_image","twitter_misc":{"Escrito por":"Maura Pereira","Est. tempo de leitura":"3 minutos"},"schema":{"@context":"https:\/\/schema.org","@graph":[{"@type":"WebPage","@id":"https:\/\/www.correiobraziliense.com.br\/cbradar\/a-verdadeira-origem-das-expressoes-populares-que-voce-usa-todo-dia\/","url":"https:\/\/www.correiobraziliense.com.br\/cbradar\/a-verdadeira-origem-das-expressoes-populares-que-voce-usa-todo-dia\/","name":"A verdadeira origem das express\u00f5es populares que voc\u00ea usa todo dia - Correio Braziliense - Radar","isPartOf":{"@id":"https:\/\/www.correiobraziliense.com.br\/cbradar\/#website"},"primaryImageOfPage":{"@id":"https:\/\/www.correiobraziliense.com.br\/cbradar\/a-verdadeira-origem-das-expressoes-populares-que-voce-usa-todo-dia\/#primaryimage"},"image":{"@id":"https:\/\/www.correiobraziliense.com.br\/cbradar\/a-verdadeira-origem-das-expressoes-populares-que-voce-usa-todo-dia\/#primaryimage"},"thumbnailUrl":"https:\/\/www.correiobraziliense.com.br\/cbradar\/wp-content\/uploads\/2025\/07\/giria_1753698950287.jpg","datePublished":"2025-07-29T01:23:00+00:00","author":{"@id":"https:\/\/www.correiobraziliense.com.br\/cbradar\/#\/schema\/person\/4053c651a9bfc785afc6f4cbc9032fd3"},"description":"Voc\u00ea conhece a verdadeira origem das express\u00f5es populares que usa? Descubra hist\u00f3rias que v\u00e3o mudar sua vis\u00e3o do cotidiano.","breadcrumb":{"@id":"https:\/\/www.correiobraziliense.com.br\/cbradar\/a-verdadeira-origem-das-expressoes-populares-que-voce-usa-todo-dia\/#breadcrumb"},"inLanguage":"pt-BR","potentialAction":[{"@type":"ReadAction","target":["https:\/\/www.correiobraziliense.com.br\/cbradar\/a-verdadeira-origem-das-expressoes-populares-que-voce-usa-todo-dia\/"]}]},{"@type":"ImageObject","inLanguage":"pt-BR","@id":"https:\/\/www.correiobraziliense.com.br\/cbradar\/a-verdadeira-origem-das-expressoes-populares-que-voce-usa-todo-dia\/#primaryimage","url":"https:\/\/www.correiobraziliense.com.br\/cbradar\/wp-content\/uploads\/2025\/07\/giria_1753698950287.jpg","contentUrl":"https:\/\/www.correiobraziliense.com.br\/cbradar\/wp-content\/uploads\/2025\/07\/giria_1753698950287.jpg","width":1280,"height":720,"caption":"Palavras \/\/ Cr\u00e9ditos: depositphotos.com \/ aga77ta"},{"@type":"BreadcrumbList","@id":"https:\/\/www.correiobraziliense.com.br\/cbradar\/a-verdadeira-origem-das-expressoes-populares-que-voce-usa-todo-dia\/#breadcrumb","itemListElement":[{"@type":"ListItem","position":1,"name":"In\u00edcio","item":"https:\/\/www.correiobraziliense.com.br\/cbradar\/"},{"@type":"ListItem","position":2,"name":"A verdadeira origem das express\u00f5es populares que voc\u00ea usa todo dia"}]},{"@type":"WebSite","@id":"https:\/\/www.correiobraziliense.com.br\/cbradar\/#website","url":"https:\/\/www.correiobraziliense.com.br\/cbradar\/","name":"Correio Braziliense - Radar","description":"Acompanhe as \u00faltimas not\u00edcias e fique bem informado sobre tudo o que acontece no Brasil e no mundo.","potentialAction":[{"@type":"SearchAction","target":{"@type":"EntryPoint","urlTemplate":"https:\/\/www.correiobraziliense.com.br\/cbradar\/?s={search_term_string}"},"query-input":{"@type":"PropertyValueSpecification","valueRequired":true,"valueName":"search_term_string"}}],"inLanguage":"pt-BR"},{"@type":"Person","@id":"https:\/\/www.correiobraziliense.com.br\/cbradar\/#\/schema\/person\/4053c651a9bfc785afc6f4cbc9032fd3","name":"Maura Pereira","image":{"@type":"ImageObject","inLanguage":"pt-BR","@id":"https:\/\/www.correiobraziliense.com.br\/cbradar\/#\/schema\/person\/image\/","url":"https:\/\/secure.gravatar.com\/avatar\/3effd6bdadfa447f15089c7f7144eaa6?s=96&d=mm&r=g","contentUrl":"https:\/\/secure.gravatar.com\/avatar\/3effd6bdadfa447f15089c7f7144eaa6?s=96&d=mm&r=g","caption":"Maura Pereira"},"sameAs":["https:\/\/www.correiobraziliense.com.br\/"],"url":"https:\/\/www.correiobraziliense.com.br\/cbradar\/author\/mauramyth\/"}]}},"_links":{"self":[{"href":"https:\/\/www.correiobraziliense.com.br\/cbradar\/wp-json\/wp\/v2\/posts\/76669","targetHints":{"allow":["GET"]}}],"collection":[{"href":"https:\/\/www.correiobraziliense.com.br\/cbradar\/wp-json\/wp\/v2\/posts"}],"about":[{"href":"https:\/\/www.correiobraziliense.com.br\/cbradar\/wp-json\/wp\/v2\/types\/post"}],"author":[{"embeddable":true,"href":"https:\/\/www.correiobraziliense.com.br\/cbradar\/wp-json\/wp\/v2\/users\/8"}],"replies":[{"embeddable":true,"href":"https:\/\/www.correiobraziliense.com.br\/cbradar\/wp-json\/wp\/v2\/comments?post=76669"}],"version-history":[{"count":7,"href":"https:\/\/www.correiobraziliense.com.br\/cbradar\/wp-json\/wp\/v2\/posts\/76669\/revisions"}],"predecessor-version":[{"id":76692,"href":"https:\/\/www.correiobraziliense.com.br\/cbradar\/wp-json\/wp\/v2\/posts\/76669\/revisions\/76692"}],"wp:featuredmedia":[{"embeddable":true,"href":"https:\/\/www.correiobraziliense.com.br\/cbradar\/wp-json\/wp\/v2\/media\/76686"}],"wp:attachment":[{"href":"https:\/\/www.correiobraziliense.com.br\/cbradar\/wp-json\/wp\/v2\/media?parent=76669"}],"wp:term":[{"taxonomy":"category","embeddable":true,"href":"https:\/\/www.correiobraziliense.com.br\/cbradar\/wp-json\/wp\/v2\/categories?post=76669"},{"taxonomy":"post_tag","embeddable":true,"href":"https:\/\/www.correiobraziliense.com.br\/cbradar\/wp-json\/wp\/v2\/post_tag?post=76669"}],"curies":[{"name":"wp","href":"https:\/\/api.w.org\/{rel}","templated":true}]}}