{"id":7684,"date":"2025-03-01T22:50:00","date_gmt":"2025-03-02T01:50:00","guid":{"rendered":"https:\/\/www.correiobraziliense.com.br\/cbradar\/?p=7684"},"modified":"2025-03-01T04:03:57","modified_gmt":"2025-03-01T07:03:57","slug":"a-cidade-que-flutua-em-um-oceano","status":"publish","type":"post","link":"https:\/\/www.correiobraziliense.com.br\/cbradar\/a-cidade-que-flutua-em-um-oceano\/","title":{"rendered":"A cidade que flutua em um oceano"},"content":{"rendered":"\n<p>Enquanto cidades muitas s\u00e3o constru\u00eddas em terra firme, existe um lugar onde os moradores vivem sobre plataformas flutuantes em pleno oceano. <strong>Togian<\/strong>, na <strong>Indon\u00e9sia<\/strong>, \u00e9 uma comunidade mar\u00edtima habitada pelo povo <strong>Bajau, <\/strong>conhecida como os &#8220;n\u00f4mades do mar&#8221;.<\/p>\n\n\n\n<p>Os Bajau passaram s\u00e9culos vivendo sobre as \u00e1guas, construindo casas sustentadas por pilares de madeira e navegando sem destino fixo. Muitas dessas comunidades, como as de Togian, no arquip\u00e9lago de Sulawesi, optaram por estabelecer vilarejos permanentes sobre a \u00e1gua, criando uma cidade que flutua literalmente.<\/p>\n\n\n\n<p>Sem ruas, sem carros e sem estradas, os moradores utilizam pequenas canoas para se deslocar e vivem quase exclusivamente da pesca. Com uma habilidade incr\u00edvel para mergulhar, os Bajau conseguem ficar submersos por v\u00e1rios minutos sem equipamento, explorando os recifes de corais em busca de alimento.<\/p>\n\n\n\n<h2 class=\"wp-block-heading\"><strong>Como \u00e9 viver em uma cidade flutuante?<\/strong><\/h2>\n\n\n\n<p>Os Bajau aprenderam a se adaptar completamente \u00e0 vida no oceano. As casas s\u00e3o feitas de madeira e constru\u00eddas sobre estacas, ligadas por passarelas ou pequenas plataformas. Algumas fam\u00edlias ainda vivem em barcos, levando um estilo de vida que tem sido passado de gera\u00e7\u00e3o em gera\u00e7\u00e3o.<\/p>\n\n\n\n<p>A pesca \u00e9 uma base de economia, e muitos Bajau praticam mergulho livre, descendo at\u00e9 <strong>60 metros de profundidade<\/strong> sem cilindros de oxig\u00eanio. Seu corpo desenvolveu adapta\u00e7\u00f5es incr\u00edveis, como ba\u00e7os maiores e melhor capacidade pulmonar, permitindo que fiquem debaixo d&#8217;\u00e1gua por per\u00edodos inesperados.<\/p>\n\n\n\n<p>Por n\u00e3o possu\u00edrem terras pr\u00f3prias, os Bajau historicamente enfrentaram dificuldades para obter cidadania em pa\u00edses como Indon\u00e9sia, Mal\u00e1sia e Filipinas. Ainda assim, mant\u00eam sua cultura viva, dependendo do mar para tudo,o que os torna um dos povos mais resilientes do mundo.<\/p>\n\n\n\n<figure class=\"wp-block-image size-large\"><img decoding=\"async\" width=\"1024\" height=\"576\" src=\"https:\/\/www.correiobraziliense.com.br\/cbradar\/wp-content\/uploads\/2025\/02\/Togian_1740773385557-1024x576.jpg\" alt=\"A cidade que flutua em um oceano\" class=\"wp-image-7691\" srcset=\"https:\/\/www.correiobraziliense.com.br\/cbradar\/wp-content\/uploads\/2025\/02\/Togian_1740773385557-1024x576.jpg 1024w, https:\/\/www.correiobraziliense.com.br\/cbradar\/wp-content\/uploads\/2025\/02\/Togian_1740773385557-300x169.jpg 300w, https:\/\/www.correiobraziliense.com.br\/cbradar\/wp-content\/uploads\/2025\/02\/Togian_1740773385557-768x432.jpg 768w, https:\/\/www.correiobraziliense.com.br\/cbradar\/wp-content\/uploads\/2025\/02\/Togian_1740773385557-750x422.jpg 750w, https:\/\/www.correiobraziliense.com.br\/cbradar\/wp-content\/uploads\/2025\/02\/Togian_1740773385557-1140x641.jpg 1140w, https:\/\/www.correiobraziliense.com.br\/cbradar\/wp-content\/uploads\/2025\/02\/Togian_1740773385557.jpg 1280w\" sizes=\"(max-width: 1024px) 100vw, 1024px\" \/><figcaption class=\"wp-element-caption\">Togian. Cr\u00e9ditos: depositphotos.com \/ hkratky<\/figcaption><\/figure>\n\n\n\n<h2 class=\"wp-block-heading\"><strong>Um dos vilarejos mais fascinantes da \u00c1sia<\/strong><\/h2>\n\n\n\n<p>Togian e outras comunidades Bajau s\u00e3o um dos destinos mais \u00fanicos para quem deseja conhecer uma cultura completamente diferente. As \u00e1guas cristalinas, os recifes de coral e o modo de vida sustent\u00e1vel dos Baja\u00fa mostram que \u00e9 poss\u00edvel construir uma cidade onde a terra firme n\u00e3o \u00e9 necess\u00e1ria.<\/p>\n\n\n\n<p>Mesmo enfrentando desafios como a moderniza\u00e7\u00e3o e as mudan\u00e7as clim\u00e1ticas, os Bajau continuam navegando e vivendo sobre as \u00e1guas, mostrando que a conex\u00e3o com o oceano pode ser muito mais do que um estilo de vida \u2014 pode ser uma identidade.<\/p>\n","protected":false},"excerpt":{"rendered":"<p>Uma cidade flutuante abriga um povo que vive no mar h\u00e1 s\u00e9culos.Descubra os mist\u00e9rios da cultura dos Bajau, os incr\u00edveis n\u00f4mades do oceano.<\/p>\n","protected":false},"author":3,"featured_media":7690,"comment_status":"open","ping_status":"open","sticky":false,"template":"","format":"standard","meta":{"_yoast_wpseo_focuskw":"cidade","_yoast_wpseo_title":"%%title%%","_yoast_wpseo_metadesc":"Uma cidade flutuante abriga um povo que vive no mar h\u00e1 s\u00e9culos.Descubra os mist\u00e9rios da cultura dos Bajau, os incr\u00edveis n\u00f4mades do oceano.","jnews-multi-image_gallery":[],"jnews_single_post":{"format":"standard"},"jnews_primary_category":[],"jnews_social_meta":[],"jnews_override_counter":[],"footnotes":""},"categories":[108],"post_tag":[109],"class_list":["post-7684","post","type-post","status-publish","format-standard","has-post-thumbnail","hentry","category-cidades","tag-cidades"],"yoast_head":"<!-- This site is optimized with the Yoast SEO plugin v24.6 - https:\/\/yoast.com\/wordpress\/plugins\/seo\/ -->\n<title>A cidade que flutua em um oceano<\/title>\n<meta name=\"description\" content=\"Uma cidade flutuante abriga um povo que vive no mar h\u00e1 s\u00e9culos.Descubra os mist\u00e9rios da cultura dos Bajau, os incr\u00edveis n\u00f4mades do oceano.\" \/>\n<meta name=\"robots\" content=\"index, follow, max-snippet:-1, max-image-preview:large, max-video-preview:-1\" \/>\n<link rel=\"canonical\" href=\"https:\/\/www.correiobraziliense.com.br\/cbradar\/a-cidade-que-flutua-em-um-oceano\/\" \/>\n<meta property=\"og:locale\" content=\"pt_BR\" \/>\n<meta property=\"og:type\" content=\"article\" \/>\n<meta property=\"og:title\" content=\"A cidade que flutua em um oceano\" \/>\n<meta property=\"og:description\" content=\"Uma cidade flutuante abriga um povo que vive no mar h\u00e1 s\u00e9culos.Descubra os mist\u00e9rios da cultura dos Bajau, os incr\u00edveis n\u00f4mades do oceano.\" \/>\n<meta property=\"og:url\" content=\"https:\/\/www.correiobraziliense.com.br\/cbradar\/a-cidade-que-flutua-em-um-oceano\/\" \/>\n<meta property=\"og:site_name\" content=\"Correio Braziliense - Radar\" \/>\n<meta property=\"article:published_time\" content=\"2025-03-02T01:50:00+00:00\" \/>\n<meta property=\"og:image\" content=\"https:\/\/www.correiobraziliense.com.br\/cbradar\/wp-content\/uploads\/2025\/02\/Togian_1740773354554.jpg\" \/>\n\t<meta property=\"og:image:width\" content=\"1280\" \/>\n\t<meta property=\"og:image:height\" content=\"720\" \/>\n\t<meta property=\"og:image:type\" content=\"image\/jpeg\" \/>\n<meta name=\"author\" content=\"Larissa Carvalho\" \/>\n<meta name=\"twitter:card\" content=\"summary_large_image\" \/>\n<meta name=\"twitter:label1\" content=\"Escrito por\" \/>\n\t<meta name=\"twitter:data1\" content=\"Larissa Carvalho\" \/>\n\t<meta name=\"twitter:label2\" content=\"Est. tempo de leitura\" \/>\n\t<meta name=\"twitter:data2\" content=\"3 minutos\" \/>\n<!-- \/ Yoast SEO plugin. -->","yoast_head_json":{"title":"A cidade que flutua em um oceano","description":"Uma cidade flutuante abriga um povo que vive no mar h\u00e1 s\u00e9culos.Descubra os mist\u00e9rios da cultura dos Bajau, os incr\u00edveis n\u00f4mades do oceano.","robots":{"index":"index","follow":"follow","max-snippet":"max-snippet:-1","max-image-preview":"max-image-preview:large","max-video-preview":"max-video-preview:-1"},"canonical":"https:\/\/www.correiobraziliense.com.br\/cbradar\/a-cidade-que-flutua-em-um-oceano\/","og_locale":"pt_BR","og_type":"article","og_title":"A cidade que flutua em um oceano","og_description":"Uma cidade flutuante abriga um povo que vive no mar h\u00e1 s\u00e9culos.Descubra os mist\u00e9rios da cultura dos Bajau, os incr\u00edveis n\u00f4mades do oceano.","og_url":"https:\/\/www.correiobraziliense.com.br\/cbradar\/a-cidade-que-flutua-em-um-oceano\/","og_site_name":"Correio Braziliense - Radar","article_published_time":"2025-03-02T01:50:00+00:00","og_image":[{"width":1280,"height":720,"url":"https:\/\/www.correiobraziliense.com.br\/cbradar\/wp-content\/uploads\/2025\/02\/Togian_1740773354554.jpg","type":"image\/jpeg"}],"author":"Larissa Carvalho","twitter_card":"summary_large_image","twitter_misc":{"Escrito por":"Larissa Carvalho","Est. tempo de leitura":"3 minutos"},"schema":{"@context":"https:\/\/schema.org","@graph":[{"@type":"WebPage","@id":"https:\/\/www.correiobraziliense.com.br\/cbradar\/a-cidade-que-flutua-em-um-oceano\/","url":"https:\/\/www.correiobraziliense.com.br\/cbradar\/a-cidade-que-flutua-em-um-oceano\/","name":"A cidade que flutua em um oceano","isPartOf":{"@id":"https:\/\/www.correiobraziliense.com.br\/cbradar\/#website"},"primaryImageOfPage":{"@id":"https:\/\/www.correiobraziliense.com.br\/cbradar\/a-cidade-que-flutua-em-um-oceano\/#primaryimage"},"image":{"@id":"https:\/\/www.correiobraziliense.com.br\/cbradar\/a-cidade-que-flutua-em-um-oceano\/#primaryimage"},"thumbnailUrl":"https:\/\/www.correiobraziliense.com.br\/cbradar\/wp-content\/uploads\/2025\/02\/Togian_1740773354554.jpg","datePublished":"2025-03-02T01:50:00+00:00","author":{"@id":"https:\/\/www.correiobraziliense.com.br\/cbradar\/#\/schema\/person\/58422787644df994b53a19d3e56c1513"},"description":"Uma cidade flutuante abriga um povo que vive no mar h\u00e1 s\u00e9culos.Descubra os mist\u00e9rios da cultura dos Bajau, os incr\u00edveis n\u00f4mades do oceano.","breadcrumb":{"@id":"https:\/\/www.correiobraziliense.com.br\/cbradar\/a-cidade-que-flutua-em-um-oceano\/#breadcrumb"},"inLanguage":"pt-BR","potentialAction":[{"@type":"ReadAction","target":["https:\/\/www.correiobraziliense.com.br\/cbradar\/a-cidade-que-flutua-em-um-oceano\/"]}]},{"@type":"ImageObject","inLanguage":"pt-BR","@id":"https:\/\/www.correiobraziliense.com.br\/cbradar\/a-cidade-que-flutua-em-um-oceano\/#primaryimage","url":"https:\/\/www.correiobraziliense.com.br\/cbradar\/wp-content\/uploads\/2025\/02\/Togian_1740773354554.jpg","contentUrl":"https:\/\/www.correiobraziliense.com.br\/cbradar\/wp-content\/uploads\/2025\/02\/Togian_1740773354554.jpg","width":1280,"height":720,"caption":"Togian. Cr\u00e9ditos: depositphotos.com \/ fbxx"},{"@type":"BreadcrumbList","@id":"https:\/\/www.correiobraziliense.com.br\/cbradar\/a-cidade-que-flutua-em-um-oceano\/#breadcrumb","itemListElement":[{"@type":"ListItem","position":1,"name":"In\u00edcio","item":"https:\/\/www.correiobraziliense.com.br\/cbradar\/"},{"@type":"ListItem","position":2,"name":"A cidade que flutua em um oceano"}]},{"@type":"WebSite","@id":"https:\/\/www.correiobraziliense.com.br\/cbradar\/#website","url":"https:\/\/www.correiobraziliense.com.br\/cbradar\/","name":"Correio Braziliense - Radar","description":"Acompanhe as \u00faltimas not\u00edcias e fique bem informado sobre tudo o que acontece no Brasil e no mundo.","potentialAction":[{"@type":"SearchAction","target":{"@type":"EntryPoint","urlTemplate":"https:\/\/www.correiobraziliense.com.br\/cbradar\/?s={search_term_string}"},"query-input":{"@type":"PropertyValueSpecification","valueRequired":true,"valueName":"search_term_string"}}],"inLanguage":"pt-BR"},{"@type":"Person","@id":"https:\/\/www.correiobraziliense.com.br\/cbradar\/#\/schema\/person\/58422787644df994b53a19d3e56c1513","name":"Larissa Carvalho","image":{"@type":"ImageObject","inLanguage":"pt-BR","@id":"https:\/\/www.correiobraziliense.com.br\/cbradar\/#\/schema\/person\/image\/","url":"https:\/\/secure.gravatar.com\/avatar\/fe4f91a0de32b52a838d0d612abdc1aa?s=96&d=mm&r=g","contentUrl":"https:\/\/secure.gravatar.com\/avatar\/fe4f91a0de32b52a838d0d612abdc1aa?s=96&d=mm&r=g","caption":"Larissa Carvalho"},"url":"https:\/\/www.correiobraziliense.com.br\/cbradar\/author\/larissamyth\/"}]}},"_links":{"self":[{"href":"https:\/\/www.correiobraziliense.com.br\/cbradar\/wp-json\/wp\/v2\/posts\/7684","targetHints":{"allow":["GET"]}}],"collection":[{"href":"https:\/\/www.correiobraziliense.com.br\/cbradar\/wp-json\/wp\/v2\/posts"}],"about":[{"href":"https:\/\/www.correiobraziliense.com.br\/cbradar\/wp-json\/wp\/v2\/types\/post"}],"author":[{"embeddable":true,"href":"https:\/\/www.correiobraziliense.com.br\/cbradar\/wp-json\/wp\/v2\/users\/3"}],"replies":[{"embeddable":true,"href":"https:\/\/www.correiobraziliense.com.br\/cbradar\/wp-json\/wp\/v2\/comments?post=7684"}],"version-history":[{"count":1,"href":"https:\/\/www.correiobraziliense.com.br\/cbradar\/wp-json\/wp\/v2\/posts\/7684\/revisions"}],"predecessor-version":[{"id":7693,"href":"https:\/\/www.correiobraziliense.com.br\/cbradar\/wp-json\/wp\/v2\/posts\/7684\/revisions\/7693"}],"wp:featuredmedia":[{"embeddable":true,"href":"https:\/\/www.correiobraziliense.com.br\/cbradar\/wp-json\/wp\/v2\/media\/7690"}],"wp:attachment":[{"href":"https:\/\/www.correiobraziliense.com.br\/cbradar\/wp-json\/wp\/v2\/media?parent=7684"}],"wp:term":[{"taxonomy":"category","embeddable":true,"href":"https:\/\/www.correiobraziliense.com.br\/cbradar\/wp-json\/wp\/v2\/categories?post=7684"},{"taxonomy":"post_tag","embeddable":true,"href":"https:\/\/www.correiobraziliense.com.br\/cbradar\/wp-json\/wp\/v2\/post_tag?post=7684"}],"curies":[{"name":"wp","href":"https:\/\/api.w.org\/{rel}","templated":true}]}}