{"id":76938,"date":"2025-07-28T16:00:00","date_gmt":"2025-07-28T19:00:00","guid":{"rendered":"https:\/\/www.correiobraziliense.com.br\/cbradar\/?p=76938"},"modified":"2025-07-28T15:46:11","modified_gmt":"2025-07-28T18:46:11","slug":"qual-e-a-menor-fruta-do-mundo-e-por-que-ela-e-rara","status":"publish","type":"post","link":"https:\/\/www.correiobraziliense.com.br\/cbradar\/qual-e-a-menor-fruta-do-mundo-e-por-que-ela-e-rara\/","title":{"rendered":"Qual \u00e9 a menor fruta do mundo e por que ela \u00e9 rara?"},"content":{"rendered":"\n<p>No vasto universo das frutas, existe uma que surpreende pelo seu <strong>tamanho m\u00ednimo<\/strong>. Muitos podem pensar nos mirtilos ou nas groselhas, mas a verdade \u00e9 que <strong>a menor fruta do mundo<\/strong> \u00e9 quase impercept\u00edvel. Voc\u00ea n\u00e3o a encontrar\u00e1 em supermercados; seu nome \u00e9 Wolffia, tamb\u00e9m conhecida como &#8220;lentilha d\u2019\u00e1gua&#8221;.<\/p>\n\n\n\n<ul class=\"wp-block-list\">\n<li>A Wolffia mede menos de 0,3 mil\u00edmetros de di\u00e2metro.<\/li>\n\n\n\n<li>Cresce em ambientes aqu\u00e1ticos espec\u00edficos.<\/li>\n\n\n\n<li>\u00c9 famosa entre cientistas por seu ciclo de vida peculiar.<\/li>\n<\/ul>\n\n\n\n<h2 class=\"wp-block-heading\">O que torna a Wolffia t\u00e3o especial?<\/h2>\n\n\n\n<p>A <strong>Wolffia<\/strong> habita lagoas e tanques de \u00e1gua doce. Seu <strong>tamanho microsc\u00f3pico<\/strong> a transforma em uma aut\u00eantica raridade, n\u00e3o apenas por ser quase invis\u00edvel a olho nu, mas tamb\u00e9m porque n\u00e3o \u00e9 cultivada em larga escala nem consumida frequentemente.<\/p>\n\n\n\n<p>Encontrar essa fruta em sua forma madura \u00e9 um desafio devido ao seu <strong>r\u00e1pido ciclo de vida<\/strong> e ao seu modo de reprodu\u00e7\u00e3o peculiar. Para bot\u00e2nicos e cientistas, ela representa um verdadeiro tesouro para estudos sobre biodiversidade.<\/p>\n\n\n\n<h2 class=\"wp-block-heading\">A lentilha d\u2019\u00e1gua \u00e9 comest\u00edvel?<\/h2>\n\n\n\n<p>Sim, <strong>a Wolffia \u00e9 comest\u00edvel<\/strong> e possui um sabor semelhante ao da espinafre suave. \u00c9 rica em prote\u00ednas, vitaminas e minerais, sendo considerada por alguns especialistas uma poss\u00edvel alternativa alimentar sustent\u00e1vel para o futuro. Na \u00c1sia, \u00e9 consumida principalmente em sopas, omeletes ou frita.<\/p>\n\n\n\n<figure class=\"wp-block-image size-large\"><img decoding=\"async\" width=\"1024\" height=\"576\" src=\"https:\/\/www.correiobraziliense.com.br\/cbradar\/wp-content\/uploads\/2025\/07\/lentilha-dagua_1753728271387-1024x576.jpg\" alt=\"Qual \u00e9 a menor fruta do mundo e por que ela \u00e9 rara?\" class=\"wp-image-76941\" srcset=\"https:\/\/www.correiobraziliense.com.br\/cbradar\/wp-content\/uploads\/2025\/07\/lentilha-dagua_1753728271387-1024x576.jpg 1024w, https:\/\/www.correiobraziliense.com.br\/cbradar\/wp-content\/uploads\/2025\/07\/lentilha-dagua_1753728271387-300x169.jpg 300w, https:\/\/www.correiobraziliense.com.br\/cbradar\/wp-content\/uploads\/2025\/07\/lentilha-dagua_1753728271387-768x432.jpg 768w, https:\/\/www.correiobraziliense.com.br\/cbradar\/wp-content\/uploads\/2025\/07\/lentilha-dagua_1753728271387-750x422.jpg 750w, https:\/\/www.correiobraziliense.com.br\/cbradar\/wp-content\/uploads\/2025\/07\/lentilha-dagua_1753728271387-1140x641.jpg 1140w, https:\/\/www.correiobraziliense.com.br\/cbradar\/wp-content\/uploads\/2025\/07\/lentilha-dagua_1753728271387.jpg 1280w\" sizes=\"(max-width: 1024px) 100vw, 1024px\" \/><figcaption class=\"wp-element-caption\">lentilha d\u2019\u00e1gua. Cr\u00e9ditos: depositphotos.com \/ ksena32<\/figcaption><\/figure>\n\n\n\n<h2 class=\"wp-block-heading\">Por que n\u00e3o se encontra em mercados convencionais?<\/h2>\n\n\n\n<p>A Wolffia n\u00e3o faz parte do com\u00e9rcio convencional devido \u00e0 sua natureza e habitat \u00fanicos. Requer condi\u00e7\u00f5es aqu\u00e1ticas muito espec\u00edficas, e sua observa\u00e7\u00e3o precisa geralmente requer equipamentos especiais por causa do seu tamanho extremamente reduzido.<\/p>\n\n\n\n<p><strong>Leia tamb\u00e9m:<\/strong> N\u00e3o \u00e9 s\u00f3 com \u00e1gua: a forma correta de lavar as framboesas para eliminar toda a sujeira.<\/p>\n\n\n\n<h2 class=\"wp-block-heading\">Descubra os segredos por tr\u00e1s de sua exclusividade<\/h2>\n\n\n\n<ul class=\"wp-block-list\">\n<li>\u00c9 uma maravilha para estudos de <strong>biodiversidade<\/strong>.<\/li>\n\n\n\n<li>Sua <strong>reprodu\u00e7\u00e3o<\/strong> peculiar fascina cientistas.<\/li>\n\n\n\n<li>Representa uma fonte rica de nutrientes para algumas culturas asi\u00e1ticas.<\/li>\n<\/ul>\n","protected":false},"excerpt":{"rendered":"<p>Descubra a fruta mais pequena do mundo: a Wolffia, invis\u00edvel a olho nu, rica em nutrientes e exclusiva de ambientes aqu\u00e1ticos.<\/p>\n","protected":false},"author":3,"featured_media":76942,"comment_status":"open","ping_status":"open","sticky":false,"template":"","format":"standard","meta":{"_yoast_wpseo_focuskw":"menor fruta do mundo","_yoast_wpseo_title":"%%title%%","_yoast_wpseo_metadesc":"Descubra a fruta mais pequena do mundo: a Wolffia, invis\u00edvel a olho nu, rica em nutrientes e exclusiva de ambientes aqu\u00e1ticos.","jnews-multi-image_gallery":[],"jnews_single_post":{"format":"standard"},"jnews_primary_category":[],"jnews_social_meta":[],"jnews_override_counter":[],"footnotes":""},"categories":[112],"tags":[144,735],"class_list":["post-76938","post","type-post","status-publish","format-standard","has-post-thumbnail","hentry","category-curiosidades","tag-curiosidades","tag-frutas"],"yoast_head":"<!-- This site is optimized with the Yoast SEO plugin v24.6 - https:\/\/yoast.com\/wordpress\/plugins\/seo\/ -->\n<title>Qual \u00e9 a menor fruta do mundo e por que ela \u00e9 rara?<\/title>\n<meta name=\"description\" content=\"Descubra a fruta mais pequena do mundo: a Wolffia, invis\u00edvel a olho nu, rica em nutrientes e exclusiva de ambientes aqu\u00e1ticos.\" \/>\n<meta name=\"robots\" content=\"index, follow, max-snippet:-1, max-image-preview:large, max-video-preview:-1\" \/>\n<link rel=\"canonical\" href=\"https:\/\/www.correiobraziliense.com.br\/cbradar\/qual-e-a-menor-fruta-do-mundo-e-por-que-ela-e-rara\/\" \/>\n<meta property=\"og:locale\" content=\"pt_BR\" \/>\n<meta property=\"og:type\" content=\"article\" \/>\n<meta property=\"og:title\" content=\"Qual \u00e9 a menor fruta do mundo e por que ela \u00e9 rara?\" \/>\n<meta property=\"og:description\" content=\"Descubra a fruta mais pequena do mundo: a Wolffia, invis\u00edvel a olho nu, rica em nutrientes e exclusiva de ambientes aqu\u00e1ticos.\" \/>\n<meta property=\"og:url\" content=\"https:\/\/www.correiobraziliense.com.br\/cbradar\/qual-e-a-menor-fruta-do-mundo-e-por-que-ela-e-rara\/\" \/>\n<meta property=\"og:site_name\" content=\"Correio Braziliense - Radar\" \/>\n<meta property=\"article:published_time\" content=\"2025-07-28T19:00:00+00:00\" \/>\n<meta property=\"og:image\" content=\"https:\/\/www.correiobraziliense.com.br\/cbradar\/wp-content\/uploads\/2025\/07\/frutas_1753728357847.jpg\" \/>\n\t<meta property=\"og:image:width\" content=\"1280\" \/>\n\t<meta property=\"og:image:height\" content=\"720\" \/>\n\t<meta property=\"og:image:type\" content=\"image\/jpeg\" \/>\n<meta name=\"author\" content=\"Larissa Carvalho\" \/>\n<meta name=\"twitter:card\" content=\"summary_large_image\" \/>\n<meta name=\"twitter:label1\" content=\"Escrito por\" \/>\n\t<meta name=\"twitter:data1\" content=\"Larissa Carvalho\" \/>\n\t<meta name=\"twitter:label2\" content=\"Est. tempo de leitura\" \/>\n\t<meta name=\"twitter:data2\" content=\"3 minutos\" \/>\n<!-- \/ Yoast SEO plugin. -->","yoast_head_json":{"title":"Qual \u00e9 a menor fruta do mundo e por que ela \u00e9 rara?","description":"Descubra a fruta mais pequena do mundo: a Wolffia, invis\u00edvel a olho nu, rica em nutrientes e exclusiva de ambientes aqu\u00e1ticos.","robots":{"index":"index","follow":"follow","max-snippet":"max-snippet:-1","max-image-preview":"max-image-preview:large","max-video-preview":"max-video-preview:-1"},"canonical":"https:\/\/www.correiobraziliense.com.br\/cbradar\/qual-e-a-menor-fruta-do-mundo-e-por-que-ela-e-rara\/","og_locale":"pt_BR","og_type":"article","og_title":"Qual \u00e9 a menor fruta do mundo e por que ela \u00e9 rara?","og_description":"Descubra a fruta mais pequena do mundo: a Wolffia, invis\u00edvel a olho nu, rica em nutrientes e exclusiva de ambientes aqu\u00e1ticos.","og_url":"https:\/\/www.correiobraziliense.com.br\/cbradar\/qual-e-a-menor-fruta-do-mundo-e-por-que-ela-e-rara\/","og_site_name":"Correio Braziliense - Radar","article_published_time":"2025-07-28T19:00:00+00:00","og_image":[{"width":1280,"height":720,"url":"https:\/\/www.correiobraziliense.com.br\/cbradar\/wp-content\/uploads\/2025\/07\/frutas_1753728357847.jpg","type":"image\/jpeg"}],"author":"Larissa Carvalho","twitter_card":"summary_large_image","twitter_misc":{"Escrito por":"Larissa Carvalho","Est. tempo de leitura":"3 minutos"},"schema":{"@context":"https:\/\/schema.org","@graph":[{"@type":"WebPage","@id":"https:\/\/www.correiobraziliense.com.br\/cbradar\/qual-e-a-menor-fruta-do-mundo-e-por-que-ela-e-rara\/","url":"https:\/\/www.correiobraziliense.com.br\/cbradar\/qual-e-a-menor-fruta-do-mundo-e-por-que-ela-e-rara\/","name":"Qual \u00e9 a menor fruta do mundo e por que ela \u00e9 rara?","isPartOf":{"@id":"https:\/\/www.correiobraziliense.com.br\/cbradar\/#website"},"primaryImageOfPage":{"@id":"https:\/\/www.correiobraziliense.com.br\/cbradar\/qual-e-a-menor-fruta-do-mundo-e-por-que-ela-e-rara\/#primaryimage"},"image":{"@id":"https:\/\/www.correiobraziliense.com.br\/cbradar\/qual-e-a-menor-fruta-do-mundo-e-por-que-ela-e-rara\/#primaryimage"},"thumbnailUrl":"https:\/\/www.correiobraziliense.com.br\/cbradar\/wp-content\/uploads\/2025\/07\/frutas_1753728357847.jpg","datePublished":"2025-07-28T19:00:00+00:00","author":{"@id":"https:\/\/www.correiobraziliense.com.br\/cbradar\/#\/schema\/person\/58422787644df994b53a19d3e56c1513"},"description":"Descubra a fruta mais pequena do mundo: a Wolffia, invis\u00edvel a olho nu, rica em nutrientes e exclusiva de ambientes aqu\u00e1ticos.","breadcrumb":{"@id":"https:\/\/www.correiobraziliense.com.br\/cbradar\/qual-e-a-menor-fruta-do-mundo-e-por-que-ela-e-rara\/#breadcrumb"},"inLanguage":"pt-BR","potentialAction":[{"@type":"ReadAction","target":["https:\/\/www.correiobraziliense.com.br\/cbradar\/qual-e-a-menor-fruta-do-mundo-e-por-que-ela-e-rara\/"]}]},{"@type":"ImageObject","inLanguage":"pt-BR","@id":"https:\/\/www.correiobraziliense.com.br\/cbradar\/qual-e-a-menor-fruta-do-mundo-e-por-que-ela-e-rara\/#primaryimage","url":"https:\/\/www.correiobraziliense.com.br\/cbradar\/wp-content\/uploads\/2025\/07\/frutas_1753728357847.jpg","contentUrl":"https:\/\/www.correiobraziliense.com.br\/cbradar\/wp-content\/uploads\/2025\/07\/frutas_1753728357847.jpg","width":1280,"height":720,"caption":"Frutas. Cr\u00e9ditos: depositphotos.com \/ baibaz"},{"@type":"BreadcrumbList","@id":"https:\/\/www.correiobraziliense.com.br\/cbradar\/qual-e-a-menor-fruta-do-mundo-e-por-que-ela-e-rara\/#breadcrumb","itemListElement":[{"@type":"ListItem","position":1,"name":"In\u00edcio","item":"https:\/\/www.correiobraziliense.com.br\/cbradar\/"},{"@type":"ListItem","position":2,"name":"Qual \u00e9 a menor fruta do mundo e por que ela \u00e9 rara?"}]},{"@type":"WebSite","@id":"https:\/\/www.correiobraziliense.com.br\/cbradar\/#website","url":"https:\/\/www.correiobraziliense.com.br\/cbradar\/","name":"Correio Braziliense - Radar","description":"Acompanhe as \u00faltimas not\u00edcias e fique bem informado sobre tudo o que acontece no Brasil e no mundo.","potentialAction":[{"@type":"SearchAction","target":{"@type":"EntryPoint","urlTemplate":"https:\/\/www.correiobraziliense.com.br\/cbradar\/?s={search_term_string}"},"query-input":{"@type":"PropertyValueSpecification","valueRequired":true,"valueName":"search_term_string"}}],"inLanguage":"pt-BR"},{"@type":"Person","@id":"https:\/\/www.correiobraziliense.com.br\/cbradar\/#\/schema\/person\/58422787644df994b53a19d3e56c1513","name":"Larissa Carvalho","image":{"@type":"ImageObject","inLanguage":"pt-BR","@id":"https:\/\/www.correiobraziliense.com.br\/cbradar\/#\/schema\/person\/image\/","url":"https:\/\/secure.gravatar.com\/avatar\/fe4f91a0de32b52a838d0d612abdc1aa?s=96&d=mm&r=g","contentUrl":"https:\/\/secure.gravatar.com\/avatar\/fe4f91a0de32b52a838d0d612abdc1aa?s=96&d=mm&r=g","caption":"Larissa Carvalho"},"url":"https:\/\/www.correiobraziliense.com.br\/cbradar\/author\/larissamyth\/"}]}},"_links":{"self":[{"href":"https:\/\/www.correiobraziliense.com.br\/cbradar\/wp-json\/wp\/v2\/posts\/76938","targetHints":{"allow":["GET"]}}],"collection":[{"href":"https:\/\/www.correiobraziliense.com.br\/cbradar\/wp-json\/wp\/v2\/posts"}],"about":[{"href":"https:\/\/www.correiobraziliense.com.br\/cbradar\/wp-json\/wp\/v2\/types\/post"}],"author":[{"embeddable":true,"href":"https:\/\/www.correiobraziliense.com.br\/cbradar\/wp-json\/wp\/v2\/users\/3"}],"replies":[{"embeddable":true,"href":"https:\/\/www.correiobraziliense.com.br\/cbradar\/wp-json\/wp\/v2\/comments?post=76938"}],"version-history":[{"count":2,"href":"https:\/\/www.correiobraziliense.com.br\/cbradar\/wp-json\/wp\/v2\/posts\/76938\/revisions"}],"predecessor-version":[{"id":76943,"href":"https:\/\/www.correiobraziliense.com.br\/cbradar\/wp-json\/wp\/v2\/posts\/76938\/revisions\/76943"}],"wp:featuredmedia":[{"embeddable":true,"href":"https:\/\/www.correiobraziliense.com.br\/cbradar\/wp-json\/wp\/v2\/media\/76942"}],"wp:attachment":[{"href":"https:\/\/www.correiobraziliense.com.br\/cbradar\/wp-json\/wp\/v2\/media?parent=76938"}],"wp:term":[{"taxonomy":"category","embeddable":true,"href":"https:\/\/www.correiobraziliense.com.br\/cbradar\/wp-json\/wp\/v2\/categories?post=76938"},{"taxonomy":"post_tag","embeddable":true,"href":"https:\/\/www.correiobraziliense.com.br\/cbradar\/wp-json\/wp\/v2\/tags?post=76938"}],"curies":[{"name":"wp","href":"https:\/\/api.w.org\/{rel}","templated":true}]}}