{"id":7694,"date":"2025-03-01T20:10:00","date_gmt":"2025-03-01T23:10:00","guid":{"rendered":"https:\/\/www.correiobraziliense.com.br\/cbradar\/?p=7694"},"modified":"2025-02-28T17:28:00","modified_gmt":"2025-02-28T20:28:00","slug":"a-cidade-considerada-presa-ao-passado","status":"publish","type":"post","link":"https:\/\/www.correiobraziliense.com.br\/cbradar\/a-cidade-considerada-presa-ao-passado\/","title":{"rendered":"A cidade considerada &#8216;presa ao passado&#8217;"},"content":{"rendered":"\n<p>Enquanto a maioria das cidades do mundo evolui com a tecnologia, existe um lugar onde os moradores ainda vivem como se hospedaram h\u00e1 <strong>mais de 150 anos no passado<\/strong>. <strong>Amish Country<\/strong>, nos <strong>Estados Unidos<\/strong>, \u00e9 uma regi\u00e3o onde a comunidade Amish mant\u00e9m um estilo de vida simples, rejeitando eletricidade, carros e qualquer avan\u00e7o moderno.<\/p>\n\n\n\n<p>Os Amish s\u00e3o um grupo religioso crist\u00e3o que emigrou da Europa para a Am\u00e9rica do Norte no s\u00e9culo XVIII em busca de liberdade religiosa. At\u00e9 hoje, essa comunidade mant\u00e9m tradi\u00e7\u00f5es tradicionais, evitando qualquer tipo de tecnologia que possa interferir em seus costumes e valores.<\/p>\n\n\n\n<p>Nos estados da <strong>Pensilv\u00e2nia, Ohio e Indiana<\/strong>, onde se concentram as maiores comunidades Amish, as cidades preservam um ritmo de vida \u00fanico, onde o transporte \u00e9 feito por <strong>charretes<\/strong>, as roupas s\u00e3o costuradas \u00e0 m\u00e3o e a agricultura \u00e9 realizada sem m\u00e1quinas.<\/p>\n\n\n\n<h2 class=\"wp-block-heading\"><strong>Como \u00e9 viver sem tecnologia no s\u00e9culo XXI?<\/strong><\/h2>\n\n\n\n<p>Os Amish seguem regras conhecidas como <strong>Ordnung<\/strong>, que definem seu modo de vida e restringem o uso de eletricidade, telefone e autom\u00f3veis. Em vez de carros, eles utilizam <strong>charretes puxadas por cavalos<\/strong>, e ilumina\u00e7\u00e3o das casas vem de lampi\u00f5es a \u00f3leo.<\/p>\n\n\n\n<p>A educa\u00e7\u00e3o \u00e9 b\u00e1sica e focada em habilidades pr\u00e1ticas, como carpintaria, agricultura e costura. As crian\u00e7as estudaram apenas at\u00e9 o oitavo ano, pois a comunidade acredita que um ensino avan\u00e7ado pode afast\u00e1-los dos valores Amish.<\/p>\n\n\n\n<p>As roupas s\u00e3o simples e feitas em casa, sem estampas ou bot\u00f5es sofisticados. Os homens usam chap\u00e9us pretos e suspens\u00f3rios, enquanto as mulheres vestem vestidos longos e cobrem os cabelos com toucas.<\/p>\n\n\n\n<p>Apesar da vida austera, os Amish s\u00e3o conhecidos pela sua forte comunidade, ajudando uns aos outros em tarefas como a constru\u00e7\u00e3o de casas e colheitas. Eles tamb\u00e9m s\u00e3o h\u00e1beis artes\u00f5es e agricultores, produzindo queijos, p\u00e3es e m\u00f3veis de madeira de alta qualidade.<\/p>\n\n\n\n<figure class=\"wp-block-image size-large\"><img decoding=\"async\" width=\"1024\" height=\"576\" src=\"https:\/\/www.correiobraziliense.com.br\/cbradar\/wp-content\/uploads\/2025\/02\/Amish-Country_1740773722197-1024x576.jpg\" alt=\"A cidade considerada 'presa ao passado'\" class=\"wp-image-7712\" srcset=\"https:\/\/www.correiobraziliense.com.br\/cbradar\/wp-content\/uploads\/2025\/02\/Amish-Country_1740773722197-1024x576.jpg 1024w, https:\/\/www.correiobraziliense.com.br\/cbradar\/wp-content\/uploads\/2025\/02\/Amish-Country_1740773722197-300x169.jpg 300w, https:\/\/www.correiobraziliense.com.br\/cbradar\/wp-content\/uploads\/2025\/02\/Amish-Country_1740773722197-768x432.jpg 768w, https:\/\/www.correiobraziliense.com.br\/cbradar\/wp-content\/uploads\/2025\/02\/Amish-Country_1740773722197-750x422.jpg 750w, https:\/\/www.correiobraziliense.com.br\/cbradar\/wp-content\/uploads\/2025\/02\/Amish-Country_1740773722197-1140x641.jpg 1140w, https:\/\/www.correiobraziliense.com.br\/cbradar\/wp-content\/uploads\/2025\/02\/Amish-Country_1740773722197.jpg 1280w\" sizes=\"(max-width: 1024px) 100vw, 1024px\" \/><figcaption class=\"wp-element-caption\">Amish Country. Cr\u00e9ditos: depositphotos.com \/ Mere1dcrr<\/figcaption><\/figure>\n\n\n\n<h2 class=\"wp-block-heading\"><strong>Um dos destinos mais peculiares dos Estados Unidos<\/strong><\/h2>\n\n\n\n<p>As regi\u00f5es habitadas pelos Amish atraem visitantes curiosos para conhecer um estilo de vida que parece ter parado no tempo. Cidades como <strong>Lancaster<\/strong>, na Pensilv\u00e2nia, oferecem passeios de charrete, mercados com produtos artesanais e restaurantes que servem pratos t\u00edpicos preparados sem eletricidade.<\/p>\n\n\n\n<p>Embora os Amish evitem o contato com o mundo exterior, eles permitem que os turistas conhe\u00e7am sua cultura \u2014 desde que respeitem suas regras, como n\u00e3o fotograf\u00e1-los de perto.<\/p>\n\n\n\n<p>Amish Country \u00e9 uma prova de que, mesmo em um mundo hiperconectado, ainda existem comunidades que escolhem viver de forma simples, mantendo tradi\u00e7\u00f5es centen\u00e1rias intactas.<\/p>\n","protected":false},"excerpt":{"rendered":"<p>Uma comunidade nos Estados Unidos vive sem eletricidade, carros ou qualquer tecnologia moderna. <\/p>\n","protected":false},"author":3,"featured_media":7707,"comment_status":"open","ping_status":"open","sticky":false,"template":"","format":"standard","meta":{"_yoast_wpseo_focuskw":"cidade presa ao passado","_yoast_wpseo_title":"%%title%%","_yoast_wpseo_metadesc":"Uma comunidade nos Estados Unidos vive sem eletricidade, carros ou qualquer tecnologia moderna.","jnews-multi-image_gallery":[],"jnews_single_post":{"format":"standard"},"jnews_primary_category":[],"jnews_social_meta":[],"jnews_override_counter":[],"footnotes":""},"categories":[108],"post_tag":[109,464],"class_list":["post-7694","post","type-post","status-publish","format-standard","has-post-thumbnail","hentry","category-cidades","tag-cidades","tag-estados-unidos"],"yoast_head":"<!-- This site is optimized with the Yoast SEO plugin v24.6 - https:\/\/yoast.com\/wordpress\/plugins\/seo\/ -->\n<title>A cidade considerada &#039;presa ao passado&#039;<\/title>\n<meta name=\"description\" content=\"Uma comunidade nos Estados Unidos vive sem eletricidade, carros ou qualquer tecnologia moderna.\" \/>\n<meta name=\"robots\" content=\"index, follow, max-snippet:-1, max-image-preview:large, max-video-preview:-1\" \/>\n<link rel=\"canonical\" href=\"https:\/\/www.correiobraziliense.com.br\/cbradar\/a-cidade-considerada-presa-ao-passado\/\" \/>\n<meta property=\"og:locale\" content=\"pt_BR\" \/>\n<meta property=\"og:type\" content=\"article\" \/>\n<meta property=\"og:title\" content=\"A cidade considerada &#039;presa ao passado&#039;\" \/>\n<meta property=\"og:description\" content=\"Uma comunidade nos Estados Unidos vive sem eletricidade, carros ou qualquer tecnologia moderna.\" \/>\n<meta property=\"og:url\" content=\"https:\/\/www.correiobraziliense.com.br\/cbradar\/a-cidade-considerada-presa-ao-passado\/\" \/>\n<meta property=\"og:site_name\" content=\"Correio Braziliense - Radar\" \/>\n<meta property=\"article:published_time\" content=\"2025-03-01T23:10:00+00:00\" \/>\n<meta property=\"og:image\" content=\"https:\/\/www.correiobraziliense.com.br\/cbradar\/wp-content\/uploads\/2025\/02\/Amish-Country_1740773681955.jpg\" \/>\n\t<meta property=\"og:image:width\" content=\"1280\" \/>\n\t<meta property=\"og:image:height\" content=\"720\" \/>\n\t<meta property=\"og:image:type\" content=\"image\/jpeg\" \/>\n<meta name=\"author\" content=\"Larissa Carvalho\" \/>\n<meta name=\"twitter:card\" content=\"summary_large_image\" \/>\n<meta name=\"twitter:label1\" content=\"Escrito por\" \/>\n\t<meta name=\"twitter:data1\" content=\"Larissa Carvalho\" \/>\n\t<meta name=\"twitter:label2\" content=\"Est. tempo de leitura\" \/>\n\t<meta name=\"twitter:data2\" content=\"3 minutos\" \/>\n<!-- \/ Yoast SEO plugin. -->","yoast_head_json":{"title":"A cidade considerada 'presa ao passado'","description":"Uma comunidade nos Estados Unidos vive sem eletricidade, carros ou qualquer tecnologia moderna.","robots":{"index":"index","follow":"follow","max-snippet":"max-snippet:-1","max-image-preview":"max-image-preview:large","max-video-preview":"max-video-preview:-1"},"canonical":"https:\/\/www.correiobraziliense.com.br\/cbradar\/a-cidade-considerada-presa-ao-passado\/","og_locale":"pt_BR","og_type":"article","og_title":"A cidade considerada 'presa ao passado'","og_description":"Uma comunidade nos Estados Unidos vive sem eletricidade, carros ou qualquer tecnologia moderna.","og_url":"https:\/\/www.correiobraziliense.com.br\/cbradar\/a-cidade-considerada-presa-ao-passado\/","og_site_name":"Correio Braziliense - Radar","article_published_time":"2025-03-01T23:10:00+00:00","og_image":[{"width":1280,"height":720,"url":"https:\/\/www.correiobraziliense.com.br\/cbradar\/wp-content\/uploads\/2025\/02\/Amish-Country_1740773681955.jpg","type":"image\/jpeg"}],"author":"Larissa Carvalho","twitter_card":"summary_large_image","twitter_misc":{"Escrito por":"Larissa Carvalho","Est. tempo de leitura":"3 minutos"},"schema":{"@context":"https:\/\/schema.org","@graph":[{"@type":"WebPage","@id":"https:\/\/www.correiobraziliense.com.br\/cbradar\/a-cidade-considerada-presa-ao-passado\/","url":"https:\/\/www.correiobraziliense.com.br\/cbradar\/a-cidade-considerada-presa-ao-passado\/","name":"A cidade considerada 'presa ao passado'","isPartOf":{"@id":"https:\/\/www.correiobraziliense.com.br\/cbradar\/#website"},"primaryImageOfPage":{"@id":"https:\/\/www.correiobraziliense.com.br\/cbradar\/a-cidade-considerada-presa-ao-passado\/#primaryimage"},"image":{"@id":"https:\/\/www.correiobraziliense.com.br\/cbradar\/a-cidade-considerada-presa-ao-passado\/#primaryimage"},"thumbnailUrl":"https:\/\/www.correiobraziliense.com.br\/cbradar\/wp-content\/uploads\/2025\/02\/Amish-Country_1740773681955.jpg","datePublished":"2025-03-01T23:10:00+00:00","author":{"@id":"https:\/\/www.correiobraziliense.com.br\/cbradar\/#\/schema\/person\/58422787644df994b53a19d3e56c1513"},"description":"Uma comunidade nos Estados Unidos vive sem eletricidade, carros ou qualquer tecnologia moderna.","breadcrumb":{"@id":"https:\/\/www.correiobraziliense.com.br\/cbradar\/a-cidade-considerada-presa-ao-passado\/#breadcrumb"},"inLanguage":"pt-BR","potentialAction":[{"@type":"ReadAction","target":["https:\/\/www.correiobraziliense.com.br\/cbradar\/a-cidade-considerada-presa-ao-passado\/"]}]},{"@type":"ImageObject","inLanguage":"pt-BR","@id":"https:\/\/www.correiobraziliense.com.br\/cbradar\/a-cidade-considerada-presa-ao-passado\/#primaryimage","url":"https:\/\/www.correiobraziliense.com.br\/cbradar\/wp-content\/uploads\/2025\/02\/Amish-Country_1740773681955.jpg","contentUrl":"https:\/\/www.correiobraziliense.com.br\/cbradar\/wp-content\/uploads\/2025\/02\/Amish-Country_1740773681955.jpg","width":1280,"height":720,"caption":"Amish Country. Cr\u00e9ditos: depositphotos.com \/ woodkern"},{"@type":"BreadcrumbList","@id":"https:\/\/www.correiobraziliense.com.br\/cbradar\/a-cidade-considerada-presa-ao-passado\/#breadcrumb","itemListElement":[{"@type":"ListItem","position":1,"name":"In\u00edcio","item":"https:\/\/www.correiobraziliense.com.br\/cbradar\/"},{"@type":"ListItem","position":2,"name":"A cidade considerada &#8216;presa ao passado&#8217;"}]},{"@type":"WebSite","@id":"https:\/\/www.correiobraziliense.com.br\/cbradar\/#website","url":"https:\/\/www.correiobraziliense.com.br\/cbradar\/","name":"Correio Braziliense - Radar","description":"Acompanhe as \u00faltimas not\u00edcias e fique bem informado sobre tudo o que acontece no Brasil e no mundo.","potentialAction":[{"@type":"SearchAction","target":{"@type":"EntryPoint","urlTemplate":"https:\/\/www.correiobraziliense.com.br\/cbradar\/?s={search_term_string}"},"query-input":{"@type":"PropertyValueSpecification","valueRequired":true,"valueName":"search_term_string"}}],"inLanguage":"pt-BR"},{"@type":"Person","@id":"https:\/\/www.correiobraziliense.com.br\/cbradar\/#\/schema\/person\/58422787644df994b53a19d3e56c1513","name":"Larissa Carvalho","image":{"@type":"ImageObject","inLanguage":"pt-BR","@id":"https:\/\/www.correiobraziliense.com.br\/cbradar\/#\/schema\/person\/image\/","url":"https:\/\/secure.gravatar.com\/avatar\/fe4f91a0de32b52a838d0d612abdc1aa?s=96&d=mm&r=g","contentUrl":"https:\/\/secure.gravatar.com\/avatar\/fe4f91a0de32b52a838d0d612abdc1aa?s=96&d=mm&r=g","caption":"Larissa Carvalho"},"url":"https:\/\/www.correiobraziliense.com.br\/cbradar\/author\/larissamyth\/"}]}},"_links":{"self":[{"href":"https:\/\/www.correiobraziliense.com.br\/cbradar\/wp-json\/wp\/v2\/posts\/7694","targetHints":{"allow":["GET"]}}],"collection":[{"href":"https:\/\/www.correiobraziliense.com.br\/cbradar\/wp-json\/wp\/v2\/posts"}],"about":[{"href":"https:\/\/www.correiobraziliense.com.br\/cbradar\/wp-json\/wp\/v2\/types\/post"}],"author":[{"embeddable":true,"href":"https:\/\/www.correiobraziliense.com.br\/cbradar\/wp-json\/wp\/v2\/users\/3"}],"replies":[{"embeddable":true,"href":"https:\/\/www.correiobraziliense.com.br\/cbradar\/wp-json\/wp\/v2\/comments?post=7694"}],"version-history":[{"count":1,"href":"https:\/\/www.correiobraziliense.com.br\/cbradar\/wp-json\/wp\/v2\/posts\/7694\/revisions"}],"predecessor-version":[{"id":7713,"href":"https:\/\/www.correiobraziliense.com.br\/cbradar\/wp-json\/wp\/v2\/posts\/7694\/revisions\/7713"}],"wp:featuredmedia":[{"embeddable":true,"href":"https:\/\/www.correiobraziliense.com.br\/cbradar\/wp-json\/wp\/v2\/media\/7707"}],"wp:attachment":[{"href":"https:\/\/www.correiobraziliense.com.br\/cbradar\/wp-json\/wp\/v2\/media?parent=7694"}],"wp:term":[{"taxonomy":"category","embeddable":true,"href":"https:\/\/www.correiobraziliense.com.br\/cbradar\/wp-json\/wp\/v2\/categories?post=7694"},{"taxonomy":"post_tag","embeddable":true,"href":"https:\/\/www.correiobraziliense.com.br\/cbradar\/wp-json\/wp\/v2\/post_tag?post=7694"}],"curies":[{"name":"wp","href":"https:\/\/api.w.org\/{rel}","templated":true}]}}