{"id":77373,"date":"2025-07-31T13:23:00","date_gmt":"2025-07-31T16:23:00","guid":{"rendered":"https:\/\/www.correiobraziliense.com.br\/cbradar\/?p=77373"},"modified":"2025-07-29T11:06:54","modified_gmt":"2025-07-29T14:06:54","slug":"como-o-acumulo-de-abas-no-navegador-se-relaciona-com-o-estresse","status":"publish","type":"post","link":"https:\/\/www.correiobraziliense.com.br\/cbradar\/como-o-acumulo-de-abas-no-navegador-se-relaciona-com-o-estresse\/","title":{"rendered":"Como o ac\u00famulo de abas no navegador se relaciona com o estresse"},"content":{"rendered":"\n<p>Cansar-se das in\u00fameras <strong>Abas Abertas<\/strong> em um navegador \u00e9 uma experi\u00eancia comum a muitos usu\u00e1rios na era digital. A pr\u00e1tica de acumular abas, embora inicialmente pare\u00e7a uma solu\u00e7\u00e3o eficiente, para muitos se transforma em um emaranhado de informa\u00e7\u00f5es que afeta tanto o rendimento pessoal quanto o funcionamento dos dispositivos. Assim, por que muitas pessoas encontram maneiras de contornar essa situa\u00e7\u00e3o, e como \u00e9 poss\u00edvel gerenci\u00e1-las de forma eficaz?<\/p>\n\n\n\n<p>O primeiro ponto a se considerar \u00e9 que as  Abas Abertas funcionam como lembretes visuais de tarefas <a href=\"https:\/\/www.correiobraziliense.com.br\/cbradar\/dicas-caseiras-para-tratar-a-flacidez-apos-perda-de-peso\/\">inacabadas<\/a>. As pessoas as utilizam como uma lista de pend\u00eancias a serem cumpridas, lembrando-se constantemente de artigos por ler ou tarefas por realizar. Esta pr\u00e1tica, embora inicialmente \u00fatil, pode se tornar uma fonte de distra\u00e7\u00e3o e ansiedade cont\u00ednua \u00e0 medida que as abas se multiplicam.<\/p>\n\n\n\n<h2 class=\"wp-block-heading\">Por que as abas se acumulam?<\/h2>\n\n\n<div class=\"wp-block-image\">\n<figure class=\"aligncenter size-large\"><img decoding=\"async\" width=\"1024\" height=\"576\" src=\"https:\/\/www.correiobraziliense.com.br\/cbradar\/wp-content\/uploads\/2025\/07\/browser-tabs_1753797954445-1024x576.jpg\" alt=\"\" class=\"wp-image-77375\" srcset=\"https:\/\/www.correiobraziliense.com.br\/cbradar\/wp-content\/uploads\/2025\/07\/browser-tabs_1753797954445-1024x576.jpg 1024w, https:\/\/www.correiobraziliense.com.br\/cbradar\/wp-content\/uploads\/2025\/07\/browser-tabs_1753797954445-300x169.jpg 300w, https:\/\/www.correiobraziliense.com.br\/cbradar\/wp-content\/uploads\/2025\/07\/browser-tabs_1753797954445-768x432.jpg 768w, https:\/\/www.correiobraziliense.com.br\/cbradar\/wp-content\/uploads\/2025\/07\/browser-tabs_1753797954445-750x422.jpg 750w, https:\/\/www.correiobraziliense.com.br\/cbradar\/wp-content\/uploads\/2025\/07\/browser-tabs_1753797954445-1140x641.jpg 1140w, https:\/\/www.correiobraziliense.com.br\/cbradar\/wp-content\/uploads\/2025\/07\/browser-tabs_1753797954445.jpg 1280w\" sizes=\"(max-width: 1024px) 100vw, 1024px\" \/><figcaption class=\"wp-element-caption\">Abas do navegador &#8211; Cr\u00e9ditos: depositphotos.com \/ get4net<\/figcaption><\/figure><\/div>\n\n\n<p>Um dos motivos principais para a acumula\u00e7\u00e3o de abas \u00e9 o\u00a0<strong>custo afundado<\/strong>. Quando tempo e esfor\u00e7o s\u00e3o dedicados \u00e0 busca por informa\u00e7\u00f5es, fechar uma aba sem ter esgotado seu potencial pode parecer um desperd\u00edcio. Estudos indicam que muitos usu\u00e1rios mant\u00eam Abas Abertas para preservar o trabalho realizado ao encontr\u00e1-las. As abas atuam como um apoio \u00e0 mem\u00f3ria, auxiliando na organiza\u00e7\u00e3o de projetos complexos, servindo como mapas mentais de tarefas em andamento.<\/p>\n\n\n\n<h2 class=\"wp-block-heading\">Como as abas impactam o dia a dia?<\/h2>\n\n\n\n<p>O efeito cumulativo de muitas Abas Abertas pode levar a uma sobrecarga cognitiva, similar \u00e0 desordem f\u00edsica de uma mesa bagun\u00e7ada. O c\u00e9rebro registra cada aba como uma tarefa inacabada, aumentando a sensa\u00e7\u00e3o de estresse e reduzindo a produtividade. Al\u00e9m disso, a multitarefa frequente entre diversas abas pode desintegrar o foco, esgotando energia mental e diminuindo a efici\u00eancia geral.<\/p>\n\n\n\n<h2 class=\"wp-block-heading\">Quais s\u00e3o as solu\u00e7\u00f5es vi\u00e1veis?<\/h2>\n\n\n\n<p>Existem v\u00e1rias estrat\u00e9gias para mitigar o problema das abas acumuladas. Uma abordagem eficiente \u00e9 o uso de ferramentas de gerenciamento de abas, como o MaxFocus, que permite visualizar links sem a necessidade de abrir novas abas. Estabelecer um&nbsp;<em>limite de abas<\/em>, tal como o adotado pelo navegador Vivaldi, que fecha automaticamente as abas menos utilizadas, tamb\u00e9m \u00e9 uma solu\u00e7\u00e3o pr\u00e1tica.<\/p>\n\n\n\n<ul class=\"wp-block-list\">\n<li>Mantenha o foco em\u00a0<strong>uma tarefa por vez<\/strong>, concluindo-a antes de seguir para a pr\u00f3xima aba.<\/li>\n\n\n\n<li>Utilize ferramentas de\u00a0<em>suspens\u00e3o de abas<\/em>\u00a0como OneTab para economizar a mem\u00f3ria do computador.<\/li>\n\n\n\n<li>Habitue-se a\u00a0<strong>limpar regularmente<\/strong>\u00a0as abas no final do dia para um recome\u00e7o limpo no dia seguinte.<\/li>\n<\/ul>\n\n\n\n<h2 class=\"wp-block-heading\">Como superar a ansiedade de perder informa\u00e7\u00f5es?<\/h2>\n\n\n\n<p>Pessoas com ansiedade ou TDAH podem sentir-se especialmente inclinadas a manter m\u00faltiplas Abas Abertas, na tentativa de n\u00e3o perder informa\u00e7\u00f5es importantes. No entanto, incorporando h\u00e1bitos como adicionar abas aos favoritos e categoriz\u00e1-las por pastas, \u00e9 poss\u00edvel garantir que nada de crucial seja perdido enquanto se mant\u00e9m um navegador organizado e funcional.<\/p>\n\n\n\n<p>A pr\u00e1tica de acumular abas, apesar de comum, pode ser eficazmente gerenciada com a ado\u00e7\u00e3o de algumas medidas simples e o uso de ferramentas digitais. Com o estabelecimento de limites e foco direcionado, \u00e9 poss\u00edvel transformar a experi\u00eancia de navega\u00e7\u00e3o em algo mais produtivo e menos <a href=\"https:\/\/www.gov.br\/saude\/pt-br\" target=\"_blank\" rel=\"noreferrer noopener\">estressante<\/a>.<\/p>\n\n\n<a href=\"https:\/\/www.instagram.com\/dra.annaluisabf\/\" target=\"_blank\" rel=\"noopener\" style=\"text-decoration: none; color: inherit;\">\n    <span style=\"display: inline-block; border: 1px solid #ccc; border-radius: 10px; padding: 15px; max-width: 550px; font-family: sans-serif; box-shadow: 0 2px 5px rgba(0,0,0,0.1); width: 100%;\">\n\n      <!-- T\u00edtulo -->\n      <span style=\"display: block; margin: 0 0 15px 0; font-weight: bold; color: #2c3e50; text-align: center;\">\n        Entre em contato:\n      <\/span>\n\n      <!-- Linha do perfil -->\n      <span style=\"display: flex; align-items: center; gap: 15px;\">\n        <img decoding=\"async\"\n          src=\"https:\/\/www.correiobraziliense.com.br\/cbradar\/wp-content\/uploads\/2025\/08\/dra_anna_luisa.jpeg\"\n          alt=\"Foto da Dra. Anna Lu\u00edsa\"\n          style=\"border-radius: 50%; width: 80px; height: 80px; object-fit: cover;\"\n        \/>\n        <span style=\"display: flex; flex-direction: column;\">\n          <span style=\"font-size: 18px; font-weight: 700; color: #2c3e50;\">Dra. Anna Lu\u00edsa Barbosa Fernandes<\/span>\n          <span style=\"color: #555;\">CRM-GO 33.271<\/span>\n        <\/span>\n      <\/span>\n\n      <!-- Redes -->\n      <span style=\"display: flex; align-items: center; gap: 10px; margin-top: 12px;\">\n        <img decoding=\"async\" src=\"https:\/\/cdn-icons-png.flaticon.com\/24\/1384\/1384063.png\" alt=\"Instagram\" width=\"24\" height=\"24\" \/>\n        <span style=\"text-decoration: underline; color: #2c3e50;\">@dra.annaluisabf<\/span>\n      <\/span>\n\n    <\/span>\n  <\/a>\n\n\n<p><\/p>\n","protected":false},"excerpt":{"rendered":"<p>Cansar-se das in\u00fameras Abas Abertas em um navegador \u00e9 uma experi\u00eancia comum a muitos usu\u00e1rios na era digital. A pr\u00e1tica de acumular abas, embora inicialmente pare\u00e7a uma solu\u00e7\u00e3o eficiente, para muitos se transforma em um emaranhado de informa\u00e7\u00f5es que afeta tanto o rendimento pessoal quanto o funcionamento dos dispositivos. Assim, por que muitas pessoas encontram [&hellip;]<\/p>\n","protected":false},"author":14,"featured_media":77374,"comment_status":"open","ping_status":"open","sticky":false,"template":"","format":"standard","meta":{"_yoast_wpseo_focuskw":"Abas Abertas","_yoast_wpseo_title":"","_yoast_wpseo_metadesc":"Entenda o impacto do excesso de abas no foco e aprenda dicas pr\u00e1ticas para manter seu navegador limpo e sua mente mais tranquila.","jnews-multi-image_gallery":[],"jnews_single_post":{"format":"standard"},"jnews_primary_category":[],"jnews_social_meta":[],"jnews_override_counter":[],"footnotes":""},"categories":[4404],"tags":[8775,121,1318],"class_list":["post-77373","post","type-post","status-publish","format-standard","has-post-thumbnail","hentry","category-saude","tag-abas-navegador","tag-estresse","tag-saude-2"],"yoast_head":"<!-- This site is optimized with the Yoast SEO plugin v24.6 - https:\/\/yoast.com\/wordpress\/plugins\/seo\/ -->\n<title>Como o ac\u00famulo de abas no navegador se relaciona com o estresse - Correio Braziliense - Radar<\/title>\n<meta name=\"description\" content=\"Entenda o impacto do excesso de abas no foco e aprenda dicas pr\u00e1ticas para manter seu navegador limpo e sua mente mais tranquila.\" \/>\n<meta name=\"robots\" content=\"index, follow, max-snippet:-1, max-image-preview:large, max-video-preview:-1\" \/>\n<link rel=\"canonical\" href=\"https:\/\/www.correiobraziliense.com.br\/cbradar\/como-o-acumulo-de-abas-no-navegador-se-relaciona-com-o-estresse\/\" \/>\n<meta property=\"og:locale\" content=\"pt_BR\" \/>\n<meta property=\"og:type\" content=\"article\" \/>\n<meta property=\"og:title\" content=\"Como o ac\u00famulo de abas no navegador se relaciona com o estresse - Correio Braziliense - Radar\" \/>\n<meta property=\"og:description\" content=\"Entenda o impacto do excesso de abas no foco e aprenda dicas pr\u00e1ticas para manter seu navegador limpo e sua mente mais tranquila.\" \/>\n<meta property=\"og:url\" content=\"https:\/\/www.correiobraziliense.com.br\/cbradar\/como-o-acumulo-de-abas-no-navegador-se-relaciona-com-o-estresse\/\" \/>\n<meta property=\"og:site_name\" content=\"Correio Braziliense - Radar\" \/>\n<meta property=\"article:published_time\" content=\"2025-07-31T16:23:00+00:00\" \/>\n<meta property=\"og:image\" content=\"https:\/\/www.correiobraziliense.com.br\/cbradar\/wp-content\/uploads\/2025\/07\/browser-tabs_1753797895836.jpg\" \/>\n\t<meta property=\"og:image:width\" content=\"1280\" \/>\n\t<meta property=\"og:image:height\" content=\"720\" \/>\n\t<meta property=\"og:image:type\" content=\"image\/jpeg\" \/>\n<meta name=\"author\" content=\"guilherme_saude\" \/>\n<meta name=\"twitter:card\" content=\"summary_large_image\" \/>\n<meta name=\"twitter:label1\" content=\"Escrito por\" \/>\n\t<meta name=\"twitter:data1\" content=\"guilherme_saude\" \/>\n\t<meta name=\"twitter:label2\" content=\"Est. tempo de leitura\" \/>\n\t<meta name=\"twitter:data2\" content=\"4 minutos\" \/>\n<!-- \/ Yoast SEO plugin. -->","yoast_head_json":{"title":"Como o ac\u00famulo de abas no navegador se relaciona com o estresse - Correio Braziliense - Radar","description":"Entenda o impacto do excesso de abas no foco e aprenda dicas pr\u00e1ticas para manter seu navegador limpo e sua mente mais tranquila.","robots":{"index":"index","follow":"follow","max-snippet":"max-snippet:-1","max-image-preview":"max-image-preview:large","max-video-preview":"max-video-preview:-1"},"canonical":"https:\/\/www.correiobraziliense.com.br\/cbradar\/como-o-acumulo-de-abas-no-navegador-se-relaciona-com-o-estresse\/","og_locale":"pt_BR","og_type":"article","og_title":"Como o ac\u00famulo de abas no navegador se relaciona com o estresse - Correio Braziliense - Radar","og_description":"Entenda o impacto do excesso de abas no foco e aprenda dicas pr\u00e1ticas para manter seu navegador limpo e sua mente mais tranquila.","og_url":"https:\/\/www.correiobraziliense.com.br\/cbradar\/como-o-acumulo-de-abas-no-navegador-se-relaciona-com-o-estresse\/","og_site_name":"Correio Braziliense - Radar","article_published_time":"2025-07-31T16:23:00+00:00","og_image":[{"width":1280,"height":720,"url":"https:\/\/www.correiobraziliense.com.br\/cbradar\/wp-content\/uploads\/2025\/07\/browser-tabs_1753797895836.jpg","type":"image\/jpeg"}],"author":"guilherme_saude","twitter_card":"summary_large_image","twitter_misc":{"Escrito por":"guilherme_saude","Est. tempo de leitura":"4 minutos"},"schema":{"@context":"https:\/\/schema.org","@graph":[{"@type":"WebPage","@id":"https:\/\/www.correiobraziliense.com.br\/cbradar\/como-o-acumulo-de-abas-no-navegador-se-relaciona-com-o-estresse\/","url":"https:\/\/www.correiobraziliense.com.br\/cbradar\/como-o-acumulo-de-abas-no-navegador-se-relaciona-com-o-estresse\/","name":"Como o ac\u00famulo de abas no navegador se relaciona com o estresse - Correio Braziliense - Radar","isPartOf":{"@id":"https:\/\/www.correiobraziliense.com.br\/cbradar\/#website"},"primaryImageOfPage":{"@id":"https:\/\/www.correiobraziliense.com.br\/cbradar\/como-o-acumulo-de-abas-no-navegador-se-relaciona-com-o-estresse\/#primaryimage"},"image":{"@id":"https:\/\/www.correiobraziliense.com.br\/cbradar\/como-o-acumulo-de-abas-no-navegador-se-relaciona-com-o-estresse\/#primaryimage"},"thumbnailUrl":"https:\/\/www.correiobraziliense.com.br\/cbradar\/wp-content\/uploads\/2025\/07\/browser-tabs_1753797895836.jpg","datePublished":"2025-07-31T16:23:00+00:00","author":{"@id":"https:\/\/www.correiobraziliense.com.br\/cbradar\/#\/schema\/person\/5aa4bf3c8fa699c267933611de12978b"},"description":"Entenda o impacto do excesso de abas no foco e aprenda dicas pr\u00e1ticas para manter seu navegador limpo e sua mente mais tranquila.","breadcrumb":{"@id":"https:\/\/www.correiobraziliense.com.br\/cbradar\/como-o-acumulo-de-abas-no-navegador-se-relaciona-com-o-estresse\/#breadcrumb"},"inLanguage":"pt-BR","potentialAction":[{"@type":"ReadAction","target":["https:\/\/www.correiobraziliense.com.br\/cbradar\/como-o-acumulo-de-abas-no-navegador-se-relaciona-com-o-estresse\/"]}]},{"@type":"ImageObject","inLanguage":"pt-BR","@id":"https:\/\/www.correiobraziliense.com.br\/cbradar\/como-o-acumulo-de-abas-no-navegador-se-relaciona-com-o-estresse\/#primaryimage","url":"https:\/\/www.correiobraziliense.com.br\/cbradar\/wp-content\/uploads\/2025\/07\/browser-tabs_1753797895836.jpg","contentUrl":"https:\/\/www.correiobraziliense.com.br\/cbradar\/wp-content\/uploads\/2025\/07\/browser-tabs_1753797895836.jpg","width":1280,"height":720,"caption":"Abas do navegador - Cr\u00e9ditos: depositphotos.com \/ rlmf.net"},{"@type":"BreadcrumbList","@id":"https:\/\/www.correiobraziliense.com.br\/cbradar\/como-o-acumulo-de-abas-no-navegador-se-relaciona-com-o-estresse\/#breadcrumb","itemListElement":[{"@type":"ListItem","position":1,"name":"In\u00edcio","item":"https:\/\/www.correiobraziliense.com.br\/cbradar\/"},{"@type":"ListItem","position":2,"name":"Como o ac\u00famulo de abas no navegador se relaciona com o estresse"}]},{"@type":"WebSite","@id":"https:\/\/www.correiobraziliense.com.br\/cbradar\/#website","url":"https:\/\/www.correiobraziliense.com.br\/cbradar\/","name":"Correio Braziliense - Radar","description":"Acompanhe as \u00faltimas not\u00edcias e fique bem informado sobre tudo o que acontece no Brasil e no mundo.","potentialAction":[{"@type":"SearchAction","target":{"@type":"EntryPoint","urlTemplate":"https:\/\/www.correiobraziliense.com.br\/cbradar\/?s={search_term_string}"},"query-input":{"@type":"PropertyValueSpecification","valueRequired":true,"valueName":"search_term_string"}}],"inLanguage":"pt-BR"},{"@type":"Person","@id":"https:\/\/www.correiobraziliense.com.br\/cbradar\/#\/schema\/person\/5aa4bf3c8fa699c267933611de12978b","name":"guilherme_saude","image":{"@type":"ImageObject","inLanguage":"pt-BR","@id":"https:\/\/www.correiobraziliense.com.br\/cbradar\/#\/schema\/person\/image\/","url":"https:\/\/secure.gravatar.com\/avatar\/df9adfb835d344bc0af109d41756253f?s=96&d=mm&r=g","contentUrl":"https:\/\/secure.gravatar.com\/avatar\/df9adfb835d344bc0af109d41756253f?s=96&d=mm&r=g","caption":"guilherme_saude"},"url":"https:\/\/www.correiobraziliense.com.br\/cbradar\/author\/guilherme_saude\/"}]}},"_links":{"self":[{"href":"https:\/\/www.correiobraziliense.com.br\/cbradar\/wp-json\/wp\/v2\/posts\/77373","targetHints":{"allow":["GET"]}}],"collection":[{"href":"https:\/\/www.correiobraziliense.com.br\/cbradar\/wp-json\/wp\/v2\/posts"}],"about":[{"href":"https:\/\/www.correiobraziliense.com.br\/cbradar\/wp-json\/wp\/v2\/types\/post"}],"author":[{"embeddable":true,"href":"https:\/\/www.correiobraziliense.com.br\/cbradar\/wp-json\/wp\/v2\/users\/14"}],"replies":[{"embeddable":true,"href":"https:\/\/www.correiobraziliense.com.br\/cbradar\/wp-json\/wp\/v2\/comments?post=77373"}],"version-history":[{"count":1,"href":"https:\/\/www.correiobraziliense.com.br\/cbradar\/wp-json\/wp\/v2\/posts\/77373\/revisions"}],"predecessor-version":[{"id":77376,"href":"https:\/\/www.correiobraziliense.com.br\/cbradar\/wp-json\/wp\/v2\/posts\/77373\/revisions\/77376"}],"wp:featuredmedia":[{"embeddable":true,"href":"https:\/\/www.correiobraziliense.com.br\/cbradar\/wp-json\/wp\/v2\/media\/77374"}],"wp:attachment":[{"href":"https:\/\/www.correiobraziliense.com.br\/cbradar\/wp-json\/wp\/v2\/media?parent=77373"}],"wp:term":[{"taxonomy":"category","embeddable":true,"href":"https:\/\/www.correiobraziliense.com.br\/cbradar\/wp-json\/wp\/v2\/categories?post=77373"},{"taxonomy":"post_tag","embeddable":true,"href":"https:\/\/www.correiobraziliense.com.br\/cbradar\/wp-json\/wp\/v2\/tags?post=77373"}],"curies":[{"name":"wp","href":"https:\/\/api.w.org\/{rel}","templated":true}]}}