{"id":77394,"date":"2025-07-31T12:13:00","date_gmt":"2025-07-31T15:13:00","guid":{"rendered":"https:\/\/www.correiobraziliense.com.br\/cbradar\/?p=77394"},"modified":"2025-07-29T12:02:21","modified_gmt":"2025-07-29T15:02:21","slug":"glutamina-probioticos-e-zinco-o-que-a-ciencia-diz-a-respeito","status":"publish","type":"post","link":"https:\/\/www.correiobraziliense.com.br\/cbradar\/glutamina-probioticos-e-zinco-o-que-a-ciencia-diz-a-respeito\/","title":{"rendered":"Glutamina, probi\u00f3ticos e zinco, o que a ci\u00eancia diz a respeito?"},"content":{"rendered":"\n<p>O interesse pela sa\u00fade intestinal nunca foi t\u00e3o grande, e com ele, cresce exponencialmente a oferta de suplementos que prometem um intestino &#8220;\u00e0 prova de tudo&#8221;. Nas prateleiras, tr\u00eas estrelas se destacam: a <strong><a href=\"https:\/\/pt.wikipedia.org\/wiki\/Glutamina\" target=\"_blank\" rel=\"noreferrer noopener\">glutamina<\/a><\/strong>, os <a href=\"https:\/\/pt.wikipedia.org\/wiki\/Probi\u00f3tico\" target=\"_blank\" rel=\"noreferrer noopener\"><strong>probi\u00f3ticos<\/strong> <\/a>e o <strong><a href=\"https:\/\/pt.wikipedia.org\/wiki\/Zinco\" target=\"_blank\" rel=\"noreferrer noopener\">zinco<\/a><\/strong>.<\/p>\n\n\n\n<p>Eles s\u00e3o vendidos com a promessa de reparar a parede intestinal, equilibrar as bact\u00e9rias e fortalecer as defesas. Mas a pergunta que muitos se fazem \u00e9: eles realmente funcionam?<\/p>\n\n\n\n<p>Este artigo faz uma an\u00e1lise cr\u00edtica e baseada em evid\u00eancias sobre o papel de cada um desses suplementos, para que servem, e se o seu uso \u00e9 justificado para a maioria das pessoas.<\/p>\n\n\n<div class=\"wp-block-image\">\n<figure class=\"aligncenter size-large\"><img decoding=\"async\" width=\"1024\" height=\"576\" src=\"https:\/\/www.correiobraziliense.com.br\/cbradar\/wp-content\/uploads\/2025\/03\/flora-intestinal_1740932448760-1024x576.jpg\" alt=\"7 h\u00e1bitos que fortalecem seu intestino e blindam sua imunidade de uma maneira incr\u00edvel\" class=\"wp-image-8348\" srcset=\"https:\/\/www.correiobraziliense.com.br\/cbradar\/wp-content\/uploads\/2025\/03\/flora-intestinal_1740932448760-1024x576.jpg 1024w, https:\/\/www.correiobraziliense.com.br\/cbradar\/wp-content\/uploads\/2025\/03\/flora-intestinal_1740932448760-300x169.jpg 300w, https:\/\/www.correiobraziliense.com.br\/cbradar\/wp-content\/uploads\/2025\/03\/flora-intestinal_1740932448760-768x432.jpg 768w, https:\/\/www.correiobraziliense.com.br\/cbradar\/wp-content\/uploads\/2025\/03\/flora-intestinal_1740932448760-750x422.jpg 750w, https:\/\/www.correiobraziliense.com.br\/cbradar\/wp-content\/uploads\/2025\/03\/flora-intestinal_1740932448760-1140x642.jpg 1140w, https:\/\/www.correiobraziliense.com.br\/cbradar\/wp-content\/uploads\/2025\/03\/flora-intestinal_1740932448760.jpg 1279w\" sizes=\"(max-width: 1024px) 100vw, 1024px\" \/><figcaption class=\"wp-element-caption\">Intestino &#8211; Cr\u00e9ditos: depositphotos.com \/ AnatomyInsider<\/figcaption><\/figure><\/div>\n\n\n<h2 class=\"wp-block-heading\">Analisando a glutamina: o combust\u00edvel das c\u00e9lulas intestinais<\/h2>\n\n\n\n<p>A <strong>glutamina<\/strong> \u00e9 o amino\u00e1cido mais abundante no corpo humano e serve como a principal fonte de energia para os enter\u00f3citos, as c\u00e9lulas que revestem a parede do nosso intestino. Ela \u00e9, sem d\u00favida, fundamental para a manuten\u00e7\u00e3o da integridade da <strong>barreira intestinal<\/strong>.<\/p>\n\n\n\n<p>No entanto, a necessidade de <em>suplementa\u00e7\u00e3o<\/em> \u00e9 um ponto de debate. Nosso corpo produz <strong>glutamina<\/strong> e tamb\u00e9m a obtemos de dietas ricas em prote\u00ednas. Seus benef\u00edcios como suplemento s\u00e3o bem estabelecidos em contextos cl\u00ednicos, como em pacientes cr\u00edticos, com grandes queimaduras ou ap\u00f3s cirurgias, situa\u00e7\u00f5es em que a demanda pelo amino\u00e1cido aumenta drasticamente.<\/p>\n\n\n\n<p>Para a popula\u00e7\u00e3o geral e saud\u00e1vel, as evid\u00eancias de que a suplementa\u00e7\u00e3o de <strong>glutamina<\/strong> traz benef\u00edcios adicionais para a sa\u00fade intestinal s\u00e3o limitadas. Em geral, uma dieta balanceada j\u00e1 fornece as quantidades necess\u00e1rias.<\/p>\n\n\n\n<h2 class=\"wp-block-heading\">Analisando os probi\u00f3ticos: as bact\u00e9rias do bem<\/h2>\n\n\n\n<p>Os <strong>probi\u00f3ticos<\/strong> s\u00e3o microrganismos vivos que, quando consumidos em quantidades adequadas, podem trazer benef\u00edcios \u00e0 sa\u00fade, principalmente ao ajudar a equilibrar a <strong>microbiota intestinal<\/strong> e a combater a <strong>disbiose<\/strong>.<\/p>\n\n\n\n<p>O ponto mais crucial sobre os <strong>probi\u00f3ticos<\/strong> \u00e9 que seus efeitos s\u00e3o <strong>cepa-espec\u00edficos<\/strong>. Isso significa que uma cepa espec\u00edfica de bact\u00e9ria (como a <em>Lactobacillus rhamnosus GG<\/em>) que funciona para prevenir a diarreia associada a antibi\u00f3ticos n\u00e3o necessariamente ter\u00e1 efeito sobre os sintomas da s\u00edndrome do intestino irrit\u00e1vel, por exemplo.<\/p>\n\n\n\n<p>Portanto, a resposta \u00e9: sim, <strong>probi\u00f3ticos<\/strong> funcionam, mas apenas a cepa certa, na dose certa, para a condi\u00e7\u00e3o cl\u00ednica certa. Comprar um &#8220;pool de probi\u00f3ticos&#8221; gen\u00e9rico sem uma necessidade espec\u00edfica e sem orienta\u00e7\u00e3o profissional pode ser o mesmo que jogar dinheiro fora.<\/p>\n\n\n\n<h2 class=\"wp-block-heading\">Analisando o zinco: o mineral reparador<\/h2>\n\n\n\n<p>O <strong>zinco<\/strong> \u00e9 um mineral essencial que participa de centenas de rea\u00e7\u00f5es no corpo. Para o intestino, ele \u00e9 vital para a regenera\u00e7\u00e3o celular, para o bom funcionamento do sistema imune localizado no intestino (GALT) e para fortalecer as jun\u00e7\u00f5es que mant\u00eam a <strong>barreira intestinal<\/strong> \u00edntegra.<\/p>\n\n\n\n<p>O segredo do <strong>zinco<\/strong>, no entanto, est\u00e1 na <strong>defici\u00eancia<\/strong>. A suplementa\u00e7\u00e3o s\u00f3 demonstrou benef\u00edcios claros para a sa\u00fade intestinal em pessoas que apresentavam defici\u00eancia ou insufici\u00eancia deste mineral, algo que pode ser diagnosticado atrav\u00e9s de exames de sangue.<\/p>\n\n\n\n<p>Para indiv\u00edduos que j\u00e1 obt\u00eam zinco suficiente atrav\u00e9s de uma dieta equilibrada (rica em carnes, sementes e leguminosas), a suplementa\u00e7\u00e3o extra n\u00e3o trar\u00e1 benef\u00edcios adicionais para o intestino e, em excesso, pode at\u00e9 ser t\u00f3xica.<\/p>\n\n\n\n<h2 class=\"wp-block-heading\">Uma abordagem inteligente para a sa\u00fade intestinal<\/h2>\n\n\n\n<p>Antes de pensar em potes de suplementos, a base para um intestino saud\u00e1vel e resiliente come\u00e7a com h\u00e1bitos de vida e alimenta\u00e7\u00e3o.<\/p>\n\n\n\n<ol start=\"1\" class=\"wp-block-list\">\n<li><strong>Priorize a Comida de Verdade:<\/strong> A melhor forma de nutrir seu intestino \u00e9 atrav\u00e9s de uma dieta rica e diversa em fibras. Consuma uma grande variedade de vegetais, frutas, legumes e gr\u00e3os integrais. Eles s\u00e3o o alimento preferido da sua <strong>microbiota intestinal<\/strong>.<\/li>\n\n\n\n<li><strong>Inclua Alimentos Fermentados na Rotina:<\/strong> Iogurte natural, kefir, kombucha e chucrute s\u00e3o fontes naturais de <strong>probi\u00f3ticos<\/strong> e ajudam a manter a diversidade da sua microbiota de forma saborosa e acess\u00edvel.<\/li>\n\n\n\n<li><strong>Gerencie o Estresse e o Sono:<\/strong> O estresse cr\u00f4nico e uma noite mal dormida s\u00e3o extremamente prejudiciais para a <strong>barreira intestinal<\/strong>. Pr\u00e1ticas como medita\u00e7\u00e3o, exerc\u00edcios leves e uma boa higiene do sono s\u00e3o fundamentais para a sa\u00fade digestiva.<\/li>\n\n\n\n<li><strong>Investigue a Causa dos Sintomas:<\/strong> Se voc\u00ea sofre com incha\u00e7o, gases, dor ou outros desconfortos, o caminho n\u00e3o \u00e9 tentar uma solu\u00e7\u00e3o r\u00e1pida com suplementos, mas sim investigar a causa raiz do problema junto a um profissional.<\/li>\n<\/ol>\n\n\n\n<h2 class=\"wp-block-heading\">A suplementa\u00e7\u00e3o exige um guia: o papel do profissional de sa\u00fade<\/h2>\n\n\n\n<p>A automedica\u00e7\u00e3o com suplementos, mesmo os considerados &#8220;naturais&#8221;, \u00e9 uma pr\u00e1tica arriscada e, na maioria das vezes, ineficaz.<\/p>\n\n\n\n<p>Voc\u00ea pode estar gastando dinheiro em um produto que n\u00e3o precisa, tomando a dose ou a cepa errada de <strong>probi\u00f3tico<\/strong>, ou pior, mascarando um problema de sa\u00fade mais s\u00e9rio que necessita de um diagn\u00f3stico e tratamento espec\u00edficos.<\/p>\n\n\n\n<p>A decis\u00e3o de suplementar com <strong>glutamina<\/strong>, <strong>probi\u00f3ticos<\/strong>, <strong>zinco<\/strong> ou qualquer outro composto para o intestino deve ser sempre baseada em uma avalia\u00e7\u00e3o cl\u00ednica e laboratorial individualizada, feita por um <strong>m\u00e9dico<\/strong> ou <strong>nutricionista<\/strong>. Apenas eles s\u00e3o capazes de diagnosticar uma necessidade real e prescrever um produto de qualidade, na dose correta e pelo tempo necess\u00e1rio.<\/p>\n\n\n\n<h2 class=\"wp-block-heading\">A verdade por tr\u00e1s dos potes: o que seu intestino realmente precisa<\/h2>\n\n\n\n<p>O mercado de suplementos para o intestino \u00e9 vasto e promissor, mas muitas vezes navega em uma linha t\u00eanue entre a ci\u00eancia e o marketing.<\/p>\n\n\n\n<p>Sim, em contextos cl\u00ednicos espec\u00edficos e com a devida orienta\u00e7\u00e3o profissional, a <strong>glutamina<\/strong>, os <strong>probi\u00f3ticos<\/strong> e o <strong>zinco<\/strong> podem ser ferramentas terap\u00eauticas muito \u00fateis. No entanto, para a maioria das pessoas, a funda\u00e7\u00e3o de um intestino saud\u00e1vel n\u00e3o est\u00e1 em um pote de suplementos.<\/p>\n\n\n\n<p>Ela est\u00e1 em um prato colorido, em uma mente tranquila, em um sono reparador e em um corpo ativo. Cuidar desses pilares \u00e9 a forma mais segura e eficaz de garantir uma digest\u00e3o confort\u00e1vel e uma sa\u00fade de ferro.<\/p>\n","protected":false},"excerpt":{"rendered":"<p>O interesse pela sa\u00fade intestinal nunca foi t\u00e3o grande, e com ele, cresce exponencialmente a oferta de suplementos que prometem um intestino &#8220;\u00e0 prova de tudo&#8221;. Nas prateleiras, tr\u00eas estrelas se destacam: a glutamina, os probi\u00f3ticos e o zinco. Eles s\u00e3o vendidos com a promessa de reparar a parede intestinal, equilibrar as bact\u00e9rias e fortalecer [&hellip;]<\/p>\n","protected":false},"author":11,"featured_media":77397,"comment_status":"open","ping_status":"open","sticky":false,"template":"","format":"standard","meta":{"_yoast_wpseo_focuskw":"Glutamina probi\u00f3ticos e zinco","_yoast_wpseo_title":"","_yoast_wpseo_metadesc":"Glutamina, probi\u00f3ticos e zinco s\u00e3o aliados estudados pela ci\u00eancia por seus benef\u00edcios ao sistema imunol\u00f3gico e \u00e0 sa\u00fade intestinal.","jnews-multi-image_gallery":[],"jnews_single_post":{"format":"standard"},"jnews_primary_category":[],"jnews_social_meta":[],"jnews_override_counter":[],"footnotes":""},"categories":[119],"post_tag":[1422,1318],"class_list":["post-77394","post","type-post","status-publish","format-standard","has-post-thumbnail","hentry","category-bem-estar","tag-intestino","tag-saude-2"],"yoast_head":"<!-- This site is optimized with the Yoast SEO plugin v24.6 - https:\/\/yoast.com\/wordpress\/plugins\/seo\/ -->\n<title>Glutamina, probi\u00f3ticos e zinco, o que a ci\u00eancia diz a respeito? - Correio Braziliense - Radar<\/title>\n<meta name=\"description\" content=\"Glutamina, probi\u00f3ticos e zinco s\u00e3o aliados estudados pela ci\u00eancia por seus benef\u00edcios ao sistema imunol\u00f3gico e \u00e0 sa\u00fade intestinal.\" \/>\n<meta name=\"robots\" content=\"index, follow, max-snippet:-1, max-image-preview:large, max-video-preview:-1\" \/>\n<link rel=\"canonical\" href=\"https:\/\/www.correiobraziliense.com.br\/cbradar\/glutamina-probioticos-e-zinco-o-que-a-ciencia-diz-a-respeito\/\" \/>\n<meta property=\"og:locale\" content=\"pt_BR\" \/>\n<meta property=\"og:type\" content=\"article\" \/>\n<meta property=\"og:title\" content=\"Glutamina, probi\u00f3ticos e zinco, o que a ci\u00eancia diz a respeito? - Correio Braziliense - Radar\" \/>\n<meta property=\"og:description\" content=\"Glutamina, probi\u00f3ticos e zinco s\u00e3o aliados estudados pela ci\u00eancia por seus benef\u00edcios ao sistema imunol\u00f3gico e \u00e0 sa\u00fade intestinal.\" \/>\n<meta property=\"og:url\" content=\"https:\/\/www.correiobraziliense.com.br\/cbradar\/glutamina-probioticos-e-zinco-o-que-a-ciencia-diz-a-respeito\/\" \/>\n<meta property=\"og:site_name\" content=\"Correio Braziliense - Radar\" \/>\n<meta property=\"article:published_time\" content=\"2025-07-31T15:13:00+00:00\" \/>\n<meta property=\"og:image\" content=\"https:\/\/www.correiobraziliense.com.br\/cbradar\/wp-content\/uploads\/2025\/07\/glutamina-_1753801297601.jpg\" \/>\n\t<meta property=\"og:image:width\" content=\"1280\" \/>\n\t<meta property=\"og:image:height\" content=\"720\" \/>\n\t<meta property=\"og:image:type\" content=\"image\/jpeg\" \/>\n<meta name=\"author\" content=\"Paulo Custodio\" \/>\n<meta name=\"twitter:card\" content=\"summary_large_image\" \/>\n<meta name=\"twitter:label1\" content=\"Escrito por\" \/>\n\t<meta name=\"twitter:data1\" content=\"Paulo Custodio\" \/>\n\t<meta name=\"twitter:label2\" content=\"Est. tempo de leitura\" \/>\n\t<meta name=\"twitter:data2\" content=\"6 minutos\" \/>\n<!-- \/ Yoast SEO plugin. -->","yoast_head_json":{"title":"Glutamina, probi\u00f3ticos e zinco, o que a ci\u00eancia diz a respeito? - Correio Braziliense - Radar","description":"Glutamina, probi\u00f3ticos e zinco s\u00e3o aliados estudados pela ci\u00eancia por seus benef\u00edcios ao sistema imunol\u00f3gico e \u00e0 sa\u00fade intestinal.","robots":{"index":"index","follow":"follow","max-snippet":"max-snippet:-1","max-image-preview":"max-image-preview:large","max-video-preview":"max-video-preview:-1"},"canonical":"https:\/\/www.correiobraziliense.com.br\/cbradar\/glutamina-probioticos-e-zinco-o-que-a-ciencia-diz-a-respeito\/","og_locale":"pt_BR","og_type":"article","og_title":"Glutamina, probi\u00f3ticos e zinco, o que a ci\u00eancia diz a respeito? - Correio Braziliense - Radar","og_description":"Glutamina, probi\u00f3ticos e zinco s\u00e3o aliados estudados pela ci\u00eancia por seus benef\u00edcios ao sistema imunol\u00f3gico e \u00e0 sa\u00fade intestinal.","og_url":"https:\/\/www.correiobraziliense.com.br\/cbradar\/glutamina-probioticos-e-zinco-o-que-a-ciencia-diz-a-respeito\/","og_site_name":"Correio Braziliense - Radar","article_published_time":"2025-07-31T15:13:00+00:00","og_image":[{"width":1280,"height":720,"url":"https:\/\/www.correiobraziliense.com.br\/cbradar\/wp-content\/uploads\/2025\/07\/glutamina-_1753801297601.jpg","type":"image\/jpeg"}],"author":"Paulo Custodio","twitter_card":"summary_large_image","twitter_misc":{"Escrito por":"Paulo Custodio","Est. tempo de leitura":"6 minutos"},"schema":{"@context":"https:\/\/schema.org","@graph":[{"@type":"WebPage","@id":"https:\/\/www.correiobraziliense.com.br\/cbradar\/glutamina-probioticos-e-zinco-o-que-a-ciencia-diz-a-respeito\/","url":"https:\/\/www.correiobraziliense.com.br\/cbradar\/glutamina-probioticos-e-zinco-o-que-a-ciencia-diz-a-respeito\/","name":"Glutamina, probi\u00f3ticos e zinco, o que a ci\u00eancia diz a respeito? - Correio Braziliense - Radar","isPartOf":{"@id":"https:\/\/www.correiobraziliense.com.br\/cbradar\/#website"},"primaryImageOfPage":{"@id":"https:\/\/www.correiobraziliense.com.br\/cbradar\/glutamina-probioticos-e-zinco-o-que-a-ciencia-diz-a-respeito\/#primaryimage"},"image":{"@id":"https:\/\/www.correiobraziliense.com.br\/cbradar\/glutamina-probioticos-e-zinco-o-que-a-ciencia-diz-a-respeito\/#primaryimage"},"thumbnailUrl":"https:\/\/www.correiobraziliense.com.br\/cbradar\/wp-content\/uploads\/2025\/07\/glutamina-_1753801297601.jpg","datePublished":"2025-07-31T15:13:00+00:00","author":{"@id":"https:\/\/www.correiobraziliense.com.br\/cbradar\/#\/schema\/person\/4cec7857301a9a1a2ef249893cd908d3"},"description":"Glutamina, probi\u00f3ticos e zinco s\u00e3o aliados estudados pela ci\u00eancia por seus benef\u00edcios ao sistema imunol\u00f3gico e \u00e0 sa\u00fade intestinal.","breadcrumb":{"@id":"https:\/\/www.correiobraziliense.com.br\/cbradar\/glutamina-probioticos-e-zinco-o-que-a-ciencia-diz-a-respeito\/#breadcrumb"},"inLanguage":"pt-BR","potentialAction":[{"@type":"ReadAction","target":["https:\/\/www.correiobraziliense.com.br\/cbradar\/glutamina-probioticos-e-zinco-o-que-a-ciencia-diz-a-respeito\/"]}]},{"@type":"ImageObject","inLanguage":"pt-BR","@id":"https:\/\/www.correiobraziliense.com.br\/cbradar\/glutamina-probioticos-e-zinco-o-que-a-ciencia-diz-a-respeito\/#primaryimage","url":"https:\/\/www.correiobraziliense.com.br\/cbradar\/wp-content\/uploads\/2025\/07\/glutamina-_1753801297601.jpg","contentUrl":"https:\/\/www.correiobraziliense.com.br\/cbradar\/wp-content\/uploads\/2025\/07\/glutamina-_1753801297601.jpg","width":1280,"height":720,"caption":"Uso cont\u00ednuo de creatina por um ano provoca adapta\u00e7\u00f5es musculares e metab\u00f3licas - Cr\u00e9ditos: depositphotos.com \/ Casimiro_PT"},{"@type":"BreadcrumbList","@id":"https:\/\/www.correiobraziliense.com.br\/cbradar\/glutamina-probioticos-e-zinco-o-que-a-ciencia-diz-a-respeito\/#breadcrumb","itemListElement":[{"@type":"ListItem","position":1,"name":"In\u00edcio","item":"https:\/\/www.correiobraziliense.com.br\/cbradar\/"},{"@type":"ListItem","position":2,"name":"Glutamina, probi\u00f3ticos e zinco, o que a ci\u00eancia diz a respeito?"}]},{"@type":"WebSite","@id":"https:\/\/www.correiobraziliense.com.br\/cbradar\/#website","url":"https:\/\/www.correiobraziliense.com.br\/cbradar\/","name":"Correio Braziliense - Radar","description":"Acompanhe as \u00faltimas not\u00edcias e fique bem informado sobre tudo o que acontece no Brasil e no mundo.","potentialAction":[{"@type":"SearchAction","target":{"@type":"EntryPoint","urlTemplate":"https:\/\/www.correiobraziliense.com.br\/cbradar\/?s={search_term_string}"},"query-input":{"@type":"PropertyValueSpecification","valueRequired":true,"valueName":"search_term_string"}}],"inLanguage":"pt-BR"},{"@type":"Person","@id":"https:\/\/www.correiobraziliense.com.br\/cbradar\/#\/schema\/person\/4cec7857301a9a1a2ef249893cd908d3","name":"Paulo Custodio","image":{"@type":"ImageObject","inLanguage":"pt-BR","@id":"https:\/\/www.correiobraziliense.com.br\/cbradar\/#\/schema\/person\/image\/","url":"https:\/\/secure.gravatar.com\/avatar\/bcd67168d1534e8fcf4f45c726a87cea?s=96&d=mm&r=g","contentUrl":"https:\/\/secure.gravatar.com\/avatar\/bcd67168d1534e8fcf4f45c726a87cea?s=96&d=mm&r=g","caption":"Paulo Custodio"},"sameAs":["https:\/\/www.correiobraziliense.com.br\/cbradar"],"url":"https:\/\/www.correiobraziliense.com.br\/cbradar\/author\/paulomyth\/"}]}},"_links":{"self":[{"href":"https:\/\/www.correiobraziliense.com.br\/cbradar\/wp-json\/wp\/v2\/posts\/77394","targetHints":{"allow":["GET"]}}],"collection":[{"href":"https:\/\/www.correiobraziliense.com.br\/cbradar\/wp-json\/wp\/v2\/posts"}],"about":[{"href":"https:\/\/www.correiobraziliense.com.br\/cbradar\/wp-json\/wp\/v2\/types\/post"}],"author":[{"embeddable":true,"href":"https:\/\/www.correiobraziliense.com.br\/cbradar\/wp-json\/wp\/v2\/users\/11"}],"replies":[{"embeddable":true,"href":"https:\/\/www.correiobraziliense.com.br\/cbradar\/wp-json\/wp\/v2\/comments?post=77394"}],"version-history":[{"count":1,"href":"https:\/\/www.correiobraziliense.com.br\/cbradar\/wp-json\/wp\/v2\/posts\/77394\/revisions"}],"predecessor-version":[{"id":77399,"href":"https:\/\/www.correiobraziliense.com.br\/cbradar\/wp-json\/wp\/v2\/posts\/77394\/revisions\/77399"}],"wp:featuredmedia":[{"embeddable":true,"href":"https:\/\/www.correiobraziliense.com.br\/cbradar\/wp-json\/wp\/v2\/media\/77397"}],"wp:attachment":[{"href":"https:\/\/www.correiobraziliense.com.br\/cbradar\/wp-json\/wp\/v2\/media?parent=77394"}],"wp:term":[{"taxonomy":"category","embeddable":true,"href":"https:\/\/www.correiobraziliense.com.br\/cbradar\/wp-json\/wp\/v2\/categories?post=77394"},{"taxonomy":"post_tag","embeddable":true,"href":"https:\/\/www.correiobraziliense.com.br\/cbradar\/wp-json\/wp\/v2\/post_tag?post=77394"}],"curies":[{"name":"wp","href":"https:\/\/api.w.org\/{rel}","templated":true}]}}