{"id":77908,"date":"2025-08-03T09:53:00","date_gmt":"2025-08-03T12:53:00","guid":{"rendered":"https:\/\/www.correiobraziliense.com.br\/cbradar\/?p=77908"},"modified":"2025-07-30T08:58:31","modified_gmt":"2025-07-30T11:58:31","slug":"o-que-os-estudos-dizem-sobre-tomar-banho-em-agua-fria-pela-manha","status":"publish","type":"post","link":"https:\/\/www.correiobraziliense.com.br\/cbradar\/o-que-os-estudos-dizem-sobre-tomar-banho-em-agua-fria-pela-manha\/","title":{"rendered":"O que os estudos dizem sobre tomar banho em \u00e1gua fria pela manh\u00e3?"},"content":{"rendered":"\n<p>A ideia de trocar o conforto da \u00e1gua quente por um jato de \u00e1gua fria logo pela manh\u00e3 \u00e9 algo que causa arrepios na maioria das pessoas, especialmente em dias de clima mais ameno.<\/p>\n\n\n\n<p>No entanto, a pr\u00e1tica do <strong><a href=\"https:\/\/pt.wikipedia.org\/wiki\/Banho\" target=\"_blank\" rel=\"noreferrer noopener\">banho <\/a>frio<\/strong> tem ganhado cada vez mais adeptos no universo do bem-estar, com promessas que v\u00e3o desde um pico de energia e clareza mental at\u00e9 um <strong>sistema imunol\u00f3gico<\/strong> mais forte e resiliente.<\/p>\n\n\n\n<p>Mas ser\u00e1 que essa pr\u00e1tica desafiadora realmente tem o poder de nos proteger de doen\u00e7as? Este artigo mergulha no que os estudos cient\u00edficos dizem sobre a rela\u00e7\u00e3o entre o <strong>banho frio<\/strong> matinal e o fortalecimento das nossas defesas.<\/p>\n\n\n\n<h2 class=\"wp-block-heading\">O que a ci\u00eancia e os especialistas dizem sobre o choque t\u00e9rmico?<\/h2>\n\n\n\n<p>A teoria por tr\u00e1s dos benef\u00edcios do <strong>banho frio<\/strong> se baseia em um conceito chamado <strong>hormese<\/strong>. A hormese \u00e9 a ideia de que uma pequena dose de um &#8220;estresse ben\u00e9fico&#8221; pode estimular o corpo a se adaptar, tornando-se mais forte e resiliente a desafios futuros.<\/p>\n\n\n\n<p>Fisiologicamente, o choque s\u00fabito da \u00e1gua fria na pele ativa o <strong>sistema nervoso simp\u00e1tico<\/strong>, nossa conhecida resposta de &#8220;luta ou fuga&#8221;. Essa ativa\u00e7\u00e3o provoca uma libera\u00e7\u00e3o imediata de horm\u00f4nios, principalmente a <strong>noradrenalina<\/strong>, que nos deixa em estado de alerta.<\/p>\n\n\n\n<p>Acredita-se que este pico de <strong>noradrenalina<\/strong> seja o elo com a imunidade. Alguns estudos sugerem que essa descarga hormonal pode estimular o corpo a aumentar a produ\u00e7\u00e3o e a atividade de certos <strong>leuc\u00f3citos<\/strong> (gl\u00f3bulos brancos), que s\u00e3o as c\u00e9lulas de defesa do nosso <strong>sistema imunol\u00f3gico<\/strong>.<\/p>\n\n\n<div class=\"wp-block-image\">\n<figure class=\"aligncenter size-large\"><img decoding=\"async\" width=\"1024\" height=\"576\" src=\"https:\/\/www.correiobraziliense.com.br\/cbradar\/wp-content\/uploads\/2025\/07\/banho-chuveiro_1753876644827-1024x576.jpg\" alt=\"O que os estudos dizem sobre tomar banho em \u00e1gua fria pela manh\u00e3?\" class=\"wp-image-77910\" srcset=\"https:\/\/www.correiobraziliense.com.br\/cbradar\/wp-content\/uploads\/2025\/07\/banho-chuveiro_1753876644827-1024x576.jpg 1024w, https:\/\/www.correiobraziliense.com.br\/cbradar\/wp-content\/uploads\/2025\/07\/banho-chuveiro_1753876644827-300x169.jpg 300w, https:\/\/www.correiobraziliense.com.br\/cbradar\/wp-content\/uploads\/2025\/07\/banho-chuveiro_1753876644827-768x432.jpg 768w, https:\/\/www.correiobraziliense.com.br\/cbradar\/wp-content\/uploads\/2025\/07\/banho-chuveiro_1753876644827-750x422.jpg 750w, https:\/\/www.correiobraziliense.com.br\/cbradar\/wp-content\/uploads\/2025\/07\/banho-chuveiro_1753876644827-1140x641.jpg 1140w, https:\/\/www.correiobraziliense.com.br\/cbradar\/wp-content\/uploads\/2025\/07\/banho-chuveiro_1753876644827.jpg 1280w\" sizes=\"(max-width: 1024px) 100vw, 1024px\" \/><figcaption class=\"wp-element-caption\">Um chuveiro &#8211; Cr\u00e9ditos: depositphotos.com \/ Sutichak<\/figcaption><\/figure><\/div>\n\n\n<h2 class=\"wp-block-heading\">As evid\u00eancias: o que os estudos realmente mostram?<\/h2>\n\n\n\n<p>At\u00e9 hoje, o estudo mais robusto e citado sobre o tema foi conduzido na <strong>Holanda<\/strong> com mais de 3.000 participantes. A conclus\u00e3o foi surpreendente e sutil: o grupo que finalizava o banho com um jato de \u00e1gua fria n\u00e3o ficou doente com menos frequ\u00eancia, mas teve uma <strong>redu\u00e7\u00e3o de 29% nos dias de aus\u00eancia do trabalho por motivo de doen\u00e7a<\/strong>.<\/p>\n\n\n\n<p>A interpreta\u00e7\u00e3o dos pesquisadores \u00e9 que, embora o <strong>banho frio<\/strong> n\u00e3o necessariamente impe\u00e7a que voc\u00ea pegue um resfriado, por exemplo, ele pode reduzir a gravidade ou a dura\u00e7\u00e3o dos sintomas. Isso faria com que as pessoas se sentissem mais dispostas e capazes de enfrentar o dia, mesmo estando doentes.<\/p>\n\n\n\n<p>Outros estudos menores tamb\u00e9m observaram uma liga\u00e7\u00e3o entre a exposi\u00e7\u00e3o regular ao frio e um aumento na contagem de c\u00e9lulas imunes, como linf\u00f3citos e mon\u00f3citos. No entanto, a comunidade cient\u00edfica considera que as evid\u00eancias ainda n\u00e3o s\u00e3o definitivas e que mais pesquisas s\u00e3o necess\u00e1rias para confirmar uma rela\u00e7\u00e3o de causa e efeito.<\/p>\n\n\n\n<h2 class=\"wp-block-heading\">Como come\u00e7ar a pr\u00e1tica do banho frio com seguran\u00e7a<\/h2>\n\n\n\n<p>Se voc\u00ea \u00e9 <a href=\"https:\/\/www.correiobraziliense.com.br\/cbradar\/em-alguns-minutos-fazendo-isso-voce-pode-diminuir-os-seus-niveis-de-ansiedade\" target=\"_blank\" rel=\"noreferrer noopener\">saud\u00e1vel<\/a> e quer experimentar, a chave \u00e9 a progress\u00e3o gradual. Nunca comece um banho totalmente gelado de forma abrupta.<\/p>\n\n\n\n<ol start=\"1\" class=\"wp-block-list\">\n<li><strong>Comece com seu Banho Normal:<\/strong> Tome seu banho quente ou morno como de costume. A \u00e1gua fria ser\u00e1 apenas a etapa final do processo.<\/li>\n\n\n\n<li><strong>Introduza o Frio Apenas no Final:<\/strong> Nos \u00faltimos 30 segundos do banho, gire o registro para a \u00e1gua o mais fria que conseguir tolerar. Comece direcionando o jato para os p\u00e9s e pernas, subindo lentamente para o resto do corpo, evitando o choque direto na cabe\u00e7a e no peito inicialmente.<\/li>\n\n\n\n<li><strong>Foque na Respira\u00e7\u00e3o:<\/strong> A rea\u00e7\u00e3o natural ao choque t\u00e9rmico \u00e9 prender a respira\u00e7\u00e3o. Fa\u00e7a o oposto: expire de forma longa e controlada pela boca. Isso ajuda a acalmar o sistema nervoso e a controlar a resposta de p\u00e2nico do corpo.<\/li>\n\n\n\n<li><strong>Aumente o Tempo Gradualmente:<\/strong> Comece com apenas 30 segundos de \u00e1gua fria. Ap\u00f3s uma semana se sentindo bem, tente aumentar para 60 segundos. O objetivo \u00e9 chegar a um per\u00edodo entre 90 segundos e 2 minutos. N\u00e3o h\u00e1 evid\u00eancias de que passar disso traga benef\u00edcios adicionais.<\/li>\n<\/ol>\n\n\n\n<h2 class=\"wp-block-heading\">Alerta de seguran\u00e7a: o banho frio n\u00e3o \u00e9 para todos<\/h2>\n\n\n\n<p>O <strong>banho frio<\/strong> provoca um estresse agudo e significativo no sistema cardiovascular. O choque faz com que os vasos sangu\u00edneos se contraiam rapidamente, o que eleva a press\u00e3o arterial e a frequ\u00eancia card\u00edaca de forma s\u00fabita.<\/p>\n\n\n\n<p>Por esse motivo, a pr\u00e1tica \u00e9 fortemente desaconselhada para pessoas com <strong>doen\u00e7as card\u00edacas<\/strong> preexistentes (como arritmias, insufici\u00eancia card\u00edaca ou hist\u00f3rico de infarto), hipertens\u00e3o n\u00e3o controlada ou condi\u00e7\u00f5es como a S\u00edndrome de Raynaud.<\/p>\n\n\n\n<p>Se voc\u00ea possui qualquer condi\u00e7\u00e3o de sa\u00fade cr\u00f4nica, ou simplesmente tem d\u00favidas sobre a seguran\u00e7a da pr\u00e1tica para o seu caso espec\u00edfico, \u00e9 <strong>obrigat\u00f3rio consultar um m\u00e9dico<\/strong> antes de tentar.<\/p>\n\n\n\n<h2 class=\"wp-block-heading\">Um choque de bem-estar: a verdade sobre o banho frio<\/h2>\n\n\n\n<p>A ci\u00eancia atual sugere que o <strong>banho frio<\/strong> matinal talvez n\u00e3o funcione como uma vacina, impedindo que voc\u00ea fique doente, mas sim como um treinamento para o seu corpo.<\/p>\n\n\n\n<p>A pr\u00e1tica parece fortalecer nossa resili\u00eancia geral, o que pode fazer com que os sintomas de doen\u00e7as comuns sejam percebidos como menos severos. Embora n\u00e3o seja uma cura milagrosa, para indiv\u00edduos saud\u00e1veis que adotam uma abordagem gradual e segura, o <strong>banho frio<\/strong> pode ser uma ferramenta poderosa para aumentar a energia, a disposi\u00e7\u00e3o e, potencialmente, a for\u00e7a do seu <strong>sistema imunol\u00f3gico<\/strong>.<\/p>\n","protected":false},"excerpt":{"rendered":"<p>A ideia de trocar o conforto da \u00e1gua quente por um jato de \u00e1gua fria logo pela manh\u00e3 \u00e9 algo que causa arrepios na maioria das pessoas, especialmente em dias de clima mais ameno. No entanto, a pr\u00e1tica do banho frio tem ganhado cada vez mais adeptos no universo do bem-estar, com promessas que v\u00e3o [&hellip;]<\/p>\n","protected":false},"author":11,"featured_media":77909,"comment_status":"open","ping_status":"open","sticky":false,"template":"","format":"standard","meta":{"_yoast_wpseo_focuskw":"banho","_yoast_wpseo_title":"","_yoast_wpseo_metadesc":"Tomar banho frio pela manh\u00e3 pode gerar efeitos positivos no corpo, como est\u00edmulo \u00e0 circula\u00e7\u00e3o e sensa\u00e7\u00e3o de alerta ao longo do dia.","jnews-multi-image_gallery":[],"jnews_single_post":{"format":"standard"},"jnews_primary_category":[],"jnews_social_meta":[],"jnews_override_counter":[],"footnotes":""},"categories":[119],"tags":[8842,5035,1318],"class_list":["post-77908","post","type-post","status-publish","format-standard","has-post-thumbnail","hentry","category-bem-estar","tag-agua-fria","tag-banho","tag-saude-2"],"yoast_head":"<!-- This site is optimized with the Yoast SEO plugin v24.6 - https:\/\/yoast.com\/wordpress\/plugins\/seo\/ -->\n<title>O que os estudos dizem sobre tomar banho em \u00e1gua fria pela manh\u00e3? - Correio Braziliense - Radar<\/title>\n<meta name=\"description\" content=\"Tomar banho frio pela manh\u00e3 pode gerar efeitos positivos no corpo, como est\u00edmulo \u00e0 circula\u00e7\u00e3o e sensa\u00e7\u00e3o de alerta ao longo do dia.\" \/>\n<meta name=\"robots\" content=\"index, follow, max-snippet:-1, max-image-preview:large, max-video-preview:-1\" \/>\n<link rel=\"canonical\" href=\"https:\/\/www.correiobraziliense.com.br\/cbradar\/o-que-os-estudos-dizem-sobre-tomar-banho-em-agua-fria-pela-manha\/\" \/>\n<meta property=\"og:locale\" content=\"pt_BR\" \/>\n<meta property=\"og:type\" content=\"article\" \/>\n<meta property=\"og:title\" content=\"O que os estudos dizem sobre tomar banho em \u00e1gua fria pela manh\u00e3? - Correio Braziliense - Radar\" \/>\n<meta property=\"og:description\" content=\"Tomar banho frio pela manh\u00e3 pode gerar efeitos positivos no corpo, como est\u00edmulo \u00e0 circula\u00e7\u00e3o e sensa\u00e7\u00e3o de alerta ao longo do dia.\" \/>\n<meta property=\"og:url\" content=\"https:\/\/www.correiobraziliense.com.br\/cbradar\/o-que-os-estudos-dizem-sobre-tomar-banho-em-agua-fria-pela-manha\/\" \/>\n<meta property=\"og:site_name\" content=\"Correio Braziliense - Radar\" \/>\n<meta property=\"article:published_time\" content=\"2025-08-03T12:53:00+00:00\" \/>\n<meta property=\"og:image\" content=\"https:\/\/www.correiobraziliense.com.br\/cbradar\/wp-content\/uploads\/2025\/07\/banho-chuveiro_1753876584965.jpg\" \/>\n\t<meta property=\"og:image:width\" content=\"1280\" \/>\n\t<meta property=\"og:image:height\" content=\"720\" \/>\n\t<meta property=\"og:image:type\" content=\"image\/jpeg\" \/>\n<meta name=\"author\" content=\"Paulo Custodio\" \/>\n<meta name=\"twitter:card\" content=\"summary_large_image\" \/>\n<meta name=\"twitter:label1\" content=\"Escrito por\" \/>\n\t<meta name=\"twitter:data1\" content=\"Paulo Custodio\" \/>\n\t<meta name=\"twitter:label2\" content=\"Est. tempo de leitura\" \/>\n\t<meta name=\"twitter:data2\" content=\"5 minutos\" \/>\n<!-- \/ Yoast SEO plugin. -->","yoast_head_json":{"title":"O que os estudos dizem sobre tomar banho em \u00e1gua fria pela manh\u00e3? - Correio Braziliense - Radar","description":"Tomar banho frio pela manh\u00e3 pode gerar efeitos positivos no corpo, como est\u00edmulo \u00e0 circula\u00e7\u00e3o e sensa\u00e7\u00e3o de alerta ao longo do dia.","robots":{"index":"index","follow":"follow","max-snippet":"max-snippet:-1","max-image-preview":"max-image-preview:large","max-video-preview":"max-video-preview:-1"},"canonical":"https:\/\/www.correiobraziliense.com.br\/cbradar\/o-que-os-estudos-dizem-sobre-tomar-banho-em-agua-fria-pela-manha\/","og_locale":"pt_BR","og_type":"article","og_title":"O que os estudos dizem sobre tomar banho em \u00e1gua fria pela manh\u00e3? - Correio Braziliense - Radar","og_description":"Tomar banho frio pela manh\u00e3 pode gerar efeitos positivos no corpo, como est\u00edmulo \u00e0 circula\u00e7\u00e3o e sensa\u00e7\u00e3o de alerta ao longo do dia.","og_url":"https:\/\/www.correiobraziliense.com.br\/cbradar\/o-que-os-estudos-dizem-sobre-tomar-banho-em-agua-fria-pela-manha\/","og_site_name":"Correio Braziliense - Radar","article_published_time":"2025-08-03T12:53:00+00:00","og_image":[{"width":1280,"height":720,"url":"https:\/\/www.correiobraziliense.com.br\/cbradar\/wp-content\/uploads\/2025\/07\/banho-chuveiro_1753876584965.jpg","type":"image\/jpeg"}],"author":"Paulo Custodio","twitter_card":"summary_large_image","twitter_misc":{"Escrito por":"Paulo Custodio","Est. tempo de leitura":"5 minutos"},"schema":{"@context":"https:\/\/schema.org","@graph":[{"@type":"WebPage","@id":"https:\/\/www.correiobraziliense.com.br\/cbradar\/o-que-os-estudos-dizem-sobre-tomar-banho-em-agua-fria-pela-manha\/","url":"https:\/\/www.correiobraziliense.com.br\/cbradar\/o-que-os-estudos-dizem-sobre-tomar-banho-em-agua-fria-pela-manha\/","name":"O que os estudos dizem sobre tomar banho em \u00e1gua fria pela manh\u00e3? - Correio Braziliense - Radar","isPartOf":{"@id":"https:\/\/www.correiobraziliense.com.br\/cbradar\/#website"},"primaryImageOfPage":{"@id":"https:\/\/www.correiobraziliense.com.br\/cbradar\/o-que-os-estudos-dizem-sobre-tomar-banho-em-agua-fria-pela-manha\/#primaryimage"},"image":{"@id":"https:\/\/www.correiobraziliense.com.br\/cbradar\/o-que-os-estudos-dizem-sobre-tomar-banho-em-agua-fria-pela-manha\/#primaryimage"},"thumbnailUrl":"https:\/\/www.correiobraziliense.com.br\/cbradar\/wp-content\/uploads\/2025\/07\/banho-chuveiro_1753876584965.jpg","datePublished":"2025-08-03T12:53:00+00:00","author":{"@id":"https:\/\/www.correiobraziliense.com.br\/cbradar\/#\/schema\/person\/4cec7857301a9a1a2ef249893cd908d3"},"description":"Tomar banho frio pela manh\u00e3 pode gerar efeitos positivos no corpo, como est\u00edmulo \u00e0 circula\u00e7\u00e3o e sensa\u00e7\u00e3o de alerta ao longo do dia.","breadcrumb":{"@id":"https:\/\/www.correiobraziliense.com.br\/cbradar\/o-que-os-estudos-dizem-sobre-tomar-banho-em-agua-fria-pela-manha\/#breadcrumb"},"inLanguage":"pt-BR","potentialAction":[{"@type":"ReadAction","target":["https:\/\/www.correiobraziliense.com.br\/cbradar\/o-que-os-estudos-dizem-sobre-tomar-banho-em-agua-fria-pela-manha\/"]}]},{"@type":"ImageObject","inLanguage":"pt-BR","@id":"https:\/\/www.correiobraziliense.com.br\/cbradar\/o-que-os-estudos-dizem-sobre-tomar-banho-em-agua-fria-pela-manha\/#primaryimage","url":"https:\/\/www.correiobraziliense.com.br\/cbradar\/wp-content\/uploads\/2025\/07\/banho-chuveiro_1753876584965.jpg","contentUrl":"https:\/\/www.correiobraziliense.com.br\/cbradar\/wp-content\/uploads\/2025\/07\/banho-chuveiro_1753876584965.jpg","width":1280,"height":720,"caption":"\u00c1gua gelada despertando o corpo e ativando energia, circula\u00e7\u00e3o e disposi\u00e7\u00e3o desde os primeiros minutos do dia - Cr\u00e9ditos: depositphotos.com \/ glazeimage"},{"@type":"BreadcrumbList","@id":"https:\/\/www.correiobraziliense.com.br\/cbradar\/o-que-os-estudos-dizem-sobre-tomar-banho-em-agua-fria-pela-manha\/#breadcrumb","itemListElement":[{"@type":"ListItem","position":1,"name":"In\u00edcio","item":"https:\/\/www.correiobraziliense.com.br\/cbradar\/"},{"@type":"ListItem","position":2,"name":"O que os estudos dizem sobre tomar banho em \u00e1gua fria pela manh\u00e3?"}]},{"@type":"WebSite","@id":"https:\/\/www.correiobraziliense.com.br\/cbradar\/#website","url":"https:\/\/www.correiobraziliense.com.br\/cbradar\/","name":"Correio Braziliense - Radar","description":"Acompanhe as \u00faltimas not\u00edcias e fique bem informado sobre tudo o que acontece no Brasil e no mundo.","potentialAction":[{"@type":"SearchAction","target":{"@type":"EntryPoint","urlTemplate":"https:\/\/www.correiobraziliense.com.br\/cbradar\/?s={search_term_string}"},"query-input":{"@type":"PropertyValueSpecification","valueRequired":true,"valueName":"search_term_string"}}],"inLanguage":"pt-BR"},{"@type":"Person","@id":"https:\/\/www.correiobraziliense.com.br\/cbradar\/#\/schema\/person\/4cec7857301a9a1a2ef249893cd908d3","name":"Paulo Custodio","image":{"@type":"ImageObject","inLanguage":"pt-BR","@id":"https:\/\/www.correiobraziliense.com.br\/cbradar\/#\/schema\/person\/image\/","url":"https:\/\/secure.gravatar.com\/avatar\/bcd67168d1534e8fcf4f45c726a87cea?s=96&d=mm&r=g","contentUrl":"https:\/\/secure.gravatar.com\/avatar\/bcd67168d1534e8fcf4f45c726a87cea?s=96&d=mm&r=g","caption":"Paulo Custodio"},"sameAs":["https:\/\/www.correiobraziliense.com.br\/cbradar"],"url":"https:\/\/www.correiobraziliense.com.br\/cbradar\/author\/paulomyth\/"}]}},"_links":{"self":[{"href":"https:\/\/www.correiobraziliense.com.br\/cbradar\/wp-json\/wp\/v2\/posts\/77908","targetHints":{"allow":["GET"]}}],"collection":[{"href":"https:\/\/www.correiobraziliense.com.br\/cbradar\/wp-json\/wp\/v2\/posts"}],"about":[{"href":"https:\/\/www.correiobraziliense.com.br\/cbradar\/wp-json\/wp\/v2\/types\/post"}],"author":[{"embeddable":true,"href":"https:\/\/www.correiobraziliense.com.br\/cbradar\/wp-json\/wp\/v2\/users\/11"}],"replies":[{"embeddable":true,"href":"https:\/\/www.correiobraziliense.com.br\/cbradar\/wp-json\/wp\/v2\/comments?post=77908"}],"version-history":[{"count":1,"href":"https:\/\/www.correiobraziliense.com.br\/cbradar\/wp-json\/wp\/v2\/posts\/77908\/revisions"}],"predecessor-version":[{"id":77911,"href":"https:\/\/www.correiobraziliense.com.br\/cbradar\/wp-json\/wp\/v2\/posts\/77908\/revisions\/77911"}],"wp:featuredmedia":[{"embeddable":true,"href":"https:\/\/www.correiobraziliense.com.br\/cbradar\/wp-json\/wp\/v2\/media\/77909"}],"wp:attachment":[{"href":"https:\/\/www.correiobraziliense.com.br\/cbradar\/wp-json\/wp\/v2\/media?parent=77908"}],"wp:term":[{"taxonomy":"category","embeddable":true,"href":"https:\/\/www.correiobraziliense.com.br\/cbradar\/wp-json\/wp\/v2\/categories?post=77908"},{"taxonomy":"post_tag","embeddable":true,"href":"https:\/\/www.correiobraziliense.com.br\/cbradar\/wp-json\/wp\/v2\/tags?post=77908"}],"curies":[{"name":"wp","href":"https:\/\/api.w.org\/{rel}","templated":true}]}}