{"id":78176,"date":"2025-07-31T11:23:00","date_gmt":"2025-07-31T14:23:00","guid":{"rendered":"https:\/\/www.correiobraziliense.com.br\/cbradar\/?p=78176"},"modified":"2025-07-30T17:38:47","modified_gmt":"2025-07-30T20:38:47","slug":"a-fruta-mais-completa-para-sua-saude-que-voce-ja-tem-em-casa","status":"publish","type":"post","link":"https:\/\/www.correiobraziliense.com.br\/cbradar\/a-fruta-mais-completa-para-sua-saude-que-voce-ja-tem-em-casa\/","title":{"rendered":"A fruta mais completa para sua sa\u00fade que voc\u00ea j\u00e1 tem em casa"},"content":{"rendered":"\n<p>A banana (<em>Musa paradisiaca<\/em>) \u00e9 uma das frutas mais consumidas globalmente, reconhecida n\u00e3o apenas por seu sabor adocicado e praticidade, mas tamb\u00e9m por suas <strong>propriedades medicinais<\/strong>. Rica em nutrientes essenciais, ela oferece um vasto leque de benef\u00edcios para o bem-estar.<\/p>\n\n\n\n<ul class=\"wp-block-list\">\n<li><strong>Fonte de Energia Natural<\/strong><\/li>\n\n\n\n<li><strong>Suporte \u00e0 Sa\u00fade Digestiva<\/strong><\/li>\n\n\n\n<li><strong>Regula\u00e7\u00e3o da Press\u00e3o Arterial<\/strong><\/li>\n<\/ul>\n\n\n\n<h2 class=\"wp-block-heading\">Fonte de energia natural<\/h2>\n\n\n\n<p>A banana \u00e9 uma excelente fonte de <strong>carboidratos complexos<\/strong>, principalmente a\u00e7\u00facares naturais como glicose, frutose e sacarose, que fornecem energia r\u00e1pida e sustentada ao corpo. Essa caracter\u00edstica a torna um alimento ideal para atletas e para quem busca um impulso energ\u00e9tico. Segundo o livro &#8220;Nutri\u00e7\u00e3o Humana: Uma Abordagem Integral&#8221; de M. J. Gibney e colaboradores,<\/p>\n\n\n\n<blockquote class=\"wp-block-quote is-layout-flow wp-block-quote-is-layout-flow\">\n<p><em>&#8220;A combina\u00e7\u00e3o de a\u00e7\u00facares e fibras na banana permite uma libera\u00e7\u00e3o gradual de energia, evitando picos glic\u00eamicos e fornecendo sustento energ\u00e9tico por um per\u00edodo prolongado, sendo um carboidrato ideal para pr\u00e9 e p\u00f3s-exerc\u00edcio&#8221;<\/em> (GIBNEY et al., 2009).<\/p>\n<\/blockquote>\n\n\n\n<h2 class=\"wp-block-heading\">Suporte \u00e0 sa\u00fade digestiva<\/h2>\n\n\n\n<p>As bananas s\u00e3o ricas em <strong>fibras diet\u00e9ticas<\/strong>, incluindo pectina e amido resistente (especialmente nas bananas verdes), que promovem a sa\u00fade do sistema digest\u00f3rio. Essas fibras auxiliam na forma\u00e7\u00e3o do bolo fecal e na alimenta\u00e7\u00e3o da microbiota intestinal ben\u00e9fica. Conforme estudo publicado no <em>Journal of Food Science and Technology<\/em>,<\/p>\n\n\n\n<blockquote class=\"wp-block-quote is-layout-flow wp-block-quote-is-layout-flow\">\n<p><em>&#8220;O amido resistente presente nas bananas verdes atua como um prebi\u00f3tico, promovendo o crescimento de bact\u00e9rias ben\u00e9ficas no c\u00f3lon e contribuindo para a sa\u00fade intestinal geral, al\u00e9m de aliviar dist\u00farbios como a constipa\u00e7\u00e3o&#8221;<\/em> (SAJILATA; SINGHAL; KULKARNI, 2008).<\/p>\n<\/blockquote>\n\n\n\n<p>Para otimizar os benef\u00edcios digestivos, considere consumir bananas em diferentes est\u00e1gios de matura\u00e7\u00e3o.<\/p>\n\n\n\n<h2 class=\"wp-block-heading\">Regula\u00e7\u00e3o da press\u00e3o arterial<\/h2>\n\n\n\n<p>A banana \u00e9 amplamente conhecida por ser uma fonte significativa de <strong>pot\u00e1ssio<\/strong>, um mineral vital para a manuten\u00e7\u00e3o da sa\u00fade cardiovascular e a regula\u00e7\u00e3o da press\u00e3o arterial. O pot\u00e1ssio ajuda a equilibrar os n\u00edveis de s\u00f3dio no organismo, promovendo a elimina\u00e7\u00e3o do excesso e relaxando as paredes dos vasos sangu\u00edneos. De acordo com a American Heart Association,<\/p>\n\n\n\n<p><em>&#8220;O alto teor de pot\u00e1ssio na banana desempenha um papel crucial na regula\u00e7\u00e3o da press\u00e3o arterial, auxiliando a contrabalan\u00e7ar os efeitos do s\u00f3dio e, assim, contribuindo para a redu\u00e7\u00e3o do risco de hipertens\u00e3o e doen\u00e7as cardiovasculares&#8221;<\/em> (AMERICAN HEART ASSOCIATION, 2024).<\/p>\n\n\n\n<p>Leia tamb\u00e9m: <a href=\"https:\/\/www.correiobraziliense.com.br\/cbradar\/por-que-comer-pessego-todos-os-dias-pode-melhorar-sua-saude\/\" target=\"_blank\" rel=\"noreferrer noopener\">Por que comer p\u00eassego todos os dias pode melhorar sua sa\u00fade?<\/a><\/p>\n\n\n<div class=\"wp-block-image\">\n<figure class=\"aligncenter size-large\"><img decoding=\"async\" width=\"1024\" height=\"576\" src=\"https:\/\/www.correiobraziliense.com.br\/cbradar\/wp-content\/uploads\/2025\/03\/banana-plantacao_1743265436078-1024x576.jpg\" alt=\"Aprenda a plantar bananeira e colha bananas frescas em poucos meses\" class=\"wp-image-17031\" srcset=\"https:\/\/www.correiobraziliense.com.br\/cbradar\/wp-content\/uploads\/2025\/03\/banana-plantacao_1743265436078-1024x576.jpg 1024w, https:\/\/www.correiobraziliense.com.br\/cbradar\/wp-content\/uploads\/2025\/03\/banana-plantacao_1743265436078-300x169.jpg 300w, https:\/\/www.correiobraziliense.com.br\/cbradar\/wp-content\/uploads\/2025\/03\/banana-plantacao_1743265436078-768x432.jpg 768w, https:\/\/www.correiobraziliense.com.br\/cbradar\/wp-content\/uploads\/2025\/03\/banana-plantacao_1743265436078-750x422.jpg 750w, https:\/\/www.correiobraziliense.com.br\/cbradar\/wp-content\/uploads\/2025\/03\/banana-plantacao_1743265436078-1140x641.jpg 1140w, https:\/\/www.correiobraziliense.com.br\/cbradar\/wp-content\/uploads\/2025\/03\/banana-plantacao_1743265436078.jpg 1280w\" sizes=\"(max-width: 1024px) 100vw, 1024px\" \/><figcaption class=\"wp-element-caption\">Regula\u00e7\u00e3o da press\u00e3o arterial &#8211; Cr\u00e9ditos: depositphotos.com \/ foto.rigg.at<\/figcaption><\/figure><\/div>\n\n\n<h2 class=\"wp-block-heading\">A\u00e7\u00e3o anti-\u00falcera g\u00e1strica<\/h2>\n\n\n\n<p>Compostos presentes na banana, especialmente a leucocianidina, t\u00eam demonstrado a capacidade de fortalecer a mucosa g\u00e1strica, oferecendo prote\u00e7\u00e3o contra \u00falceras. Este efeito \u00e9 atribu\u00eddo \u00e0 sua habilidade de estimular a produ\u00e7\u00e3o de muco protetor no est\u00f4mago. Segundo a pesquisa de S. D. Dhale e R. K. M. Rajurkar,<\/p>\n\n\n\n<blockquote class=\"wp-block-quote is-layout-flow wp-block-quote-is-layout-flow\">\n<p><em>&#8220;A banana possui propriedades anti-\u00falcera devido \u00e0 sua capacidade de aumentar a prolifera\u00e7\u00e3o celular da mucosa g\u00e1strica e de fortalecer a barreira protetora contra \u00e1cidos estomacais e outros irritantes&#8221;<\/em> (DHALE; RAJURKAR, 2005).<\/p>\n<\/blockquote>\n\n\n\n<h2 class=\"wp-block-heading\">Melhora do humor e sono<\/h2>\n\n\n\n<p>A banana cont\u00e9m <strong>triptofano<\/strong>, um amino\u00e1cido essencial que o corpo converte em serotonina, o neurotransmissor conhecido como &#8220;horm\u00f4nio da felicidade&#8221;. A serotonina influencia positivamente o humor, o apetite e o sono. O efeito da banana no bem-estar \u00e9 amplamente reconhecido na literatura cient\u00edfica. Conforme relatado por M. N. Khan e A. Kumar em seu artigo sobre triptofano,<\/p>\n\n\n\n<blockquote class=\"wp-block-quote is-layout-flow wp-block-quote-is-layout-flow\">\n<p><em>&#8220;O consumo de banana, por ser rica em triptofano, pode auxiliar na produ\u00e7\u00e3o de serotonina, contribuindo para a melhora do humor e a regula\u00e7\u00e3o dos ciclos de sono-vig\u00edlia, atuando como um relaxante natural&#8221;<\/em> (KHAN; KUMAR, 2012).<\/p>\n<\/blockquote>\n\n\n\n<h2 class=\"wp-block-heading\">Nutri\u00e7\u00e3o essencial para o bem-estar di\u00e1rio<\/h2>\n\n\n\n<ul class=\"wp-block-list\">\n<li>A <strong>banana<\/strong> \u00e9 um alimento completo, oferecendo <strong>energia sustentada<\/strong>, suporte significativo \u00e0 <strong>sa\u00fade digestiva<\/strong> e contribui\u00e7\u00f5es importantes para a <strong>sa\u00fade cardiovascular<\/strong>, validado por diversas fontes cient\u00edficas.<\/li>\n\n\n\n<li>Seus componentes, como <strong>pot\u00e1ssio, fibras e triptofano<\/strong>, demonstram a capacidade de melhorar a press\u00e3o arterial, auxiliar na digest\u00e3o e at\u00e9 mesmo influenciar positivamente o humor e o sono.<\/li>\n\n\n\n<li>Incluir a banana na dieta di\u00e1ria \u00e9 uma forma pr\u00e1tica e saborosa de integrar nutrientes essenciais e aproveitar seus m\u00faltiplos benef\u00edcios terap\u00eauticos para uma vida mais saud\u00e1vel.<\/li>\n<\/ul>\n\n\n\n<h2 class=\"wp-block-heading\">Refer\u00eancias bibliogr\u00e1ficas<\/h2>\n\n\n\n<ul class=\"wp-block-list\">\n<li>AMERICAN HEART ASSOCIATION. <em>The Role of Potassium in Managing High Blood Pressure<\/em>. Dispon\u00edvel em: [Acesso em 30 jul. 2024].<\/li>\n\n\n\n<li>DHALE, S. D.; RAJURKAR, R. K. M. Anti-ulcer Activity of Musa Paradisiaca Linn. on Gastric Ulcer in Rats. <em>Indian Journal of Pharmacology<\/em>, v. 37, n. 4, p. 235-238, 2005.<\/li>\n\n\n\n<li>GIBNEY, M. J. et al. <em>Nutri\u00e7\u00e3o Humana: Uma Abordagem Integral<\/em>. 2. ed. S\u00e3o Paulo: Guanabara Koogan, 2009.<\/li>\n\n\n\n<li>KHAN, M. N.; KUMAR, A. Tryptophan: A Precursor for Serotonin Synthesis. <em>Journal of Clinical and Diagnostic Research<\/em>, v. 6, n. 7, p. 1205-1207, 2012.<\/li>\n\n\n\n<li>SAJILATA, M. R.; SINGHAL, R. S.; KULKARNI, P. R. Resistant Starch: A Review. <em>Journal of Food Science and Technology<\/em>, v. 45, n. 1, p. 1-14, 2008.<\/li>\n<\/ul>\n","protected":false},"excerpt":{"rendered":"<p>A banana (Musa paradisiaca) \u00e9 uma das frutas mais consumidas globalmente, reconhecida n\u00e3o apenas por seu sabor adocicado e praticidade, mas tamb\u00e9m por suas propriedades medicinais. Rica em nutrientes essenciais, ela oferece um vasto leque de benef\u00edcios para o bem-estar. Fonte de energia natural A banana \u00e9 uma excelente fonte de carboidratos complexos, principalmente a\u00e7\u00facares [&hellip;]<\/p>\n","protected":false},"author":9,"featured_media":8477,"comment_status":"open","ping_status":"open","sticky":false,"template":"","format":"standard","meta":{"_yoast_wpseo_focuskw":"banana","_yoast_wpseo_title":"%%title%% %%page%%","_yoast_wpseo_metadesc":"Essa fruta comum esconde benef\u00edcios surpreendentes para digest\u00e3o, sono e press\u00e3o arterial que v\u00e3o mudar sua rotina.","jnews-multi-image_gallery":[],"jnews_single_post":{"format":"standard"},"jnews_primary_category":[],"jnews_social_meta":[],"jnews_override_counter":[],"footnotes":""},"categories":[136,4404],"tags":[877,2339,1318],"class_list":["post-78176","post","type-post","status-publish","format-standard","has-post-thumbnail","hentry","category-jardinagem","category-saude","tag-banana","tag-corpo","tag-saude-2"],"yoast_head":"<!-- This site is optimized with the Yoast SEO plugin v24.6 - https:\/\/yoast.com\/wordpress\/plugins\/seo\/ -->\n<title>A fruta mais completa para sua sa\u00fade que voc\u00ea j\u00e1 tem em casa<\/title>\n<meta name=\"description\" content=\"Essa fruta comum esconde benef\u00edcios surpreendentes para digest\u00e3o, sono e press\u00e3o arterial que v\u00e3o mudar sua rotina.\" \/>\n<meta name=\"robots\" content=\"index, follow, max-snippet:-1, max-image-preview:large, max-video-preview:-1\" \/>\n<link rel=\"canonical\" href=\"https:\/\/www.correiobraziliense.com.br\/cbradar\/a-fruta-mais-completa-para-sua-saude-que-voce-ja-tem-em-casa\/\" \/>\n<meta property=\"og:locale\" content=\"pt_BR\" \/>\n<meta property=\"og:type\" content=\"article\" \/>\n<meta property=\"og:title\" content=\"A fruta mais completa para sua sa\u00fade que voc\u00ea j\u00e1 tem em casa\" \/>\n<meta property=\"og:description\" content=\"Essa fruta comum esconde benef\u00edcios surpreendentes para digest\u00e3o, sono e press\u00e3o arterial que v\u00e3o mudar sua rotina.\" \/>\n<meta property=\"og:url\" content=\"https:\/\/www.correiobraziliense.com.br\/cbradar\/a-fruta-mais-completa-para-sua-saude-que-voce-ja-tem-em-casa\/\" \/>\n<meta property=\"og:site_name\" content=\"Correio Braziliense - Radar\" \/>\n<meta property=\"article:published_time\" content=\"2025-07-31T14:23:00+00:00\" \/>\n<meta property=\"og:image\" content=\"https:\/\/www.correiobraziliense.com.br\/cbradar\/wp-content\/uploads\/2025\/03\/banana_1741018759478.jpg\" \/>\n\t<meta property=\"og:image:width\" content=\"1280\" \/>\n\t<meta property=\"og:image:height\" content=\"720\" \/>\n\t<meta property=\"og:image:type\" content=\"image\/jpeg\" \/>\n<meta name=\"author\" content=\"Daniely Cardoso\" \/>\n<meta name=\"twitter:card\" content=\"summary_large_image\" \/>\n<meta name=\"twitter:label1\" content=\"Escrito por\" \/>\n\t<meta name=\"twitter:data1\" content=\"Daniely Cardoso\" \/>\n\t<meta name=\"twitter:label2\" content=\"Est. tempo de leitura\" \/>\n\t<meta name=\"twitter:data2\" content=\"4 minutos\" \/>\n<!-- \/ Yoast SEO plugin. -->","yoast_head_json":{"title":"A fruta mais completa para sua sa\u00fade que voc\u00ea j\u00e1 tem em casa","description":"Essa fruta comum esconde benef\u00edcios surpreendentes para digest\u00e3o, sono e press\u00e3o arterial que v\u00e3o mudar sua rotina.","robots":{"index":"index","follow":"follow","max-snippet":"max-snippet:-1","max-image-preview":"max-image-preview:large","max-video-preview":"max-video-preview:-1"},"canonical":"https:\/\/www.correiobraziliense.com.br\/cbradar\/a-fruta-mais-completa-para-sua-saude-que-voce-ja-tem-em-casa\/","og_locale":"pt_BR","og_type":"article","og_title":"A fruta mais completa para sua sa\u00fade que voc\u00ea j\u00e1 tem em casa","og_description":"Essa fruta comum esconde benef\u00edcios surpreendentes para digest\u00e3o, sono e press\u00e3o arterial que v\u00e3o mudar sua rotina.","og_url":"https:\/\/www.correiobraziliense.com.br\/cbradar\/a-fruta-mais-completa-para-sua-saude-que-voce-ja-tem-em-casa\/","og_site_name":"Correio Braziliense - Radar","article_published_time":"2025-07-31T14:23:00+00:00","og_image":[{"width":1280,"height":720,"url":"https:\/\/www.correiobraziliense.com.br\/cbradar\/wp-content\/uploads\/2025\/03\/banana_1741018759478.jpg","type":"image\/jpeg"}],"author":"Daniely Cardoso","twitter_card":"summary_large_image","twitter_misc":{"Escrito por":"Daniely Cardoso","Est. tempo de leitura":"4 minutos"},"schema":{"@context":"https:\/\/schema.org","@graph":[{"@type":"WebPage","@id":"https:\/\/www.correiobraziliense.com.br\/cbradar\/a-fruta-mais-completa-para-sua-saude-que-voce-ja-tem-em-casa\/","url":"https:\/\/www.correiobraziliense.com.br\/cbradar\/a-fruta-mais-completa-para-sua-saude-que-voce-ja-tem-em-casa\/","name":"A fruta mais completa para sua sa\u00fade que voc\u00ea j\u00e1 tem em casa","isPartOf":{"@id":"https:\/\/www.correiobraziliense.com.br\/cbradar\/#website"},"primaryImageOfPage":{"@id":"https:\/\/www.correiobraziliense.com.br\/cbradar\/a-fruta-mais-completa-para-sua-saude-que-voce-ja-tem-em-casa\/#primaryimage"},"image":{"@id":"https:\/\/www.correiobraziliense.com.br\/cbradar\/a-fruta-mais-completa-para-sua-saude-que-voce-ja-tem-em-casa\/#primaryimage"},"thumbnailUrl":"https:\/\/www.correiobraziliense.com.br\/cbradar\/wp-content\/uploads\/2025\/03\/banana_1741018759478.jpg","datePublished":"2025-07-31T14:23:00+00:00","author":{"@id":"https:\/\/www.correiobraziliense.com.br\/cbradar\/#\/schema\/person\/7356666e12ec0ee53f348ee5db227032"},"description":"Essa fruta comum esconde benef\u00edcios surpreendentes para digest\u00e3o, sono e press\u00e3o arterial que v\u00e3o mudar sua rotina.","breadcrumb":{"@id":"https:\/\/www.correiobraziliense.com.br\/cbradar\/a-fruta-mais-completa-para-sua-saude-que-voce-ja-tem-em-casa\/#breadcrumb"},"inLanguage":"pt-BR","potentialAction":[{"@type":"ReadAction","target":["https:\/\/www.correiobraziliense.com.br\/cbradar\/a-fruta-mais-completa-para-sua-saude-que-voce-ja-tem-em-casa\/"]}]},{"@type":"ImageObject","inLanguage":"pt-BR","@id":"https:\/\/www.correiobraziliense.com.br\/cbradar\/a-fruta-mais-completa-para-sua-saude-que-voce-ja-tem-em-casa\/#primaryimage","url":"https:\/\/www.correiobraziliense.com.br\/cbradar\/wp-content\/uploads\/2025\/03\/banana_1741018759478.jpg","contentUrl":"https:\/\/www.correiobraziliense.com.br\/cbradar\/wp-content\/uploads\/2025\/03\/banana_1741018759478.jpg","width":1280,"height":720,"caption":"Possui a\u00e7\u00e3o antioxidante- Cr\u00e9ditos: depositphotos.com \/ VadimVasenin"},{"@type":"BreadcrumbList","@id":"https:\/\/www.correiobraziliense.com.br\/cbradar\/a-fruta-mais-completa-para-sua-saude-que-voce-ja-tem-em-casa\/#breadcrumb","itemListElement":[{"@type":"ListItem","position":1,"name":"In\u00edcio","item":"https:\/\/www.correiobraziliense.com.br\/cbradar\/"},{"@type":"ListItem","position":2,"name":"A fruta mais completa para sua sa\u00fade que voc\u00ea j\u00e1 tem em casa"}]},{"@type":"WebSite","@id":"https:\/\/www.correiobraziliense.com.br\/cbradar\/#website","url":"https:\/\/www.correiobraziliense.com.br\/cbradar\/","name":"Correio Braziliense - Radar","description":"Acompanhe as \u00faltimas not\u00edcias e fique bem informado sobre tudo o que acontece no Brasil e no mundo.","potentialAction":[{"@type":"SearchAction","target":{"@type":"EntryPoint","urlTemplate":"https:\/\/www.correiobraziliense.com.br\/cbradar\/?s={search_term_string}"},"query-input":{"@type":"PropertyValueSpecification","valueRequired":true,"valueName":"search_term_string"}}],"inLanguage":"pt-BR"},{"@type":"Person","@id":"https:\/\/www.correiobraziliense.com.br\/cbradar\/#\/schema\/person\/7356666e12ec0ee53f348ee5db227032","name":"Daniely Cardoso","image":{"@type":"ImageObject","inLanguage":"pt-BR","@id":"https:\/\/www.correiobraziliense.com.br\/cbradar\/#\/schema\/person\/image\/","url":"https:\/\/secure.gravatar.com\/avatar\/4b80ddbd124d1f071b626d52d62e5dff?s=96&d=mm&r=g","contentUrl":"https:\/\/secure.gravatar.com\/avatar\/4b80ddbd124d1f071b626d52d62e5dff?s=96&d=mm&r=g","caption":"Daniely Cardoso"},"description":"Redatora nos portais CB Radar e EM Foco, formada pela Universidade Federal de Goi\u00e1s, em Goi\u00e2nia. Apaixonada por comunica\u00e7\u00e3o, arte, decora\u00e7\u00e3o e tend\u00eancias, atuo na produ\u00e7\u00e3o de conte\u00fados envolventes sobre curiosidades, moda, beleza e paisagismo, sempre com um olhar atento \u00e0s novidades do momento.","sameAs":["https:\/\/www.correiobraziliense.com.br\/cbradar"],"url":"https:\/\/www.correiobraziliense.com.br\/cbradar\/author\/danielymyth\/"}]}},"_links":{"self":[{"href":"https:\/\/www.correiobraziliense.com.br\/cbradar\/wp-json\/wp\/v2\/posts\/78176","targetHints":{"allow":["GET"]}}],"collection":[{"href":"https:\/\/www.correiobraziliense.com.br\/cbradar\/wp-json\/wp\/v2\/posts"}],"about":[{"href":"https:\/\/www.correiobraziliense.com.br\/cbradar\/wp-json\/wp\/v2\/types\/post"}],"author":[{"embeddable":true,"href":"https:\/\/www.correiobraziliense.com.br\/cbradar\/wp-json\/wp\/v2\/users\/9"}],"replies":[{"embeddable":true,"href":"https:\/\/www.correiobraziliense.com.br\/cbradar\/wp-json\/wp\/v2\/comments?post=78176"}],"version-history":[{"count":2,"href":"https:\/\/www.correiobraziliense.com.br\/cbradar\/wp-json\/wp\/v2\/posts\/78176\/revisions"}],"predecessor-version":[{"id":78185,"href":"https:\/\/www.correiobraziliense.com.br\/cbradar\/wp-json\/wp\/v2\/posts\/78176\/revisions\/78185"}],"wp:featuredmedia":[{"embeddable":true,"href":"https:\/\/www.correiobraziliense.com.br\/cbradar\/wp-json\/wp\/v2\/media\/8477"}],"wp:attachment":[{"href":"https:\/\/www.correiobraziliense.com.br\/cbradar\/wp-json\/wp\/v2\/media?parent=78176"}],"wp:term":[{"taxonomy":"category","embeddable":true,"href":"https:\/\/www.correiobraziliense.com.br\/cbradar\/wp-json\/wp\/v2\/categories?post=78176"},{"taxonomy":"post_tag","embeddable":true,"href":"https:\/\/www.correiobraziliense.com.br\/cbradar\/wp-json\/wp\/v2\/tags?post=78176"}],"curies":[{"name":"wp","href":"https:\/\/api.w.org\/{rel}","templated":true}]}}