{"id":78247,"date":"2025-07-31T16:33:00","date_gmt":"2025-07-31T19:33:00","guid":{"rendered":"https:\/\/www.correiobraziliense.com.br\/cbradar\/?p=78247"},"modified":"2025-07-31T01:05:13","modified_gmt":"2025-07-31T04:05:13","slug":"um-lugar-tao-lindo-que-vai-aquecer-seu-coracao-ao-primeiro-olhar","status":"publish","type":"post","link":"https:\/\/www.correiobraziliense.com.br\/cbradar\/um-lugar-tao-lindo-que-vai-aquecer-seu-coracao-ao-primeiro-olhar\/","title":{"rendered":"Um lugar t\u00e3o lindo que vai aquecer seu cora\u00e7\u00e3o ao primeiro olhar"},"content":{"rendered":"\n<p><strong><a href=\"https:\/\/prefeitura.poa.br\/\" target=\"_blank\" rel=\"noreferrer noopener\">Porto Alegre<\/a><\/strong>, capital do <strong>Rio Grande do Sul<\/strong>, <strong>Brasil<\/strong>, pr\u00f3xima a <strong>Canoas<\/strong> e <strong>Gravata\u00ed<\/strong>, \u00e9 conhecida como \u201c<strong>Cidade dos A\u00e7orianos<\/strong>\u201d. Com uma economia diversificada e rica tradi\u00e7\u00e3o cultural ga\u00facha, esse lugar \u00e9 ideal para morar. Vivencie o que torna esta metr\u00f3pole um destino vibrante para fam\u00edlias e profissionais.<\/p>\n\n\n\n<ul class=\"wp-block-list\">\n<li>Economia robusta com ind\u00fastria, com\u00e9rcio e setor de servi\u00e7os desenvolvido.<\/li>\n\n\n\n<li>Qualidade de vida com parques urbanos e orla do <strong>Gua\u00edba<\/strong>.<\/li>\n\n\n\n<li>Centro cultural com tradi\u00e7\u00f5es ga\u00fachas e vida noturna intensa.<\/li>\n<\/ul>\n\n\n\n<h2 class=\"wp-block-heading\">Por que morar em Porto Alegre?<\/h2>\n\n\n\n<p><strong>Porto Alegre<\/strong> possui um IDH de 0,805, segundo o <strong><strong>Programa das Na\u00e7\u00f5es Unidas para o Desenvolvimento<\/strong><\/strong>. A economia \u00e9 movida pela ind\u00fastria, com\u00e9rcio e setor de servi\u00e7os, conforme a <strong>Prefeitura de Porto Alegre<\/strong>.<\/p>\n\n\n\n<p>Com cerca de 1,5 milh\u00e3o de habitantes, segundo o <strong>IBGE<\/strong>, a cidade oferece sistema de sa\u00fade de refer\u00eancia nacional. A seguran\u00e7a \u00e9 refor\u00e7ada em bairros centrais e residenciais.<\/p>\n\n\n\n<p>O custo de vida \u00e9 equilibrado para uma capital brasileira. Alugu\u00e9is variam conforme a regi\u00e3o, oferecendo op\u00e7\u00f5es para diferentes perfis.<\/p>\n\n\n\n<p>A educa\u00e7\u00e3o conta com a <strong>Universidade Federal do Rio Grande do Sul<\/strong> e <strong>Pontif\u00edcia Universidade Cat\u00f3lica<\/strong>. O ensino t\u00e9cnico \u00e9 reconhecido nacionalmente.<\/p>\n\n\n<div class=\"wp-block-image\">\n<figure class=\"aligncenter size-large\"><img decoding=\"async\" width=\"1024\" height=\"576\" src=\"https:\/\/www.correiobraziliense.com.br\/cbradar\/wp-content\/uploads\/2025\/05\/Porto-Alegre_1746868653498-1024x576.jpg\" alt=\"Essa capital est\u00e1 entre uma das 10 melhores para se viver no Brasil\" class=\"wp-image-34810\" srcset=\"https:\/\/www.correiobraziliense.com.br\/cbradar\/wp-content\/uploads\/2025\/05\/Porto-Alegre_1746868653498-1024x576.jpg 1024w, https:\/\/www.correiobraziliense.com.br\/cbradar\/wp-content\/uploads\/2025\/05\/Porto-Alegre_1746868653498-300x169.jpg 300w, https:\/\/www.correiobraziliense.com.br\/cbradar\/wp-content\/uploads\/2025\/05\/Porto-Alegre_1746868653498-768x432.jpg 768w, https:\/\/www.correiobraziliense.com.br\/cbradar\/wp-content\/uploads\/2025\/05\/Porto-Alegre_1746868653498-750x422.jpg 750w, https:\/\/www.correiobraziliense.com.br\/cbradar\/wp-content\/uploads\/2025\/05\/Porto-Alegre_1746868653498-1140x641.jpg 1140w, https:\/\/www.correiobraziliense.com.br\/cbradar\/wp-content\/uploads\/2025\/05\/Porto-Alegre_1746868653498.jpg 1280w\" sizes=\"(max-width: 1024px) 100vw, 1024px\" \/><figcaption class=\"wp-element-caption\">Porto Alegre \/\/ Cr\u00e9ditos: depositphotos.com \/ geral@alcindodedavid.com<\/figcaption><\/figure><\/div>\n\n\n<h2 class=\"wp-block-heading\">Quais s\u00e3o os melhores bairros para morar em Porto Alegre?<\/h2>\n\n\n\n<ul class=\"wp-block-list\">\n<li><strong>Moinhos de Vento<\/strong> \u00e9 sofisticado, com com\u00e9rcio de luxo e proximidade ao <strong>Parc\u00e3o<\/strong>. Ideal para profissionais liberais e executivos.<\/li>\n\n\n\n<li><strong>Petr\u00f3polis<\/strong> oferece charme residencial com casas hist\u00f3ricas preservadas. \u00c9 procurado por fam\u00edlias que valorizam tranquilidade.<\/li>\n\n\n\n<li><strong>Bela Vista<\/strong> combina vida urbana e acesso ao <strong>Gua\u00edba<\/strong>. Perfeito para quem busca lazer n\u00e1utico e cultural.<\/li>\n\n\n\n<li><strong>Cidade Baixa<\/strong> \u00e9 bo\u00eamio, com bares, restaurantes e vida noturna agitada. Atrai jovens e artistas em busca de diversidade.<\/li>\n\n\n\n<li><strong>Auxiliadora<\/strong> \u00e9 tradicional, com boa infraestrutura e com\u00e9rcio local. Popular entre fam\u00edlias de classe m\u00e9dia.<\/li>\n<\/ul>\n\n\n\n<figure class=\"wp-block-embed aligncenter is-type-video is-provider-youtube wp-block-embed-youtube wp-embed-aspect-16-9 wp-has-aspect-ratio\"><div class=\"wp-block-embed__wrapper\">\n<div class=\"jeg_video_container jeg_video_content\"><iframe loading=\"lazy\" title=\"Porto Alegre 4k Drone\" width=\"500\" height=\"281\" src=\"https:\/\/www.youtube.com\/embed\/LH5t_Pxch1o?feature=oembed\" frameborder=\"0\" allow=\"accelerometer; autoplay; clipboard-write; encrypted-media; gyroscope; picture-in-picture; web-share\" referrerpolicy=\"strict-origin-when-cross-origin\" allowfullscreen><\/iframe><\/div>\n<\/div><\/figure>\n\n\n\n<h2 class=\"wp-block-heading\">Quais s\u00e3o as principais atra\u00e7\u00f5es tur\u00edsticas de Porto Alegre?<\/h2>\n\n\n\n<p>O <strong>Centro Hist\u00f3rico<\/strong> encanta com arquitetura colonial e <strong>Casa de Cultura Mario Quintana<\/strong>. \u00c9 um ponto imperd\u00edvel para conhecer a hist\u00f3ria ga\u00facha, segundo o <strong>Melhores Destinos<\/strong>.<\/p>\n\n\n\n<p>O <strong>Mercado P\u00fablico<\/strong> oferece gastronomia tradicional e artesanato local. Funciona desde 1869, sendo patrim\u00f4nio cultural da cidade.<\/p>\n\n\n\n<p>A <strong>Orla do Gua\u00edba<\/strong> impressiona com p\u00f4r do sol e atividades n\u00e1uticas. \u00c9 cart\u00e3o-postal e \u00e1rea de lazer preferida dos porto-alegrenses.<\/p>\n\n\n\n<p>O <strong>Parque Farroupilha<\/strong> movimenta com feiras dominicais e eventos culturais. Concentra a vida social e recreativa urbana.<\/p>\n\n\n\n<p>O <strong>Est\u00e1dio Beira-Rio<\/strong> emociona torcedores e visitantes com jogos do <strong>Internacional<\/strong>. \u00c9 marco esportivo e arquitet\u00f4nico da cidade.<\/p>\n\n\n\n<ul class=\"wp-block-list\">\n<li><strong>Centro Hist\u00f3rico<\/strong>: Arquitetura colonial e Casa de Cultura Mario Quintana.<\/li>\n\n\n\n<li><strong>Mercado P\u00fablico<\/strong>: Gastronomia tradicional e artesanato desde 1869.<\/li>\n\n\n\n<li><strong>Orla do Gua\u00edba<\/strong>: P\u00f4r do sol e atividades n\u00e1uticas na orla.<\/li>\n\n\n\n<li><strong>Parque Farroupilha<\/strong>: Feiras dominicais e eventos culturais.<\/li>\n\n\n\n<li><strong>Est\u00e1dio Beira-Rio<\/strong>: Marco esportivo do Internacional e da cidade.<\/li>\n<\/ul>\n\n\n<div class=\"wp-block-image\">\n<figure class=\"aligncenter size-large\"><img decoding=\"async\" width=\"1024\" height=\"576\" src=\"https:\/\/www.correiobraziliense.com.br\/cbradar\/wp-content\/uploads\/2025\/05\/Porto-Alegre_1746868641681-1024x576.jpg\" alt=\"Essa capital est\u00e1 entre uma das 10 melhores para se viver no Brasil\" class=\"wp-image-34809\" srcset=\"https:\/\/www.correiobraziliense.com.br\/cbradar\/wp-content\/uploads\/2025\/05\/Porto-Alegre_1746868641681-1024x576.jpg 1024w, https:\/\/www.correiobraziliense.com.br\/cbradar\/wp-content\/uploads\/2025\/05\/Porto-Alegre_1746868641681-300x169.jpg 300w, https:\/\/www.correiobraziliense.com.br\/cbradar\/wp-content\/uploads\/2025\/05\/Porto-Alegre_1746868641681-768x432.jpg 768w, https:\/\/www.correiobraziliense.com.br\/cbradar\/wp-content\/uploads\/2025\/05\/Porto-Alegre_1746868641681-750x422.jpg 750w, https:\/\/www.correiobraziliense.com.br\/cbradar\/wp-content\/uploads\/2025\/05\/Porto-Alegre_1746868641681-1140x641.jpg 1140w, https:\/\/www.correiobraziliense.com.br\/cbradar\/wp-content\/uploads\/2025\/05\/Porto-Alegre_1746868641681.jpg 1280w\" sizes=\"(max-width: 1024px) 100vw, 1024px\" \/><figcaption class=\"wp-element-caption\">Porto Alegre \/\/ Cr\u00e9ditos: depositphotos.com \/ alle2009<\/figcaption><\/figure><\/div>\n\n\n<h2 class=\"wp-block-heading\">Como \u00e9 a vida cultural em Porto Alegre?<\/h2>\n\n\n\n<p><strong>Porto Alegre<\/strong> vibra com o <strong>Festival de Inverno de Bonito<\/strong>, que atrai artistas nacionais e internacionais. A cidade tamb\u00e9m sedia o <strong>Porto Ver\u00e3o Alegre<\/strong> com shows na orla.<\/p>\n\n\n\n<p>Feiras no <strong>Parque Farroupilha<\/strong> oferecem artesanato ga\u00facho e comida t\u00edpica. A gastronomia destaca o churrasco, chimarr\u00e3o e cucas alem\u00e3s.<\/p>\n\n\n\n<p>O <strong>Teatro S\u00e3o Pedro<\/strong> apresenta espet\u00e1culos cl\u00e1ssicos e contempor\u00e2neos. A programa\u00e7\u00e3o cultural inclui \u00f3pera, bal\u00e9 e shows musicais.<\/p>\n\n\n\n<p>A <strong>Funda\u00e7\u00e3o Iber\u00ea Camargo<\/strong> promove exposi\u00e7\u00f5es de arte moderna e contempor\u00e2nea. \u00c9 refer\u00eancia em artes visuais no <strong>Sul<\/strong> do pa\u00eds.<\/p>\n\n\n\n<h2 class=\"wp-block-heading\">Por que Porto Alegre \u00e9 refer\u00eancia em inova\u00e7\u00e3o tecnol\u00f3gica?<\/h2>\n\n\n\n<p><strong>Porto Alegre<\/strong> \u00e9 conhecida como polo tecnol\u00f3gico do <strong>Sul<\/strong>, segundo a <strong>Secretaria de Inova\u00e7\u00e3o de Porto Alegre<\/strong>. A regi\u00e3o concentra empresas de software e startups de tecnologia.<\/p>\n\n\n\n<p>O <strong>4\u00ba Distrito<\/strong> abriga incubadoras e aceleradoras de empresas inovadoras. O <strong>Tecnopuc<\/strong> \u00e9 um dos maiores parques tecnol\u00f3gicos do pa\u00eds.<\/p>\n\n\n\n<p>Universidades desenvolvem pesquisas em biotecnologia e engenharia. A m\u00e3o de obra qualificada atrai investimentos nacionais e internacionais.<\/p>\n\n\n\n<p>O ecossistema de inova\u00e7\u00e3o gera milhares de empregos especializados. <strong>Porto Alegre<\/strong> \u00e9 porta de entrada para neg\u00f3cios no <strong>Mercosul<\/strong>.<\/p>\n\n\n\n<figure class=\"wp-block-embed aligncenter is-type-video is-provider-youtube wp-block-embed-youtube wp-embed-aspect-16-9 wp-has-aspect-ratio\"><div class=\"wp-block-embed__wrapper\">\n<div class=\"jeg_video_container jeg_video_content\"><iframe loading=\"lazy\" title=\"Porto Alegre, Brazil \ud83c\udde7\ud83c\uddf7 | 4K Drone Footage\" width=\"500\" height=\"281\" src=\"https:\/\/www.youtube.com\/embed\/yW4CG_ZXsuU?feature=oembed\" frameborder=\"0\" allow=\"accelerometer; autoplay; clipboard-write; encrypted-media; gyroscope; picture-in-picture; web-share\" referrerpolicy=\"strict-origin-when-cross-origin\" allowfullscreen><\/iframe><\/div>\n<\/div><figcaption class=\"wp-element-caption\">Porto Alegre \/\/ Cr\u00e9ditos: YouTube @MTI.Aerials<\/figcaption><\/figure>\n\n\n\n<h2 class=\"wp-block-heading\">A tradi\u00e7\u00e3o dos a\u00e7orianos na cidade<\/h2>\n\n\n\n<p><strong>Porto Alegre<\/strong> ganhou forte influ\u00eancia a\u00e7oriana com a imigra\u00e7\u00e3o portuguesa no s\u00e9culo XVIII. Os colonos trouxeram tradi\u00e7\u00f5es arquitet\u00f4nicas e culturais preservadas at\u00e9 hoje.<\/p>\n\n\n\n<p>O <strong>Centro Hist\u00f3rico<\/strong> mant\u00e9m caracter\u00edsticas das constru\u00e7\u00f5es a\u00e7orianas originais. Festivais celebram a heran\u00e7a portuguesa com dan\u00e7as e gastronomia t\u00edpica.<\/p>\n\n\n\n<p>A <strong>Festa de Nossa Senhora dos Navegantes<\/strong> re\u00fane milhares de fi\u00e9is anualmente. \u00c9 tradi\u00e7\u00e3o que mistura f\u00e9 cat\u00f3lica e cultura mar\u00edtima a\u00e7oriana.<\/p>\n\n\n\n<h2 class=\"wp-block-heading\">Melhor \u00e9poca para visitar Porto Alegre?<\/h2>\n\n\n\n<p>Entre <strong>mar\u00e7o<\/strong> e <strong>maio<\/strong>, <strong>Porto Alegre<\/strong> tem temperaturas entre 18\u00b0C e 28\u00b0C, segundo o <strong>Climatempo<\/strong>. O outono oferece clima agrad\u00e1vel para passeios urbanos.<\/p>\n\n\n\n<p>O per\u00edodo menos chuvoso favorece caminhadas na <strong>Orla do Gua\u00edba<\/strong> e eventos ao ar livre. As temperaturas s\u00e3o ideais para conhecer a cidade.<\/p>\n\n\n\n<p><strong>Setembro<\/strong> a <strong>dezembro<\/strong> traz primavera e ver\u00e3o com mais calor. \u00c9 \u00e9poca perfeita para aproveitar parques e atividades n\u00e1uticas.<\/p>\n\n\n\n<p>O <strong>Porto Ver\u00e3o Alegre<\/strong> acontece entre <strong>dezembro<\/strong> e <strong>fevereiro<\/strong>, com shows na orla. Hot\u00e9is e restaurantes ficam mais movimentados durante a temporada.<\/p>\n\n\n\n<p><strong>Leia tamb\u00e9m: <a href=\"https:\/\/www.correiobraziliense.com.br\/cbradar\/paraiso-no-litoral-do-rio-grande-do-sul-vai-encantar-seu-coracao\/\" target=\"_blank\" rel=\"noreferrer noopener\">Para\u00edso no litoral do Rio Grande do Sul vai encantar seu cora\u00e7\u00e3o<\/a><\/strong>.<\/p>\n\n\n\n<h2 class=\"wp-block-heading\">Vivencie Porto Alegre<\/h2>\n\n\n\n<p><strong>Porto Alegre<\/strong> une tradi\u00e7\u00e3o ga\u00facha, inova\u00e7\u00e3o tecnol\u00f3gica e qualidade de vida no <strong>Rio Grande do Sul<\/strong>. Da <strong>Orla do Gua\u00edba<\/strong> ao <strong>Centro Hist\u00f3rico<\/strong>, \u00e9 uma metr\u00f3pole completa para morar. Planeje sua mudan\u00e7a para viver o charme e as oportunidades de <strong>Porto Alegre<\/strong>.<\/p>\n\n\n\n<ul class=\"wp-block-list\">\n<li>Qualidade de vida com infraestrutura metropolitana e cultura rica.<\/li>\n\n\n\n<li>Economia diversificada com tecnologia, ind\u00fastria e servi\u00e7os.<\/li>\n\n\n\n<li>Tradi\u00e7\u00e3o ga\u00facha com inova\u00e7\u00e3o e desenvolvimento sustent\u00e1vel.<\/li>\n<\/ul>\n","protected":false},"excerpt":{"rendered":"<p>Porto Alegre, capital do Rio Grande do Sul, Brasil, pr\u00f3xima a Canoas e Gravata\u00ed, \u00e9 conhecida como \u201cCidade dos A\u00e7orianos\u201d. Com uma economia diversificada e rica tradi\u00e7\u00e3o cultural ga\u00facha, esse lugar \u00e9 ideal para morar. Vivencie o que torna esta metr\u00f3pole um destino vibrante para fam\u00edlias e profissionais. Por que morar em Porto Alegre? Porto [&hellip;]<\/p>\n","protected":false},"author":8,"featured_media":34812,"comment_status":"open","ping_status":"open","sticky":false,"template":"","format":"standard","meta":{"_yoast_wpseo_focuskw":"","_yoast_wpseo_title":"","_yoast_wpseo_metadesc":"","jnews-multi-image_gallery":[],"jnews_single_post":[],"jnews_primary_category":[],"jnews_social_meta":[],"jnews_override_counter":[],"footnotes":""},"categories":[108,111],"post_tag":[225,3623,217],"class_list":["post-78247","post","type-post","status-publish","format-standard","has-post-thumbnail","hentry","category-cidades","category-turismo","tag-brasil","tag-porto-alegre","tag-rio-grande-do-sul"],"yoast_head":"<!-- This site is optimized with the Yoast SEO plugin v24.6 - https:\/\/yoast.com\/wordpress\/plugins\/seo\/ -->\n<title>Um lugar t\u00e3o lindo que vai aquecer seu cora\u00e7\u00e3o ao primeiro olhar - Correio Braziliense - Radar<\/title>\n<meta name=\"robots\" content=\"index, follow, max-snippet:-1, max-image-preview:large, max-video-preview:-1\" \/>\n<link rel=\"canonical\" href=\"https:\/\/www.correiobraziliense.com.br\/cbradar\/um-lugar-tao-lindo-que-vai-aquecer-seu-coracao-ao-primeiro-olhar\/\" \/>\n<meta property=\"og:locale\" content=\"pt_BR\" \/>\n<meta property=\"og:type\" content=\"article\" \/>\n<meta property=\"og:title\" content=\"Um lugar t\u00e3o lindo que vai aquecer seu cora\u00e7\u00e3o ao primeiro olhar - Correio Braziliense - Radar\" \/>\n<meta property=\"og:description\" content=\"Porto Alegre, capital do Rio Grande do Sul, Brasil, pr\u00f3xima a Canoas e Gravata\u00ed, \u00e9 conhecida como \u201cCidade dos A\u00e7orianos\u201d. Com uma economia diversificada e rica tradi\u00e7\u00e3o cultural ga\u00facha, esse lugar \u00e9 ideal para morar. Vivencie o que torna esta metr\u00f3pole um destino vibrante para fam\u00edlias e profissionais. Por que morar em Porto Alegre? Porto [&hellip;]\" \/>\n<meta property=\"og:url\" content=\"https:\/\/www.correiobraziliense.com.br\/cbradar\/um-lugar-tao-lindo-que-vai-aquecer-seu-coracao-ao-primeiro-olhar\/\" \/>\n<meta property=\"og:site_name\" content=\"Correio Braziliense - Radar\" \/>\n<meta property=\"article:published_time\" content=\"2025-07-31T19:33:00+00:00\" \/>\n<meta property=\"og:image\" content=\"https:\/\/www.correiobraziliense.com.br\/cbradar\/wp-content\/uploads\/2025\/05\/Porto-Alegre_1746868783348.jpg\" \/>\n\t<meta property=\"og:image:width\" content=\"1280\" \/>\n\t<meta property=\"og:image:height\" content=\"720\" \/>\n\t<meta property=\"og:image:type\" content=\"image\/jpeg\" \/>\n<meta name=\"author\" content=\"Maura Pereira\" \/>\n<meta name=\"twitter:card\" content=\"summary_large_image\" \/>\n<meta name=\"twitter:label1\" content=\"Escrito por\" \/>\n\t<meta name=\"twitter:data1\" content=\"Maura Pereira\" \/>\n\t<meta name=\"twitter:label2\" content=\"Est. tempo de leitura\" \/>\n\t<meta name=\"twitter:data2\" content=\"5 minutos\" \/>\n<!-- \/ Yoast SEO plugin. -->","yoast_head_json":{"title":"Um lugar t\u00e3o lindo que vai aquecer seu cora\u00e7\u00e3o ao primeiro olhar - Correio Braziliense - Radar","robots":{"index":"index","follow":"follow","max-snippet":"max-snippet:-1","max-image-preview":"max-image-preview:large","max-video-preview":"max-video-preview:-1"},"canonical":"https:\/\/www.correiobraziliense.com.br\/cbradar\/um-lugar-tao-lindo-que-vai-aquecer-seu-coracao-ao-primeiro-olhar\/","og_locale":"pt_BR","og_type":"article","og_title":"Um lugar t\u00e3o lindo que vai aquecer seu cora\u00e7\u00e3o ao primeiro olhar - Correio Braziliense - Radar","og_description":"Porto Alegre, capital do Rio Grande do Sul, Brasil, pr\u00f3xima a Canoas e Gravata\u00ed, \u00e9 conhecida como \u201cCidade dos A\u00e7orianos\u201d. Com uma economia diversificada e rica tradi\u00e7\u00e3o cultural ga\u00facha, esse lugar \u00e9 ideal para morar. Vivencie o que torna esta metr\u00f3pole um destino vibrante para fam\u00edlias e profissionais. Por que morar em Porto Alegre? Porto [&hellip;]","og_url":"https:\/\/www.correiobraziliense.com.br\/cbradar\/um-lugar-tao-lindo-que-vai-aquecer-seu-coracao-ao-primeiro-olhar\/","og_site_name":"Correio Braziliense - Radar","article_published_time":"2025-07-31T19:33:00+00:00","og_image":[{"width":1280,"height":720,"url":"https:\/\/www.correiobraziliense.com.br\/cbradar\/wp-content\/uploads\/2025\/05\/Porto-Alegre_1746868783348.jpg","type":"image\/jpeg"}],"author":"Maura Pereira","twitter_card":"summary_large_image","twitter_misc":{"Escrito por":"Maura Pereira","Est. tempo de leitura":"5 minutos"},"schema":{"@context":"https:\/\/schema.org","@graph":[{"@type":"WebPage","@id":"https:\/\/www.correiobraziliense.com.br\/cbradar\/um-lugar-tao-lindo-que-vai-aquecer-seu-coracao-ao-primeiro-olhar\/","url":"https:\/\/www.correiobraziliense.com.br\/cbradar\/um-lugar-tao-lindo-que-vai-aquecer-seu-coracao-ao-primeiro-olhar\/","name":"Um lugar t\u00e3o lindo que vai aquecer seu cora\u00e7\u00e3o ao primeiro olhar - Correio Braziliense - Radar","isPartOf":{"@id":"https:\/\/www.correiobraziliense.com.br\/cbradar\/#website"},"primaryImageOfPage":{"@id":"https:\/\/www.correiobraziliense.com.br\/cbradar\/um-lugar-tao-lindo-que-vai-aquecer-seu-coracao-ao-primeiro-olhar\/#primaryimage"},"image":{"@id":"https:\/\/www.correiobraziliense.com.br\/cbradar\/um-lugar-tao-lindo-que-vai-aquecer-seu-coracao-ao-primeiro-olhar\/#primaryimage"},"thumbnailUrl":"https:\/\/www.correiobraziliense.com.br\/cbradar\/wp-content\/uploads\/2025\/05\/Porto-Alegre_1746868783348.jpg","datePublished":"2025-07-31T19:33:00+00:00","author":{"@id":"https:\/\/www.correiobraziliense.com.br\/cbradar\/#\/schema\/person\/4053c651a9bfc785afc6f4cbc9032fd3"},"breadcrumb":{"@id":"https:\/\/www.correiobraziliense.com.br\/cbradar\/um-lugar-tao-lindo-que-vai-aquecer-seu-coracao-ao-primeiro-olhar\/#breadcrumb"},"inLanguage":"pt-BR","potentialAction":[{"@type":"ReadAction","target":["https:\/\/www.correiobraziliense.com.br\/cbradar\/um-lugar-tao-lindo-que-vai-aquecer-seu-coracao-ao-primeiro-olhar\/"]}]},{"@type":"ImageObject","inLanguage":"pt-BR","@id":"https:\/\/www.correiobraziliense.com.br\/cbradar\/um-lugar-tao-lindo-que-vai-aquecer-seu-coracao-ao-primeiro-olhar\/#primaryimage","url":"https:\/\/www.correiobraziliense.com.br\/cbradar\/wp-content\/uploads\/2025\/05\/Porto-Alegre_1746868783348.jpg","contentUrl":"https:\/\/www.correiobraziliense.com.br\/cbradar\/wp-content\/uploads\/2025\/05\/Porto-Alegre_1746868783348.jpg","width":1280,"height":720,"caption":"Desfrute de Porto Alegre, vibrante cidade sulista com parques, gastronomia e forte tradi\u00e7\u00e3o ga\u00facha. \/\/ Cr\u00e9ditos: depositphotos.com \/ Thisantors"},{"@type":"BreadcrumbList","@id":"https:\/\/www.correiobraziliense.com.br\/cbradar\/um-lugar-tao-lindo-que-vai-aquecer-seu-coracao-ao-primeiro-olhar\/#breadcrumb","itemListElement":[{"@type":"ListItem","position":1,"name":"In\u00edcio","item":"https:\/\/www.correiobraziliense.com.br\/cbradar\/"},{"@type":"ListItem","position":2,"name":"Um lugar t\u00e3o lindo que vai aquecer seu cora\u00e7\u00e3o ao primeiro olhar"}]},{"@type":"WebSite","@id":"https:\/\/www.correiobraziliense.com.br\/cbradar\/#website","url":"https:\/\/www.correiobraziliense.com.br\/cbradar\/","name":"Correio Braziliense - Radar","description":"Acompanhe as \u00faltimas not\u00edcias e fique bem informado sobre tudo o que acontece no Brasil e no mundo.","potentialAction":[{"@type":"SearchAction","target":{"@type":"EntryPoint","urlTemplate":"https:\/\/www.correiobraziliense.com.br\/cbradar\/?s={search_term_string}"},"query-input":{"@type":"PropertyValueSpecification","valueRequired":true,"valueName":"search_term_string"}}],"inLanguage":"pt-BR"},{"@type":"Person","@id":"https:\/\/www.correiobraziliense.com.br\/cbradar\/#\/schema\/person\/4053c651a9bfc785afc6f4cbc9032fd3","name":"Maura Pereira","image":{"@type":"ImageObject","inLanguage":"pt-BR","@id":"https:\/\/www.correiobraziliense.com.br\/cbradar\/#\/schema\/person\/image\/","url":"https:\/\/secure.gravatar.com\/avatar\/3effd6bdadfa447f15089c7f7144eaa6?s=96&d=mm&r=g","contentUrl":"https:\/\/secure.gravatar.com\/avatar\/3effd6bdadfa447f15089c7f7144eaa6?s=96&d=mm&r=g","caption":"Maura Pereira"},"sameAs":["https:\/\/www.correiobraziliense.com.br\/"],"url":"https:\/\/www.correiobraziliense.com.br\/cbradar\/author\/mauramyth\/"}]}},"_links":{"self":[{"href":"https:\/\/www.correiobraziliense.com.br\/cbradar\/wp-json\/wp\/v2\/posts\/78247","targetHints":{"allow":["GET"]}}],"collection":[{"href":"https:\/\/www.correiobraziliense.com.br\/cbradar\/wp-json\/wp\/v2\/posts"}],"about":[{"href":"https:\/\/www.correiobraziliense.com.br\/cbradar\/wp-json\/wp\/v2\/types\/post"}],"author":[{"embeddable":true,"href":"https:\/\/www.correiobraziliense.com.br\/cbradar\/wp-json\/wp\/v2\/users\/8"}],"replies":[{"embeddable":true,"href":"https:\/\/www.correiobraziliense.com.br\/cbradar\/wp-json\/wp\/v2\/comments?post=78247"}],"version-history":[{"count":18,"href":"https:\/\/www.correiobraziliense.com.br\/cbradar\/wp-json\/wp\/v2\/posts\/78247\/revisions"}],"predecessor-version":[{"id":78365,"href":"https:\/\/www.correiobraziliense.com.br\/cbradar\/wp-json\/wp\/v2\/posts\/78247\/revisions\/78365"}],"wp:featuredmedia":[{"embeddable":true,"href":"https:\/\/www.correiobraziliense.com.br\/cbradar\/wp-json\/wp\/v2\/media\/34812"}],"wp:attachment":[{"href":"https:\/\/www.correiobraziliense.com.br\/cbradar\/wp-json\/wp\/v2\/media?parent=78247"}],"wp:term":[{"taxonomy":"category","embeddable":true,"href":"https:\/\/www.correiobraziliense.com.br\/cbradar\/wp-json\/wp\/v2\/categories?post=78247"},{"taxonomy":"post_tag","embeddable":true,"href":"https:\/\/www.correiobraziliense.com.br\/cbradar\/wp-json\/wp\/v2\/post_tag?post=78247"}],"curies":[{"name":"wp","href":"https:\/\/api.w.org\/{rel}","templated":true}]}}