{"id":7844,"date":"2025-03-03T08:23:00","date_gmt":"2025-03-03T11:23:00","guid":{"rendered":"https:\/\/www.correiobraziliense.com.br\/cbradar\/?p=7844"},"modified":"2025-02-28T23:36:11","modified_gmt":"2025-03-01T02:36:11","slug":"comunicado-de-descontos-na-quitacao-do-ipva-2025","status":"publish","type":"post","link":"https:\/\/www.correiobraziliense.com.br\/cbradar\/comunicado-de-descontos-na-quitacao-do-ipva-2025\/","title":{"rendered":"Comunicado de descontos na quita\u00e7\u00e3o do IPVA 2025"},"content":{"rendered":"\n<p>Os propriet\u00e1rios de ve\u00edculos na<a href=\"https:\/\/www.correiobraziliense.com.br\/cbradar\/cidade-na-bahia-e-conhecida-como-um-dos-destinos-mais-procurados-do-brasil\/\" target=\"_blank\" rel=\"noreferrer noopener\"> <strong>Bahia<\/strong><\/a><strong> <\/strong>t\u00eam a chance de aproveitar um desconto significativo no pagamento do <strong>IPVA 2025<\/strong>. A<strong> <a href=\"https:\/\/www.sefaz.ba.gov.br\/\" target=\"_blank\" rel=\"noreferrer noopener\">Secretaria da Fazenda do Estado<\/a> (Sefaz-Ba)<\/strong> oferece um abatimento de<strong> 8% <\/strong>para aqueles que optarem pela quita\u00e7\u00e3o \u00e0 vista. Este benef\u00edcio est\u00e1 dispon\u00edvel para ve\u00edculos com placas de diferentes finais, com prazos de vencimento que come\u00e7am em mar\u00e7o e se estendem at\u00e9 julho.<\/p>\n\n\n\n<p>Para usufruir do desconto, \u00e9 essencial que os propriet\u00e1rios fiquem atentos ao calend\u00e1rio de vencimentos, que varia conforme o n\u00famero final da placa do ve\u00edculo. As informa\u00e7\u00f5es detalhadas sobre os prazos podem ser acessadas no site oficial da<strong> Sefaz<\/strong>, onde \u00e9 poss\u00edvel consultar o calend\u00e1rio completo e outras orienta\u00e7\u00f5es necess\u00e1rias.<\/p>\n\n\n\n<h2 class=\"wp-block-heading\"><strong>Como funciona o calend\u00e1rio de vencimentos do IPVA 2025?<\/strong><\/h2>\n\n\n\n<p>O calend\u00e1rio de vencimentos do <strong>IPVA 2025<\/strong> na Bahia \u00e9 organizado de acordo com o n\u00famero final da placa do ve\u00edculo. Para as placas terminadas em <strong>1<\/strong> e <strong>2<\/strong>, o pagamento com desconto deve ser realizado at\u00e9 os dias 27 e <strong>28 <\/strong>de mar\u00e7o, respectivamente. J\u00e1 em abril, os prazos s\u00e3o para as placas com finais <strong>3<\/strong> e <strong>4<\/strong>, nos dias <strong>29 <\/strong>e <strong>30<\/strong>.<\/p>\n\n\n\n<p>Os meses seguintes seguem a mesma l\u00f3gica: em maio, as placas <strong>5<\/strong> e <strong>6 <\/strong>t\u00eam vencimentos nos dias <strong>28 <\/strong>e <strong>29<\/strong>; em junho, as placas <strong>7 <\/strong>e <strong>8<\/strong> devem ser quitadas at\u00e9 os dias <strong>27<\/strong> e <strong>30<\/strong>. Finalmente, em julho, o calend\u00e1rio se encerra com as placas terminadas em <strong>9<\/strong> e <strong>zero<\/strong>, nos dias <strong>30 <\/strong>e <strong>31<\/strong>, respectivamente.<\/p>\n\n\n<div class=\"wp-block-image\">\n<figure class=\"aligncenter size-large\"><img decoding=\"async\" width=\"1024\" height=\"576\" src=\"https:\/\/www.correiobraziliense.com.br\/cbradar\/wp-content\/uploads\/2025\/02\/ipva_1740796405622-1024x576.jpg\" alt=\"Comunicado de descontos na quita\u00e7\u00e3o do IPVA 2025\" class=\"wp-image-7877\" srcset=\"https:\/\/www.correiobraziliense.com.br\/cbradar\/wp-content\/uploads\/2025\/02\/ipva_1740796405622-1024x576.jpg 1024w, https:\/\/www.correiobraziliense.com.br\/cbradar\/wp-content\/uploads\/2025\/02\/ipva_1740796405622-300x169.jpg 300w, https:\/\/www.correiobraziliense.com.br\/cbradar\/wp-content\/uploads\/2025\/02\/ipva_1740796405622-768x432.jpg 768w, https:\/\/www.correiobraziliense.com.br\/cbradar\/wp-content\/uploads\/2025\/02\/ipva_1740796405622-750x422.jpg 750w, https:\/\/www.correiobraziliense.com.br\/cbradar\/wp-content\/uploads\/2025\/02\/ipva_1740796405622-1140x641.jpg 1140w, https:\/\/www.correiobraziliense.com.br\/cbradar\/wp-content\/uploads\/2025\/02\/ipva_1740796405622.jpg 1280w\" sizes=\"(max-width: 1024px) 100vw, 1024px\" \/><figcaption class=\"wp-element-caption\">Cr\u00e9ditos: depositphotos.com \/ joasouza<\/figcaption><\/figure><\/div>\n\n\n<h2 class=\"wp-block-heading\"><strong>Quais s\u00e3o as op\u00e7\u00f5es de pagamento dispon\u00edveis?<\/strong><\/h2>\n\n\n\n<p>Os propriet\u00e1rios de ve\u00edculos na Bahia t\u00eam v\u00e1rias op\u00e7\u00f5es para efetuar o pagamento do <strong>IPVA 2025<\/strong>. O desconto de <strong>8%<\/strong> \u00e9 aplicado automaticamente no momento do pagamento, que pode ser realizado atrav\u00e9s dos canais das institui\u00e7\u00f5es parceiras da <strong>Sefaz-Ba<\/strong>, como <strong>Banco do Brasil, Bradesco<\/strong> e <strong>Bancoob<\/strong>. Al\u00e9m disso, \u00e9 poss\u00edvel pagar via <strong>PIX <\/strong>utilizando o <strong>DAE <\/strong>Integrado, que inclui <strong>IPVA<\/strong>, licenciamento e eventuais multas.<\/p>\n\n\n\n<p>O <strong>DAE<\/strong> Integrado pode ser acessado pelo portal<strong> BA GOV<\/strong>, uma iniciativa que foi implementada em <strong>2023 <\/strong>em parceria com o <strong>Detran <\/strong>e a <strong>Secretaria da Administra\u00e7\u00e3o do Estado (Saeb).<\/strong> Esta op\u00e7\u00e3o oferece conveni\u00eancia e seguran\u00e7a para os contribuintes que preferem realizar o pagamento de forma digital.<\/p>\n\n\n\n<h2 class=\"wp-block-heading\"><strong>\u00c9 poss\u00edvel parcelar o IPVA 2025?<\/strong><\/h2>\n\n\n\n<p>Para aqueles que preferem parcelar o pagamento do <strong>IPVA 2025<\/strong>, a Bahia oferece condi\u00e7\u00f5es vantajosas. O parcelamento pode ser feito em at\u00e9 cinco vezes, desde que o valor devido seja de no m\u00ednimo <strong>R$ 120,00<\/strong>. No entanto, \u00e9 importante ressaltar que as taxas de licenciamento e multas de tr\u00e2nsito devem ser quitadas at\u00e9 a data de vencimento da quinta parcela.<\/p>\n\n\n\n<p>Os propriet\u00e1rios que perderem o prazo da primeira cota n\u00e3o ter\u00e3o direito ao parcelamento em cinco vezes, por isso \u00e9 crucial que fiquem atentos \u00e0s datas de vencimento para garantir essa facilidade.<\/p>\n\n\n\n<h2 class=\"wp-block-heading\"><strong>E a Ades\u00e3o ao pagamento antecipado com desconto de 15%?<\/strong><\/h2>\n\n\n\n<p>Al\u00e9m do desconto de <strong>8%<\/strong> para pagamento \u00e0 vista, a Sefaz-Ba tamb\u00e9m ofereceu um desconto de <strong>15%<\/strong> para quita\u00e7\u00e3o antecipada do <strong>IPVA 2025,<\/strong> at\u00e9 o \u00faltimo dia <strong>7.<\/strong> Essa op\u00e7\u00e3o foi bem recebida, com <strong>371.838<\/strong> ve\u00edculos tendo seus impostos quitados antecipadamente. Esse n\u00famero representa <strong>14,7%<\/strong> da frota tribut\u00e1vel da Bahia, que totaliza <strong>2,5 milh\u00f5es de ve\u00edculos<\/strong>.<\/p>\n\n\n\n<p>A ades\u00e3o ao pagamento antecipado foi significativa tanto no interior quanto na capital, com <strong>251.171<\/strong> contribuintes do interior e <strong>120.667 <\/strong>da capital aproveitando o desconto. Essa estrat\u00e9gia de antecipa\u00e7\u00e3o reflete a busca dos propriet\u00e1rios por economia e planejamento financeiro.<\/p>\n","protected":false},"excerpt":{"rendered":"<p>Os propriet\u00e1rios de ve\u00edculos na Bahia t\u00eam a chance de aproveitar um desconto significativo no pagamento do IPVA 2025. A Secretaria da Fazenda do Estado (Sefaz-Ba) oferece um abatimento de 8% para aqueles que optarem pela quita\u00e7\u00e3o \u00e0 vista. Este benef\u00edcio est\u00e1 dispon\u00edvel para ve\u00edculos com placas de diferentes finais, com prazos de vencimento que [&hellip;]<\/p>\n","protected":false},"author":8,"featured_media":7876,"comment_status":"open","ping_status":"open","sticky":false,"template":"","format":"standard","meta":{"_yoast_wpseo_focuskw":"IPVA","_yoast_wpseo_title":"","_yoast_wpseo_metadesc":"Confira o comunicado sobre descontos na quita\u00e7\u00e3o do IPVA 2025 e saiba como aproveitar as melhores condi\u00e7\u00f5es para economizar no pagamento!","jnews-multi-image_gallery":[],"jnews_single_post":{"format":"standard"},"jnews_primary_category":[],"jnews_social_meta":[],"jnews_override_counter":[],"footnotes":""},"categories":[122,128,169],"tags":[194,123,160],"class_list":["post-7844","post","type-post","status-publish","format-standard","has-post-thumbnail","hentry","category-automobilismo","category-economia","category-noticias","tag-beneficios","tag-carros","tag-ipva"],"yoast_head":"<!-- This site is optimized with the Yoast SEO plugin v24.6 - https:\/\/yoast.com\/wordpress\/plugins\/seo\/ -->\n<title>Comunicado de descontos na quita\u00e7\u00e3o do IPVA 2025 - Correio Braziliense - Radar<\/title>\n<meta name=\"description\" content=\"Confira o comunicado sobre descontos na quita\u00e7\u00e3o do IPVA 2025 e saiba como aproveitar as melhores condi\u00e7\u00f5es para economizar no pagamento!\" \/>\n<meta name=\"robots\" content=\"index, follow, max-snippet:-1, max-image-preview:large, max-video-preview:-1\" \/>\n<link rel=\"canonical\" href=\"https:\/\/www.correiobraziliense.com.br\/cbradar\/comunicado-de-descontos-na-quitacao-do-ipva-2025\/\" \/>\n<meta property=\"og:locale\" content=\"pt_BR\" \/>\n<meta property=\"og:type\" content=\"article\" \/>\n<meta property=\"og:title\" content=\"Comunicado de descontos na quita\u00e7\u00e3o do IPVA 2025 - Correio Braziliense - Radar\" \/>\n<meta property=\"og:description\" content=\"Confira o comunicado sobre descontos na quita\u00e7\u00e3o do IPVA 2025 e saiba como aproveitar as melhores condi\u00e7\u00f5es para economizar no pagamento!\" \/>\n<meta property=\"og:url\" content=\"https:\/\/www.correiobraziliense.com.br\/cbradar\/comunicado-de-descontos-na-quitacao-do-ipva-2025\/\" \/>\n<meta property=\"og:site_name\" content=\"Correio Braziliense - Radar\" \/>\n<meta property=\"article:published_time\" content=\"2025-03-03T11:23:00+00:00\" \/>\n<meta property=\"og:image\" content=\"https:\/\/www.correiobraziliense.com.br\/cbradar\/wp-content\/uploads\/2025\/02\/ipva_1740796353526.jpg\" \/>\n\t<meta property=\"og:image:width\" content=\"1280\" \/>\n\t<meta property=\"og:image:height\" content=\"720\" \/>\n\t<meta property=\"og:image:type\" content=\"image\/jpeg\" \/>\n<meta name=\"author\" content=\"Maura Pereira\" \/>\n<meta name=\"twitter:card\" content=\"summary_large_image\" \/>\n<meta name=\"twitter:label1\" content=\"Escrito por\" \/>\n\t<meta name=\"twitter:data1\" content=\"Maura Pereira\" \/>\n\t<meta name=\"twitter:label2\" content=\"Est. tempo de leitura\" \/>\n\t<meta name=\"twitter:data2\" content=\"4 minutos\" \/>\n<!-- \/ Yoast SEO plugin. -->","yoast_head_json":{"title":"Comunicado de descontos na quita\u00e7\u00e3o do IPVA 2025 - Correio Braziliense - Radar","description":"Confira o comunicado sobre descontos na quita\u00e7\u00e3o do IPVA 2025 e saiba como aproveitar as melhores condi\u00e7\u00f5es para economizar no pagamento!","robots":{"index":"index","follow":"follow","max-snippet":"max-snippet:-1","max-image-preview":"max-image-preview:large","max-video-preview":"max-video-preview:-1"},"canonical":"https:\/\/www.correiobraziliense.com.br\/cbradar\/comunicado-de-descontos-na-quitacao-do-ipva-2025\/","og_locale":"pt_BR","og_type":"article","og_title":"Comunicado de descontos na quita\u00e7\u00e3o do IPVA 2025 - Correio Braziliense - Radar","og_description":"Confira o comunicado sobre descontos na quita\u00e7\u00e3o do IPVA 2025 e saiba como aproveitar as melhores condi\u00e7\u00f5es para economizar no pagamento!","og_url":"https:\/\/www.correiobraziliense.com.br\/cbradar\/comunicado-de-descontos-na-quitacao-do-ipva-2025\/","og_site_name":"Correio Braziliense - Radar","article_published_time":"2025-03-03T11:23:00+00:00","og_image":[{"width":1280,"height":720,"url":"https:\/\/www.correiobraziliense.com.br\/cbradar\/wp-content\/uploads\/2025\/02\/ipva_1740796353526.jpg","type":"image\/jpeg"}],"author":"Maura Pereira","twitter_card":"summary_large_image","twitter_misc":{"Escrito por":"Maura Pereira","Est. tempo de leitura":"4 minutos"},"schema":{"@context":"https:\/\/schema.org","@graph":[{"@type":"WebPage","@id":"https:\/\/www.correiobraziliense.com.br\/cbradar\/comunicado-de-descontos-na-quitacao-do-ipva-2025\/","url":"https:\/\/www.correiobraziliense.com.br\/cbradar\/comunicado-de-descontos-na-quitacao-do-ipva-2025\/","name":"Comunicado de descontos na quita\u00e7\u00e3o do IPVA 2025 - Correio Braziliense - Radar","isPartOf":{"@id":"https:\/\/www.correiobraziliense.com.br\/cbradar\/#website"},"primaryImageOfPage":{"@id":"https:\/\/www.correiobraziliense.com.br\/cbradar\/comunicado-de-descontos-na-quitacao-do-ipva-2025\/#primaryimage"},"image":{"@id":"https:\/\/www.correiobraziliense.com.br\/cbradar\/comunicado-de-descontos-na-quitacao-do-ipva-2025\/#primaryimage"},"thumbnailUrl":"https:\/\/www.correiobraziliense.com.br\/cbradar\/wp-content\/uploads\/2025\/02\/ipva_1740796353526.jpg","datePublished":"2025-03-03T11:23:00+00:00","author":{"@id":"https:\/\/www.correiobraziliense.com.br\/cbradar\/#\/schema\/person\/4053c651a9bfc785afc6f4cbc9032fd3"},"description":"Confira o comunicado sobre descontos na quita\u00e7\u00e3o do IPVA 2025 e saiba como aproveitar as melhores condi\u00e7\u00f5es para economizar no pagamento!","breadcrumb":{"@id":"https:\/\/www.correiobraziliense.com.br\/cbradar\/comunicado-de-descontos-na-quitacao-do-ipva-2025\/#breadcrumb"},"inLanguage":"pt-BR","potentialAction":[{"@type":"ReadAction","target":["https:\/\/www.correiobraziliense.com.br\/cbradar\/comunicado-de-descontos-na-quitacao-do-ipva-2025\/"]}]},{"@type":"ImageObject","inLanguage":"pt-BR","@id":"https:\/\/www.correiobraziliense.com.br\/cbradar\/comunicado-de-descontos-na-quitacao-do-ipva-2025\/#primaryimage","url":"https:\/\/www.correiobraziliense.com.br\/cbradar\/wp-content\/uploads\/2025\/02\/ipva_1740796353526.jpg","contentUrl":"https:\/\/www.correiobraziliense.com.br\/cbradar\/wp-content\/uploads\/2025\/02\/ipva_1740796353526.jpg","width":1280,"height":720,"caption":"IPVA \/\/ Cr\u00e9ditos: depositphotos.com \/ moviafilmes"},{"@type":"BreadcrumbList","@id":"https:\/\/www.correiobraziliense.com.br\/cbradar\/comunicado-de-descontos-na-quitacao-do-ipva-2025\/#breadcrumb","itemListElement":[{"@type":"ListItem","position":1,"name":"In\u00edcio","item":"https:\/\/www.correiobraziliense.com.br\/cbradar\/"},{"@type":"ListItem","position":2,"name":"Comunicado de descontos na quita\u00e7\u00e3o do IPVA 2025"}]},{"@type":"WebSite","@id":"https:\/\/www.correiobraziliense.com.br\/cbradar\/#website","url":"https:\/\/www.correiobraziliense.com.br\/cbradar\/","name":"Correio Braziliense - Radar","description":"Acompanhe as \u00faltimas not\u00edcias e fique bem informado sobre tudo o que acontece no Brasil e no mundo.","potentialAction":[{"@type":"SearchAction","target":{"@type":"EntryPoint","urlTemplate":"https:\/\/www.correiobraziliense.com.br\/cbradar\/?s={search_term_string}"},"query-input":{"@type":"PropertyValueSpecification","valueRequired":true,"valueName":"search_term_string"}}],"inLanguage":"pt-BR"},{"@type":"Person","@id":"https:\/\/www.correiobraziliense.com.br\/cbradar\/#\/schema\/person\/4053c651a9bfc785afc6f4cbc9032fd3","name":"Maura Pereira","image":{"@type":"ImageObject","inLanguage":"pt-BR","@id":"https:\/\/www.correiobraziliense.com.br\/cbradar\/#\/schema\/person\/image\/","url":"https:\/\/secure.gravatar.com\/avatar\/3effd6bdadfa447f15089c7f7144eaa6?s=96&d=mm&r=g","contentUrl":"https:\/\/secure.gravatar.com\/avatar\/3effd6bdadfa447f15089c7f7144eaa6?s=96&d=mm&r=g","caption":"Maura Pereira"},"sameAs":["https:\/\/www.correiobraziliense.com.br\/"],"url":"https:\/\/www.correiobraziliense.com.br\/cbradar\/author\/mauramyth\/"}]}},"_links":{"self":[{"href":"https:\/\/www.correiobraziliense.com.br\/cbradar\/wp-json\/wp\/v2\/posts\/7844","targetHints":{"allow":["GET"]}}],"collection":[{"href":"https:\/\/www.correiobraziliense.com.br\/cbradar\/wp-json\/wp\/v2\/posts"}],"about":[{"href":"https:\/\/www.correiobraziliense.com.br\/cbradar\/wp-json\/wp\/v2\/types\/post"}],"author":[{"embeddable":true,"href":"https:\/\/www.correiobraziliense.com.br\/cbradar\/wp-json\/wp\/v2\/users\/8"}],"replies":[{"embeddable":true,"href":"https:\/\/www.correiobraziliense.com.br\/cbradar\/wp-json\/wp\/v2\/comments?post=7844"}],"version-history":[{"count":6,"href":"https:\/\/www.correiobraziliense.com.br\/cbradar\/wp-json\/wp\/v2\/posts\/7844\/revisions"}],"predecessor-version":[{"id":7878,"href":"https:\/\/www.correiobraziliense.com.br\/cbradar\/wp-json\/wp\/v2\/posts\/7844\/revisions\/7878"}],"wp:featuredmedia":[{"embeddable":true,"href":"https:\/\/www.correiobraziliense.com.br\/cbradar\/wp-json\/wp\/v2\/media\/7876"}],"wp:attachment":[{"href":"https:\/\/www.correiobraziliense.com.br\/cbradar\/wp-json\/wp\/v2\/media?parent=7844"}],"wp:term":[{"taxonomy":"category","embeddable":true,"href":"https:\/\/www.correiobraziliense.com.br\/cbradar\/wp-json\/wp\/v2\/categories?post=7844"},{"taxonomy":"post_tag","embeddable":true,"href":"https:\/\/www.correiobraziliense.com.br\/cbradar\/wp-json\/wp\/v2\/tags?post=7844"}],"curies":[{"name":"wp","href":"https:\/\/api.w.org\/{rel}","templated":true}]}}