{"id":7847,"date":"2025-03-03T19:30:00","date_gmt":"2025-03-03T22:30:00","guid":{"rendered":"https:\/\/www.correiobraziliense.com.br\/cbradar\/?p=7847"},"modified":"2025-06-30T10:54:45","modified_gmt":"2025-06-30T13:54:45","slug":"e-verdade-que-one-piece-vai-pausar-e-entrar-em-hiatus","status":"publish","type":"post","link":"https:\/\/www.correiobraziliense.com.br\/cbradar\/e-verdade-que-one-piece-vai-pausar-e-entrar-em-hiatus\/","title":{"rendered":"\u00c9 verdade que One Piece vai pausar e entrar em Hiatus?"},"content":{"rendered":"\n<p>A <a href=\"https:\/\/www.correiobraziliense.com.br\/cbradar\/conheca-estas-5-series-baseadas-em-historias-reais-da-netflix\/\" target=\"_blank\" rel=\"noreferrer noopener\">s\u00e9rie <\/a>anime <strong>One Piece<\/strong>, da renomada <strong>Toei Animation<\/strong>, anunciou uma pausa estrat\u00e9gica que se estende at\u00e9 abril de <strong>2025<\/strong>. Esta decis\u00e3o marca um momento hist\u00f3rico na produ\u00e7\u00e3o, permitindo que a equipe criativa tenha tempo adequado para recarregar as energias e aprimorar a qualidade t\u00e9cnica da anima\u00e7\u00e3o. Durante esse per\u00edodo, os f\u00e3s poder\u00e3o desfrutar de <strong>One Piece Log: Fish-Man Island Saga<\/strong>, uma vers\u00e3o completamente remasterizada do arco <strong>Ilha dos Homens-Peixe<\/strong>.<\/p>\n\n\n\n<p>A remasteriza\u00e7\u00e3o condensa os 57 epis\u00f3dios originais em apenas 21 epis\u00f3dios mais din\u00e2micos, oferecendo visual contempor\u00e2neo com linhas mais definidas, sombras aprimoradas e efeitos visuais totalmente novos. Esta pausa coincide estrategicamente com o desenvolvimento do arco <strong>Egghead<\/strong>, que representa os primeiros passos da saga final da obra de <strong>Eiichiro Oda<\/strong>. O mangak\u00e1 agora pode dedicar mais aten\u00e7\u00e3o aos eventos conclusivos que definir\u00e3o o destino dos <strong>Piratas do Chap\u00e9u de Palha<\/strong>.<\/p>\n\n\n\n<h2 class=\"wp-block-heading\">Por que esse hiato representa um marco hist\u00f3rico?<\/h2>\n\n\n\n<p>Ap\u00f3s 25 anos de transmiss\u00e3o ininterrupta desde 1999, esta \u00e9 a primeira pausa prolongada na hist\u00f3ria de One Piece. A decis\u00e3o da <strong>Toei Animation<\/strong> reflete uma mudan\u00e7a de paradigma na ind\u00fastria anime, priorizando qualidade sobre quantidade. Este per\u00edodo permitir\u00e1 que os animadores descansem adequadamente e retornem com energia renovada para entregar epis\u00f3dios de alta qualidade.<\/p>\n\n\n\n<p>A estrat\u00e9gia tamb\u00e9m demonstra o compromisso da produtora em manter <a href=\"https:\/\/www.crunchyroll.com\/pt-br\/series\/GRMG8ZQZR\/one-piece\" target=\"_blank\" rel=\"noreferrer noopener\"><strong>One Piece<\/strong> <\/a>como refer\u00eancia em anima\u00e7\u00e3o japonesa. Com tantos anos de produ\u00e7\u00e3o cont\u00ednua, era natural que a equipe precisasse de uma pausa para reorganizar processos e implementar novas tecnologias de produ\u00e7\u00e3o. Esta abordagem cuidadosa garantir\u00e1 que a saga final receba o tratamento visual que merece.<\/p>\n\n\n\n<h2 class=\"wp-block-heading\">Como os f\u00e3s podem aproveitar esse per\u00edodo especial?<\/h2>\n\n\n\n<p>Durante o hiato, os admiradores da s\u00e9rie n\u00e3o ficar\u00e3o desabastecidos de conte\u00fado. O especial One Piece Log: Fish-Man Island Saga traz novas aberturas e encerramentos, incluindo &#8220;We Go!&#8221; de Kitadani Hiroshi com colabora\u00e7\u00f5es especiais e &#8220;Sailing&#8221; da BE:FIRST. Esta vers\u00e3o repaginada oferece uma experi\u00eancia completamente nova para quem j\u00e1 conhece a hist\u00f3ria.<\/p>\n\n\n\n<p>Al\u00e9m da remasteriza\u00e7\u00e3o, os f\u00e3s podem aproveitar para revisitar momentos marcantes da s\u00e9rie ou explorar conte\u00fados relacionados dispon\u00edveis em plataformas como <strong>Netflix<\/strong>, <strong>Crunchyroll<\/strong> e <strong>Prime Video<\/strong>. As comunidades online tamb\u00e9m se mant\u00eam ativas, discutindo teorias sobre os rumos da saga final e especulando sobre revela\u00e7\u00f5es futuras. Este \u00e9 o momento perfeito para newcomers conhecerem a franquia atrav\u00e9s da vers\u00e3o visual aprimorada.<\/p>\n\n\n\n<h2 class=\"wp-block-heading\">Qual o verdadeiro impacto desse hiato na produ\u00e7\u00e3o?<\/h2>\n\n\n\n<p>A pausa estrat\u00e9gica permitir\u00e1 que a <strong>Toei Animation<\/strong> implemente melhorias significativas nos processos de produ\u00e7\u00e3o. Com o tempo adicional, a equipe pode experimentar novas t\u00e9cnicas de anima\u00e7\u00e3o e aperfei\u00e7oar aspectos t\u00e9cnicos que elevem o padr\u00e3o visual da s\u00e9rie. Esta abordagem beneficia n\u00e3o apenas <strong>One Piece<\/strong>, mas estabelece novos par\u00e2metros para futuras produ\u00e7\u00f5es da empresa.<\/p>\n\n\n\n<p><strong>Eiichiro Oda<\/strong> tamb\u00e9m se beneficia enormemente deste intervalo, ganhando espa\u00e7o para desenvolver com calma os eventos conclusivos do mang\u00e1. A press\u00e3o constante de manter o anime sempre pr\u00f3ximo ao material original diminui, permitindo que o criador trabalhe com mais liberdade criativa. Esta sinergia entre anime e mang\u00e1 resultar\u00e1 em uma experi\u00eancia mais coesa e impactante para o p\u00fablico.<\/p>\n\n\n\n<h2 class=\"wp-block-heading\">O que esperar do retorno em abril de 2025?<\/h2>\n\n\n<div class=\"wp-block-image\">\n<figure class=\"aligncenter size-large\"><img decoding=\"async\" width=\"1024\" height=\"576\" src=\"https:\/\/www.correiobraziliense.com.br\/cbradar\/wp-content\/uploads\/2025\/02\/Samsung-Galaxy-A55-36-1024x576.png\" alt=\"\u00c9 verdade que One Piece vai pausar e entrar em Hiatus?\" class=\"wp-image-7869\" srcset=\"https:\/\/www.correiobraziliense.com.br\/cbradar\/wp-content\/uploads\/2025\/02\/Samsung-Galaxy-A55-36-1024x576.png 1024w, https:\/\/www.correiobraziliense.com.br\/cbradar\/wp-content\/uploads\/2025\/02\/Samsung-Galaxy-A55-36-300x169.png 300w, https:\/\/www.correiobraziliense.com.br\/cbradar\/wp-content\/uploads\/2025\/02\/Samsung-Galaxy-A55-36-768x432.png 768w, https:\/\/www.correiobraziliense.com.br\/cbradar\/wp-content\/uploads\/2025\/02\/Samsung-Galaxy-A55-36-750x422.png 750w, https:\/\/www.correiobraziliense.com.br\/cbradar\/wp-content\/uploads\/2025\/02\/Samsung-Galaxy-A55-36-1140x641.png 1140w, https:\/\/www.correiobraziliense.com.br\/cbradar\/wp-content\/uploads\/2025\/02\/Samsung-Galaxy-A55-36.png 1280w\" sizes=\"(max-width: 1024px) 100vw, 1024px\" \/><figcaption class=\"wp-element-caption\">One Piece \/\/ Cr\u00e9ditos: Eiichiro Oda\/Shueisha, Toei Animation &#8211; IMDB imagens<\/figcaption><\/figure><\/div>\n\n\n<p>Especula\u00e7\u00f5es indicam que a Toei Animation pode estar preparando surpresas especiais para o retorno, incluindo poss\u00edvel an\u00fancio de um novo filme da franquia durante eventos como o Jump Fiesta 2025. O hiato tamb\u00e9m coincide com o momento ideal para lan\u00e7amentos complementares que mantenham o interesse do p\u00fablico aquecido at\u00e9 a volta dos epis\u00f3dios regulares.<\/p>\n\n\n\n<p>O retorno promete epis\u00f3dios com qualidade visual superior e ritmo narrativo mais refinado. A experi\u00eancia acumulada durante a remasteriza\u00e7\u00e3o da <strong>Ilha dos Homens-Peixe<\/strong> servir\u00e1 como laborat\u00f3rio para implementar melhorias t\u00e9cnicas nos novos epis\u00f3dios. Os f\u00e3s podem esperar anima\u00e7\u00f5es mais fluidas, trilha sonora aprimorada e dire\u00e7\u00e3o mais din\u00e2mica quando <strong>One Piece<\/strong> retomar sua jornada rumo ao tesouro final.<\/p>\n\n\n\n<h2 class=\"wp-block-heading\">Qual a import\u00e2ncia hist\u00f3rica de One Piece na cultura pop?<\/h2>\n\n\n\n<p><strong>One Piece<\/strong> transcendeu as fronteiras do entretenimento para se tornar um fen\u00f4meno cultural global. A franquia quebrou recordes de bilheteria mundial e estabeleceu parcerias com marcas prestigiosas como Uniqlo, Seiko e Havaianas, demonstrando seu alcance al\u00e9m do p\u00fablico tradicional de anime. A obra de <strong>Eiichiro Oda<\/strong> influenciou gera\u00e7\u00f5es de criadores e redefiniu os padr\u00f5es narrativos dos mang\u00e1s shounen.<\/p>\n\n\n\n<p>A longevidade da s\u00e9rie tamb\u00e9m representa um marco na ind\u00fastria audiovisual japonesa. Poucos t\u00edtulos conseguem manter relev\u00e2ncia e qualidade por mais de duas d\u00e9cadas, tornando <strong>One Piece<\/strong> um caso de estudo sobre sustentabilidade criativa. O hiato atual n\u00e3o representa uma interrup\u00e7\u00e3o, mas sim uma evolu\u00e7\u00e3o natural que garantir\u00e1 que a s\u00e9rie continue impactando audi\u00eancias por muitos anos vindouros.<\/p>\n","protected":false},"excerpt":{"rendered":"<p>A s\u00e9rie anime One Piece, da renomada Toei Animation, anunciou uma pausa estrat\u00e9gica que se estende at\u00e9 abril de 2025. Esta decis\u00e3o marca um momento hist\u00f3rico na produ\u00e7\u00e3o, permitindo que a equipe criativa tenha tempo adequado para recarregar as energias e aprimorar a qualidade t\u00e9cnica da anima\u00e7\u00e3o. Durante esse per\u00edodo, os f\u00e3s poder\u00e3o desfrutar de [&hellip;]<\/p>\n","protected":false},"author":8,"featured_media":7870,"comment_status":"open","ping_status":"open","sticky":false,"template":"","format":"standard","meta":{"_yoast_wpseo_focuskw":"One Piece","_yoast_wpseo_title":"","_yoast_wpseo_metadesc":"Descubra se \"One Piece\" realmente vai pausar e entrar em hiato, e quais os motivos por tr\u00e1s dessa poss\u00edvel decis\u00e3o de Eiichiro Oda!","jnews-multi-image_gallery":[],"jnews_single_post":{"format":"standard"},"jnews_primary_category":[],"jnews_social_meta":[],"jnews_override_counter":[],"footnotes":""},"categories":[140,169],"post_tag":[691,605,1359],"class_list":["post-7847","post","type-post","status-publish","format-standard","has-post-thumbnail","hentry","category-entretenimento","category-noticias","tag-anime","tag-entretenimento","tag-one-piece"],"yoast_head":"<!-- This site is optimized with the Yoast SEO plugin v24.6 - https:\/\/yoast.com\/wordpress\/plugins\/seo\/ -->\n<title>\u00c9 verdade que One Piece vai pausar e entrar em Hiatus? - Correio Braziliense - Radar<\/title>\n<meta name=\"description\" content=\"Descubra se &quot;One Piece&quot; realmente vai pausar e entrar em hiato, e quais os motivos por tr\u00e1s dessa poss\u00edvel decis\u00e3o de Eiichiro Oda!\" \/>\n<meta name=\"robots\" content=\"index, follow, max-snippet:-1, max-image-preview:large, max-video-preview:-1\" \/>\n<link rel=\"canonical\" href=\"https:\/\/www.correiobraziliense.com.br\/cbradar\/e-verdade-que-one-piece-vai-pausar-e-entrar-em-hiatus\/\" \/>\n<meta property=\"og:locale\" content=\"pt_BR\" \/>\n<meta property=\"og:type\" content=\"article\" \/>\n<meta property=\"og:title\" content=\"\u00c9 verdade que One Piece vai pausar e entrar em Hiatus? - Correio Braziliense - Radar\" \/>\n<meta property=\"og:description\" content=\"Descubra se &quot;One Piece&quot; realmente vai pausar e entrar em hiato, e quais os motivos por tr\u00e1s dessa poss\u00edvel decis\u00e3o de Eiichiro Oda!\" \/>\n<meta property=\"og:url\" content=\"https:\/\/www.correiobraziliense.com.br\/cbradar\/e-verdade-que-one-piece-vai-pausar-e-entrar-em-hiatus\/\" \/>\n<meta property=\"og:site_name\" content=\"Correio Braziliense - Radar\" \/>\n<meta property=\"article:published_time\" content=\"2025-03-03T22:30:00+00:00\" \/>\n<meta property=\"article:modified_time\" content=\"2025-06-30T13:54:45+00:00\" \/>\n<meta property=\"og:image\" content=\"https:\/\/www.correiobraziliense.com.br\/cbradar\/wp-content\/uploads\/2025\/02\/Samsung-Galaxy-A55-35.png\" \/>\n\t<meta property=\"og:image:width\" content=\"1280\" \/>\n\t<meta property=\"og:image:height\" content=\"720\" \/>\n\t<meta property=\"og:image:type\" content=\"image\/png\" \/>\n<meta name=\"author\" content=\"Maura Pereira\" \/>\n<meta name=\"twitter:card\" content=\"summary_large_image\" \/>\n<meta name=\"twitter:label1\" content=\"Escrito por\" \/>\n\t<meta name=\"twitter:data1\" content=\"Maura Pereira\" \/>\n\t<meta name=\"twitter:label2\" content=\"Est. tempo de leitura\" \/>\n\t<meta name=\"twitter:data2\" content=\"5 minutos\" \/>\n<!-- \/ Yoast SEO plugin. -->","yoast_head_json":{"title":"\u00c9 verdade que One Piece vai pausar e entrar em Hiatus? - Correio Braziliense - Radar","description":"Descubra se \"One Piece\" realmente vai pausar e entrar em hiato, e quais os motivos por tr\u00e1s dessa poss\u00edvel decis\u00e3o de Eiichiro Oda!","robots":{"index":"index","follow":"follow","max-snippet":"max-snippet:-1","max-image-preview":"max-image-preview:large","max-video-preview":"max-video-preview:-1"},"canonical":"https:\/\/www.correiobraziliense.com.br\/cbradar\/e-verdade-que-one-piece-vai-pausar-e-entrar-em-hiatus\/","og_locale":"pt_BR","og_type":"article","og_title":"\u00c9 verdade que One Piece vai pausar e entrar em Hiatus? - Correio Braziliense - Radar","og_description":"Descubra se \"One Piece\" realmente vai pausar e entrar em hiato, e quais os motivos por tr\u00e1s dessa poss\u00edvel decis\u00e3o de Eiichiro Oda!","og_url":"https:\/\/www.correiobraziliense.com.br\/cbradar\/e-verdade-que-one-piece-vai-pausar-e-entrar-em-hiatus\/","og_site_name":"Correio Braziliense - Radar","article_published_time":"2025-03-03T22:30:00+00:00","article_modified_time":"2025-06-30T13:54:45+00:00","og_image":[{"width":1280,"height":720,"url":"https:\/\/www.correiobraziliense.com.br\/cbradar\/wp-content\/uploads\/2025\/02\/Samsung-Galaxy-A55-35.png","type":"image\/png"}],"author":"Maura Pereira","twitter_card":"summary_large_image","twitter_misc":{"Escrito por":"Maura Pereira","Est. tempo de leitura":"5 minutos"},"schema":{"@context":"https:\/\/schema.org","@graph":[{"@type":"WebPage","@id":"https:\/\/www.correiobraziliense.com.br\/cbradar\/e-verdade-que-one-piece-vai-pausar-e-entrar-em-hiatus\/","url":"https:\/\/www.correiobraziliense.com.br\/cbradar\/e-verdade-que-one-piece-vai-pausar-e-entrar-em-hiatus\/","name":"\u00c9 verdade que One Piece vai pausar e entrar em Hiatus? - Correio Braziliense - Radar","isPartOf":{"@id":"https:\/\/www.correiobraziliense.com.br\/cbradar\/#website"},"primaryImageOfPage":{"@id":"https:\/\/www.correiobraziliense.com.br\/cbradar\/e-verdade-que-one-piece-vai-pausar-e-entrar-em-hiatus\/#primaryimage"},"image":{"@id":"https:\/\/www.correiobraziliense.com.br\/cbradar\/e-verdade-que-one-piece-vai-pausar-e-entrar-em-hiatus\/#primaryimage"},"thumbnailUrl":"https:\/\/www.correiobraziliense.com.br\/cbradar\/wp-content\/uploads\/2025\/02\/Samsung-Galaxy-A55-35.png","datePublished":"2025-03-03T22:30:00+00:00","dateModified":"2025-06-30T13:54:45+00:00","author":{"@id":"https:\/\/www.correiobraziliense.com.br\/cbradar\/#\/schema\/person\/4053c651a9bfc785afc6f4cbc9032fd3"},"description":"Descubra se \"One Piece\" realmente vai pausar e entrar em hiato, e quais os motivos por tr\u00e1s dessa poss\u00edvel decis\u00e3o de Eiichiro Oda!","breadcrumb":{"@id":"https:\/\/www.correiobraziliense.com.br\/cbradar\/e-verdade-que-one-piece-vai-pausar-e-entrar-em-hiatus\/#breadcrumb"},"inLanguage":"pt-BR","potentialAction":[{"@type":"ReadAction","target":["https:\/\/www.correiobraziliense.com.br\/cbradar\/e-verdade-que-one-piece-vai-pausar-e-entrar-em-hiatus\/"]}]},{"@type":"ImageObject","inLanguage":"pt-BR","@id":"https:\/\/www.correiobraziliense.com.br\/cbradar\/e-verdade-que-one-piece-vai-pausar-e-entrar-em-hiatus\/#primaryimage","url":"https:\/\/www.correiobraziliense.com.br\/cbradar\/wp-content\/uploads\/2025\/02\/Samsung-Galaxy-A55-35.png","contentUrl":"https:\/\/www.correiobraziliense.com.br\/cbradar\/wp-content\/uploads\/2025\/02\/Samsung-Galaxy-A55-35.png","width":1280,"height":720,"caption":"One Piece \/\/ Cr\u00e9ditos: Eiichiro Oda\/Shueisha, Toei Animation - IMDB imagens"},{"@type":"BreadcrumbList","@id":"https:\/\/www.correiobraziliense.com.br\/cbradar\/e-verdade-que-one-piece-vai-pausar-e-entrar-em-hiatus\/#breadcrumb","itemListElement":[{"@type":"ListItem","position":1,"name":"In\u00edcio","item":"https:\/\/www.correiobraziliense.com.br\/cbradar\/"},{"@type":"ListItem","position":2,"name":"\u00c9 verdade que One Piece vai pausar e entrar em Hiatus?"}]},{"@type":"WebSite","@id":"https:\/\/www.correiobraziliense.com.br\/cbradar\/#website","url":"https:\/\/www.correiobraziliense.com.br\/cbradar\/","name":"Correio Braziliense - Radar","description":"Acompanhe as \u00faltimas not\u00edcias e fique bem informado sobre tudo o que acontece no Brasil e no mundo.","potentialAction":[{"@type":"SearchAction","target":{"@type":"EntryPoint","urlTemplate":"https:\/\/www.correiobraziliense.com.br\/cbradar\/?s={search_term_string}"},"query-input":{"@type":"PropertyValueSpecification","valueRequired":true,"valueName":"search_term_string"}}],"inLanguage":"pt-BR"},{"@type":"Person","@id":"https:\/\/www.correiobraziliense.com.br\/cbradar\/#\/schema\/person\/4053c651a9bfc785afc6f4cbc9032fd3","name":"Maura Pereira","image":{"@type":"ImageObject","inLanguage":"pt-BR","@id":"https:\/\/www.correiobraziliense.com.br\/cbradar\/#\/schema\/person\/image\/","url":"https:\/\/secure.gravatar.com\/avatar\/3effd6bdadfa447f15089c7f7144eaa6?s=96&d=mm&r=g","contentUrl":"https:\/\/secure.gravatar.com\/avatar\/3effd6bdadfa447f15089c7f7144eaa6?s=96&d=mm&r=g","caption":"Maura Pereira"},"sameAs":["https:\/\/www.correiobraziliense.com.br\/"],"url":"https:\/\/www.correiobraziliense.com.br\/cbradar\/author\/mauramyth\/"}]}},"_links":{"self":[{"href":"https:\/\/www.correiobraziliense.com.br\/cbradar\/wp-json\/wp\/v2\/posts\/7847","targetHints":{"allow":["GET"]}}],"collection":[{"href":"https:\/\/www.correiobraziliense.com.br\/cbradar\/wp-json\/wp\/v2\/posts"}],"about":[{"href":"https:\/\/www.correiobraziliense.com.br\/cbradar\/wp-json\/wp\/v2\/types\/post"}],"author":[{"embeddable":true,"href":"https:\/\/www.correiobraziliense.com.br\/cbradar\/wp-json\/wp\/v2\/users\/8"}],"replies":[{"embeddable":true,"href":"https:\/\/www.correiobraziliense.com.br\/cbradar\/wp-json\/wp\/v2\/comments?post=7847"}],"version-history":[{"count":3,"href":"https:\/\/www.correiobraziliense.com.br\/cbradar\/wp-json\/wp\/v2\/posts\/7847\/revisions"}],"predecessor-version":[{"id":62135,"href":"https:\/\/www.correiobraziliense.com.br\/cbradar\/wp-json\/wp\/v2\/posts\/7847\/revisions\/62135"}],"wp:featuredmedia":[{"embeddable":true,"href":"https:\/\/www.correiobraziliense.com.br\/cbradar\/wp-json\/wp\/v2\/media\/7870"}],"wp:attachment":[{"href":"https:\/\/www.correiobraziliense.com.br\/cbradar\/wp-json\/wp\/v2\/media?parent=7847"}],"wp:term":[{"taxonomy":"category","embeddable":true,"href":"https:\/\/www.correiobraziliense.com.br\/cbradar\/wp-json\/wp\/v2\/categories?post=7847"},{"taxonomy":"post_tag","embeddable":true,"href":"https:\/\/www.correiobraziliense.com.br\/cbradar\/wp-json\/wp\/v2\/post_tag?post=7847"}],"curies":[{"name":"wp","href":"https:\/\/api.w.org\/{rel}","templated":true}]}}