{"id":78488,"date":"2025-08-02T17:33:00","date_gmt":"2025-08-02T20:33:00","guid":{"rendered":"https:\/\/www.correiobraziliense.com.br\/cbradar\/?p=78488"},"modified":"2025-07-31T16:29:00","modified_gmt":"2025-07-31T19:29:00","slug":"essa-fruta-brasileira-rara-pode-transformar-sua-saude","status":"publish","type":"post","link":"https:\/\/www.correiobraziliense.com.br\/cbradar\/essa-fruta-brasileira-rara-pode-transformar-sua-saude\/","title":{"rendered":"Essa fruta brasileira rara pode transformar sua sa\u00fade"},"content":{"rendered":"\n<p>O <strong>Abiu<\/strong>, fruto da \u00e1rvore\u00a0<em>Pouteria caimito<\/em>, \u00e9 uma del\u00edcia tropical que vem se destacando pelo seu sabor \u00fanico e valor nutricional. Com uma casca amarelo-viva e uma polpa branca e delicada, \u00e9 amplamente admirado no Norte e Nordeste do <a href=\"https:\/\/www.correiobraziliense.com.br\/cbradar\/as-melhores-omadas-para-coceira-e-inchaco-de-picadas-de-inseto\/\" target=\"_blank\" rel=\"noreferrer noopener\"><strong>Brasil<\/strong><\/a>. Apesar de sua popularidade crescente, muitas pessoas desconhecem as condi\u00e7\u00f5es ideais para seu cultivo.<\/p>\n\n\n<div class=\"wp-block-image\">\n<figure class=\"aligncenter size-large\"><img decoding=\"async\" width=\"1024\" height=\"576\" src=\"https:\/\/www.correiobraziliense.com.br\/cbradar\/wp-content\/uploads\/2025\/07\/image-1-1024x576.png\" alt=\"\" class=\"wp-image-78529\" srcset=\"https:\/\/www.correiobraziliense.com.br\/cbradar\/wp-content\/uploads\/2025\/07\/image-1-1024x576.png 1024w, https:\/\/www.correiobraziliense.com.br\/cbradar\/wp-content\/uploads\/2025\/07\/image-1-300x169.png 300w, https:\/\/www.correiobraziliense.com.br\/cbradar\/wp-content\/uploads\/2025\/07\/image-1-768x432.png 768w, https:\/\/www.correiobraziliense.com.br\/cbradar\/wp-content\/uploads\/2025\/07\/image-1-750x422.png 750w, https:\/\/www.correiobraziliense.com.br\/cbradar\/wp-content\/uploads\/2025\/07\/image-1-1140x641.png 1140w, https:\/\/www.correiobraziliense.com.br\/cbradar\/wp-content\/uploads\/2025\/07\/image-1.png 1280w\" sizes=\"(max-width: 1024px) 100vw, 1024px\" \/><\/figure><\/div>\n\n\n<p>Origin\u00e1ria de climas quentes e \u00famidos, essa \u00e1rvore exige condi\u00e7\u00f5es espec\u00edficas para prosperar. As regi\u00f5es tropicais ou subtropicais, onde a temperatura m\u00e9dia oscila entre 22\u00b0C a 30\u00b0C, s\u00e3o as mais adequadas. O abieiro precisa de exposi\u00e7\u00e3o constante \u00e0 luz solar direta, mas deve ser plantado em \u00e1reas protegidas de ventos fortes para evitar danos \u00e0s suas delicadas flores e frutos.<\/p>\n\n\n\n<h2 class=\"wp-block-heading\">Quais s\u00e3o as melhores condi\u00e7\u00f5es de solo para o Abiu?<\/h2>\n\n\n\n<p>Um solo bem preparado \u00e9 crucial para o sucesso no cultivo do Abiu. \u00c9 prefer\u00edvel um solo que seja profundo, rico em mat\u00e9ria org\u00e2nica e que ofere\u00e7a boa drenagem. Evitar solos muito argilosos \u00e9 essencial para n\u00e3o prejudicar o desenvolvimento das ra\u00edzes. Antes do plantio, a an\u00e1lise de solo pode indicar ajustes necess\u00e1rios no pH, idealmente mantido entre 5,5 e 6,5. O preparo inclui escava\u00e7\u00e3o de uma cova enriquecida com compostos naturais como esterco e fosfato, e um per\u00edodo de descanso para o solo \u00e9 sempre bom.<\/p>\n\n\n\n<h2 class=\"wp-block-heading\">Como realizar o plantio do Abiu adequadamente?<\/h2>\n\n\n\n<p>O Abiu pode ser plantado atrav\u00e9s de sementes ou usando mudas enxertadas, com uma leve prefer\u00eancia por estas \u00faltimas devido ao seu ciclo inicial de frutifica\u00e7\u00e3o mais r\u00e1pido. No plantio, as mudas devem ser centralizadas na cova de solo previamente enriquecido, mantendo o n\u00edvel do colo ao solo. A irriga\u00e7\u00e3o \u00e9 fundamental logo ap\u00f3s o plantio. O espa\u00e7amento entre as \u00e1rvores deve ser suficientemente amplo, de modo a permitir sua expans\u00e3o natural e garantir uma boa circula\u00e7\u00e3o de ar.<\/p>\n\n\n\n<h2 class=\"wp-block-heading\">Por que a manuten\u00e7\u00e3o regular do Abiu \u00e9 essencial?<\/h2>\n\n\n\n<p>Manter o Abiu em boas condi\u00e7\u00f5es requer aten\u00e7\u00e3o aos detalhes, como a fertiliza\u00e7\u00e3o equilibrada, a ser aplicada cerca de quatro vezes por ano. Inicialmente, uma combina\u00e7\u00e3o de estercos e adubos NPK 10-10-10 ser\u00e1 bem-vinda. J\u00e1 ao alcan\u00e7ar sua maturidade, uma f\u00f3rmula rica em f\u00f3sforo e pot\u00e1ssio \u00e9 recomendada para assegurar uma frutifica\u00e7\u00e3o saud\u00e1vel. A poda cuidadosa para remover galhos improdutivos ou doentes ajudar\u00e1 a conservar a for\u00e7a da planta e estimular\u00e1 novos crescimentos.<\/p>\n\n\n\n<h2 class=\"wp-block-heading\">Como lidar com pragas e doen\u00e7as no cultivo do Abiu?<\/h2>\n\n\n\n<p>V\u00e1rias amea\u00e7as, como as cochonilhas e as moscas-das-frutas, podem afetar o abieiro. Tais pragas requerem uma gest\u00e3o cuidadosa, que pode incluir armadilhas f\u00edsicas e tratamentos naturais, como o \u00f3leo de neem. Doen\u00e7as como a antracnose tamb\u00e9m podem surgir, mas pr\u00e1ticas como a poda correta e espa\u00e7amento adequado entre as \u00e1rvores s\u00e3o eficazes na sua preven\u00e7\u00e3o. Manter o pomar limpo e observar a planta regularmente s\u00e3o pr\u00e1ticas que fazem toda a diferen\u00e7a.<\/p>\n\n\n\n<p>O abieiro, quando bem cuidado, pode come\u00e7ar a dar frutos de tr\u00eas a quatro anos depois de plantado, se enxertado, e de cinco a seis anos, se propagado por sementes. A \u00e9poca de colheita principal ocorre do final da primavera ao ver\u00e3o. Para colher, os frutos devem apresentar uma colora\u00e7\u00e3o amarela vibrante, indicando que est\u00e3o prontos para consumo. Como a fruta \u00e9 <a href=\"https:\/\/www.gov.br\/saude\/pt-br\" target=\"_blank\" rel=\"noreferrer noopener\">perec\u00edvel<\/a>, \u00e9 recomend\u00e1vel consumir logo ap\u00f3s a colheita para aproveitar seu frescor.<\/p>\n\n\n<a href=\"https:\/\/www.instagram.com\/dra.annaluisabf\/\" target=\"_blank\" rel=\"noopener\" style=\"text-decoration: none; color: inherit;\">\n    <span style=\"display: inline-block; border: 1px solid #ccc; border-radius: 10px; padding: 15px; max-width: 550px; font-family: sans-serif; box-shadow: 0 2px 5px rgba(0,0,0,0.1); width: 100%;\">\n\n      <!-- T\u00edtulo -->\n      <span style=\"display: block; margin: 0 0 15px 0; font-weight: bold; color: #2c3e50; text-align: center;\">\n        Entre em contato:\n      <\/span>\n\n      <!-- Linha do perfil -->\n      <span style=\"display: flex; align-items: center; gap: 15px;\">\n        <img decoding=\"async\"\n          src=\"https:\/\/www.correiobraziliense.com.br\/cbradar\/wp-content\/uploads\/2025\/08\/dra_anna_luisa.jpeg\"\n          alt=\"Foto da Dra. Anna Lu\u00edsa\"\n          style=\"border-radius: 50%; width: 80px; height: 80px; object-fit: cover;\"\n        \/>\n        <span style=\"display: flex; flex-direction: column;\">\n          <span style=\"font-size: 18px; font-weight: 700; color: #2c3e50;\">Dra. Anna Lu\u00edsa Barbosa Fernandes<\/span>\n          <span style=\"color: #555;\">CRM-GO 33.271<\/span>\n        <\/span>\n      <\/span>\n\n      <!-- Redes -->\n      <span style=\"display: flex; align-items: center; gap: 10px; margin-top: 12px;\">\n        <img decoding=\"async\" src=\"https:\/\/cdn-icons-png.flaticon.com\/24\/1384\/1384063.png\" alt=\"Instagram\" width=\"24\" height=\"24\" \/>\n        <span style=\"text-decoration: underline; color: #2c3e50;\">@dra.annaluisabf<\/span>\n      <\/span>\n\n    <\/span>\n  <\/a>","protected":false},"excerpt":{"rendered":"<p>O Abiu, fruto da \u00e1rvore\u00a0Pouteria caimito, \u00e9 uma del\u00edcia tropical que vem se destacando pelo seu sabor \u00fanico e valor nutricional. Com uma casca amarelo-viva e uma polpa branca e delicada, \u00e9 amplamente admirado no Norte e Nordeste do Brasil. Apesar de sua popularidade crescente, muitas pessoas desconhecem as condi\u00e7\u00f5es ideais para seu cultivo. Origin\u00e1ria [&hellip;]<\/p>\n","protected":false},"author":14,"featured_media":78530,"comment_status":"open","ping_status":"open","sticky":false,"template":"","format":"standard","meta":{"_yoast_wpseo_focuskw":"Abiu","_yoast_wpseo_title":"","_yoast_wpseo_metadesc":"O abiu pode render frutos incr\u00edveis, mas s\u00f3 para quem conhece os segredos do cultivo. Veja as melhores pr\u00e1ticas para colher com sucesso.","jnews-multi-image_gallery":[],"jnews_single_post":{"format":"standard"},"jnews_primary_category":[],"jnews_social_meta":[],"jnews_override_counter":[],"footnotes":""},"categories":[4404],"tags":[1488,615,1318],"class_list":["post-78488","post","type-post","status-publish","format-standard","has-post-thumbnail","hentry","category-saude","tag-dieta","tag-fruta","tag-saude-2"],"yoast_head":"<!-- This site is optimized with the Yoast SEO plugin v24.6 - https:\/\/yoast.com\/wordpress\/plugins\/seo\/ -->\n<title>Essa fruta brasileira rara pode transformar sua sa\u00fade - Correio Braziliense - Radar<\/title>\n<meta name=\"description\" content=\"O abiu pode render frutos incr\u00edveis, mas s\u00f3 para quem conhece os segredos do cultivo. Veja as melhores pr\u00e1ticas para colher com sucesso.\" \/>\n<meta name=\"robots\" content=\"index, follow, max-snippet:-1, max-image-preview:large, max-video-preview:-1\" \/>\n<link rel=\"canonical\" href=\"https:\/\/www.correiobraziliense.com.br\/cbradar\/essa-fruta-brasileira-rara-pode-transformar-sua-saude\/\" \/>\n<meta property=\"og:locale\" content=\"pt_BR\" \/>\n<meta property=\"og:type\" content=\"article\" \/>\n<meta property=\"og:title\" content=\"Essa fruta brasileira rara pode transformar sua sa\u00fade - Correio Braziliense - Radar\" \/>\n<meta property=\"og:description\" content=\"O abiu pode render frutos incr\u00edveis, mas s\u00f3 para quem conhece os segredos do cultivo. Veja as melhores pr\u00e1ticas para colher com sucesso.\" \/>\n<meta property=\"og:url\" content=\"https:\/\/www.correiobraziliense.com.br\/cbradar\/essa-fruta-brasileira-rara-pode-transformar-sua-saude\/\" \/>\n<meta property=\"og:site_name\" content=\"Correio Braziliense - Radar\" \/>\n<meta property=\"article:published_time\" content=\"2025-08-02T20:33:00+00:00\" \/>\n<meta property=\"og:image\" content=\"https:\/\/www.correiobraziliense.com.br\/cbradar\/wp-content\/uploads\/2025\/07\/Pouteria-caimito_1751652810930-1-1024x576-1.webp\" \/>\n\t<meta property=\"og:image:width\" content=\"1024\" \/>\n\t<meta property=\"og:image:height\" content=\"576\" \/>\n\t<meta property=\"og:image:type\" content=\"image\/webp\" \/>\n<meta name=\"author\" content=\"guilherme_saude\" \/>\n<meta name=\"twitter:card\" content=\"summary_large_image\" \/>\n<meta name=\"twitter:label1\" content=\"Escrito por\" \/>\n\t<meta name=\"twitter:data1\" content=\"guilherme_saude\" \/>\n\t<meta name=\"twitter:label2\" content=\"Est. tempo de leitura\" \/>\n\t<meta name=\"twitter:data2\" content=\"5 minutos\" \/>\n<!-- \/ Yoast SEO plugin. -->","yoast_head_json":{"title":"Essa fruta brasileira rara pode transformar sua sa\u00fade - Correio Braziliense - Radar","description":"O abiu pode render frutos incr\u00edveis, mas s\u00f3 para quem conhece os segredos do cultivo. Veja as melhores pr\u00e1ticas para colher com sucesso.","robots":{"index":"index","follow":"follow","max-snippet":"max-snippet:-1","max-image-preview":"max-image-preview:large","max-video-preview":"max-video-preview:-1"},"canonical":"https:\/\/www.correiobraziliense.com.br\/cbradar\/essa-fruta-brasileira-rara-pode-transformar-sua-saude\/","og_locale":"pt_BR","og_type":"article","og_title":"Essa fruta brasileira rara pode transformar sua sa\u00fade - Correio Braziliense - Radar","og_description":"O abiu pode render frutos incr\u00edveis, mas s\u00f3 para quem conhece os segredos do cultivo. Veja as melhores pr\u00e1ticas para colher com sucesso.","og_url":"https:\/\/www.correiobraziliense.com.br\/cbradar\/essa-fruta-brasileira-rara-pode-transformar-sua-saude\/","og_site_name":"Correio Braziliense - Radar","article_published_time":"2025-08-02T20:33:00+00:00","og_image":[{"width":1024,"height":576,"url":"https:\/\/www.correiobraziliense.com.br\/cbradar\/wp-content\/uploads\/2025\/07\/Pouteria-caimito_1751652810930-1-1024x576-1.webp","type":"image\/webp"}],"author":"guilherme_saude","twitter_card":"summary_large_image","twitter_misc":{"Escrito por":"guilherme_saude","Est. tempo de leitura":"5 minutos"},"schema":{"@context":"https:\/\/schema.org","@graph":[{"@type":"WebPage","@id":"https:\/\/www.correiobraziliense.com.br\/cbradar\/essa-fruta-brasileira-rara-pode-transformar-sua-saude\/","url":"https:\/\/www.correiobraziliense.com.br\/cbradar\/essa-fruta-brasileira-rara-pode-transformar-sua-saude\/","name":"Essa fruta brasileira rara pode transformar sua sa\u00fade - Correio Braziliense - Radar","isPartOf":{"@id":"https:\/\/www.correiobraziliense.com.br\/cbradar\/#website"},"primaryImageOfPage":{"@id":"https:\/\/www.correiobraziliense.com.br\/cbradar\/essa-fruta-brasileira-rara-pode-transformar-sua-saude\/#primaryimage"},"image":{"@id":"https:\/\/www.correiobraziliense.com.br\/cbradar\/essa-fruta-brasileira-rara-pode-transformar-sua-saude\/#primaryimage"},"thumbnailUrl":"https:\/\/www.correiobraziliense.com.br\/cbradar\/wp-content\/uploads\/2025\/07\/Pouteria-caimito_1751652810930-1-1024x576-1.webp","datePublished":"2025-08-02T20:33:00+00:00","author":{"@id":"https:\/\/www.correiobraziliense.com.br\/cbradar\/#\/schema\/person\/5aa4bf3c8fa699c267933611de12978b"},"description":"O abiu pode render frutos incr\u00edveis, mas s\u00f3 para quem conhece os segredos do cultivo. Veja as melhores pr\u00e1ticas para colher com sucesso.","breadcrumb":{"@id":"https:\/\/www.correiobraziliense.com.br\/cbradar\/essa-fruta-brasileira-rara-pode-transformar-sua-saude\/#breadcrumb"},"inLanguage":"pt-BR","potentialAction":[{"@type":"ReadAction","target":["https:\/\/www.correiobraziliense.com.br\/cbradar\/essa-fruta-brasileira-rara-pode-transformar-sua-saude\/"]}]},{"@type":"ImageObject","inLanguage":"pt-BR","@id":"https:\/\/www.correiobraziliense.com.br\/cbradar\/essa-fruta-brasileira-rara-pode-transformar-sua-saude\/#primaryimage","url":"https:\/\/www.correiobraziliense.com.br\/cbradar\/wp-content\/uploads\/2025\/07\/Pouteria-caimito_1751652810930-1-1024x576-1.webp","contentUrl":"https:\/\/www.correiobraziliense.com.br\/cbradar\/wp-content\/uploads\/2025\/07\/Pouteria-caimito_1751652810930-1-1024x576-1.webp","width":1024,"height":576,"caption":"Fruta Abiu \u2013 Cr\u00e9ditos: depositphotos.com \/ sweemingyoung"},{"@type":"BreadcrumbList","@id":"https:\/\/www.correiobraziliense.com.br\/cbradar\/essa-fruta-brasileira-rara-pode-transformar-sua-saude\/#breadcrumb","itemListElement":[{"@type":"ListItem","position":1,"name":"In\u00edcio","item":"https:\/\/www.correiobraziliense.com.br\/cbradar\/"},{"@type":"ListItem","position":2,"name":"Essa fruta brasileira rara pode transformar sua sa\u00fade"}]},{"@type":"WebSite","@id":"https:\/\/www.correiobraziliense.com.br\/cbradar\/#website","url":"https:\/\/www.correiobraziliense.com.br\/cbradar\/","name":"Correio Braziliense - Radar","description":"Acompanhe as \u00faltimas not\u00edcias e fique bem informado sobre tudo o que acontece no Brasil e no mundo.","potentialAction":[{"@type":"SearchAction","target":{"@type":"EntryPoint","urlTemplate":"https:\/\/www.correiobraziliense.com.br\/cbradar\/?s={search_term_string}"},"query-input":{"@type":"PropertyValueSpecification","valueRequired":true,"valueName":"search_term_string"}}],"inLanguage":"pt-BR"},{"@type":"Person","@id":"https:\/\/www.correiobraziliense.com.br\/cbradar\/#\/schema\/person\/5aa4bf3c8fa699c267933611de12978b","name":"guilherme_saude","image":{"@type":"ImageObject","inLanguage":"pt-BR","@id":"https:\/\/www.correiobraziliense.com.br\/cbradar\/#\/schema\/person\/image\/","url":"https:\/\/secure.gravatar.com\/avatar\/df9adfb835d344bc0af109d41756253f?s=96&d=mm&r=g","contentUrl":"https:\/\/secure.gravatar.com\/avatar\/df9adfb835d344bc0af109d41756253f?s=96&d=mm&r=g","caption":"guilherme_saude"},"url":"https:\/\/www.correiobraziliense.com.br\/cbradar\/author\/guilherme_saude\/"}]}},"_links":{"self":[{"href":"https:\/\/www.correiobraziliense.com.br\/cbradar\/wp-json\/wp\/v2\/posts\/78488","targetHints":{"allow":["GET"]}}],"collection":[{"href":"https:\/\/www.correiobraziliense.com.br\/cbradar\/wp-json\/wp\/v2\/posts"}],"about":[{"href":"https:\/\/www.correiobraziliense.com.br\/cbradar\/wp-json\/wp\/v2\/types\/post"}],"author":[{"embeddable":true,"href":"https:\/\/www.correiobraziliense.com.br\/cbradar\/wp-json\/wp\/v2\/users\/14"}],"replies":[{"embeddable":true,"href":"https:\/\/www.correiobraziliense.com.br\/cbradar\/wp-json\/wp\/v2\/comments?post=78488"}],"version-history":[{"count":1,"href":"https:\/\/www.correiobraziliense.com.br\/cbradar\/wp-json\/wp\/v2\/posts\/78488\/revisions"}],"predecessor-version":[{"id":78531,"href":"https:\/\/www.correiobraziliense.com.br\/cbradar\/wp-json\/wp\/v2\/posts\/78488\/revisions\/78531"}],"wp:featuredmedia":[{"embeddable":true,"href":"https:\/\/www.correiobraziliense.com.br\/cbradar\/wp-json\/wp\/v2\/media\/78530"}],"wp:attachment":[{"href":"https:\/\/www.correiobraziliense.com.br\/cbradar\/wp-json\/wp\/v2\/media?parent=78488"}],"wp:term":[{"taxonomy":"category","embeddable":true,"href":"https:\/\/www.correiobraziliense.com.br\/cbradar\/wp-json\/wp\/v2\/categories?post=78488"},{"taxonomy":"post_tag","embeddable":true,"href":"https:\/\/www.correiobraziliense.com.br\/cbradar\/wp-json\/wp\/v2\/tags?post=78488"}],"curies":[{"name":"wp","href":"https:\/\/api.w.org\/{rel}","templated":true}]}}