{"id":79103,"date":"2025-08-02T07:03:00","date_gmt":"2025-08-02T10:03:00","guid":{"rendered":"https:\/\/www.correiobraziliense.com.br\/cbradar\/?p=79103"},"modified":"2025-08-01T23:04:33","modified_gmt":"2025-08-02T02:04:33","slug":"interior-paulista-vem-impressionando-brasileiros-com-sua-tranquilidade","status":"publish","type":"post","link":"https:\/\/www.correiobraziliense.com.br\/cbradar\/interior-paulista-vem-impressionando-brasileiros-com-sua-tranquilidade\/","title":{"rendered":"Interior paulista vem impressionando brasileiros com sua tranquilidade"},"content":{"rendered":"\n<p><strong><a href=\"https:\/\/piracicaba.sp.gov.br\/\" target=\"_blank\" rel=\"noreferrer noopener\">Piracicaba<\/a><\/strong>, no interior de <strong>S\u00e3o Paulo<\/strong>, <strong>Brasil<\/strong>, a 164 km de <strong>S\u00e3o Paulo<\/strong> e pr\u00f3xima a <strong>Campinas<\/strong> e <strong>Rio Claro<\/strong>, \u00e9 conhecida como \u201c<strong>Noiva da Colina<\/strong>\u201d. Com sua economia diversificada e qualidade de vida reconhecida, <strong>Piracicaba<\/strong> \u00e9 ideal para morar. Vivencie o que torna esta cidade um destino vibrante para fam\u00edlias e profissionais.<\/p>\n\n\n\n<ul class=\"wp-block-list\">\n<li>Economia robusta com setor sucroalcooleiro, ind\u00fastria e agroneg\u00f3cios.<\/li>\n\n\n\n<li>Qualidade de vida elevada com IDH de 0,785.<\/li>\n\n\n\n<li>Infraestrutura completa com universidades, hospitais e \u00e1reas verdes.<\/li>\n<\/ul>\n\n\n\n<h2 class=\"wp-block-heading\">Por que morar em Piracicaba?<\/h2>\n\n\n\n<p><strong>Piracicaba<\/strong> possui um IDH de 0,785, segundo o <strong><strong>Programa das Na\u00e7\u00f5es Unidas para o Desenvolvimento<\/strong><\/strong>, classificado como alto desenvolvimento humano. A economia \u00e9 movida pelo agroneg\u00f3cios, ind\u00fastria sucroalcooleira e setor de servi\u00e7os, conforme a <strong>Prefeitura de Piracicaba<\/strong>.<\/p>\n\n\n\n<p>Com cerca de 407mil habitantes, segundo o <strong>IBGE<\/strong>, a cidade oferece infraestrutura completa em sa\u00fade e educa\u00e7\u00e3o. A seguran\u00e7a \u00e9 refor\u00e7ada em \u00e1reas residenciais centrais.<\/p>\n\n\n\n<p>O custo de vida \u00e9 mais acess\u00edvel que na capital <strong>S\u00e3o Paulo<\/strong>, com alugu\u00e9is aproximadamente 40% mais baratos. A cidade conta com a <strong>Universidade de S\u00e3o Paulo<\/strong> (campus <strong>ESALQ<\/strong>) e a <strong>Universidade Metodista de Piracicaba<\/strong>, garantindo ensino superior de qualidade.<\/p>\n\n\n\n<p>A sa\u00fade \u00e9 bem estruturada, com hospitais como o <strong>Santa Casa de Piracicaba<\/strong> e o <strong>Hospital dos Fornecedores de Cana<\/strong>. O sistema p\u00fablico funciona integrado com a rede particular.<\/p>\n\n\n<div class=\"wp-block-image\">\n<figure class=\"aligncenter size-large\"><img decoding=\"async\" width=\"1024\" height=\"576\" src=\"https:\/\/www.correiobraziliense.com.br\/cbradar\/wp-content\/uploads\/2025\/06\/Edicoes-26-1-1024x576.png\" alt=\"Interior paulista vem impressionando brasileiros com sua tranquilidade\" class=\"wp-image-58565\" srcset=\"https:\/\/www.correiobraziliense.com.br\/cbradar\/wp-content\/uploads\/2025\/06\/Edicoes-26-1-1024x576.png 1024w, https:\/\/www.correiobraziliense.com.br\/cbradar\/wp-content\/uploads\/2025\/06\/Edicoes-26-1-300x169.png 300w, https:\/\/www.correiobraziliense.com.br\/cbradar\/wp-content\/uploads\/2025\/06\/Edicoes-26-1-768x432.png 768w, https:\/\/www.correiobraziliense.com.br\/cbradar\/wp-content\/uploads\/2025\/06\/Edicoes-26-1-750x422.png 750w, https:\/\/www.correiobraziliense.com.br\/cbradar\/wp-content\/uploads\/2025\/06\/Edicoes-26-1-1140x641.png 1140w, https:\/\/www.correiobraziliense.com.br\/cbradar\/wp-content\/uploads\/2025\/06\/Edicoes-26-1.png 1280w\" sizes=\"(max-width: 1024px) 100vw, 1024px\" \/><figcaption class=\"wp-element-caption\">Piracicaba \/\/ Cr\u00e9ditos: depositphotos.com \/ eearaki@gmail.com<\/figcaption><\/figure><\/div>\n\n\n<h2 class=\"wp-block-heading\">Quais s\u00e3o os melhores bairros para morar em Piracicaba?<\/h2>\n\n\n\n<ul class=\"wp-block-list\">\n<li>O <strong>Centro<\/strong> \u00e9 vibrante, com com\u00e9rcio diversificado e acesso ao <strong>Teatro Municipal<\/strong> e <strong>Mercado Municipal<\/strong>. Ideal para quem busca praticidade e vida urbana intensa.<\/li>\n\n\n\n<li>O <strong>Bairro Alto<\/strong> oferece resid\u00eancias familiares e proximidade com escolas tradicionais. \u00c9 uma regi\u00e3o valorizada, com boa infraestrutura de transporte.<\/li>\n\n\n\n<li>A <strong>Vila Rezende<\/strong> combina tranquilidade residencial com f\u00e1cil acesso ao centro. Possui supermercados, farm\u00e1cias e pra\u00e7as arborizadas para lazer familiar.<\/li>\n\n\n\n<li>O <strong>Jardim Elite<\/strong> \u00e9 conhecido pelas resid\u00eancias de padr\u00e3o elevado e ruas arborizadas. Oferece seguran\u00e7a e proximidade com \u00e1reas verdes como o <strong>Parque da Rua do Porto<\/strong>.<\/li>\n<\/ul>\n\n\n\n<figure class=\"wp-block-embed aligncenter is-type-video is-provider-youtube wp-block-embed-youtube wp-embed-aspect-16-9 wp-has-aspect-ratio\"><div class=\"wp-block-embed__wrapper\">\n<div class=\"jeg_video_container jeg_video_content\"><iframe loading=\"lazy\" title=\"PIRACICABA VISTA DE CIMA | 4K\" width=\"500\" height=\"281\" src=\"https:\/\/www.youtube.com\/embed\/y-GJyv6ztzo?feature=oembed\" frameborder=\"0\" allow=\"accelerometer; autoplay; clipboard-write; encrypted-media; gyroscope; picture-in-picture; web-share\" referrerpolicy=\"strict-origin-when-cross-origin\" allowfullscreen><\/iframe><\/div>\n<\/div><figcaption class=\"wp-element-caption\">Piracicaba \/\/ Cr\u00e9ditos: YouTube @partiubr<\/figcaption><\/figure>\n\n\n\n<h2 class=\"wp-block-heading\">Quais s\u00e3o as principais atra\u00e7\u00f5es tur\u00edsticas de Piracicaba?<\/h2>\n\n\n\n<p>O <strong>Museu da \u00c1gua<\/strong> fascina visitantes com exposi\u00e7\u00f5es interativas sobre recursos h\u00eddricos. Localizado no centro hist\u00f3rico, \u00e9 refer\u00eancia em educa\u00e7\u00e3o ambiental, segundo o <strong>Melhores Destinos<\/strong>.<\/p>\n\n\n\n<p>A <strong>Rua do Porto<\/strong> encanta com seu cal\u00e7ad\u00e3o \u00e0s margens do <strong>Rio Piracicaba<\/strong>. O espa\u00e7o oferece restaurantes, bares e vista panor\u00e2mica, sendo ponto de encontro tradicional da cidade.<\/p>\n\n\n\n<p>O <strong>Engenho Central<\/strong> preserva a hist\u00f3ria sucroalcooleira regional com arquitetura industrial do s\u00e9culo XIX. Funciona como centro cultural, promovendo exposi\u00e7\u00f5es e eventos gastron\u00f4micos.<\/p>\n\n\n\n<p>A <strong>Catedral de Santo Ant\u00f4nio<\/strong> impressiona com sua arquitetura neog\u00f3tica e vitrais coloridos. Localizada na <strong>Pra\u00e7a Jos\u00e9 Bonif\u00e1cio<\/strong>, \u00e9 marco religioso e arquitet\u00f4nico da cidade.<\/p>\n\n\n\n<p>O <strong>Parque da Rua do Porto<\/strong> oferece \u00e1rea verde com 42 hectares, trilhas ecol\u00f3gicas e playground infantil. \u00c9 o principal espa\u00e7o de lazer ao ar livre, frequentado por fam\u00edlias nos fins de semana.<\/p>\n\n\n\n<ul class=\"wp-block-list\">\n<li><strong>Museu da \u00c1gua<\/strong>: Exposi\u00e7\u00f5es interativas sobre sustentabilidade h\u00eddrica.<\/li>\n\n\n\n<li><strong>Rua do Porto<\/strong>: Cal\u00e7ad\u00e3o gastron\u00f4mico com vista para o rio.<\/li>\n\n\n\n<li><strong>Engenho Central<\/strong>: Centro cultural em patrim\u00f4nio hist\u00f3rico industrial.<\/li>\n\n\n\n<li><strong>Catedral de Santo Ant\u00f4nio<\/strong>: Arquitetura neog\u00f3tica com vitrais art\u00edsticos.<\/li>\n\n\n\n<li><strong>Parque da Rua do Porto<\/strong>: \u00c1rea verde com trilhas e espa\u00e7os recreativos.<\/li>\n<\/ul>\n\n\n<div class=\"wp-block-image\">\n<figure class=\"aligncenter size-large\"><img decoding=\"async\" width=\"1024\" height=\"576\" src=\"https:\/\/www.correiobraziliense.com.br\/cbradar\/wp-content\/uploads\/2025\/04\/Piracicaba_1744768268091-1024x576.jpg\" alt=\"Interior paulista vem impressionando brasileiros com sua tranquilidade\" class=\"wp-image-24116\" srcset=\"https:\/\/www.correiobraziliense.com.br\/cbradar\/wp-content\/uploads\/2025\/04\/Piracicaba_1744768268091-1024x576.jpg 1024w, https:\/\/www.correiobraziliense.com.br\/cbradar\/wp-content\/uploads\/2025\/04\/Piracicaba_1744768268091-300x169.jpg 300w, https:\/\/www.correiobraziliense.com.br\/cbradar\/wp-content\/uploads\/2025\/04\/Piracicaba_1744768268091-768x432.jpg 768w, https:\/\/www.correiobraziliense.com.br\/cbradar\/wp-content\/uploads\/2025\/04\/Piracicaba_1744768268091-750x422.jpg 750w, https:\/\/www.correiobraziliense.com.br\/cbradar\/wp-content\/uploads\/2025\/04\/Piracicaba_1744768268091-1140x641.jpg 1140w, https:\/\/www.correiobraziliense.com.br\/cbradar\/wp-content\/uploads\/2025\/04\/Piracicaba_1744768268091.jpg 1280w\" sizes=\"(max-width: 1024px) 100vw, 1024px\" \/><figcaption class=\"wp-element-caption\">Piracicaba \/\/ Cr\u00e9ditos: depositphotos.com \/ flamiaki8<\/figcaption><\/figure><\/div>\n\n\n<h2 class=\"wp-block-heading\">Como \u00e9 a vida cultural em Piracicaba?<\/h2>\n\n\n\n<p><strong>Piracicaba<\/strong> vibra com o <strong>Festival de Inverno<\/strong>, que re\u00fane m\u00fasica, teatro e gastronomia entre junho e agosto. O <strong>Teatro Municipal<\/strong> recebe espet\u00e1culos nacionais e produ\u00e7\u00f5es locais regularmente.<\/p>\n\n\n\n<p>A <strong>Festa do Divino<\/strong> preserva tradi\u00e7\u00f5es religiosas centen\u00e1rias, com prociss\u00f5es e quermesses na <strong>Pra\u00e7a Jos\u00e9 Bonif\u00e1cio<\/strong>. Feiras gastron\u00f4micas oferecem pratos t\u00edpicos do interior paulista.<\/p>\n\n\n\n<p>A <strong>Casa da Cultura<\/strong> promove exposi\u00e7\u00f5es de artistas regionais e oficinas art\u00edsticas. O espa\u00e7o incentiva talentos locais e democratiza o acesso \u00e0s artes.<\/p>\n\n\n<div class=\"wp-block-image\">\n<figure class=\"aligncenter size-large\"><img decoding=\"async\" width=\"1024\" height=\"576\" src=\"https:\/\/www.correiobraziliense.com.br\/cbradar\/wp-content\/uploads\/2025\/04\/Piracicaba_1744768260132-1024x576.jpg\" alt=\"Interior paulista vem impressionando brasileiros com sua tranquilidade\" class=\"wp-image-24115\" srcset=\"https:\/\/www.correiobraziliense.com.br\/cbradar\/wp-content\/uploads\/2025\/04\/Piracicaba_1744768260132-1024x576.jpg 1024w, https:\/\/www.correiobraziliense.com.br\/cbradar\/wp-content\/uploads\/2025\/04\/Piracicaba_1744768260132-300x169.jpg 300w, https:\/\/www.correiobraziliense.com.br\/cbradar\/wp-content\/uploads\/2025\/04\/Piracicaba_1744768260132-768x432.jpg 768w, https:\/\/www.correiobraziliense.com.br\/cbradar\/wp-content\/uploads\/2025\/04\/Piracicaba_1744768260132-750x422.jpg 750w, https:\/\/www.correiobraziliense.com.br\/cbradar\/wp-content\/uploads\/2025\/04\/Piracicaba_1744768260132-1140x641.jpg 1140w, https:\/\/www.correiobraziliense.com.br\/cbradar\/wp-content\/uploads\/2025\/04\/Piracicaba_1744768260132.jpg 1280w\" sizes=\"(max-width: 1024px) 100vw, 1024px\" \/><figcaption class=\"wp-element-caption\">Piracicaba \/\/ Cr\u00e9ditos: depositphotos.com \/ eearaki@gmail.com<\/figcaption><\/figure><\/div>\n\n\n<h2 class=\"wp-block-heading\">Por que Piracicaba \u00e9 refer\u00eancia em agroneg\u00f3cios?<\/h2>\n\n\n\n<p><strong>Piracicaba<\/strong> \u00e9 conhecida por sua tradi\u00e7\u00e3o no setor sucroalcooleiro e pesquisa agr\u00edcola, segundo a <strong>Secretaria de Desenvolvimento Econ\u00f4mico de Piracicaba<\/strong>. A <strong>ESALQ-USP<\/strong> \u00e9 refer\u00eancia mundial em ci\u00eancias agr\u00e1rias.<\/p>\n\n\n\n<p>A cidade abriga empresas do agroneg\u00f3cios e centros de pesquisa em biotecnologia. O <strong>Polo de Alta Tecnologia<\/strong> concentra startups e empresas de inova\u00e7\u00e3o agr\u00edcola.<\/p>\n\n\n\n<p>A <strong>Coopersucar<\/strong> e outras cooperativas fortalecem a economia local. O setor gera milhares de empregos diretos e indiretos na regi\u00e3o.<\/p>\n\n\n\n<h2 class=\"wp-block-heading\">A origem do apelido &#8220;Noiva da Colina&#8221;<\/h2>\n\n\n\n<p><strong>Piracicaba<\/strong> ganhou o apelido \u201c<strong>Noiva da Colina<\/strong>\u201d pela posi\u00e7\u00e3o geogr\u00e1fica elevada e beleza natural. A cidade se ergue sobre colinas \u00e0s margens do <strong>Rio Piracicaba<\/strong>, criando paisagem \u00fanica.<\/p>\n\n\n\n<p>O poeta <strong>Oswald de Andrade<\/strong> popularizou a express\u00e3o ao descrever a cidade em seus escritos modernistas. A denomina\u00e7\u00e3o ressalta a topografia ondulada e o charme urbano preservado.<\/p>\n\n\n\n<h2 class=\"wp-block-heading\">Melhor \u00e9poca para visitar o interior paulista?<\/h2>\n\n\n\n<p>Entre <strong>maio e setembro<\/strong>, <strong>Piracicaba<\/strong> tem temperaturas entre 15\u00b0C e 25\u00b0C, segundo o <strong>Climatempo<\/strong>. O per\u00edodo seco \u00e9 ideal para caminhadas pela <strong>Rua do Porto<\/strong> e visitas aos parques.<\/p>\n\n\n\n<p><strong>Junho e julho<\/strong> coincidem com o <strong>Festival de Inverno<\/strong>, oferecendo programa\u00e7\u00e3o cultural intensa. As noites s\u00e3o mais frescas, perfeitas para a vida noturna local.<\/p>\n\n\n\n<p><strong>Setembro e outubro<\/strong> marcam a temporada de flores, com ip\u00eas colorindo as ruas. \u00c9 per\u00edodo excelente para fotografia e turismo ecol\u00f3gico na regi\u00e3o.<\/p>\n\n\n\n<p><strong>Dezembro a mar\u00e7o<\/strong> concentra as chuvas de ver\u00e3o, mas n\u00e3o impede atividades tur\u00edsticas. Os restaurantes da <strong>Rua do Porto<\/strong> funcionam normalmente, com espa\u00e7os cobertos.<\/p>\n\n\n\n<p><strong>Leia tamb\u00e9m:<a href=\"https:\/\/www.correiobraziliense.com.br\/cbradar\/quase-ninguem-conhece-essa-cidade-barata-e-charmosa-do-interior-paulista\/\" target=\"_blank\" rel=\"noreferrer noopener\"> Quase ningu\u00e9m conhece essa cidade barata e charmosa do interior paulista<\/a><\/strong>.<\/p>\n\n\n\n<h2 class=\"wp-block-heading\">Vivencie Piracicaba<\/h2>\n\n\n\n<p><strong>Piracicaba<\/strong> une tradi\u00e7\u00e3o hist\u00f3rica, inova\u00e7\u00e3o tecnol\u00f3gica e qualidade de vida em <strong>S\u00e3o Paulo<\/strong>. Do <strong>Museu da \u00c1gua<\/strong> ao <strong>Festival de Inverno<\/strong>, \u00e9 uma cidade que oferece oportunidades profissionais e lazer diversificado. Planeje sua mudan\u00e7a para viver o charme da \u201c<strong>Noiva da Colina<\/strong>\u201d e descobrir as vantagens do interior paulista.<\/p>\n\n\n\n<ul class=\"wp-block-list\">\n<li>Economia diversificada com agroneg\u00f3cios e inova\u00e7\u00e3o tecnol\u00f3gica.<\/li>\n\n\n\n<li>Educa\u00e7\u00e3o superior de excel\u00eancia com <strong>ESALQ-USP<\/strong> e <strong>UNIMEP<\/strong>.<\/li>\n\n\n\n<li>Qualidade de vida elevada com custo acess\u00edvel e infraestrutura completa.<\/li>\n<\/ul>\n","protected":false},"excerpt":{"rendered":"<p>Piracicaba, no interior de S\u00e3o Paulo, Brasil, a 164 km de S\u00e3o Paulo e pr\u00f3xima a Campinas e Rio Claro, \u00e9 conhecida como \u201cNoiva da Colina\u201d. Com sua economia diversificada e qualidade de vida reconhecida, Piracicaba \u00e9 ideal para morar. Vivencie o que torna esta cidade um destino vibrante para fam\u00edlias e profissionais. Por que [&hellip;]<\/p>\n","protected":false},"author":8,"featured_media":79153,"comment_status":"open","ping_status":"open","sticky":false,"template":"","format":"standard","meta":{"_yoast_wpseo_focuskw":"Interior","_yoast_wpseo_title":"","_yoast_wpseo_metadesc":"O interior de S\u00e3o Paulo tem encantado cada vez mais brasileiros com sua tranquilidade, seguran\u00e7a e estilo de vida calmo. Descubra onde.","jnews-multi-image_gallery":[],"jnews_single_post":{"format":"standard"},"jnews_primary_category":[],"jnews_social_meta":[],"jnews_override_counter":[],"footnotes":""},"categories":[108,111],"post_tag":[225,3412,278],"class_list":["post-79103","post","type-post","status-publish","format-standard","has-post-thumbnail","hentry","category-cidades","category-turismo","tag-brasil","tag-piracicaba","tag-sao-paulo"],"yoast_head":"<!-- This site is optimized with the Yoast SEO plugin v24.6 - https:\/\/yoast.com\/wordpress\/plugins\/seo\/ -->\n<title>Interior paulista vem impressionando brasileiros com sua tranquilidade - Correio Braziliense - Radar<\/title>\n<meta name=\"description\" content=\"O interior de S\u00e3o Paulo tem encantado cada vez mais brasileiros com sua tranquilidade, seguran\u00e7a e estilo de vida calmo. Descubra onde.\" \/>\n<meta name=\"robots\" content=\"index, follow, max-snippet:-1, max-image-preview:large, max-video-preview:-1\" \/>\n<link rel=\"canonical\" href=\"https:\/\/www.correiobraziliense.com.br\/cbradar\/interior-paulista-vem-impressionando-brasileiros-com-sua-tranquilidade\/\" \/>\n<meta property=\"og:locale\" content=\"pt_BR\" \/>\n<meta property=\"og:type\" content=\"article\" \/>\n<meta property=\"og:title\" content=\"Interior paulista vem impressionando brasileiros com sua tranquilidade - Correio Braziliense - Radar\" \/>\n<meta property=\"og:description\" content=\"O interior de S\u00e3o Paulo tem encantado cada vez mais brasileiros com sua tranquilidade, seguran\u00e7a e estilo de vida calmo. Descubra onde.\" \/>\n<meta property=\"og:url\" content=\"https:\/\/www.correiobraziliense.com.br\/cbradar\/interior-paulista-vem-impressionando-brasileiros-com-sua-tranquilidade\/\" \/>\n<meta property=\"og:site_name\" content=\"Correio Braziliense - Radar\" \/>\n<meta property=\"article:published_time\" content=\"2025-08-02T10:03:00+00:00\" \/>\n<meta property=\"og:image\" content=\"https:\/\/www.correiobraziliense.com.br\/cbradar\/wp-content\/uploads\/2025\/08\/Edicoes-32.png\" \/>\n\t<meta property=\"og:image:width\" content=\"1280\" \/>\n\t<meta property=\"og:image:height\" content=\"720\" \/>\n\t<meta property=\"og:image:type\" content=\"image\/png\" \/>\n<meta name=\"author\" content=\"Maura Pereira\" \/>\n<meta name=\"twitter:card\" content=\"summary_large_image\" \/>\n<meta name=\"twitter:label1\" content=\"Escrito por\" \/>\n\t<meta name=\"twitter:data1\" content=\"Maura Pereira\" \/>\n\t<meta name=\"twitter:label2\" content=\"Est. tempo de leitura\" \/>\n\t<meta name=\"twitter:data2\" content=\"7 minutos\" \/>\n<!-- \/ Yoast SEO plugin. -->","yoast_head_json":{"title":"Interior paulista vem impressionando brasileiros com sua tranquilidade - Correio Braziliense - Radar","description":"O interior de S\u00e3o Paulo tem encantado cada vez mais brasileiros com sua tranquilidade, seguran\u00e7a e estilo de vida calmo. Descubra onde.","robots":{"index":"index","follow":"follow","max-snippet":"max-snippet:-1","max-image-preview":"max-image-preview:large","max-video-preview":"max-video-preview:-1"},"canonical":"https:\/\/www.correiobraziliense.com.br\/cbradar\/interior-paulista-vem-impressionando-brasileiros-com-sua-tranquilidade\/","og_locale":"pt_BR","og_type":"article","og_title":"Interior paulista vem impressionando brasileiros com sua tranquilidade - Correio Braziliense - Radar","og_description":"O interior de S\u00e3o Paulo tem encantado cada vez mais brasileiros com sua tranquilidade, seguran\u00e7a e estilo de vida calmo. Descubra onde.","og_url":"https:\/\/www.correiobraziliense.com.br\/cbradar\/interior-paulista-vem-impressionando-brasileiros-com-sua-tranquilidade\/","og_site_name":"Correio Braziliense - Radar","article_published_time":"2025-08-02T10:03:00+00:00","og_image":[{"width":1280,"height":720,"url":"https:\/\/www.correiobraziliense.com.br\/cbradar\/wp-content\/uploads\/2025\/08\/Edicoes-32.png","type":"image\/png"}],"author":"Maura Pereira","twitter_card":"summary_large_image","twitter_misc":{"Escrito por":"Maura Pereira","Est. tempo de leitura":"7 minutos"},"schema":{"@context":"https:\/\/schema.org","@graph":[{"@type":"WebPage","@id":"https:\/\/www.correiobraziliense.com.br\/cbradar\/interior-paulista-vem-impressionando-brasileiros-com-sua-tranquilidade\/","url":"https:\/\/www.correiobraziliense.com.br\/cbradar\/interior-paulista-vem-impressionando-brasileiros-com-sua-tranquilidade\/","name":"Interior paulista vem impressionando brasileiros com sua tranquilidade - Correio Braziliense - Radar","isPartOf":{"@id":"https:\/\/www.correiobraziliense.com.br\/cbradar\/#website"},"primaryImageOfPage":{"@id":"https:\/\/www.correiobraziliense.com.br\/cbradar\/interior-paulista-vem-impressionando-brasileiros-com-sua-tranquilidade\/#primaryimage"},"image":{"@id":"https:\/\/www.correiobraziliense.com.br\/cbradar\/interior-paulista-vem-impressionando-brasileiros-com-sua-tranquilidade\/#primaryimage"},"thumbnailUrl":"https:\/\/www.correiobraziliense.com.br\/cbradar\/wp-content\/uploads\/2025\/08\/Edicoes-32.png","datePublished":"2025-08-02T10:03:00+00:00","author":{"@id":"https:\/\/www.correiobraziliense.com.br\/cbradar\/#\/schema\/person\/4053c651a9bfc785afc6f4cbc9032fd3"},"description":"O interior de S\u00e3o Paulo tem encantado cada vez mais brasileiros com sua tranquilidade, seguran\u00e7a e estilo de vida calmo. Descubra onde.","breadcrumb":{"@id":"https:\/\/www.correiobraziliense.com.br\/cbradar\/interior-paulista-vem-impressionando-brasileiros-com-sua-tranquilidade\/#breadcrumb"},"inLanguage":"pt-BR","potentialAction":[{"@type":"ReadAction","target":["https:\/\/www.correiobraziliense.com.br\/cbradar\/interior-paulista-vem-impressionando-brasileiros-com-sua-tranquilidade\/"]}]},{"@type":"ImageObject","inLanguage":"pt-BR","@id":"https:\/\/www.correiobraziliense.com.br\/cbradar\/interior-paulista-vem-impressionando-brasileiros-com-sua-tranquilidade\/#primaryimage","url":"https:\/\/www.correiobraziliense.com.br\/cbradar\/wp-content\/uploads\/2025\/08\/Edicoes-32.png","contentUrl":"https:\/\/www.correiobraziliense.com.br\/cbradar\/wp-content\/uploads\/2025\/08\/Edicoes-32.png","width":1280,"height":720,"caption":"Piracicaba \u00e9 uma cidade do interior de S\u00e3o Paulo com cerca de 440 mil habitantes em 2025. \/\/ Cr\u00e9ditos: Wikip\u00e9dia"},{"@type":"BreadcrumbList","@id":"https:\/\/www.correiobraziliense.com.br\/cbradar\/interior-paulista-vem-impressionando-brasileiros-com-sua-tranquilidade\/#breadcrumb","itemListElement":[{"@type":"ListItem","position":1,"name":"In\u00edcio","item":"https:\/\/www.correiobraziliense.com.br\/cbradar\/"},{"@type":"ListItem","position":2,"name":"Interior paulista vem impressionando brasileiros com sua tranquilidade"}]},{"@type":"WebSite","@id":"https:\/\/www.correiobraziliense.com.br\/cbradar\/#website","url":"https:\/\/www.correiobraziliense.com.br\/cbradar\/","name":"Correio Braziliense - Radar","description":"Acompanhe as \u00faltimas not\u00edcias e fique bem informado sobre tudo o que acontece no Brasil e no mundo.","potentialAction":[{"@type":"SearchAction","target":{"@type":"EntryPoint","urlTemplate":"https:\/\/www.correiobraziliense.com.br\/cbradar\/?s={search_term_string}"},"query-input":{"@type":"PropertyValueSpecification","valueRequired":true,"valueName":"search_term_string"}}],"inLanguage":"pt-BR"},{"@type":"Person","@id":"https:\/\/www.correiobraziliense.com.br\/cbradar\/#\/schema\/person\/4053c651a9bfc785afc6f4cbc9032fd3","name":"Maura Pereira","image":{"@type":"ImageObject","inLanguage":"pt-BR","@id":"https:\/\/www.correiobraziliense.com.br\/cbradar\/#\/schema\/person\/image\/","url":"https:\/\/secure.gravatar.com\/avatar\/3effd6bdadfa447f15089c7f7144eaa6?s=96&d=mm&r=g","contentUrl":"https:\/\/secure.gravatar.com\/avatar\/3effd6bdadfa447f15089c7f7144eaa6?s=96&d=mm&r=g","caption":"Maura Pereira"},"sameAs":["https:\/\/www.correiobraziliense.com.br\/"],"url":"https:\/\/www.correiobraziliense.com.br\/cbradar\/author\/mauramyth\/"}]}},"_links":{"self":[{"href":"https:\/\/www.correiobraziliense.com.br\/cbradar\/wp-json\/wp\/v2\/posts\/79103","targetHints":{"allow":["GET"]}}],"collection":[{"href":"https:\/\/www.correiobraziliense.com.br\/cbradar\/wp-json\/wp\/v2\/posts"}],"about":[{"href":"https:\/\/www.correiobraziliense.com.br\/cbradar\/wp-json\/wp\/v2\/types\/post"}],"author":[{"embeddable":true,"href":"https:\/\/www.correiobraziliense.com.br\/cbradar\/wp-json\/wp\/v2\/users\/8"}],"replies":[{"embeddable":true,"href":"https:\/\/www.correiobraziliense.com.br\/cbradar\/wp-json\/wp\/v2\/comments?post=79103"}],"version-history":[{"count":19,"href":"https:\/\/www.correiobraziliense.com.br\/cbradar\/wp-json\/wp\/v2\/posts\/79103\/revisions"}],"predecessor-version":[{"id":79157,"href":"https:\/\/www.correiobraziliense.com.br\/cbradar\/wp-json\/wp\/v2\/posts\/79103\/revisions\/79157"}],"wp:featuredmedia":[{"embeddable":true,"href":"https:\/\/www.correiobraziliense.com.br\/cbradar\/wp-json\/wp\/v2\/media\/79153"}],"wp:attachment":[{"href":"https:\/\/www.correiobraziliense.com.br\/cbradar\/wp-json\/wp\/v2\/media?parent=79103"}],"wp:term":[{"taxonomy":"category","embeddable":true,"href":"https:\/\/www.correiobraziliense.com.br\/cbradar\/wp-json\/wp\/v2\/categories?post=79103"},{"taxonomy":"post_tag","embeddable":true,"href":"https:\/\/www.correiobraziliense.com.br\/cbradar\/wp-json\/wp\/v2\/post_tag?post=79103"}],"curies":[{"name":"wp","href":"https:\/\/api.w.org\/{rel}","templated":true}]}}