{"id":79433,"date":"2025-08-03T14:03:00","date_gmt":"2025-08-03T17:03:00","guid":{"rendered":"https:\/\/www.correiobraziliense.com.br\/cbradar\/?p=79433"},"modified":"2025-08-02T09:26:23","modified_gmt":"2025-08-02T12:26:23","slug":"sinais-de-que-seu-pet-esta-com-calor-e-como-refresca-lo-em-dias-quentes","status":"publish","type":"post","link":"https:\/\/www.correiobraziliense.com.br\/cbradar\/sinais-de-que-seu-pet-esta-com-calor-e-como-refresca-lo-em-dias-quentes\/","title":{"rendered":"Sinais de que seu pet est\u00e1 com calor e como refresc\u00e1-lo em dias quentes"},"content":{"rendered":"\n<p>Os animais de estima\u00e7\u00e3o tamb\u00e9m podem sofrer com as altas temperaturas e \u00e9 essencial saber identificar <strong>sinais de calor<\/strong> que eles apresentam. Entender esses ind\u00edcios pode prevenir problemas graves, como a insola\u00e7\u00e3o. Neste artigo, abordaremos os principais sinais de que um <strong>pet est\u00e1 com calor<\/strong> e dicas para mant\u00ea-lo fresco.<\/p>\n\n\n\n<ul class=\"wp-block-list\">\n<li><strong>Respira\u00e7\u00e3o ofegante<\/strong> constante<\/li>\n\n\n\n<li>Busca por lugares frios<\/li>\n\n\n\n<li>Excesso de saliva e letargia<\/li>\n<\/ul>\n\n\n\n<h2 class=\"wp-block-heading\">Como identificar quando um pet est\u00e1 com calor?<\/h2>\n\n\n\n<p>Os <strong>sinais de calor em pets<\/strong> geralmente incluem respira\u00e7\u00e3o ofegante intensa e busca incessante por \u00e1reas mais frias. Caso note esses sintomas, \u00e9 crucial agir rapidamente para evitar complica\u00e7\u00f5es.<\/p>\n\n\n\n<h2 class=\"wp-block-heading\">Quais s\u00e3o os riscos do calor excessivo para os animais?<\/h2>\n\n\n\n<p>O <strong>calor excessivo<\/strong> pode levar \u00e0 desidrata\u00e7\u00e3o e insola\u00e7\u00e3o em pets. Em casos mais graves, isso pode resultar em danos aos \u00f3rg\u00e3os ou at\u00e9 mesmo ser fatal. \u00c9 importante sempre supervisionar as atividades do seu pet em tempos quentes.<\/p>\n\n\n\n<figure class=\"wp-block-image size-large\"><img decoding=\"async\" width=\"1024\" height=\"576\" src=\"https:\/\/www.correiobraziliense.com.br\/cbradar\/wp-content\/uploads\/2025\/08\/cachorro-calor_1754137324652-1024x576.jpg\" alt=\"Sinais de que seu pet est\u00e1 com calor e como refresc\u00e1-lo em dias quentes\" class=\"wp-image-79436\" srcset=\"https:\/\/www.correiobraziliense.com.br\/cbradar\/wp-content\/uploads\/2025\/08\/cachorro-calor_1754137324652-1024x576.jpg 1024w, https:\/\/www.correiobraziliense.com.br\/cbradar\/wp-content\/uploads\/2025\/08\/cachorro-calor_1754137324652-300x169.jpg 300w, https:\/\/www.correiobraziliense.com.br\/cbradar\/wp-content\/uploads\/2025\/08\/cachorro-calor_1754137324652-768x432.jpg 768w, https:\/\/www.correiobraziliense.com.br\/cbradar\/wp-content\/uploads\/2025\/08\/cachorro-calor_1754137324652-750x422.jpg 750w, https:\/\/www.correiobraziliense.com.br\/cbradar\/wp-content\/uploads\/2025\/08\/cachorro-calor_1754137324652-1140x641.jpg 1140w, https:\/\/www.correiobraziliense.com.br\/cbradar\/wp-content\/uploads\/2025\/08\/cachorro-calor_1754137324652.jpg 1280w\" sizes=\"(max-width: 1024px) 100vw, 1024px\" \/><figcaption class=\"wp-element-caption\">Cachorro com calor. Cr\u00e9ditos: depositphotos.com \/ serezniy<\/figcaption><\/figure>\n\n\n\n<h2 class=\"wp-block-heading\">Dicas pr\u00e1ticas: Como manter seu pet fresco<\/h2>\n\n\n\n<p>Mantenha sempre <strong>\u00e1gua fresca<\/strong> dispon\u00edvel. Um ambiente arejado e com sombra \u00e9 primordial para o bem-estar dos animais.<\/p>\n\n\n\n<ul class=\"wp-block-list\">\n<li>Ofere\u00e7a cubos de gelo para eles lambuzarem<\/li>\n\n\n\n<li>Use ventiladores ou climatizadores no recinto<\/li>\n\n\n\n<li>Prefira passeios em hor\u00e1rios mais frescos, como antes das 10h ou ap\u00f3s as 16h<\/li>\n<\/ul>\n\n\n\n<p><strong>Dica r\u00e1pida:<\/strong> Para pets de pelos longos, considerar um corte mais curto pode ajudar a mant\u00ea-los frescos durante o ver\u00e3o.<\/p>\n\n\n\n<h2 class=\"wp-block-heading\">O que fazer em caso de sinais de insola\u00e7\u00e3o?<\/h2>\n\n\n\n<p>Se notar que seu pet est\u00e1 cambaleando, let\u00e1rgico ou com a l\u00edngua muito avermelhada, pode ser sinal de <strong>insola\u00e7\u00e3o<\/strong>. Coloque uma toalha \u00famida e fresca sobre ele e procure rapidamente um veterin\u00e1rio.<\/p>\n\n\n\n<p>Leia tamb\u00e9m: <a href=\"https:\/\/www.correiobraziliense.com.br\/cbradar\/a-melhor-raca-de-cachorro-para-maiores-de-65-anos-nao-e-o-que-voce-imagina\/\" target=\"_blank\" rel=\"noreferrer noopener\">A melhor ra\u00e7a de cachorro para maiores de 65 anos n\u00e3o \u00e9 o que voc\u00ea imagina<\/a><\/p>\n\n\n\n<h2 class=\"wp-block-heading\">Conscientize e proteja seu pet contra o calor<\/h2>\n\n\n\n<ul class=\"wp-block-list\">\n<li>Monitorar a temperatura dos ambientes onde o pet se encontra<\/li>\n\n\n\n<li>Oferecer sombra e \u00e1gua abundante<\/li>\n\n\n\n<li>Evitar exerc\u00edcios intensos nas horas mais quentes do dia<\/li>\n<\/ul>\n\n\n\n<p>Proteger seu pet dos efeitos do calor \u00e9 essencial para garantir seu bem-estar e sa\u00fade. Atente-se aos sinais e aja sempre de forma preventiva. Seu pet agradece!<\/p>\n","protected":false},"excerpt":{"rendered":"<p>Sinais de calor em pets e dicas eficazes para refresc\u00e1-los em dias quentes. Mantenha seu amigo peludo confort\u00e1vel e seguro!<\/p>\n","protected":false},"author":3,"featured_media":79435,"comment_status":"open","ping_status":"open","sticky":false,"template":"","format":"standard","meta":{"_yoast_wpseo_focuskw":"pet calor","_yoast_wpseo_title":"%%title%%","_yoast_wpseo_metadesc":"Sinais de calor em pets e dicas eficazes para refresc\u00e1-los em dias quentes. Mantenha seu amigo peludo confort\u00e1vel e seguro!","jnews-multi-image_gallery":[],"jnews_single_post":{"format":"standard"},"jnews_primary_category":[],"jnews_social_meta":[],"jnews_override_counter":[],"footnotes":""},"categories":[112],"tags":[230,1977,144],"class_list":["post-79433","post","type-post","status-publish","format-standard","has-post-thumbnail","hentry","category-curiosidades","tag-animais","tag-animais-de-estimacao","tag-curiosidades"],"yoast_head":"<!-- This site is optimized with the Yoast SEO plugin v24.6 - https:\/\/yoast.com\/wordpress\/plugins\/seo\/ -->\n<title>Sinais de que seu pet est\u00e1 com calor e como refresc\u00e1-lo em dias quentes<\/title>\n<meta name=\"description\" content=\"Sinais de calor em pets e dicas eficazes para refresc\u00e1-los em dias quentes. Mantenha seu amigo peludo confort\u00e1vel e seguro!\" \/>\n<meta name=\"robots\" content=\"index, follow, max-snippet:-1, max-image-preview:large, max-video-preview:-1\" \/>\n<link rel=\"canonical\" href=\"https:\/\/www.correiobraziliense.com.br\/cbradar\/sinais-de-que-seu-pet-esta-com-calor-e-como-refresca-lo-em-dias-quentes\/\" \/>\n<meta property=\"og:locale\" content=\"pt_BR\" \/>\n<meta property=\"og:type\" content=\"article\" \/>\n<meta property=\"og:title\" content=\"Sinais de que seu pet est\u00e1 com calor e como refresc\u00e1-lo em dias quentes\" \/>\n<meta property=\"og:description\" content=\"Sinais de calor em pets e dicas eficazes para refresc\u00e1-los em dias quentes. Mantenha seu amigo peludo confort\u00e1vel e seguro!\" \/>\n<meta property=\"og:url\" content=\"https:\/\/www.correiobraziliense.com.br\/cbradar\/sinais-de-que-seu-pet-esta-com-calor-e-como-refresca-lo-em-dias-quentes\/\" \/>\n<meta property=\"og:site_name\" content=\"Correio Braziliense - Radar\" \/>\n<meta property=\"article:published_time\" content=\"2025-08-03T17:03:00+00:00\" \/>\n<meta property=\"og:image\" content=\"https:\/\/www.correiobraziliense.com.br\/cbradar\/wp-content\/uploads\/2025\/08\/cachorro-calor_1754136891613.jpg\" \/>\n\t<meta property=\"og:image:width\" content=\"1280\" \/>\n\t<meta property=\"og:image:height\" content=\"720\" \/>\n\t<meta property=\"og:image:type\" content=\"image\/jpeg\" \/>\n<meta name=\"author\" content=\"Larissa Carvalho\" \/>\n<meta name=\"twitter:card\" content=\"summary_large_image\" \/>\n<meta name=\"twitter:label1\" content=\"Escrito por\" \/>\n\t<meta name=\"twitter:data1\" content=\"Larissa Carvalho\" \/>\n\t<meta name=\"twitter:label2\" content=\"Est. tempo de leitura\" \/>\n\t<meta name=\"twitter:data2\" content=\"3 minutos\" \/>\n<!-- \/ Yoast SEO plugin. -->","yoast_head_json":{"title":"Sinais de que seu pet est\u00e1 com calor e como refresc\u00e1-lo em dias quentes","description":"Sinais de calor em pets e dicas eficazes para refresc\u00e1-los em dias quentes. Mantenha seu amigo peludo confort\u00e1vel e seguro!","robots":{"index":"index","follow":"follow","max-snippet":"max-snippet:-1","max-image-preview":"max-image-preview:large","max-video-preview":"max-video-preview:-1"},"canonical":"https:\/\/www.correiobraziliense.com.br\/cbradar\/sinais-de-que-seu-pet-esta-com-calor-e-como-refresca-lo-em-dias-quentes\/","og_locale":"pt_BR","og_type":"article","og_title":"Sinais de que seu pet est\u00e1 com calor e como refresc\u00e1-lo em dias quentes","og_description":"Sinais de calor em pets e dicas eficazes para refresc\u00e1-los em dias quentes. Mantenha seu amigo peludo confort\u00e1vel e seguro!","og_url":"https:\/\/www.correiobraziliense.com.br\/cbradar\/sinais-de-que-seu-pet-esta-com-calor-e-como-refresca-lo-em-dias-quentes\/","og_site_name":"Correio Braziliense - Radar","article_published_time":"2025-08-03T17:03:00+00:00","og_image":[{"width":1280,"height":720,"url":"https:\/\/www.correiobraziliense.com.br\/cbradar\/wp-content\/uploads\/2025\/08\/cachorro-calor_1754136891613.jpg","type":"image\/jpeg"}],"author":"Larissa Carvalho","twitter_card":"summary_large_image","twitter_misc":{"Escrito por":"Larissa Carvalho","Est. tempo de leitura":"3 minutos"},"schema":{"@context":"https:\/\/schema.org","@graph":[{"@type":"WebPage","@id":"https:\/\/www.correiobraziliense.com.br\/cbradar\/sinais-de-que-seu-pet-esta-com-calor-e-como-refresca-lo-em-dias-quentes\/","url":"https:\/\/www.correiobraziliense.com.br\/cbradar\/sinais-de-que-seu-pet-esta-com-calor-e-como-refresca-lo-em-dias-quentes\/","name":"Sinais de que seu pet est\u00e1 com calor e como refresc\u00e1-lo em dias quentes","isPartOf":{"@id":"https:\/\/www.correiobraziliense.com.br\/cbradar\/#website"},"primaryImageOfPage":{"@id":"https:\/\/www.correiobraziliense.com.br\/cbradar\/sinais-de-que-seu-pet-esta-com-calor-e-como-refresca-lo-em-dias-quentes\/#primaryimage"},"image":{"@id":"https:\/\/www.correiobraziliense.com.br\/cbradar\/sinais-de-que-seu-pet-esta-com-calor-e-como-refresca-lo-em-dias-quentes\/#primaryimage"},"thumbnailUrl":"https:\/\/www.correiobraziliense.com.br\/cbradar\/wp-content\/uploads\/2025\/08\/cachorro-calor_1754136891613.jpg","datePublished":"2025-08-03T17:03:00+00:00","author":{"@id":"https:\/\/www.correiobraziliense.com.br\/cbradar\/#\/schema\/person\/58422787644df994b53a19d3e56c1513"},"description":"Sinais de calor em pets e dicas eficazes para refresc\u00e1-los em dias quentes. Mantenha seu amigo peludo confort\u00e1vel e seguro!","breadcrumb":{"@id":"https:\/\/www.correiobraziliense.com.br\/cbradar\/sinais-de-que-seu-pet-esta-com-calor-e-como-refresca-lo-em-dias-quentes\/#breadcrumb"},"inLanguage":"pt-BR","potentialAction":[{"@type":"ReadAction","target":["https:\/\/www.correiobraziliense.com.br\/cbradar\/sinais-de-que-seu-pet-esta-com-calor-e-como-refresca-lo-em-dias-quentes\/"]}]},{"@type":"ImageObject","inLanguage":"pt-BR","@id":"https:\/\/www.correiobraziliense.com.br\/cbradar\/sinais-de-que-seu-pet-esta-com-calor-e-como-refresca-lo-em-dias-quentes\/#primaryimage","url":"https:\/\/www.correiobraziliense.com.br\/cbradar\/wp-content\/uploads\/2025\/08\/cachorro-calor_1754136891613.jpg","contentUrl":"https:\/\/www.correiobraziliense.com.br\/cbradar\/wp-content\/uploads\/2025\/08\/cachorro-calor_1754136891613.jpg","width":1280,"height":720,"caption":"cachorro calor. Cr\u00e9ditos: depositphotos.com \/ serezniy"},{"@type":"BreadcrumbList","@id":"https:\/\/www.correiobraziliense.com.br\/cbradar\/sinais-de-que-seu-pet-esta-com-calor-e-como-refresca-lo-em-dias-quentes\/#breadcrumb","itemListElement":[{"@type":"ListItem","position":1,"name":"In\u00edcio","item":"https:\/\/www.correiobraziliense.com.br\/cbradar\/"},{"@type":"ListItem","position":2,"name":"Sinais de que seu pet est\u00e1 com calor e como refresc\u00e1-lo em dias quentes"}]},{"@type":"WebSite","@id":"https:\/\/www.correiobraziliense.com.br\/cbradar\/#website","url":"https:\/\/www.correiobraziliense.com.br\/cbradar\/","name":"Correio Braziliense - Radar","description":"Acompanhe as \u00faltimas not\u00edcias e fique bem informado sobre tudo o que acontece no Brasil e no mundo.","potentialAction":[{"@type":"SearchAction","target":{"@type":"EntryPoint","urlTemplate":"https:\/\/www.correiobraziliense.com.br\/cbradar\/?s={search_term_string}"},"query-input":{"@type":"PropertyValueSpecification","valueRequired":true,"valueName":"search_term_string"}}],"inLanguage":"pt-BR"},{"@type":"Person","@id":"https:\/\/www.correiobraziliense.com.br\/cbradar\/#\/schema\/person\/58422787644df994b53a19d3e56c1513","name":"Larissa Carvalho","image":{"@type":"ImageObject","inLanguage":"pt-BR","@id":"https:\/\/www.correiobraziliense.com.br\/cbradar\/#\/schema\/person\/image\/","url":"https:\/\/secure.gravatar.com\/avatar\/fe4f91a0de32b52a838d0d612abdc1aa?s=96&d=mm&r=g","contentUrl":"https:\/\/secure.gravatar.com\/avatar\/fe4f91a0de32b52a838d0d612abdc1aa?s=96&d=mm&r=g","caption":"Larissa Carvalho"},"url":"https:\/\/www.correiobraziliense.com.br\/cbradar\/author\/larissamyth\/"}]}},"_links":{"self":[{"href":"https:\/\/www.correiobraziliense.com.br\/cbradar\/wp-json\/wp\/v2\/posts\/79433","targetHints":{"allow":["GET"]}}],"collection":[{"href":"https:\/\/www.correiobraziliense.com.br\/cbradar\/wp-json\/wp\/v2\/posts"}],"about":[{"href":"https:\/\/www.correiobraziliense.com.br\/cbradar\/wp-json\/wp\/v2\/types\/post"}],"author":[{"embeddable":true,"href":"https:\/\/www.correiobraziliense.com.br\/cbradar\/wp-json\/wp\/v2\/users\/3"}],"replies":[{"embeddable":true,"href":"https:\/\/www.correiobraziliense.com.br\/cbradar\/wp-json\/wp\/v2\/comments?post=79433"}],"version-history":[{"count":2,"href":"https:\/\/www.correiobraziliense.com.br\/cbradar\/wp-json\/wp\/v2\/posts\/79433\/revisions"}],"predecessor-version":[{"id":79437,"href":"https:\/\/www.correiobraziliense.com.br\/cbradar\/wp-json\/wp\/v2\/posts\/79433\/revisions\/79437"}],"wp:featuredmedia":[{"embeddable":true,"href":"https:\/\/www.correiobraziliense.com.br\/cbradar\/wp-json\/wp\/v2\/media\/79435"}],"wp:attachment":[{"href":"https:\/\/www.correiobraziliense.com.br\/cbradar\/wp-json\/wp\/v2\/media?parent=79433"}],"wp:term":[{"taxonomy":"category","embeddable":true,"href":"https:\/\/www.correiobraziliense.com.br\/cbradar\/wp-json\/wp\/v2\/categories?post=79433"},{"taxonomy":"post_tag","embeddable":true,"href":"https:\/\/www.correiobraziliense.com.br\/cbradar\/wp-json\/wp\/v2\/tags?post=79433"}],"curies":[{"name":"wp","href":"https:\/\/api.w.org\/{rel}","templated":true}]}}