{"id":79440,"date":"2025-08-03T12:03:29","date_gmt":"2025-08-03T15:03:29","guid":{"rendered":"https:\/\/www.correiobraziliense.com.br\/cbradar\/?p=79440"},"modified":"2025-08-02T10:10:23","modified_gmt":"2025-08-02T13:10:23","slug":"o-que-fazer-quando-as-sementes-simplesmente-nao-brotam","status":"publish","type":"post","link":"https:\/\/www.correiobraziliense.com.br\/cbradar\/o-que-fazer-quando-as-sementes-simplesmente-nao-brotam\/","title":{"rendered":"O que fazer quando as sementes simplesmente n\u00e3o brotam"},"content":{"rendered":"\n<p>Cuidar de um jardim pode parecer uma tarefa simples, mas diversos fatores podem interferir no processo de germina\u00e7\u00e3o das sementes. Muitos se dedicam a manter suas plantas saud\u00e1veis, quer seja em pequenos espa\u00e7os urbanos ou em jardins maiores, almejando ver o florescimento de novas <a href=\"https:\/\/www.correiobraziliense.com.br\/cbradar\/as-quatros-plantas-que-devem-ficar-fora-de-casa-segundo-o-feng-shui\/\" target=\"_blank\" rel=\"noopener\">plantas.<\/a> No entanto, quando as sementes n\u00e3o germinam conforme o esperado, a decep\u00e7\u00e3o pode se transformar rapidamente em frustra\u00e7\u00e3o.<\/p>\n\n\n\n<p>Identificar e corrigir os erros no processo de germina\u00e7\u00e3o \u00e9 essencial para revitalizar o espa\u00e7o verde. Al\u00e9m de \u00e1gua e luz, as sementes precisam ser plantadas na profundidade correta e em condi\u00e7\u00f5es adequadas de temperatura e umidade. A aten\u00e7\u00e3o a esses detalhes pode ser a diferen\u00e7a entre um jardim vi\u00e7oso e um espa\u00e7o improdutivo.<\/p>\n\n\n\n<h2 class=\"wp-block-heading\">Quais s\u00e3o os erros comuns na germina\u00e7\u00e3o de sementes?<\/h2>\n\n\n\n<p>Especialistas em jardinagem destacam alguns dos erros mais comuns que impedem a germina\u00e7\u00e3o das sementes. Um deles \u00e9 a profundidade em que as sementes s\u00e3o enterradas. Cada esp\u00e9cie tem uma profundidade espec\u00edfica ideal de plantio. Se as sementes forem colocadas muito fundo, podem n\u00e3o receber luz e ar suficientes para brotar.<\/p>\n\n\n\n<p>Outro erro frequente est\u00e1 relacionado ao <strong>regime de irriga\u00e7\u00e3o<\/strong>. As sementes necessitam de umidade constante para germinar. Caso o solo seque, as sementes podem desidratar; contudo, o excesso de \u00e1gua tamb\u00e9m pode ser prejudicial, j\u00e1 que pode asfixiar as sementes e causar apodrecimento.<\/p>\n\n\n<div class=\"wp-block-image\">\n<figure class=\"aligncenter size-large\"><img decoding=\"async\" width=\"1024\" height=\"576\" src=\"https:\/\/www.correiobraziliense.com.br\/cbradar\/wp-content\/uploads\/2025\/08\/sementes_1754140012907-1024x576.jpg\" alt=\"\" class=\"wp-image-79447\" srcset=\"https:\/\/www.correiobraziliense.com.br\/cbradar\/wp-content\/uploads\/2025\/08\/sementes_1754140012907-1024x576.jpg 1024w, https:\/\/www.correiobraziliense.com.br\/cbradar\/wp-content\/uploads\/2025\/08\/sementes_1754140012907-300x169.jpg 300w, https:\/\/www.correiobraziliense.com.br\/cbradar\/wp-content\/uploads\/2025\/08\/sementes_1754140012907-768x432.jpg 768w, https:\/\/www.correiobraziliense.com.br\/cbradar\/wp-content\/uploads\/2025\/08\/sementes_1754140012907-750x422.jpg 750w, https:\/\/www.correiobraziliense.com.br\/cbradar\/wp-content\/uploads\/2025\/08\/sementes_1754140012907-1140x641.jpg 1140w, https:\/\/www.correiobraziliense.com.br\/cbradar\/wp-content\/uploads\/2025\/08\/sementes_1754140012907.jpg 1280w\" sizes=\"(max-width: 1024px) 100vw, 1024px\" \/><figcaption class=\"wp-element-caption\">Sementes &#8211; Cr\u00e9ditos: depositphotos.com \/ danyk<\/figcaption><\/figure><\/div>\n\n\n<h2 class=\"wp-block-heading\">Qual a import\u00e2ncia da qualidade e do tipo de semente?<\/h2>\n\n\n\n<p>A qualidade das sementes \u00e9 um fator crucial. Muitas vezes, as sementes podem parecer iguais, por\u00e9m, podem haver diferen\u00e7as significativas em sua capacidade de germina\u00e7\u00e3o. Sementes velhas ou vencidas t\u00eam menos chances de brotar. Portanto, \u00e9 importante <strong>verificar a data de embalagem<\/strong> ao compr\u00e1-las.<\/p>\n\n\n\n<p>Al\u00e9m disso, a <em>temperatura<\/em> tamb\u00e9m desempenha um papel central. Cada tipo de semente possui um intervalo de temperatura ideal para germina\u00e7\u00e3o. Se o ambiente estiver muito frio ou quente, o processo de germina\u00e7\u00e3o pode ser interrompido. Assim, ajustar a temperatura conforme a esp\u00e9cie \u00e9 fundamental para o sucesso do plantio.<\/p>\n\n\n\n<p>Vale lembrar que em determinadas cidades, como <strong>S\u00e3o Paulo<\/strong> ou <strong>Rio de Janeiro<\/strong>, a varia\u00e7\u00e3o clim\u00e1tica pode exigir cuidados redobrados com a escolha do per\u00edodo de plantio, pois mudan\u00e7as bruscas de temperatura s\u00e3o comuns. <strong>Organiza\u00e7\u00f5es internacionais<\/strong> de horticultura, como a <a href=\"https:\/\/www.rhs.org.uk\/\" target=\"_blank\" rel=\"noreferrer noopener\">Royal Horticultural Society<\/a>, recomendam observar cuidadosamente as instru\u00e7\u00f5es espec\u00edficas de cada esp\u00e9cie, especialmente ao comprar sementes em <strong>lojas especializadas<\/strong> ou em grandes redes.<\/p>\n\n\n\n<h2 class=\"wp-block-heading\">Como superar os desafios de germina\u00e7\u00e3o?<\/h2>\n\n\n\n<p>Caso perceba que as sementes n\u00e3o est\u00e3o germinando ap\u00f3s alguns dias, \u00e9 recomend\u00e1vel verificar a profundidade em que foram enterradas e garantir que n\u00e3o estejam muito profundas. Al\u00e9m disso, o sustrato deve ser constantemente umedecido sem que fique encharcado. Optar por sementes frescas e ajustar a temperatura de acordo com o tipo de semente s\u00e3o estrat\u00e9gias eficazes para melhorar o processo de germina\u00e7\u00e3o.<\/p>\n\n\n\n<p>Adotando essas pr\u00e1ticas e cuidando para evitar os erros comuns, as chances de desenvolver um jardim ou horta pr\u00f3spera aumentam consideravelmente. Assim, al\u00e9m de um espa\u00e7o verde revigorado, os resultados satisfat\u00f3rios contribuir\u00e3o para um ambiente mais acolhedor e saud\u00e1vel.<\/p>\n","protected":false},"excerpt":{"rendered":"<p>Cuidar de um jardim pode parecer uma tarefa simples, mas diversos fatores podem interferir no processo de germina\u00e7\u00e3o das sementes. Muitos se dedicam a manter suas plantas saud\u00e1veis, quer seja em pequenos espa\u00e7os urbanos ou em jardins maiores, almejando ver o florescimento de novas plantas. No entanto, quando as sementes n\u00e3o germinam conforme o esperado, [&hellip;]<\/p>\n","protected":false},"author":9,"featured_media":41427,"comment_status":"open","ping_status":"open","sticky":false,"template":"","format":"standard","meta":{"_yoast_wpseo_focuskw":"sementes","_yoast_wpseo_title":"%%title%% %%page%%","_yoast_wpseo_metadesc":"Evite os erros que impedem a germina\u00e7\u00e3o das sementes e descubra como ter um jardim saud\u00e1vel com dicas simples e eficazes.","jnews-multi-image_gallery":[],"jnews_single_post":{"format":"standard"},"jnews_primary_category":[],"jnews_social_meta":[],"jnews_override_counter":[],"footnotes":""},"categories":[136],"post_tag":[3392,224,8921],"class_list":["post-79440","post","type-post","status-publish","format-standard","has-post-thumbnail","hentry","category-jardinagem","tag-germinacao","tag-plantas","tag-semente"],"yoast_head":"<!-- This site is optimized with the Yoast SEO plugin v24.6 - https:\/\/yoast.com\/wordpress\/plugins\/seo\/ -->\n<title>O que fazer quando as sementes simplesmente n\u00e3o brotam<\/title>\n<meta name=\"description\" content=\"Evite os erros que impedem a germina\u00e7\u00e3o das sementes e descubra como ter um jardim saud\u00e1vel com dicas simples e eficazes.\" \/>\n<meta name=\"robots\" content=\"index, follow, max-snippet:-1, max-image-preview:large, max-video-preview:-1\" \/>\n<link rel=\"canonical\" href=\"https:\/\/www.correiobraziliense.com.br\/cbradar\/o-que-fazer-quando-as-sementes-simplesmente-nao-brotam\/\" \/>\n<meta property=\"og:locale\" content=\"pt_BR\" \/>\n<meta property=\"og:type\" content=\"article\" \/>\n<meta property=\"og:title\" content=\"O que fazer quando as sementes simplesmente n\u00e3o brotam\" \/>\n<meta property=\"og:description\" content=\"Evite os erros que impedem a germina\u00e7\u00e3o das sementes e descubra como ter um jardim saud\u00e1vel com dicas simples e eficazes.\" \/>\n<meta property=\"og:url\" content=\"https:\/\/www.correiobraziliense.com.br\/cbradar\/o-que-fazer-quando-as-sementes-simplesmente-nao-brotam\/\" \/>\n<meta property=\"og:site_name\" content=\"Correio Braziliense - Radar\" \/>\n<meta property=\"article:published_time\" content=\"2025-08-03T15:03:29+00:00\" \/>\n<meta property=\"og:image\" content=\"https:\/\/www.correiobraziliense.com.br\/cbradar\/wp-content\/uploads\/2025\/05\/cartela-de-ovo-_1747932528008.jpg\" \/>\n\t<meta property=\"og:image:width\" content=\"1280\" \/>\n\t<meta property=\"og:image:height\" content=\"720\" \/>\n\t<meta property=\"og:image:type\" content=\"image\/jpeg\" \/>\n<meta name=\"author\" content=\"Daniely Cardoso\" \/>\n<meta name=\"twitter:card\" content=\"summary_large_image\" \/>\n<meta name=\"twitter:label1\" content=\"Escrito por\" \/>\n\t<meta name=\"twitter:data1\" content=\"Daniely Cardoso\" \/>\n\t<meta name=\"twitter:label2\" content=\"Est. tempo de leitura\" \/>\n\t<meta name=\"twitter:data2\" content=\"4 minutos\" \/>\n<!-- \/ Yoast SEO plugin. -->","yoast_head_json":{"title":"O que fazer quando as sementes simplesmente n\u00e3o brotam","description":"Evite os erros que impedem a germina\u00e7\u00e3o das sementes e descubra como ter um jardim saud\u00e1vel com dicas simples e eficazes.","robots":{"index":"index","follow":"follow","max-snippet":"max-snippet:-1","max-image-preview":"max-image-preview:large","max-video-preview":"max-video-preview:-1"},"canonical":"https:\/\/www.correiobraziliense.com.br\/cbradar\/o-que-fazer-quando-as-sementes-simplesmente-nao-brotam\/","og_locale":"pt_BR","og_type":"article","og_title":"O que fazer quando as sementes simplesmente n\u00e3o brotam","og_description":"Evite os erros que impedem a germina\u00e7\u00e3o das sementes e descubra como ter um jardim saud\u00e1vel com dicas simples e eficazes.","og_url":"https:\/\/www.correiobraziliense.com.br\/cbradar\/o-que-fazer-quando-as-sementes-simplesmente-nao-brotam\/","og_site_name":"Correio Braziliense - Radar","article_published_time":"2025-08-03T15:03:29+00:00","og_image":[{"width":1280,"height":720,"url":"https:\/\/www.correiobraziliense.com.br\/cbradar\/wp-content\/uploads\/2025\/05\/cartela-de-ovo-_1747932528008.jpg","type":"image\/jpeg"}],"author":"Daniely Cardoso","twitter_card":"summary_large_image","twitter_misc":{"Escrito por":"Daniely Cardoso","Est. tempo de leitura":"4 minutos"},"schema":{"@context":"https:\/\/schema.org","@graph":[{"@type":"WebPage","@id":"https:\/\/www.correiobraziliense.com.br\/cbradar\/o-que-fazer-quando-as-sementes-simplesmente-nao-brotam\/","url":"https:\/\/www.correiobraziliense.com.br\/cbradar\/o-que-fazer-quando-as-sementes-simplesmente-nao-brotam\/","name":"O que fazer quando as sementes simplesmente n\u00e3o brotam","isPartOf":{"@id":"https:\/\/www.correiobraziliense.com.br\/cbradar\/#website"},"primaryImageOfPage":{"@id":"https:\/\/www.correiobraziliense.com.br\/cbradar\/o-que-fazer-quando-as-sementes-simplesmente-nao-brotam\/#primaryimage"},"image":{"@id":"https:\/\/www.correiobraziliense.com.br\/cbradar\/o-que-fazer-quando-as-sementes-simplesmente-nao-brotam\/#primaryimage"},"thumbnailUrl":"https:\/\/www.correiobraziliense.com.br\/cbradar\/wp-content\/uploads\/2025\/05\/cartela-de-ovo-_1747932528008.jpg","datePublished":"2025-08-03T15:03:29+00:00","author":{"@id":"https:\/\/www.correiobraziliense.com.br\/cbradar\/#\/schema\/person\/7356666e12ec0ee53f348ee5db227032"},"description":"Evite os erros que impedem a germina\u00e7\u00e3o das sementes e descubra como ter um jardim saud\u00e1vel com dicas simples e eficazes.","breadcrumb":{"@id":"https:\/\/www.correiobraziliense.com.br\/cbradar\/o-que-fazer-quando-as-sementes-simplesmente-nao-brotam\/#breadcrumb"},"inLanguage":"pt-BR","potentialAction":[{"@type":"ReadAction","target":["https:\/\/www.correiobraziliense.com.br\/cbradar\/o-que-fazer-quando-as-sementes-simplesmente-nao-brotam\/"]}]},{"@type":"ImageObject","inLanguage":"pt-BR","@id":"https:\/\/www.correiobraziliense.com.br\/cbradar\/o-que-fazer-quando-as-sementes-simplesmente-nao-brotam\/#primaryimage","url":"https:\/\/www.correiobraziliense.com.br\/cbradar\/wp-content\/uploads\/2025\/05\/cartela-de-ovo-_1747932528008.jpg","contentUrl":"https:\/\/www.correiobraziliense.com.br\/cbradar\/wp-content\/uploads\/2025\/05\/cartela-de-ovo-_1747932528008.jpg","width":1280,"height":720,"caption":"Cartela com sementes - Cr\u00e9ditos: depositphotos.com \/ FotoHelin"},{"@type":"BreadcrumbList","@id":"https:\/\/www.correiobraziliense.com.br\/cbradar\/o-que-fazer-quando-as-sementes-simplesmente-nao-brotam\/#breadcrumb","itemListElement":[{"@type":"ListItem","position":1,"name":"In\u00edcio","item":"https:\/\/www.correiobraziliense.com.br\/cbradar\/"},{"@type":"ListItem","position":2,"name":"O que fazer quando as sementes simplesmente n\u00e3o brotam"}]},{"@type":"WebSite","@id":"https:\/\/www.correiobraziliense.com.br\/cbradar\/#website","url":"https:\/\/www.correiobraziliense.com.br\/cbradar\/","name":"Correio Braziliense - Radar","description":"Acompanhe as \u00faltimas not\u00edcias e fique bem informado sobre tudo o que acontece no Brasil e no mundo.","potentialAction":[{"@type":"SearchAction","target":{"@type":"EntryPoint","urlTemplate":"https:\/\/www.correiobraziliense.com.br\/cbradar\/?s={search_term_string}"},"query-input":{"@type":"PropertyValueSpecification","valueRequired":true,"valueName":"search_term_string"}}],"inLanguage":"pt-BR"},{"@type":"Person","@id":"https:\/\/www.correiobraziliense.com.br\/cbradar\/#\/schema\/person\/7356666e12ec0ee53f348ee5db227032","name":"Daniely Cardoso","image":{"@type":"ImageObject","inLanguage":"pt-BR","@id":"https:\/\/www.correiobraziliense.com.br\/cbradar\/#\/schema\/person\/image\/","url":"https:\/\/secure.gravatar.com\/avatar\/4b80ddbd124d1f071b626d52d62e5dff?s=96&d=mm&r=g","contentUrl":"https:\/\/secure.gravatar.com\/avatar\/4b80ddbd124d1f071b626d52d62e5dff?s=96&d=mm&r=g","caption":"Daniely Cardoso"},"description":"Redatora nos portais CB Radar e EM Foco, formada pela Universidade Federal de Goi\u00e1s, em Goi\u00e2nia. Apaixonada por comunica\u00e7\u00e3o, arte, decora\u00e7\u00e3o e tend\u00eancias, atuo na produ\u00e7\u00e3o de conte\u00fados envolventes sobre curiosidades, moda, beleza e paisagismo, sempre com um olhar atento \u00e0s novidades do momento.","sameAs":["https:\/\/www.correiobraziliense.com.br\/cbradar"],"url":"https:\/\/www.correiobraziliense.com.br\/cbradar\/author\/danielymyth\/"}]}},"_links":{"self":[{"href":"https:\/\/www.correiobraziliense.com.br\/cbradar\/wp-json\/wp\/v2\/posts\/79440","targetHints":{"allow":["GET"]}}],"collection":[{"href":"https:\/\/www.correiobraziliense.com.br\/cbradar\/wp-json\/wp\/v2\/posts"}],"about":[{"href":"https:\/\/www.correiobraziliense.com.br\/cbradar\/wp-json\/wp\/v2\/types\/post"}],"author":[{"embeddable":true,"href":"https:\/\/www.correiobraziliense.com.br\/cbradar\/wp-json\/wp\/v2\/users\/9"}],"replies":[{"embeddable":true,"href":"https:\/\/www.correiobraziliense.com.br\/cbradar\/wp-json\/wp\/v2\/comments?post=79440"}],"version-history":[{"count":2,"href":"https:\/\/www.correiobraziliense.com.br\/cbradar\/wp-json\/wp\/v2\/posts\/79440\/revisions"}],"predecessor-version":[{"id":79448,"href":"https:\/\/www.correiobraziliense.com.br\/cbradar\/wp-json\/wp\/v2\/posts\/79440\/revisions\/79448"}],"wp:featuredmedia":[{"embeddable":true,"href":"https:\/\/www.correiobraziliense.com.br\/cbradar\/wp-json\/wp\/v2\/media\/41427"}],"wp:attachment":[{"href":"https:\/\/www.correiobraziliense.com.br\/cbradar\/wp-json\/wp\/v2\/media?parent=79440"}],"wp:term":[{"taxonomy":"category","embeddable":true,"href":"https:\/\/www.correiobraziliense.com.br\/cbradar\/wp-json\/wp\/v2\/categories?post=79440"},{"taxonomy":"post_tag","embeddable":true,"href":"https:\/\/www.correiobraziliense.com.br\/cbradar\/wp-json\/wp\/v2\/post_tag?post=79440"}],"curies":[{"name":"wp","href":"https:\/\/api.w.org\/{rel}","templated":true}]}}