{"id":79480,"date":"2025-08-03T07:43:00","date_gmt":"2025-08-03T10:43:00","guid":{"rendered":"https:\/\/www.correiobraziliense.com.br\/cbradar\/?p=79480"},"modified":"2025-08-02T11:05:04","modified_gmt":"2025-08-02T14:05:04","slug":"o-aliado-mais-eficiente-para-combater-inflamacao-e-envelhecimento-precoce","status":"publish","type":"post","link":"https:\/\/www.correiobraziliense.com.br\/cbradar\/o-aliado-mais-eficiente-para-combater-inflamacao-e-envelhecimento-precoce\/","title":{"rendered":"O aliado mais eficiente para combater inflama\u00e7\u00e3o e envelhecimento precoce"},"content":{"rendered":"\n<p>O mam\u00e3o (<em>Carica papaya<\/em>) \u00e9 um fruto tropical, apreciado por sua do\u00e7ura e textura macia, sendo um dos favoritos no caf\u00e9 da manh\u00e3 e em sobremesas. Al\u00e9m de ser delicioso, o mam\u00e3o \u00e9 um alimento funcional com <strong>compostos bioativos<\/strong> que oferecem importantes <strong>propriedades medicinais<\/strong>, como a\u00e7\u00f5es digestivas, antioxidantes e de suporte ao sistema imunol\u00f3gico.<\/p>\n\n\n\n<ul class=\"wp-block-list\">\n<li><strong>Benef\u00edcios para a Sa\u00fade Digestiva<\/strong><\/li>\n\n\n\n<li><strong>A\u00e7\u00e3o Antioxidante e Protetora Celular<\/strong><\/li>\n\n\n\n<li><strong>Propriedades Anti-inflamat\u00f3rias<\/strong><\/li>\n<\/ul>\n\n\n\n<h2 class=\"wp-block-heading\">Benef\u00edcios para a sa\u00fade digestiva<\/h2>\n\n\n\n<p>Uma das propriedades mais conhecidas do mam\u00e3o \u00e9 a sua capacidade de auxiliar na digest\u00e3o. O fruto cont\u00e9m uma enzima digestiva chamada <strong>papa\u00edna<\/strong>, que ajuda a quebrar prote\u00ednas, facilitando o processo digestivo. Al\u00e9m disso, as fibras e o alto teor de \u00e1gua do mam\u00e3o contribuem para a regularidade intestinal e previnem a constipa\u00e7\u00e3o. De acordo com um estudo sobre a papa\u00edna e a digest\u00e3o,<\/p>\n\n\n\n<blockquote class=\"wp-block-quote is-layout-flow wp-block-quote-is-layout-flow\">\n<p><em>&#8220;A papa\u00edna, uma enzima proteol\u00edtica encontrada na polpa e no l\u00e1tex do mam\u00e3o, demonstrou ser eficaz na melhora da digest\u00e3o de prote\u00ednas. Seu uso terap\u00eautico \u00e9 bem documentado no tratamento de disfun\u00e7\u00f5es digestivas, como indigest\u00e3o e incha\u00e7o&#8221;<\/em> (SINGH et al., 2011).<\/p>\n<\/blockquote>\n\n\n\n<h2 class=\"wp-block-heading\">A\u00e7\u00e3o antioxidante e protetora celular<\/h2>\n\n\n\n<p>O mam\u00e3o \u00e9 rico em <strong>vitamina C, betacaroteno e outros carotenoides<\/strong> que atuam como poderosos antioxidantes. Esses compostos ajudam a combater o estresse oxidativo, protegendo as c\u00e9lulas do corpo contra os danos causados pelos radicais livres. Esta a\u00e7\u00e3o \u00e9 fundamental para a preven\u00e7\u00e3o do envelhecimento precoce e de doen\u00e7as cr\u00f4nicas. Uma pesquisa sobre o perfil antioxidante do mam\u00e3o destacou que:<\/p>\n\n\n\n<blockquote class=\"wp-block-quote is-layout-flow wp-block-quote-is-layout-flow\">\n<p><em>&#8220;O mam\u00e3o \u00e9 uma fonte concentrada de carotenoides, como o licopeno e a zeaxantina, que exibem forte atividade antioxidante. Esses fitoqu\u00edmicos s\u00e3o essenciais para a prote\u00e7\u00e3o contra danos celulares e t\u00eam um papel significativo na manuten\u00e7\u00e3o da sa\u00fade ocular e na redu\u00e7\u00e3o do risco de doen\u00e7as cr\u00f4nicas&#8221;<\/em> (AKHTAR et al., 2013).<\/p>\n<\/blockquote>\n\n\n<div class=\"wp-block-image\">\n<figure class=\"aligncenter size-large\"><img decoding=\"async\" width=\"1024\" height=\"576\" src=\"https:\/\/www.correiobraziliense.com.br\/cbradar\/wp-content\/uploads\/2025\/04\/mamao_1744826302520-1024x576.jpg\" alt=\"Veja como cuidar do mamoeiro e colher at\u00e9 100 frutos por ano\" class=\"wp-image-24406\" srcset=\"https:\/\/www.correiobraziliense.com.br\/cbradar\/wp-content\/uploads\/2025\/04\/mamao_1744826302520-1024x576.jpg 1024w, https:\/\/www.correiobraziliense.com.br\/cbradar\/wp-content\/uploads\/2025\/04\/mamao_1744826302520-300x169.jpg 300w, https:\/\/www.correiobraziliense.com.br\/cbradar\/wp-content\/uploads\/2025\/04\/mamao_1744826302520-768x432.jpg 768w, https:\/\/www.correiobraziliense.com.br\/cbradar\/wp-content\/uploads\/2025\/04\/mamao_1744826302520-750x422.jpg 750w, https:\/\/www.correiobraziliense.com.br\/cbradar\/wp-content\/uploads\/2025\/04\/mamao_1744826302520-1140x641.jpg 1140w, https:\/\/www.correiobraziliense.com.br\/cbradar\/wp-content\/uploads\/2025\/04\/mamao_1744826302520.jpg 1280w\" sizes=\"(max-width: 1024px) 100vw, 1024px\" \/><figcaption class=\"wp-element-caption\">A\u00e7\u00e3o anti-inflamat\u00f3ria promovida por flavonoides presentes na polpa e folhas &#8211; Cr\u00e9ditos: depositphotos.com \/ alebloshka<\/figcaption><\/figure><\/div>\n\n\n<h2 class=\"wp-block-heading\">Propriedades anti-inflamat\u00f3rias<\/h2>\n\n\n\n<p>O mam\u00e3o cont\u00e9m <strong>papa\u00edna, vitamina C e E<\/strong>, que possuem propriedades anti-inflamat\u00f3rias. A papa\u00edna, em particular, tem um efeito modulador da inflama\u00e7\u00e3o. Estes compostos ajudam a reduzir a inflama\u00e7\u00e3o cr\u00f4nica, que \u00e9 um fator de risco para diversas condi\u00e7\u00f5es de sa\u00fade. Segundo um artigo sobre as propriedades farmacol\u00f3gicas do mam\u00e3o,<\/p>\n\n\n\n<blockquote class=\"wp-block-quote is-layout-flow wp-block-quote-is-layout-flow\">\n<p><em>&#8220;A combina\u00e7\u00e3o de papa\u00edna, vitamina C e outros fitoqu\u00edmicos no mam\u00e3o confere-lhe um potencial anti-inflamat\u00f3rio. Estudos in vitro e em animais sugerem que extratos de mam\u00e3o podem reduzir marcadores inflamat\u00f3rios, o que apoia o seu uso em terapias complementares para condi\u00e7\u00f5es inflamat\u00f3rias&#8221;<\/em> (YADAV et al., 2016).<\/p>\n<\/blockquote>\n\n\n\n<p>Para obter um impulso digestivo, consuma uma fatia de mam\u00e3o ap\u00f3s as refei\u00e7\u00f5es. Ele pode ser a chave para uma digest\u00e3o mais suave.<\/p>\n\n\n\n<p>Leia tamb\u00e9m: <a href=\"https:\/\/www.correiobraziliense.com.br\/cbradar\/essa-e-a-erva-mais-poderosa-para-digestao-e-desintoxicacao\/\" target=\"_blank\" rel=\"noreferrer noopener\">Essa \u00e9 a erva mais poderosa para digest\u00e3o e desintoxica\u00e7\u00e3o<\/a><\/p>\n\n\n\n<h2 class=\"wp-block-heading\">Um fruto doce com grandes benef\u00edcios<\/h2>\n\n\n\n<ul class=\"wp-block-list\">\n<li>O <strong>mam\u00e3o<\/strong> \u00e9 um aliado essencial para a <strong>sa\u00fade digestiva<\/strong>, gra\u00e7as \u00e0 enzima <strong>papa\u00edna<\/strong>, que facilita a quebra de prote\u00ednas e auxilia na regularidade intestinal, conforme evidenciado por pesquisas cient\u00edficas.<\/li>\n\n\n\n<li>\u00c9 uma fonte rica em <strong>antioxidantes<\/strong>, como o betacaroteno, que protege as c\u00e9lulas do estresse oxidativo e contribui para a sa\u00fade geral do organismo.<\/li>\n\n\n\n<li>Seus compostos bioativos, incluindo a papa\u00edna e vitaminas, conferem-lhe <strong>propriedades anti-inflamat\u00f3rias<\/strong>, ajudando a combater a inflama\u00e7\u00e3o cr\u00f4nica no corpo.<\/li>\n<\/ul>\n\n\n\n<h2 class=\"wp-block-heading\">Refer\u00eancias bibliogr\u00e1ficas<\/h2>\n\n\n\n<ul class=\"wp-block-list\">\n<li>AKHTAR, M. J. et al. Papaya (<em>Carica papaya<\/em>): a review on its phytochemicals and therapeutic potential. <em>Journal of Pharmacognosy and Phytochemistry<\/em>, v. 2, n. 4, p. 119-125, 2013.<\/li>\n\n\n\n<li>SINGH, S. P. et al. Papain as a therapeutic agent: a review. <em>Journal of Applied Pharmaceutical Science<\/em>, v. 1, n. 1, p. 1-7, 2011.<\/li>\n\n\n\n<li>YADAV, R. et al. <em>Carica papaya<\/em> L.: a review on its traditional uses, phytochemistry and pharmacological properties. <em>International Journal of Pure and Applied Bioscience<\/em>, v. 4, n. 2, p. 288-297, 2016.<\/li>\n\n\n\n<li>ZHANG, Y. J. et al. Antioxidant activity of papaya leaf extracts and their potential applications. <em>Food Chemistry<\/em>, v. 121, n. 3, p. 810-817, 2010.<\/li>\n<\/ul>\n","protected":false},"excerpt":{"rendered":"<p>O mam\u00e3o (Carica papaya) \u00e9 um fruto tropical, apreciado por sua do\u00e7ura e textura macia, sendo um dos favoritos no caf\u00e9 da manh\u00e3 e em sobremesas. Al\u00e9m de ser delicioso, o mam\u00e3o \u00e9 um alimento funcional com compostos bioativos que oferecem importantes propriedades medicinais, como a\u00e7\u00f5es digestivas, antioxidantes e de suporte ao sistema imunol\u00f3gico. Benef\u00edcios [&hellip;]<\/p>\n","protected":false},"author":9,"featured_media":24407,"comment_status":"open","ping_status":"open","sticky":false,"template":"","format":"standard","meta":{"jnews-multi-image_gallery":[],"jnews_single_post":{"format":"standard"},"jnews_primary_category":[],"jnews_social_meta":[],"jnews_override_counter":[],"footnotes":""},"categories":[136,4404],"post_tag":[3051,615,8929,565],"class_list":["post-79480","post","type-post","status-publish","format-standard","has-post-thumbnail","hentry","category-jardinagem","category-saude","tag-digestao","tag-fruta","tag-mamao-2","tag-saude"],"yoast_head":"<!-- This site is optimized with the Yoast SEO plugin v24.6 - https:\/\/yoast.com\/wordpress\/plugins\/seo\/ -->\n<title>O aliado mais eficiente para combater inflama\u00e7\u00e3o e envelhecimento precoce<\/title>\n<meta name=\"description\" content=\"Mam\u00e3o facilita a digest\u00e3o, combate inflama\u00e7\u00e3o e protege c\u00e9lulas com antioxidantes naturais. Conhe\u00e7a seus benef\u00edcios para o corpo.\" \/>\n<meta name=\"robots\" content=\"index, follow, max-snippet:-1, max-image-preview:large, max-video-preview:-1\" \/>\n<link rel=\"canonical\" href=\"https:\/\/www.correiobraziliense.com.br\/cbradar\/o-aliado-mais-eficiente-para-combater-inflamacao-e-envelhecimento-precoce\/\" \/>\n<meta property=\"og:locale\" content=\"pt_BR\" \/>\n<meta property=\"og:type\" content=\"article\" \/>\n<meta property=\"og:title\" content=\"O aliado mais eficiente para combater inflama\u00e7\u00e3o e envelhecimento precoce\" \/>\n<meta property=\"og:description\" content=\"Mam\u00e3o facilita a digest\u00e3o, combate inflama\u00e7\u00e3o e protege c\u00e9lulas com antioxidantes naturais. Conhe\u00e7a seus benef\u00edcios para o corpo.\" \/>\n<meta property=\"og:url\" content=\"https:\/\/www.correiobraziliense.com.br\/cbradar\/o-aliado-mais-eficiente-para-combater-inflamacao-e-envelhecimento-precoce\/\" \/>\n<meta property=\"og:site_name\" content=\"Correio Braziliense - Radar\" \/>\n<meta property=\"article:published_time\" content=\"2025-08-03T10:43:00+00:00\" \/>\n<meta property=\"og:image\" content=\"https:\/\/www.correiobraziliense.com.br\/cbradar\/wp-content\/uploads\/2025\/04\/mamao_1744826321140.jpg\" \/>\n\t<meta property=\"og:image:width\" content=\"1280\" \/>\n\t<meta property=\"og:image:height\" content=\"720\" \/>\n\t<meta property=\"og:image:type\" content=\"image\/jpeg\" \/>\n<meta name=\"author\" content=\"Daniely Cardoso\" \/>\n<meta name=\"twitter:card\" content=\"summary_large_image\" \/>\n<meta name=\"twitter:label1\" content=\"Escrito por\" \/>\n\t<meta name=\"twitter:data1\" content=\"Daniely Cardoso\" \/>\n\t<meta name=\"twitter:label2\" content=\"Est. tempo de leitura\" \/>\n\t<meta name=\"twitter:data2\" content=\"4 minutos\" \/>\n<!-- \/ Yoast SEO plugin. -->","yoast_head_json":{"title":"O aliado mais eficiente para combater inflama\u00e7\u00e3o e envelhecimento precoce","description":"Mam\u00e3o facilita a digest\u00e3o, combate inflama\u00e7\u00e3o e protege c\u00e9lulas com antioxidantes naturais. Conhe\u00e7a seus benef\u00edcios para o corpo.","robots":{"index":"index","follow":"follow","max-snippet":"max-snippet:-1","max-image-preview":"max-image-preview:large","max-video-preview":"max-video-preview:-1"},"canonical":"https:\/\/www.correiobraziliense.com.br\/cbradar\/o-aliado-mais-eficiente-para-combater-inflamacao-e-envelhecimento-precoce\/","og_locale":"pt_BR","og_type":"article","og_title":"O aliado mais eficiente para combater inflama\u00e7\u00e3o e envelhecimento precoce","og_description":"Mam\u00e3o facilita a digest\u00e3o, combate inflama\u00e7\u00e3o e protege c\u00e9lulas com antioxidantes naturais. Conhe\u00e7a seus benef\u00edcios para o corpo.","og_url":"https:\/\/www.correiobraziliense.com.br\/cbradar\/o-aliado-mais-eficiente-para-combater-inflamacao-e-envelhecimento-precoce\/","og_site_name":"Correio Braziliense - Radar","article_published_time":"2025-08-03T10:43:00+00:00","og_image":[{"width":1280,"height":720,"url":"https:\/\/www.correiobraziliense.com.br\/cbradar\/wp-content\/uploads\/2025\/04\/mamao_1744826321140.jpg","type":"image\/jpeg"}],"author":"Daniely Cardoso","twitter_card":"summary_large_image","twitter_misc":{"Escrito por":"Daniely Cardoso","Est. tempo de leitura":"4 minutos"},"schema":{"@context":"https:\/\/schema.org","@graph":[{"@type":"WebPage","@id":"https:\/\/www.correiobraziliense.com.br\/cbradar\/o-aliado-mais-eficiente-para-combater-inflamacao-e-envelhecimento-precoce\/","url":"https:\/\/www.correiobraziliense.com.br\/cbradar\/o-aliado-mais-eficiente-para-combater-inflamacao-e-envelhecimento-precoce\/","name":"O aliado mais eficiente para combater inflama\u00e7\u00e3o e envelhecimento precoce","isPartOf":{"@id":"https:\/\/www.correiobraziliense.com.br\/cbradar\/#website"},"primaryImageOfPage":{"@id":"https:\/\/www.correiobraziliense.com.br\/cbradar\/o-aliado-mais-eficiente-para-combater-inflamacao-e-envelhecimento-precoce\/#primaryimage"},"image":{"@id":"https:\/\/www.correiobraziliense.com.br\/cbradar\/o-aliado-mais-eficiente-para-combater-inflamacao-e-envelhecimento-precoce\/#primaryimage"},"thumbnailUrl":"https:\/\/www.correiobraziliense.com.br\/cbradar\/wp-content\/uploads\/2025\/04\/mamao_1744826321140.jpg","datePublished":"2025-08-03T10:43:00+00:00","author":{"@id":"https:\/\/www.correiobraziliense.com.br\/cbradar\/#\/schema\/person\/7356666e12ec0ee53f348ee5db227032"},"description":"Mam\u00e3o facilita a digest\u00e3o, combate inflama\u00e7\u00e3o e protege c\u00e9lulas com antioxidantes naturais. Conhe\u00e7a seus benef\u00edcios para o corpo.","breadcrumb":{"@id":"https:\/\/www.correiobraziliense.com.br\/cbradar\/o-aliado-mais-eficiente-para-combater-inflamacao-e-envelhecimento-precoce\/#breadcrumb"},"inLanguage":"pt-BR","potentialAction":[{"@type":"ReadAction","target":["https:\/\/www.correiobraziliense.com.br\/cbradar\/o-aliado-mais-eficiente-para-combater-inflamacao-e-envelhecimento-precoce\/"]}]},{"@type":"ImageObject","inLanguage":"pt-BR","@id":"https:\/\/www.correiobraziliense.com.br\/cbradar\/o-aliado-mais-eficiente-para-combater-inflamacao-e-envelhecimento-precoce\/#primaryimage","url":"https:\/\/www.correiobraziliense.com.br\/cbradar\/wp-content\/uploads\/2025\/04\/mamao_1744826321140.jpg","contentUrl":"https:\/\/www.correiobraziliense.com.br\/cbradar\/wp-content\/uploads\/2025\/04\/mamao_1744826321140.jpg","width":1280,"height":720,"caption":"A\u00e7\u00e3o antioxidante relacionada \u00e0 presen\u00e7a de carotenoides e vitamina C- Cr\u00e9ditos: depositphotos.com \/ rochu_2008"},{"@type":"BreadcrumbList","@id":"https:\/\/www.correiobraziliense.com.br\/cbradar\/o-aliado-mais-eficiente-para-combater-inflamacao-e-envelhecimento-precoce\/#breadcrumb","itemListElement":[{"@type":"ListItem","position":1,"name":"In\u00edcio","item":"https:\/\/www.correiobraziliense.com.br\/cbradar\/"},{"@type":"ListItem","position":2,"name":"O aliado mais eficiente para combater inflama\u00e7\u00e3o e envelhecimento precoce"}]},{"@type":"WebSite","@id":"https:\/\/www.correiobraziliense.com.br\/cbradar\/#website","url":"https:\/\/www.correiobraziliense.com.br\/cbradar\/","name":"Correio Braziliense - Radar","description":"Acompanhe as \u00faltimas not\u00edcias e fique bem informado sobre tudo o que acontece no Brasil e no mundo.","potentialAction":[{"@type":"SearchAction","target":{"@type":"EntryPoint","urlTemplate":"https:\/\/www.correiobraziliense.com.br\/cbradar\/?s={search_term_string}"},"query-input":{"@type":"PropertyValueSpecification","valueRequired":true,"valueName":"search_term_string"}}],"inLanguage":"pt-BR"},{"@type":"Person","@id":"https:\/\/www.correiobraziliense.com.br\/cbradar\/#\/schema\/person\/7356666e12ec0ee53f348ee5db227032","name":"Daniely Cardoso","image":{"@type":"ImageObject","inLanguage":"pt-BR","@id":"https:\/\/www.correiobraziliense.com.br\/cbradar\/#\/schema\/person\/image\/","url":"https:\/\/secure.gravatar.com\/avatar\/4b80ddbd124d1f071b626d52d62e5dff?s=96&d=mm&r=g","contentUrl":"https:\/\/secure.gravatar.com\/avatar\/4b80ddbd124d1f071b626d52d62e5dff?s=96&d=mm&r=g","caption":"Daniely Cardoso"},"description":"Redatora nos portais CB Radar e EM Foco, formada pela Universidade Federal de Goi\u00e1s, em Goi\u00e2nia. Apaixonada por comunica\u00e7\u00e3o, arte, decora\u00e7\u00e3o e tend\u00eancias, atuo na produ\u00e7\u00e3o de conte\u00fados envolventes sobre curiosidades, moda, beleza e paisagismo, sempre com um olhar atento \u00e0s novidades do momento.","sameAs":["https:\/\/www.correiobraziliense.com.br\/cbradar"],"url":"https:\/\/www.correiobraziliense.com.br\/cbradar\/author\/danielymyth\/"}]}},"_links":{"self":[{"href":"https:\/\/www.correiobraziliense.com.br\/cbradar\/wp-json\/wp\/v2\/posts\/79480","targetHints":{"allow":["GET"]}}],"collection":[{"href":"https:\/\/www.correiobraziliense.com.br\/cbradar\/wp-json\/wp\/v2\/posts"}],"about":[{"href":"https:\/\/www.correiobraziliense.com.br\/cbradar\/wp-json\/wp\/v2\/types\/post"}],"author":[{"embeddable":true,"href":"https:\/\/www.correiobraziliense.com.br\/cbradar\/wp-json\/wp\/v2\/users\/9"}],"replies":[{"embeddable":true,"href":"https:\/\/www.correiobraziliense.com.br\/cbradar\/wp-json\/wp\/v2\/comments?post=79480"}],"version-history":[{"count":1,"href":"https:\/\/www.correiobraziliense.com.br\/cbradar\/wp-json\/wp\/v2\/posts\/79480\/revisions"}],"predecessor-version":[{"id":79500,"href":"https:\/\/www.correiobraziliense.com.br\/cbradar\/wp-json\/wp\/v2\/posts\/79480\/revisions\/79500"}],"wp:featuredmedia":[{"embeddable":true,"href":"https:\/\/www.correiobraziliense.com.br\/cbradar\/wp-json\/wp\/v2\/media\/24407"}],"wp:attachment":[{"href":"https:\/\/www.correiobraziliense.com.br\/cbradar\/wp-json\/wp\/v2\/media?parent=79480"}],"wp:term":[{"taxonomy":"category","embeddable":true,"href":"https:\/\/www.correiobraziliense.com.br\/cbradar\/wp-json\/wp\/v2\/categories?post=79480"},{"taxonomy":"post_tag","embeddable":true,"href":"https:\/\/www.correiobraziliense.com.br\/cbradar\/wp-json\/wp\/v2\/post_tag?post=79480"}],"curies":[{"name":"wp","href":"https:\/\/api.w.org\/{rel}","templated":true}]}}