{"id":7972,"date":"2025-03-03T15:10:00","date_gmt":"2025-03-03T18:10:00","guid":{"rendered":"https:\/\/www.correiobraziliense.com.br\/cbradar\/?p=7972"},"modified":"2025-03-01T01:58:10","modified_gmt":"2025-03-01T04:58:10","slug":"aprenda-a-cultivar-campos-de-camomilas-na-sua-casa","status":"publish","type":"post","link":"https:\/\/www.correiobraziliense.com.br\/cbradar\/aprenda-a-cultivar-campos-de-camomilas-na-sua-casa\/","title":{"rendered":"Aprenda a cultivar campos de camomilas na sua casa!"},"content":{"rendered":"\n<p>A <strong><a href=\"https:\/\/www.tuasaude.com\/camomila\/\" target=\"_blank\" rel=\"noreferrer noopener\">camomila<\/a><\/strong> \u00e9 uma planta apreciada por suas<strong> <a href=\"https:\/\/www.correiobraziliense.com.br\/cbradar\/como-plantar-girassois-e-garantir-flores-vibrantes-o-ano-todo\/\" target=\"_blank\" rel=\"noreferrer noopener\">flores<\/a><\/strong> brilhantes e aroma doce, al\u00e9m de ser conhecida por suas propriedades relaxantes quando utilizada em ch\u00e1s. Cultivar essa flor em ambientes internos \u00e9 uma pr\u00e1tica vi\u00e1vel e recompensadora, especialmente para aqueles que desejam desfrutar de suas qualidades durante todo o ano. Este artigo explora as melhores pr\u00e1ticas para o cultivo de camomila dentro de casa, destacando suas necessidades espec\u00edficas e cuidados essenciais.<\/p>\n\n\n\n<p>Uma das grandes vantagens de cultivar camomila em ambientes internos \u00e9 a possibilidade de plantio durante o inverno. A planta requer apenas quatro horas de luz solar direta por dia, tornando-a ideal para janelas voltadas para o sul. Embora a camomila cultivada em vasos n\u00e3o atinja grandes alturas, geralmente n\u00e3o ultrapassando <strong>25 cm<\/strong>, ela permanece saud\u00e1vel e produtiva, oferecendo <strong>flores perfumadas e folhas adequadas para a prepara\u00e7\u00e3o de ch\u00e1.<\/strong><\/p>\n\n\n\n<h2 class=\"wp-block-heading\"><strong>Como iniciar o cultivo de camomila em casa?<\/strong><\/h2>\n\n\n\n<p>Para come\u00e7ar o cultivo em casa, \u00e9 essencial escolher um vaso adequado. Recomenda-se um vaso com pelo menos<strong> 12 cm de di\u00e2metro<\/strong> e que possua boa drenagem. A prepara\u00e7\u00e3o do solo \u00e9 crucial; ele deve estar \u00famido, mas n\u00e3o encharcado. As sementes de camomila devem ser pressionadas levemente na superf\u00edcie do solo, pois necessitam de luz para germinar.<\/p>\n\n\n\n<p>A temperatura ideal para a germina\u00e7\u00e3o das sementes de camomila \u00e9 de aproximadamente <strong>20\u00b0C<\/strong>. Em ambientes mais frios, o uso de um tapete de aquecimento ou a proximidade de um radiador pode auxiliar no processo. As sementes geralmente germinam em cerca de duas semanas. Ap\u00f3s o desenvolvimento do segundo conjunto de folhas verdadeiras, as mudas podem ser transplantadas ou espa\u00e7adas adequadamente se plantadas em um vaso grande.<\/p>\n\n\n<div class=\"wp-block-image\">\n<figure class=\"aligncenter size-large\"><img decoding=\"async\" width=\"1024\" height=\"576\" src=\"https:\/\/www.correiobraziliense.com.br\/cbradar\/wp-content\/uploads\/2025\/03\/camomila_1740802001301-1024x576.jpg\" alt=\"Aprenda a cultivar campos de camomilas na sua casa!\" class=\"wp-image-7940\" srcset=\"https:\/\/www.correiobraziliense.com.br\/cbradar\/wp-content\/uploads\/2025\/03\/camomila_1740802001301-1024x576.jpg 1024w, https:\/\/www.correiobraziliense.com.br\/cbradar\/wp-content\/uploads\/2025\/03\/camomila_1740802001301-300x169.jpg 300w, https:\/\/www.correiobraziliense.com.br\/cbradar\/wp-content\/uploads\/2025\/03\/camomila_1740802001301-768x432.jpg 768w, https:\/\/www.correiobraziliense.com.br\/cbradar\/wp-content\/uploads\/2025\/03\/camomila_1740802001301-750x422.jpg 750w, https:\/\/www.correiobraziliense.com.br\/cbradar\/wp-content\/uploads\/2025\/03\/camomila_1740802001301-1140x641.jpg 1140w, https:\/\/www.correiobraziliense.com.br\/cbradar\/wp-content\/uploads\/2025\/03\/camomila_1740802001301.jpg 1280w\" sizes=\"(max-width: 1024px) 100vw, 1024px\" \/><figcaption class=\"wp-element-caption\">Planta de camomila \/\/ Cr\u00e9ditos: depositphotos.com \/ scorpp<\/figcaption><\/figure><\/div>\n\n\n<h2 class=\"wp-block-heading\"><strong>Quais cuidados requer a planta em ambientes internos?<\/strong><\/h2>\n\n\n\n<p>O cuidado com a camomila em ambientes internos \u00e9 relativamente simples. A planta deve ser posicionada perto de uma janela voltada para o sul para garantir a exposi\u00e7\u00e3o solar necess\u00e1ria. A rega deve ser feita semanalmente, mantendo o solo \u00famido, mas evitando o excesso de \u00e1gua. Com esses cuidados, estar\u00e1 pronta para a colheita em cerca de<strong> 60 a 90 dias.<\/strong><\/p>\n\n\n\n<h2 class=\"wp-block-heading\"><strong>Como colher e utilizar a camomila?<\/strong><\/h2>\n\n\n\n<p>Ap\u00f3s o per\u00edodo de crescimento, a camomila estar\u00e1 pronta para a colheita. As flores devem ser colhidas cuidadosamente, preferencialmente durante a manh\u00e3, quando os \u00f3leos essenciais est\u00e3o mais concentrados. As flores podem ser utilizadas frescas ou secas para a prepara\u00e7\u00e3o de ch\u00e1, que \u00e9 conhecido por suas propriedades calmantes e relaxantes.<\/p>\n\n\n\n<p>O cultivo de camomila em ambientes internos n\u00e3o s\u00f3 proporciona uma fonte constante de flores para ch\u00e1, mas tamb\u00e9m adiciona um toque de natureza e fragr\u00e2ncia ao ambiente dom\u00e9stico. Com cuidados simples e um pouco de aten\u00e7\u00e3o, \u00e9 poss\u00edvel desfrutar dos benef\u00edcios desta planta durante todo o ano.<\/p>\n","protected":false},"excerpt":{"rendered":"<p>A camomila \u00e9 uma planta apreciada por suas flores brilhantes e aroma doce, al\u00e9m de ser conhecida por suas propriedades relaxantes quando utilizada em ch\u00e1s. Cultivar essa flor em ambientes internos \u00e9 uma pr\u00e1tica vi\u00e1vel e recompensadora, especialmente para aqueles que desejam desfrutar de suas qualidades durante todo o ano. Este artigo explora as melhores [&hellip;]<\/p>\n","protected":false},"author":8,"featured_media":7941,"comment_status":"open","ping_status":"open","sticky":false,"template":"","format":"standard","meta":{"_yoast_wpseo_focuskw":"Camomila","_yoast_wpseo_title":"","_yoast_wpseo_metadesc":"Aprenda a cultivar campos de camomilas na sua casa, criando um espa\u00e7o encantador e colhendo os benef\u00edcios dessa planta arom\u00e1tica e medicinal.","jnews-multi-image_gallery":[],"jnews_single_post":{"format":"standard"},"jnews_primary_category":[],"jnews_social_meta":[],"jnews_override_counter":[],"footnotes":""},"categories":[136],"post_tag":[1367,137],"class_list":["post-7972","post","type-post","status-publish","format-standard","has-post-thumbnail","hentry","category-jardinagem","tag-camomilas","tag-como-plantar"],"yoast_head":"<!-- This site is optimized with the Yoast SEO plugin v24.6 - https:\/\/yoast.com\/wordpress\/plugins\/seo\/ -->\n<title>Aprenda a cultivar campos de camomilas na sua casa! - Correio Braziliense - Radar<\/title>\n<meta name=\"description\" content=\"Aprenda a cultivar campos de camomilas na sua casa, criando um espa\u00e7o encantador e colhendo os benef\u00edcios dessa planta arom\u00e1tica e medicinal.\" \/>\n<meta name=\"robots\" content=\"index, follow, max-snippet:-1, max-image-preview:large, max-video-preview:-1\" \/>\n<link rel=\"canonical\" href=\"https:\/\/www.correiobraziliense.com.br\/cbradar\/aprenda-a-cultivar-campos-de-camomilas-na-sua-casa\/\" \/>\n<meta property=\"og:locale\" content=\"pt_BR\" \/>\n<meta property=\"og:type\" content=\"article\" \/>\n<meta property=\"og:title\" content=\"Aprenda a cultivar campos de camomilas na sua casa! - Correio Braziliense - Radar\" \/>\n<meta property=\"og:description\" content=\"Aprenda a cultivar campos de camomilas na sua casa, criando um espa\u00e7o encantador e colhendo os benef\u00edcios dessa planta arom\u00e1tica e medicinal.\" \/>\n<meta property=\"og:url\" content=\"https:\/\/www.correiobraziliense.com.br\/cbradar\/aprenda-a-cultivar-campos-de-camomilas-na-sua-casa\/\" \/>\n<meta property=\"og:site_name\" content=\"Correio Braziliense - Radar\" \/>\n<meta property=\"article:published_time\" content=\"2025-03-03T18:10:00+00:00\" \/>\n<meta property=\"og:image\" content=\"https:\/\/www.correiobraziliense.com.br\/cbradar\/wp-content\/uploads\/2025\/03\/camomila_1740802017767.jpg\" \/>\n\t<meta property=\"og:image:width\" content=\"1280\" \/>\n\t<meta property=\"og:image:height\" content=\"720\" \/>\n\t<meta property=\"og:image:type\" content=\"image\/jpeg\" \/>\n<meta name=\"author\" content=\"Maura Pereira\" \/>\n<meta name=\"twitter:card\" content=\"summary_large_image\" \/>\n<meta name=\"twitter:label1\" content=\"Escrito por\" \/>\n\t<meta name=\"twitter:data1\" content=\"Maura Pereira\" \/>\n\t<meta name=\"twitter:label2\" content=\"Est. tempo de leitura\" \/>\n\t<meta name=\"twitter:data2\" content=\"3 minutos\" \/>\n<!-- \/ Yoast SEO plugin. -->","yoast_head_json":{"title":"Aprenda a cultivar campos de camomilas na sua casa! - Correio Braziliense - Radar","description":"Aprenda a cultivar campos de camomilas na sua casa, criando um espa\u00e7o encantador e colhendo os benef\u00edcios dessa planta arom\u00e1tica e medicinal.","robots":{"index":"index","follow":"follow","max-snippet":"max-snippet:-1","max-image-preview":"max-image-preview:large","max-video-preview":"max-video-preview:-1"},"canonical":"https:\/\/www.correiobraziliense.com.br\/cbradar\/aprenda-a-cultivar-campos-de-camomilas-na-sua-casa\/","og_locale":"pt_BR","og_type":"article","og_title":"Aprenda a cultivar campos de camomilas na sua casa! - Correio Braziliense - Radar","og_description":"Aprenda a cultivar campos de camomilas na sua casa, criando um espa\u00e7o encantador e colhendo os benef\u00edcios dessa planta arom\u00e1tica e medicinal.","og_url":"https:\/\/www.correiobraziliense.com.br\/cbradar\/aprenda-a-cultivar-campos-de-camomilas-na-sua-casa\/","og_site_name":"Correio Braziliense - Radar","article_published_time":"2025-03-03T18:10:00+00:00","og_image":[{"width":1280,"height":720,"url":"https:\/\/www.correiobraziliense.com.br\/cbradar\/wp-content\/uploads\/2025\/03\/camomila_1740802017767.jpg","type":"image\/jpeg"}],"author":"Maura Pereira","twitter_card":"summary_large_image","twitter_misc":{"Escrito por":"Maura Pereira","Est. tempo de leitura":"3 minutos"},"schema":{"@context":"https:\/\/schema.org","@graph":[{"@type":"WebPage","@id":"https:\/\/www.correiobraziliense.com.br\/cbradar\/aprenda-a-cultivar-campos-de-camomilas-na-sua-casa\/","url":"https:\/\/www.correiobraziliense.com.br\/cbradar\/aprenda-a-cultivar-campos-de-camomilas-na-sua-casa\/","name":"Aprenda a cultivar campos de camomilas na sua casa! - Correio Braziliense - Radar","isPartOf":{"@id":"https:\/\/www.correiobraziliense.com.br\/cbradar\/#website"},"primaryImageOfPage":{"@id":"https:\/\/www.correiobraziliense.com.br\/cbradar\/aprenda-a-cultivar-campos-de-camomilas-na-sua-casa\/#primaryimage"},"image":{"@id":"https:\/\/www.correiobraziliense.com.br\/cbradar\/aprenda-a-cultivar-campos-de-camomilas-na-sua-casa\/#primaryimage"},"thumbnailUrl":"https:\/\/www.correiobraziliense.com.br\/cbradar\/wp-content\/uploads\/2025\/03\/camomila_1740802017767.jpg","datePublished":"2025-03-03T18:10:00+00:00","author":{"@id":"https:\/\/www.correiobraziliense.com.br\/cbradar\/#\/schema\/person\/4053c651a9bfc785afc6f4cbc9032fd3"},"description":"Aprenda a cultivar campos de camomilas na sua casa, criando um espa\u00e7o encantador e colhendo os benef\u00edcios dessa planta arom\u00e1tica e medicinal.","breadcrumb":{"@id":"https:\/\/www.correiobraziliense.com.br\/cbradar\/aprenda-a-cultivar-campos-de-camomilas-na-sua-casa\/#breadcrumb"},"inLanguage":"pt-BR","potentialAction":[{"@type":"ReadAction","target":["https:\/\/www.correiobraziliense.com.br\/cbradar\/aprenda-a-cultivar-campos-de-camomilas-na-sua-casa\/"]}]},{"@type":"ImageObject","inLanguage":"pt-BR","@id":"https:\/\/www.correiobraziliense.com.br\/cbradar\/aprenda-a-cultivar-campos-de-camomilas-na-sua-casa\/#primaryimage","url":"https:\/\/www.correiobraziliense.com.br\/cbradar\/wp-content\/uploads\/2025\/03\/camomila_1740802017767.jpg","contentUrl":"https:\/\/www.correiobraziliense.com.br\/cbradar\/wp-content\/uploads\/2025\/03\/camomila_1740802017767.jpg","width":1280,"height":720,"caption":"Campo de Camomila \/\/ Cr\u00e9ditos: depositphotos.com \/ O.Rohulya"},{"@type":"BreadcrumbList","@id":"https:\/\/www.correiobraziliense.com.br\/cbradar\/aprenda-a-cultivar-campos-de-camomilas-na-sua-casa\/#breadcrumb","itemListElement":[{"@type":"ListItem","position":1,"name":"In\u00edcio","item":"https:\/\/www.correiobraziliense.com.br\/cbradar\/"},{"@type":"ListItem","position":2,"name":"Aprenda a cultivar campos de camomilas na sua casa!"}]},{"@type":"WebSite","@id":"https:\/\/www.correiobraziliense.com.br\/cbradar\/#website","url":"https:\/\/www.correiobraziliense.com.br\/cbradar\/","name":"Correio Braziliense - Radar","description":"Acompanhe as \u00faltimas not\u00edcias e fique bem informado sobre tudo o que acontece no Brasil e no mundo.","potentialAction":[{"@type":"SearchAction","target":{"@type":"EntryPoint","urlTemplate":"https:\/\/www.correiobraziliense.com.br\/cbradar\/?s={search_term_string}"},"query-input":{"@type":"PropertyValueSpecification","valueRequired":true,"valueName":"search_term_string"}}],"inLanguage":"pt-BR"},{"@type":"Person","@id":"https:\/\/www.correiobraziliense.com.br\/cbradar\/#\/schema\/person\/4053c651a9bfc785afc6f4cbc9032fd3","name":"Maura Pereira","image":{"@type":"ImageObject","inLanguage":"pt-BR","@id":"https:\/\/www.correiobraziliense.com.br\/cbradar\/#\/schema\/person\/image\/","url":"https:\/\/secure.gravatar.com\/avatar\/3effd6bdadfa447f15089c7f7144eaa6?s=96&d=mm&r=g","contentUrl":"https:\/\/secure.gravatar.com\/avatar\/3effd6bdadfa447f15089c7f7144eaa6?s=96&d=mm&r=g","caption":"Maura Pereira"},"sameAs":["https:\/\/www.correiobraziliense.com.br\/"],"url":"https:\/\/www.correiobraziliense.com.br\/cbradar\/author\/mauramyth\/"}]}},"_links":{"self":[{"href":"https:\/\/www.correiobraziliense.com.br\/cbradar\/wp-json\/wp\/v2\/posts\/7972","targetHints":{"allow":["GET"]}}],"collection":[{"href":"https:\/\/www.correiobraziliense.com.br\/cbradar\/wp-json\/wp\/v2\/posts"}],"about":[{"href":"https:\/\/www.correiobraziliense.com.br\/cbradar\/wp-json\/wp\/v2\/types\/post"}],"author":[{"embeddable":true,"href":"https:\/\/www.correiobraziliense.com.br\/cbradar\/wp-json\/wp\/v2\/users\/8"}],"replies":[{"embeddable":true,"href":"https:\/\/www.correiobraziliense.com.br\/cbradar\/wp-json\/wp\/v2\/comments?post=7972"}],"version-history":[{"count":3,"href":"https:\/\/www.correiobraziliense.com.br\/cbradar\/wp-json\/wp\/v2\/posts\/7972\/revisions"}],"predecessor-version":[{"id":7978,"href":"https:\/\/www.correiobraziliense.com.br\/cbradar\/wp-json\/wp\/v2\/posts\/7972\/revisions\/7978"}],"wp:featuredmedia":[{"embeddable":true,"href":"https:\/\/www.correiobraziliense.com.br\/cbradar\/wp-json\/wp\/v2\/media\/7941"}],"wp:attachment":[{"href":"https:\/\/www.correiobraziliense.com.br\/cbradar\/wp-json\/wp\/v2\/media?parent=7972"}],"wp:term":[{"taxonomy":"category","embeddable":true,"href":"https:\/\/www.correiobraziliense.com.br\/cbradar\/wp-json\/wp\/v2\/categories?post=7972"},{"taxonomy":"post_tag","embeddable":true,"href":"https:\/\/www.correiobraziliense.com.br\/cbradar\/wp-json\/wp\/v2\/post_tag?post=7972"}],"curies":[{"name":"wp","href":"https:\/\/api.w.org\/{rel}","templated":true}]}}