{"id":79720,"date":"2025-08-03T11:13:00","date_gmt":"2025-08-03T14:13:00","guid":{"rendered":"https:\/\/www.correiobraziliense.com.br\/cbradar\/?p=79720"},"modified":"2025-08-02T16:16:06","modified_gmt":"2025-08-02T19:16:06","slug":"as-seis-coisas-que-voce-nunca-deve-contar-a-ninguem-segundo-um-psicologo","status":"publish","type":"post","link":"https:\/\/www.correiobraziliense.com.br\/cbradar\/as-seis-coisas-que-voce-nunca-deve-contar-a-ninguem-segundo-um-psicologo\/","title":{"rendered":"As seis coisas que voc\u00ea nunca deve contar a ningu\u00e9m, segundo um psic\u00f3logo"},"content":{"rendered":"\n<p>Falar sobre nossa vida pode ser saud\u00e1vel, por\u00e9m a <strong>psic\u00f3loga<\/strong> Silvia Severino aconselha que certos aspectos devem ser mantidos em segredo. Mesmo que seja importante se abrir com os outros, algumas informa\u00e7\u00f5es podem ser mal interpretadas ou usadas contra voc\u00ea.<\/p>\n\n\n\n<ul class=\"wp-block-list\">\n<li><strong>Planos futuros<\/strong>: compartilhar seus objetivos pode atrair cr\u00edticas ou inveja.<\/li>\n\n\n\n<li><strong>Aspectos vulner\u00e1veis<\/strong>: contar suas fraquezas pode ser usado contra voc\u00ea no futuro.<\/li>\n\n\n\n<li><strong>Erros passados<\/strong>: nem todos enxergam seus erros como aprendizados.<\/li>\n<\/ul>\n\n\n\n<h2 class=\"wp-block-heading\">Por que manter seus planos em segredo?<\/h2>\n\n\n\n<p>Compartilhar seus <strong>objetivos<\/strong> pessoais pode, \u00e0 primeira vista, ser positivo, mas pode tamb\u00e9m te expor a cr\u00edticas e a pessoas que n\u00e3o querem ver seu crescimento. Guardar seus planos protege voc\u00ea de poss\u00edveis sabotadores.<\/p>\n\n\n\n<p><strong>Aten\u00e7\u00e3o:<\/strong> Deixe que seus resultados falem por si s\u00f3.<\/p>\n\n\n\n<h2 class=\"wp-block-heading\">A delicadeza de falar sobre suas vulnerabilidades<\/h2>\n\n\n\n<p>Mesmo entre grandes amigos, expor suas <strong>fraquezas<\/strong> pode ser arriscado. Algu\u00e9m pode usar essa informa\u00e7\u00e3o para te manipular ou machucar emocionalmente no futuro.<\/p>\n\n\n\n<h2 class=\"wp-block-heading\">Os riscos de compartilhar fracassos<\/h2>\n\n\n\n<p>Aprender com os <strong>erros<\/strong> \u00e9 importante, mas nem todos v\u00e3o reconhecer seus fracassos como parte de seu crescimento. Ao compartilhar seus trope\u00e7os, voc\u00ea pode mudar a imagem que os outros t\u00eam de voc\u00ea.<\/p>\n\n\n\n<figure class=\"wp-block-image size-large\"><img decoding=\"async\" width=\"1024\" height=\"576\" src=\"https:\/\/www.correiobraziliense.com.br\/cbradar\/wp-content\/uploads\/2025\/08\/pessoas-conversando_1754162111309-1024x576.jpg\" alt=\"As seis coisas que voc\u00ea nunca deve contar a ningu\u00e9m, segundo um psic\u00f3logo\" class=\"wp-image-79723\" srcset=\"https:\/\/www.correiobraziliense.com.br\/cbradar\/wp-content\/uploads\/2025\/08\/pessoas-conversando_1754162111309-1024x576.jpg 1024w, https:\/\/www.correiobraziliense.com.br\/cbradar\/wp-content\/uploads\/2025\/08\/pessoas-conversando_1754162111309-300x169.jpg 300w, https:\/\/www.correiobraziliense.com.br\/cbradar\/wp-content\/uploads\/2025\/08\/pessoas-conversando_1754162111309-768x432.jpg 768w, https:\/\/www.correiobraziliense.com.br\/cbradar\/wp-content\/uploads\/2025\/08\/pessoas-conversando_1754162111309-750x422.jpg 750w, https:\/\/www.correiobraziliense.com.br\/cbradar\/wp-content\/uploads\/2025\/08\/pessoas-conversando_1754162111309-1140x641.jpg 1140w, https:\/\/www.correiobraziliense.com.br\/cbradar\/wp-content\/uploads\/2025\/08\/pessoas-conversando_1754162111309.jpg 1280w\" sizes=\"(max-width: 1024px) 100vw, 1024px\" \/><figcaption class=\"wp-element-caption\">pessoas conversando. Cr\u00e9ditos: depositphotos.com \/ AndreyBezuglov<\/figcaption><\/figure>\n\n\n\n<h2 class=\"wp-block-heading\">Mantenha o sil\u00eancio at\u00e9 o momento certo<\/h2>\n\n\n\n<p>\u00c9 aconselh\u00e1vel ter cautela ao falar sobre seus pr\u00f3ximos passos, como mudan\u00e7a de emprego ou novos projetos. Manter esses movimentos em <strong>segredo<\/strong> at\u00e9 que estejam concretizados pode evitar mal-entendidos ou interfer\u00eancias externas.<\/p>\n\n\n\n<h2 class=\"wp-block-heading\">O poder de guardar segredos<\/h2>\n\n\n\n<p>Compartilhar todos os seus segredos pode enfraquecer voc\u00ea. \u201cQuem conta tudo, exp\u00f5e-se sozinho\u201d, afirma Severino. Manter algumas quest\u00f5es em privado \u00e9 uma forma de se proteger.<\/p>\n\n\n\n<h2 class=\"wp-block-heading\">Manuseando informa\u00e7\u00e3o financeira com cautela<\/h2>\n\n\n\n<p>Falar abertamente sobre ganhos e finan\u00e7as pode ser delicado e arriscado. Manter esses dados em <strong>reserva<\/strong> te d\u00e1 vantagem e protege sua privacidade nas rela\u00e7\u00f5es.<\/p>\n\n\n\n<p>A inten\u00e7\u00e3o dessas recomenda\u00e7\u00f5es n\u00e3o \u00e9 criar desconfian\u00e7a, mas promover a reflex\u00e3o sobre o que vale a pena ser dividido e com quem. \u00c9 fundamental saber diferenciar amigos de verdade de meros conhecidos para preservar seu bem-estar. Al\u00e9m disso, a psic\u00f3loga ressalta que, em ambientes profissionais, \u00e9 ainda mais importante manter discri\u00e7\u00e3o sobre quest\u00f5es pessoais e financeiras, evitando assim poss\u00edveis conflitos ou julgamentos indevidos.<\/p>\n\n\n\n<p><strong>Leia tamb\u00e9m:<\/strong> <a href=\"https:\/\/www.correiobraziliense.com.br\/cbradar\/o-que-significa-esquecer-datas-importantes-segundo-a-psicologia\/\" target=\"_blank\" rel=\"noreferrer noopener\">O que significa esquecer datas importantes, segundo a psicologia<\/a><\/p>\n\n\n\n<h2 class=\"wp-block-heading\">Cultivar a autoconfian\u00e7a: um autocuidado essencial<\/h2>\n\n\n\n<ul class=\"wp-block-list\">\n<li>Escolha com aten\u00e7\u00e3o o que vai <strong>compartilhar<\/strong>.<\/li>\n\n\n\n<li>Entenda a import\u00e2ncia de manter certas informa\u00e7\u00f5es s\u00f3 para voc\u00ea.<\/li>\n\n\n\n<li>Valorize a diferen\u00e7a entre pessoas de confian\u00e7a e conhecidos casuais.<\/li>\n<\/ul>\n","protected":false},"excerpt":{"rendered":"<p>Descubra as 6 coisas que nunca deve revelar a ningu\u00e9m, segundo a psic\u00f3loga Silvia Severino. Proteja suas metas e segredos com autocuidado.<\/p>\n","protected":false},"author":3,"featured_media":79722,"comment_status":"open","ping_status":"open","sticky":false,"template":"","format":"standard","meta":{"_yoast_wpseo_focuskw":"coisas nunca contar ningu\u00e9m","_yoast_wpseo_title":"%%title%%","_yoast_wpseo_metadesc":"Descubra as 6 coisas que nunca deve revelar a ningu\u00e9m, segundo a psic\u00f3loga Silvia Severino. Proteja suas metas e segredos com autocuidado.","jnews-multi-image_gallery":[],"jnews_single_post":{"format":"standard"},"jnews_primary_category":[],"jnews_social_meta":[],"jnews_override_counter":[],"footnotes":""},"categories":[112],"tags":[144,404],"class_list":["post-79720","post","type-post","status-publish","format-standard","has-post-thumbnail","hentry","category-curiosidades","tag-curiosidades","tag-psicologia"],"yoast_head":"<!-- This site is optimized with the Yoast SEO plugin v24.6 - https:\/\/yoast.com\/wordpress\/plugins\/seo\/ -->\n<title>As seis coisas que voc\u00ea nunca deve contar a ningu\u00e9m, segundo um psic\u00f3logo<\/title>\n<meta name=\"description\" content=\"Descubra as 6 coisas que nunca deve revelar a ningu\u00e9m, segundo a psic\u00f3loga Silvia Severino. Proteja suas metas e segredos com autocuidado.\" \/>\n<meta name=\"robots\" content=\"index, follow, max-snippet:-1, max-image-preview:large, max-video-preview:-1\" \/>\n<link rel=\"canonical\" href=\"https:\/\/www.correiobraziliense.com.br\/cbradar\/as-seis-coisas-que-voce-nunca-deve-contar-a-ninguem-segundo-um-psicologo\/\" \/>\n<meta property=\"og:locale\" content=\"pt_BR\" \/>\n<meta property=\"og:type\" content=\"article\" \/>\n<meta property=\"og:title\" content=\"As seis coisas que voc\u00ea nunca deve contar a ningu\u00e9m, segundo um psic\u00f3logo\" \/>\n<meta property=\"og:description\" content=\"Descubra as 6 coisas que nunca deve revelar a ningu\u00e9m, segundo a psic\u00f3loga Silvia Severino. Proteja suas metas e segredos com autocuidado.\" \/>\n<meta property=\"og:url\" content=\"https:\/\/www.correiobraziliense.com.br\/cbradar\/as-seis-coisas-que-voce-nunca-deve-contar-a-ninguem-segundo-um-psicologo\/\" \/>\n<meta property=\"og:site_name\" content=\"Correio Braziliense - Radar\" \/>\n<meta property=\"article:published_time\" content=\"2025-08-03T14:13:00+00:00\" \/>\n<meta property=\"og:image\" content=\"https:\/\/www.correiobraziliense.com.br\/cbradar\/wp-content\/uploads\/2025\/08\/pessoas-conversando_1754162023163.jpg\" \/>\n\t<meta property=\"og:image:width\" content=\"1280\" \/>\n\t<meta property=\"og:image:height\" content=\"720\" \/>\n\t<meta property=\"og:image:type\" content=\"image\/jpeg\" \/>\n<meta name=\"author\" content=\"Larissa Carvalho\" \/>\n<meta name=\"twitter:card\" content=\"summary_large_image\" \/>\n<meta name=\"twitter:label1\" content=\"Escrito por\" \/>\n\t<meta name=\"twitter:data1\" content=\"Larissa Carvalho\" \/>\n\t<meta name=\"twitter:label2\" content=\"Est. tempo de leitura\" \/>\n\t<meta name=\"twitter:data2\" content=\"3 minutos\" \/>\n<!-- \/ Yoast SEO plugin. -->","yoast_head_json":{"title":"As seis coisas que voc\u00ea nunca deve contar a ningu\u00e9m, segundo um psic\u00f3logo","description":"Descubra as 6 coisas que nunca deve revelar a ningu\u00e9m, segundo a psic\u00f3loga Silvia Severino. Proteja suas metas e segredos com autocuidado.","robots":{"index":"index","follow":"follow","max-snippet":"max-snippet:-1","max-image-preview":"max-image-preview:large","max-video-preview":"max-video-preview:-1"},"canonical":"https:\/\/www.correiobraziliense.com.br\/cbradar\/as-seis-coisas-que-voce-nunca-deve-contar-a-ninguem-segundo-um-psicologo\/","og_locale":"pt_BR","og_type":"article","og_title":"As seis coisas que voc\u00ea nunca deve contar a ningu\u00e9m, segundo um psic\u00f3logo","og_description":"Descubra as 6 coisas que nunca deve revelar a ningu\u00e9m, segundo a psic\u00f3loga Silvia Severino. Proteja suas metas e segredos com autocuidado.","og_url":"https:\/\/www.correiobraziliense.com.br\/cbradar\/as-seis-coisas-que-voce-nunca-deve-contar-a-ninguem-segundo-um-psicologo\/","og_site_name":"Correio Braziliense - Radar","article_published_time":"2025-08-03T14:13:00+00:00","og_image":[{"width":1280,"height":720,"url":"https:\/\/www.correiobraziliense.com.br\/cbradar\/wp-content\/uploads\/2025\/08\/pessoas-conversando_1754162023163.jpg","type":"image\/jpeg"}],"author":"Larissa Carvalho","twitter_card":"summary_large_image","twitter_misc":{"Escrito por":"Larissa Carvalho","Est. tempo de leitura":"3 minutos"},"schema":{"@context":"https:\/\/schema.org","@graph":[{"@type":"WebPage","@id":"https:\/\/www.correiobraziliense.com.br\/cbradar\/as-seis-coisas-que-voce-nunca-deve-contar-a-ninguem-segundo-um-psicologo\/","url":"https:\/\/www.correiobraziliense.com.br\/cbradar\/as-seis-coisas-que-voce-nunca-deve-contar-a-ninguem-segundo-um-psicologo\/","name":"As seis coisas que voc\u00ea nunca deve contar a ningu\u00e9m, segundo um psic\u00f3logo","isPartOf":{"@id":"https:\/\/www.correiobraziliense.com.br\/cbradar\/#website"},"primaryImageOfPage":{"@id":"https:\/\/www.correiobraziliense.com.br\/cbradar\/as-seis-coisas-que-voce-nunca-deve-contar-a-ninguem-segundo-um-psicologo\/#primaryimage"},"image":{"@id":"https:\/\/www.correiobraziliense.com.br\/cbradar\/as-seis-coisas-que-voce-nunca-deve-contar-a-ninguem-segundo-um-psicologo\/#primaryimage"},"thumbnailUrl":"https:\/\/www.correiobraziliense.com.br\/cbradar\/wp-content\/uploads\/2025\/08\/pessoas-conversando_1754162023163.jpg","datePublished":"2025-08-03T14:13:00+00:00","author":{"@id":"https:\/\/www.correiobraziliense.com.br\/cbradar\/#\/schema\/person\/58422787644df994b53a19d3e56c1513"},"description":"Descubra as 6 coisas que nunca deve revelar a ningu\u00e9m, segundo a psic\u00f3loga Silvia Severino. Proteja suas metas e segredos com autocuidado.","breadcrumb":{"@id":"https:\/\/www.correiobraziliense.com.br\/cbradar\/as-seis-coisas-que-voce-nunca-deve-contar-a-ninguem-segundo-um-psicologo\/#breadcrumb"},"inLanguage":"pt-BR","potentialAction":[{"@type":"ReadAction","target":["https:\/\/www.correiobraziliense.com.br\/cbradar\/as-seis-coisas-que-voce-nunca-deve-contar-a-ninguem-segundo-um-psicologo\/"]}]},{"@type":"ImageObject","inLanguage":"pt-BR","@id":"https:\/\/www.correiobraziliense.com.br\/cbradar\/as-seis-coisas-que-voce-nunca-deve-contar-a-ninguem-segundo-um-psicologo\/#primaryimage","url":"https:\/\/www.correiobraziliense.com.br\/cbradar\/wp-content\/uploads\/2025\/08\/pessoas-conversando_1754162023163.jpg","contentUrl":"https:\/\/www.correiobraziliense.com.br\/cbradar\/wp-content\/uploads\/2025\/08\/pessoas-conversando_1754162023163.jpg","width":1280,"height":720,"caption":"pessoas conversando. Cr\u00e9ditos: depositphotos.com \/ DenisDenisenko"},{"@type":"BreadcrumbList","@id":"https:\/\/www.correiobraziliense.com.br\/cbradar\/as-seis-coisas-que-voce-nunca-deve-contar-a-ninguem-segundo-um-psicologo\/#breadcrumb","itemListElement":[{"@type":"ListItem","position":1,"name":"In\u00edcio","item":"https:\/\/www.correiobraziliense.com.br\/cbradar\/"},{"@type":"ListItem","position":2,"name":"As seis coisas que voc\u00ea nunca deve contar a ningu\u00e9m, segundo um psic\u00f3logo"}]},{"@type":"WebSite","@id":"https:\/\/www.correiobraziliense.com.br\/cbradar\/#website","url":"https:\/\/www.correiobraziliense.com.br\/cbradar\/","name":"Correio Braziliense - Radar","description":"Acompanhe as \u00faltimas not\u00edcias e fique bem informado sobre tudo o que acontece no Brasil e no mundo.","potentialAction":[{"@type":"SearchAction","target":{"@type":"EntryPoint","urlTemplate":"https:\/\/www.correiobraziliense.com.br\/cbradar\/?s={search_term_string}"},"query-input":{"@type":"PropertyValueSpecification","valueRequired":true,"valueName":"search_term_string"}}],"inLanguage":"pt-BR"},{"@type":"Person","@id":"https:\/\/www.correiobraziliense.com.br\/cbradar\/#\/schema\/person\/58422787644df994b53a19d3e56c1513","name":"Larissa Carvalho","image":{"@type":"ImageObject","inLanguage":"pt-BR","@id":"https:\/\/www.correiobraziliense.com.br\/cbradar\/#\/schema\/person\/image\/","url":"https:\/\/secure.gravatar.com\/avatar\/fe4f91a0de32b52a838d0d612abdc1aa?s=96&d=mm&r=g","contentUrl":"https:\/\/secure.gravatar.com\/avatar\/fe4f91a0de32b52a838d0d612abdc1aa?s=96&d=mm&r=g","caption":"Larissa Carvalho"},"url":"https:\/\/www.correiobraziliense.com.br\/cbradar\/author\/larissamyth\/"}]}},"_links":{"self":[{"href":"https:\/\/www.correiobraziliense.com.br\/cbradar\/wp-json\/wp\/v2\/posts\/79720","targetHints":{"allow":["GET"]}}],"collection":[{"href":"https:\/\/www.correiobraziliense.com.br\/cbradar\/wp-json\/wp\/v2\/posts"}],"about":[{"href":"https:\/\/www.correiobraziliense.com.br\/cbradar\/wp-json\/wp\/v2\/types\/post"}],"author":[{"embeddable":true,"href":"https:\/\/www.correiobraziliense.com.br\/cbradar\/wp-json\/wp\/v2\/users\/3"}],"replies":[{"embeddable":true,"href":"https:\/\/www.correiobraziliense.com.br\/cbradar\/wp-json\/wp\/v2\/comments?post=79720"}],"version-history":[{"count":2,"href":"https:\/\/www.correiobraziliense.com.br\/cbradar\/wp-json\/wp\/v2\/posts\/79720\/revisions"}],"predecessor-version":[{"id":79724,"href":"https:\/\/www.correiobraziliense.com.br\/cbradar\/wp-json\/wp\/v2\/posts\/79720\/revisions\/79724"}],"wp:featuredmedia":[{"embeddable":true,"href":"https:\/\/www.correiobraziliense.com.br\/cbradar\/wp-json\/wp\/v2\/media\/79722"}],"wp:attachment":[{"href":"https:\/\/www.correiobraziliense.com.br\/cbradar\/wp-json\/wp\/v2\/media?parent=79720"}],"wp:term":[{"taxonomy":"category","embeddable":true,"href":"https:\/\/www.correiobraziliense.com.br\/cbradar\/wp-json\/wp\/v2\/categories?post=79720"},{"taxonomy":"post_tag","embeddable":true,"href":"https:\/\/www.correiobraziliense.com.br\/cbradar\/wp-json\/wp\/v2\/tags?post=79720"}],"curies":[{"name":"wp","href":"https:\/\/api.w.org\/{rel}","templated":true}]}}