{"id":79730,"date":"2025-08-03T12:23:00","date_gmt":"2025-08-03T15:23:00","guid":{"rendered":"https:\/\/www.correiobraziliense.com.br\/cbradar\/?p=79730"},"modified":"2025-08-02T16:24:19","modified_gmt":"2025-08-02T19:24:19","slug":"6-graos-com-mais-fibra-do-que-o-arroz-integral","status":"publish","type":"post","link":"https:\/\/www.correiobraziliense.com.br\/cbradar\/6-graos-com-mais-fibra-do-que-o-arroz-integral\/","title":{"rendered":"6 gr\u00e3os com mais fibra do que o arroz integral"},"content":{"rendered":"\n<p>Nos dias atuais, a <strong>fibra<\/strong> est\u00e1 ganhando destaque novamente, com tend\u00eancias como o &#8216;fibermaxxing&#8217; se tornando quase t\u00e3o populares quanto a febre das prote\u00ednas. Se voc\u00ea ainda n\u00e3o sabe, a fibra \u00e9 um tipo de carboidrato complexo que traz diversos <strong>benef\u00edcios para a sa\u00fade<\/strong>. Estes benef\u00edcios incluem a regula\u00e7\u00e3o do intestino, a adi\u00e7\u00e3o de volume \u00e0s fezes e a produ\u00e7\u00e3o de \u00e1cidos graxos de cadeia curta que alimentam nosso <strong>microbioma intestinal<\/strong>.<\/p>\n\n\n\n<ul class=\"wp-block-list\">\n<li>A <strong>fibra<\/strong> ajuda a reduzir o colesterol e apoia a sa\u00fade do cora\u00e7\u00e3o.<\/li>\n\n\n\n<li>\u00c9 essencial para o controle do a\u00e7\u00facar no sangue e promove a saciedade.<\/li>\n\n\n\n<li>Alimentos ricos em fibra incluem frutas, vegetais, nozes, sementes e legumes.<\/li>\n<\/ul>\n\n\n\n<h2 class=\"wp-block-heading\">O que \u00e9 a fibra e por que ela \u00e9 importante?<\/h2>\n\n\n\n<p>A <strong>fibra<\/strong> \u00e9 um nutriente crucial para o funcionamento saud\u00e1vel do corpo. Ela ajuda a regularizar o intestino, adiciona massa \u00e0s fezes e alimenta o microbioma intestinal, o que beneficia varias \u00e1reas da sa\u00fade, incluindo o sistema imunol\u00f3gico e a sa\u00fade do cora\u00e7\u00e3o. Al\u00e9m disso, a <strong>fibra<\/strong> se liga ao colesterol no intestino, ajudando a elimin\u00e1-lo do corpo.<\/p>\n\n\n\n<h2 class=\"wp-block-heading\">Quais s\u00e3o os gr\u00e3os ricos em fibra?<\/h2>\n\n\n\n<p>Embora o arroz integral seja um gr\u00e3o popular para aumentar a ingest\u00e3o de fibra, outros gr\u00e3os oferecem ainda mais deste <strong>nutriente complexo<\/strong>. Veja cinco exemplos impressionantes de gr\u00e3os que superam o arroz integral em conte\u00fado de fibra:<\/p>\n\n\n\n<h2 class=\"wp-block-heading\">Farro: Um substituto nutritivo para o arroz<\/h2>\n\n\n\n<p>Menos popular que outros gr\u00e3os, o <strong>farro<\/strong> \u00e9 rico em prote\u00ednas vegetais, magn\u00e9sio, zinco e antioxidantes. Esses nutrientes oferecem suporte \u00e0 imunidade, sa\u00fade \u00f3ssea e reparo dos tecidos. Experimente-o em tigelas de gr\u00e3os, sopas ou com legumes assados e vinagrete.<\/p>\n\n\n\n<figure class=\"wp-block-image size-large\"><img decoding=\"async\" width=\"1024\" height=\"576\" src=\"https:\/\/www.correiobraziliense.com.br\/cbradar\/wp-content\/uploads\/2025\/08\/graos_1754162631924-1024x576.jpg\" alt=\"6 gr\u00e3os com mais fibra do que o arroz integral\" class=\"wp-image-79733\" srcset=\"https:\/\/www.correiobraziliense.com.br\/cbradar\/wp-content\/uploads\/2025\/08\/graos_1754162631924-1024x576.jpg 1024w, https:\/\/www.correiobraziliense.com.br\/cbradar\/wp-content\/uploads\/2025\/08\/graos_1754162631924-300x169.jpg 300w, https:\/\/www.correiobraziliense.com.br\/cbradar\/wp-content\/uploads\/2025\/08\/graos_1754162631924-768x432.jpg 768w, https:\/\/www.correiobraziliense.com.br\/cbradar\/wp-content\/uploads\/2025\/08\/graos_1754162631924-750x422.jpg 750w, https:\/\/www.correiobraziliense.com.br\/cbradar\/wp-content\/uploads\/2025\/08\/graos_1754162631924-1140x641.jpg 1140w, https:\/\/www.correiobraziliense.com.br\/cbradar\/wp-content\/uploads\/2025\/08\/graos_1754162631924.jpg 1280w\" sizes=\"(max-width: 1024px) 100vw, 1024px\" \/><figcaption class=\"wp-element-caption\">gr\u00e3os. Cr\u00e9ditos: depositphotos.com \/ alrisha<\/figcaption><\/figure>\n\n\n\n<h2 class=\"wp-block-heading\">Quais s\u00e3o os benef\u00edcios dos aveia para a sa\u00fade?<\/h2>\n\n\n\n<p>As aveias s\u00e3o um alimento b\u00e1sico do caf\u00e9 da manh\u00e3 e s\u00e3o ricas em fibras, gorduras saud\u00e1veis para o cora\u00e7\u00e3o, prote\u00ednas e compostos vegetais ben\u00e9ficos. Elas tamb\u00e9m cont\u00eam vitaminas do complexo B, f\u00f3sforo e magn\u00e9sio, que s\u00e3o essenciais para a sa\u00fade metab\u00f3lica e \u00f3ssea.<\/p>\n\n\n\n<h2 class=\"wp-block-heading\">Barley pode ajudar a baixar o colesterol?<\/h2>\n\n\n\n<p>Sim, a <strong>cevada<\/strong> cont\u00e9m beta-glucana, um tipo de fibra sol\u00favel que pode ajudar a reduzir o colesterol e a equilibrar o a\u00e7\u00facar no sangue. Pode ser usada em v\u00e1rias receitas, como saladas mornas e como alternativa ao risoto.<\/p>\n\n\n\n<h2 class=\"wp-block-heading\">Sorghum: A estrela em ascens\u00e3o dos superalimentos<\/h2>\n\n\n\n<p>O <strong>sorghum<\/strong> est\u00e1 ganhando reconhecimento por sua nutri\u00e7\u00e3o robusta, incluindo prote\u00ednas, ferro, zinco e magn\u00e9sio. Ele pode ser cozido como o arroz e utilizado em pratos como sopas, saladas e stir-fries.<\/p>\n\n\n\n<h2 class=\"wp-block-heading\">Bulgur: R\u00e1pido, saboroso e repleto de fibra<\/h2>\n\n\n\n<p>O <strong>bulgur<\/strong> \u00e9 uma excelente fonte de fibra, especialmente elevado em mangan\u00eas e magn\u00e9sio. Um prato popular \u00e9 o tabule, mas tamb\u00e9m pode ser servido com pilaf de lim\u00e3o e ervas.<\/p>\n\n\n\n<h2 class=\"wp-block-heading\">Quinoa: A escolha preferida dos amantes de prote\u00edna<\/h2>\n\n\n\n<p>A <strong>quinoa<\/strong> \u00e9 uma prote\u00edna completa, contendo todos os nove amino\u00e1cidos essenciais. Al\u00e9m de ser naturalmente sem gl\u00faten, \u00e9 rica em vitaminas do complexo B e minerais como f\u00f3sforo e magn\u00e9sio.<\/p>\n\n\n\n<h2 class=\"wp-block-heading\">Principais benef\u00edcios de incluir gr\u00e3os em sua dieta di\u00e1ria<\/h2>\n\n\n\n<ul class=\"wp-block-list\">\n<li>Os gr\u00e3os ricos em <strong>fibra<\/strong> oferecem suporte \u00e0 digest\u00e3o e \u00e0 sa\u00fade do cora\u00e7\u00e3o.<\/li>\n\n\n\n<li>Possuem nutrientes essenciais que ajudam na imunidade e no metabolismo.<\/li>\n\n\n\n<li>S\u00e3o vers\u00e1teis e podem ser incorporados em diversos pratos saborosos.<\/li>\n<\/ul>\n","protected":false},"excerpt":{"rendered":"<p>\u00c9s por dentro dos benef\u00edcios das fibras? Descubra 6 gr\u00e3os poderosos que superam o arroz integral em fibras e melhoram sua sa\u00fade digestiva e cardiovascular.<\/p>\n","protected":false},"author":3,"featured_media":79732,"comment_status":"open","ping_status":"open","sticky":false,"template":"","format":"standard","meta":{"_yoast_wpseo_focuskw":"gr\u00e3o fibra","_yoast_wpseo_title":"%%title%%","_yoast_wpseo_metadesc":"\u00c9s por dentro dos benef\u00edcios das fibras? Descubra 6 gr\u00e3os poderosos que superam o arroz integral em fibras e melhoram sua sa\u00fade digestiva e cardiovascular.","jnews-multi-image_gallery":[],"jnews_single_post":{"format":"standard"},"jnews_primary_category":[],"jnews_social_meta":[],"jnews_override_counter":[],"footnotes":""},"categories":[112],"tags":[281,1423,144],"class_list":["post-79730","post","type-post","status-publish","format-standard","has-post-thumbnail","hentry","category-curiosidades","tag-alimentacao","tag-alimentos","tag-curiosidades"],"yoast_head":"<!-- This site is optimized with the Yoast SEO plugin v24.6 - https:\/\/yoast.com\/wordpress\/plugins\/seo\/ -->\n<title>6 gr\u00e3os com mais fibra do que o arroz integral<\/title>\n<meta name=\"description\" content=\"\u00c9s por dentro dos benef\u00edcios das fibras? Descubra 6 gr\u00e3os poderosos que superam o arroz integral em fibras e melhoram sua sa\u00fade digestiva e cardiovascular.\" \/>\n<meta name=\"robots\" content=\"index, follow, max-snippet:-1, max-image-preview:large, max-video-preview:-1\" \/>\n<link rel=\"canonical\" href=\"https:\/\/www.correiobraziliense.com.br\/cbradar\/6-graos-com-mais-fibra-do-que-o-arroz-integral\/\" \/>\n<meta property=\"og:locale\" content=\"pt_BR\" \/>\n<meta property=\"og:type\" content=\"article\" \/>\n<meta property=\"og:title\" content=\"6 gr\u00e3os com mais fibra do que o arroz integral\" \/>\n<meta property=\"og:description\" content=\"\u00c9s por dentro dos benef\u00edcios das fibras? Descubra 6 gr\u00e3os poderosos que superam o arroz integral em fibras e melhoram sua sa\u00fade digestiva e cardiovascular.\" \/>\n<meta property=\"og:url\" content=\"https:\/\/www.correiobraziliense.com.br\/cbradar\/6-graos-com-mais-fibra-do-que-o-arroz-integral\/\" \/>\n<meta property=\"og:site_name\" content=\"Correio Braziliense - Radar\" \/>\n<meta property=\"article:published_time\" content=\"2025-08-03T15:23:00+00:00\" \/>\n<meta property=\"og:image\" content=\"https:\/\/www.correiobraziliense.com.br\/cbradar\/wp-content\/uploads\/2025\/08\/graos_1754162566001.jpg\" \/>\n\t<meta property=\"og:image:width\" content=\"1280\" \/>\n\t<meta property=\"og:image:height\" content=\"720\" \/>\n\t<meta property=\"og:image:type\" content=\"image\/jpeg\" \/>\n<meta name=\"author\" content=\"Larissa Carvalho\" \/>\n<meta name=\"twitter:card\" content=\"summary_large_image\" \/>\n<meta name=\"twitter:label1\" content=\"Escrito por\" \/>\n\t<meta name=\"twitter:data1\" content=\"Larissa Carvalho\" \/>\n\t<meta name=\"twitter:label2\" content=\"Est. tempo de leitura\" \/>\n\t<meta name=\"twitter:data2\" content=\"4 minutos\" \/>\n<!-- \/ Yoast SEO plugin. -->","yoast_head_json":{"title":"6 gr\u00e3os com mais fibra do que o arroz integral","description":"\u00c9s por dentro dos benef\u00edcios das fibras? Descubra 6 gr\u00e3os poderosos que superam o arroz integral em fibras e melhoram sua sa\u00fade digestiva e cardiovascular.","robots":{"index":"index","follow":"follow","max-snippet":"max-snippet:-1","max-image-preview":"max-image-preview:large","max-video-preview":"max-video-preview:-1"},"canonical":"https:\/\/www.correiobraziliense.com.br\/cbradar\/6-graos-com-mais-fibra-do-que-o-arroz-integral\/","og_locale":"pt_BR","og_type":"article","og_title":"6 gr\u00e3os com mais fibra do que o arroz integral","og_description":"\u00c9s por dentro dos benef\u00edcios das fibras? Descubra 6 gr\u00e3os poderosos que superam o arroz integral em fibras e melhoram sua sa\u00fade digestiva e cardiovascular.","og_url":"https:\/\/www.correiobraziliense.com.br\/cbradar\/6-graos-com-mais-fibra-do-que-o-arroz-integral\/","og_site_name":"Correio Braziliense - Radar","article_published_time":"2025-08-03T15:23:00+00:00","og_image":[{"width":1280,"height":720,"url":"https:\/\/www.correiobraziliense.com.br\/cbradar\/wp-content\/uploads\/2025\/08\/graos_1754162566001.jpg","type":"image\/jpeg"}],"author":"Larissa Carvalho","twitter_card":"summary_large_image","twitter_misc":{"Escrito por":"Larissa Carvalho","Est. tempo de leitura":"4 minutos"},"schema":{"@context":"https:\/\/schema.org","@graph":[{"@type":"WebPage","@id":"https:\/\/www.correiobraziliense.com.br\/cbradar\/6-graos-com-mais-fibra-do-que-o-arroz-integral\/","url":"https:\/\/www.correiobraziliense.com.br\/cbradar\/6-graos-com-mais-fibra-do-que-o-arroz-integral\/","name":"6 gr\u00e3os com mais fibra do que o arroz integral","isPartOf":{"@id":"https:\/\/www.correiobraziliense.com.br\/cbradar\/#website"},"primaryImageOfPage":{"@id":"https:\/\/www.correiobraziliense.com.br\/cbradar\/6-graos-com-mais-fibra-do-que-o-arroz-integral\/#primaryimage"},"image":{"@id":"https:\/\/www.correiobraziliense.com.br\/cbradar\/6-graos-com-mais-fibra-do-que-o-arroz-integral\/#primaryimage"},"thumbnailUrl":"https:\/\/www.correiobraziliense.com.br\/cbradar\/wp-content\/uploads\/2025\/08\/graos_1754162566001.jpg","datePublished":"2025-08-03T15:23:00+00:00","author":{"@id":"https:\/\/www.correiobraziliense.com.br\/cbradar\/#\/schema\/person\/58422787644df994b53a19d3e56c1513"},"description":"\u00c9s por dentro dos benef\u00edcios das fibras? Descubra 6 gr\u00e3os poderosos que superam o arroz integral em fibras e melhoram sua sa\u00fade digestiva e cardiovascular.","breadcrumb":{"@id":"https:\/\/www.correiobraziliense.com.br\/cbradar\/6-graos-com-mais-fibra-do-que-o-arroz-integral\/#breadcrumb"},"inLanguage":"pt-BR","potentialAction":[{"@type":"ReadAction","target":["https:\/\/www.correiobraziliense.com.br\/cbradar\/6-graos-com-mais-fibra-do-que-o-arroz-integral\/"]}]},{"@type":"ImageObject","inLanguage":"pt-BR","@id":"https:\/\/www.correiobraziliense.com.br\/cbradar\/6-graos-com-mais-fibra-do-que-o-arroz-integral\/#primaryimage","url":"https:\/\/www.correiobraziliense.com.br\/cbradar\/wp-content\/uploads\/2025\/08\/graos_1754162566001.jpg","contentUrl":"https:\/\/www.correiobraziliense.com.br\/cbradar\/wp-content\/uploads\/2025\/08\/graos_1754162566001.jpg","width":1280,"height":720,"caption":"gr\u00e3os. Cr\u00e9ditos: depositphotos.com \/ Elena Schweitzer"},{"@type":"BreadcrumbList","@id":"https:\/\/www.correiobraziliense.com.br\/cbradar\/6-graos-com-mais-fibra-do-que-o-arroz-integral\/#breadcrumb","itemListElement":[{"@type":"ListItem","position":1,"name":"In\u00edcio","item":"https:\/\/www.correiobraziliense.com.br\/cbradar\/"},{"@type":"ListItem","position":2,"name":"6 gr\u00e3os com mais fibra do que o arroz integral"}]},{"@type":"WebSite","@id":"https:\/\/www.correiobraziliense.com.br\/cbradar\/#website","url":"https:\/\/www.correiobraziliense.com.br\/cbradar\/","name":"Correio Braziliense - Radar","description":"Acompanhe as \u00faltimas not\u00edcias e fique bem informado sobre tudo o que acontece no Brasil e no mundo.","potentialAction":[{"@type":"SearchAction","target":{"@type":"EntryPoint","urlTemplate":"https:\/\/www.correiobraziliense.com.br\/cbradar\/?s={search_term_string}"},"query-input":{"@type":"PropertyValueSpecification","valueRequired":true,"valueName":"search_term_string"}}],"inLanguage":"pt-BR"},{"@type":"Person","@id":"https:\/\/www.correiobraziliense.com.br\/cbradar\/#\/schema\/person\/58422787644df994b53a19d3e56c1513","name":"Larissa Carvalho","image":{"@type":"ImageObject","inLanguage":"pt-BR","@id":"https:\/\/www.correiobraziliense.com.br\/cbradar\/#\/schema\/person\/image\/","url":"https:\/\/secure.gravatar.com\/avatar\/fe4f91a0de32b52a838d0d612abdc1aa?s=96&d=mm&r=g","contentUrl":"https:\/\/secure.gravatar.com\/avatar\/fe4f91a0de32b52a838d0d612abdc1aa?s=96&d=mm&r=g","caption":"Larissa Carvalho"},"url":"https:\/\/www.correiobraziliense.com.br\/cbradar\/author\/larissamyth\/"}]}},"_links":{"self":[{"href":"https:\/\/www.correiobraziliense.com.br\/cbradar\/wp-json\/wp\/v2\/posts\/79730","targetHints":{"allow":["GET"]}}],"collection":[{"href":"https:\/\/www.correiobraziliense.com.br\/cbradar\/wp-json\/wp\/v2\/posts"}],"about":[{"href":"https:\/\/www.correiobraziliense.com.br\/cbradar\/wp-json\/wp\/v2\/types\/post"}],"author":[{"embeddable":true,"href":"https:\/\/www.correiobraziliense.com.br\/cbradar\/wp-json\/wp\/v2\/users\/3"}],"replies":[{"embeddable":true,"href":"https:\/\/www.correiobraziliense.com.br\/cbradar\/wp-json\/wp\/v2\/comments?post=79730"}],"version-history":[{"count":2,"href":"https:\/\/www.correiobraziliense.com.br\/cbradar\/wp-json\/wp\/v2\/posts\/79730\/revisions"}],"predecessor-version":[{"id":79734,"href":"https:\/\/www.correiobraziliense.com.br\/cbradar\/wp-json\/wp\/v2\/posts\/79730\/revisions\/79734"}],"wp:featuredmedia":[{"embeddable":true,"href":"https:\/\/www.correiobraziliense.com.br\/cbradar\/wp-json\/wp\/v2\/media\/79732"}],"wp:attachment":[{"href":"https:\/\/www.correiobraziliense.com.br\/cbradar\/wp-json\/wp\/v2\/media?parent=79730"}],"wp:term":[{"taxonomy":"category","embeddable":true,"href":"https:\/\/www.correiobraziliense.com.br\/cbradar\/wp-json\/wp\/v2\/categories?post=79730"},{"taxonomy":"post_tag","embeddable":true,"href":"https:\/\/www.correiobraziliense.com.br\/cbradar\/wp-json\/wp\/v2\/tags?post=79730"}],"curies":[{"name":"wp","href":"https:\/\/api.w.org\/{rel}","templated":true}]}}