{"id":79756,"date":"2025-08-03T16:03:00","date_gmt":"2025-08-03T19:03:00","guid":{"rendered":"https:\/\/www.correiobraziliense.com.br\/cbradar\/?p=79756"},"modified":"2025-08-02T16:39:13","modified_gmt":"2025-08-02T19:39:13","slug":"algo-enorme-ainda-pode-estar-escondido-nas-sombras-do-nosso-sistema-solar","status":"publish","type":"post","link":"https:\/\/www.correiobraziliense.com.br\/cbradar\/algo-enorme-ainda-pode-estar-escondido-nas-sombras-do-nosso-sistema-solar\/","title":{"rendered":"Algo enorme ainda pode estar escondido nas sombras do nosso sistema solar"},"content":{"rendered":"\n<p>A ideia de um <strong>planeta inexplorado<\/strong> nas extremidades do Sistema Solar intriga cientistas desde antes da descoberta de Plut\u00e3o na d\u00e9cada de 1930. Conhecido como <strong>Planeta X<\/strong>, foi proposto para explicar a \u00f3rbita exc\u00eantrica de Urano. Apesar de muitos mist\u00e9rios terem sido solucionados, as teorias sobre o <strong>Planeta Nove<\/strong> continuam a fascinar astr\u00f4nomos e curiosos.<\/p>\n\n\n\n<ul class=\"wp-block-list\">\n<li>A influ\u00eancia gravitacional misteriosa ainda \u00e9 um tema quente entre os cientistas.<\/li>\n\n\n\n<li>Objetos no Cintur\u00e3o de Kuiper apresentam \u00f3rbitas intrigantes que podem sugerir a presen\u00e7a do Planeta Nove.<\/li>\n\n\n\n<li>Aberra\u00e7\u00f5es nas \u00f3rbitas dos corpos celestes alimentam a busca por explica\u00e7\u00f5es.<\/li>\n<\/ul>\n\n\n\n<h2 class=\"wp-block-heading\">Como o cintur\u00e3o de Kuiper se relaciona com o Planeta Nove?<\/h2>\n\n\n\n<p>A teoria do <strong>Planeta Nove<\/strong> ganhou for\u00e7a com observa\u00e7\u00f5es no <strong>Cintur\u00e3o de Kuiper<\/strong>, que abriga planetas-an\u00f5es e asteroides al\u00e9m de Netuno. Estranhos afastamentos orbitais indicam a presen\u00e7a de uma for\u00e7a gravitacional maior do que a do Sol.<\/p>\n\n\n\n<h2 class=\"wp-block-heading\">Por que n\u00e3o encontramos o Planeta Nove?<\/h2>\n\n\n\n<p>Apesar das teorias, a aus\u00eancia de detec\u00e7\u00e3o direta levanta quest\u00f5es. Parte do desafio reside no alcance limitado das nossas observa\u00e7\u00f5es astron\u00f4micas, que precisam de tempo para capturar o movimento completo dos objetos distantes.<\/p>\n\n\n\n<h2 class=\"wp-block-heading\">A descoberta de novos objetos complica as teorias?<\/h2>\n\n\n\n<p>Objetos rec\u00e9m-descobertos como o 2017 OF201, com \u00f3rbitas el\u00edpticas, desafiam a ideia do Planeta Nove. Suas trajet\u00f3rias sugerem que se um <strong>Planeta Nove<\/strong> existe, ele provavelmente est\u00e1 a uma dist\u00e2ncia maior do que o anteriormente estimado.<\/p>\n\n\n\n<figure class=\"wp-block-image size-large\"><img decoding=\"async\" width=\"1024\" height=\"576\" src=\"https:\/\/www.correiobraziliense.com.br\/cbradar\/wp-content\/uploads\/2025\/08\/Sistema-solar-espaco_1754163516676-1024x576.jpg\" alt=\"Algo enorme ainda pode estar escondido nas sombras do nosso sistema solar\" class=\"wp-image-79759\" srcset=\"https:\/\/www.correiobraziliense.com.br\/cbradar\/wp-content\/uploads\/2025\/08\/Sistema-solar-espaco_1754163516676-1024x576.jpg 1024w, https:\/\/www.correiobraziliense.com.br\/cbradar\/wp-content\/uploads\/2025\/08\/Sistema-solar-espaco_1754163516676-300x169.jpg 300w, https:\/\/www.correiobraziliense.com.br\/cbradar\/wp-content\/uploads\/2025\/08\/Sistema-solar-espaco_1754163516676-768x432.jpg 768w, https:\/\/www.correiobraziliense.com.br\/cbradar\/wp-content\/uploads\/2025\/08\/Sistema-solar-espaco_1754163516676-750x422.jpg 750w, https:\/\/www.correiobraziliense.com.br\/cbradar\/wp-content\/uploads\/2025\/08\/Sistema-solar-espaco_1754163516676-1140x641.jpg 1140w, https:\/\/www.correiobraziliense.com.br\/cbradar\/wp-content\/uploads\/2025\/08\/Sistema-solar-espaco_1754163516676.jpg 1280w\" sizes=\"(max-width: 1024px) 100vw, 1024px\" \/><figcaption class=\"wp-element-caption\">Sistema solar espa\u00e7o. Cr\u00e9ditos: depositphotos.com \/ titoOnz<\/figcaption><\/figure>\n\n\n\n<h2 class=\"wp-block-heading\">O que este novo objeto significa para o Planeta Nove?<\/h2>\n\n\n\n<p>A descoberta de 2023 KQ14, um <strong>sedn\u00f3ide<\/strong>, refor\u00e7a a complexidade do Cintur\u00e3o de Kuiper. Com uma \u00f3rbita est\u00e1vel, ele sugere que qualquer massa significativa que influencia o Cintur\u00e3o deve estar imensamente distante, tornando a busca pelo Planeta Nove ainda mais desafiadora.<\/p>\n\n\n\n<h2 class=\"wp-block-heading\">A teoria do Planeta Nove est\u00e1 minguando?<\/h2>\n\n\n\n<p>Com a inclus\u00e3o de quatro sedn\u00f3ides em \u00f3rbitas est\u00e1veis, uma explica\u00e7\u00e3o alternativa est\u00e1 se formando. Mesmo assim, a possibilidade de um planeta distante influenciando o Cintur\u00e3o n\u00e3o \u00e9 completamente descartada, mas permanece um mist\u00e9rio.<\/p>\n\n\n\n<p>Leia tamb\u00e9m: O Papel da Nasa na Busca pelo Planeta Nove<\/p>\n\n\n\n<h2 class=\"wp-block-heading\">A busca pelo Planeta Nove continua<\/h2>\n\n\n\n<ul class=\"wp-block-list\">\n<li>Os avan\u00e7os em telesc\u00f3pios e observa\u00e7\u00f5es espaciais s\u00e3o essenciais para solucionar o mist\u00e9rio.<\/li>\n\n\n\n<li>A pesquisa cont\u00ednua pode, eventualmente, revelar evid\u00eancias conclusivas.<\/li>\n\n\n\n<li>Enquanto isso, a discuss\u00e3o cient\u00edfica promete manter o interesse vivo durante muitos anos.<\/li>\n<\/ul>\n","protected":false},"excerpt":{"rendered":"<p>Explora\u00e7\u00e3o do Planeta Nove: Mist\u00e9rio nos Confins do Sistema Solar! Descubra se h\u00e1 um planeta gigante influenciando \u00f3rbitas na Cintura de Kuiper.<\/p>\n","protected":false},"author":3,"featured_media":79758,"comment_status":"open","ping_status":"open","sticky":false,"template":"","format":"standard","meta":{"jnews-multi-image_gallery":[],"jnews_single_post":{"format":"standard"},"jnews_primary_category":[],"jnews_social_meta":[],"jnews_override_counter":[],"footnotes":""},"categories":[112],"post_tag":[179,144,759,3527],"class_list":["post-79756","post","type-post","status-publish","format-standard","has-post-thumbnail","hentry","category-curiosidades","tag-astronomia","tag-curiosidades","tag-espaco","tag-planeta"],"yoast_head":"<!-- This site is optimized with the Yoast SEO plugin v24.6 - https:\/\/yoast.com\/wordpress\/plugins\/seo\/ -->\n<title>Algo enorme ainda pode estar escondido nas sombras do nosso sistema solar<\/title>\n<meta name=\"description\" content=\"Explora\u00e7\u00e3o do Planeta Nove: Mist\u00e9rio nos Confins do Sistema Solar! Descubra se h\u00e1 um planeta gigante influenciando \u00f3rbitas na Cintura de Kuiper.\" \/>\n<meta name=\"robots\" content=\"index, follow, max-snippet:-1, max-image-preview:large, max-video-preview:-1\" \/>\n<link rel=\"canonical\" href=\"https:\/\/www.correiobraziliense.com.br\/cbradar\/algo-enorme-ainda-pode-estar-escondido-nas-sombras-do-nosso-sistema-solar\/\" \/>\n<meta property=\"og:locale\" content=\"pt_BR\" \/>\n<meta property=\"og:type\" content=\"article\" \/>\n<meta property=\"og:title\" content=\"Algo enorme ainda pode estar escondido nas sombras do nosso sistema solar\" \/>\n<meta property=\"og:description\" content=\"Explora\u00e7\u00e3o do Planeta Nove: Mist\u00e9rio nos Confins do Sistema Solar! Descubra se h\u00e1 um planeta gigante influenciando \u00f3rbitas na Cintura de Kuiper.\" \/>\n<meta property=\"og:url\" content=\"https:\/\/www.correiobraziliense.com.br\/cbradar\/algo-enorme-ainda-pode-estar-escondido-nas-sombras-do-nosso-sistema-solar\/\" \/>\n<meta property=\"og:site_name\" content=\"Correio Braziliense - Radar\" \/>\n<meta property=\"article:published_time\" content=\"2025-08-03T19:03:00+00:00\" \/>\n<meta property=\"og:image\" content=\"https:\/\/www.correiobraziliense.com.br\/cbradar\/wp-content\/uploads\/2025\/08\/Sistema-solar-espaco_1754163438996.jpg\" \/>\n\t<meta property=\"og:image:width\" content=\"1280\" \/>\n\t<meta property=\"og:image:height\" content=\"720\" \/>\n\t<meta property=\"og:image:type\" content=\"image\/jpeg\" \/>\n<meta name=\"author\" content=\"Larissa Carvalho\" \/>\n<meta name=\"twitter:card\" content=\"summary_large_image\" \/>\n<meta name=\"twitter:label1\" content=\"Escrito por\" \/>\n\t<meta name=\"twitter:data1\" content=\"Larissa Carvalho\" \/>\n\t<meta name=\"twitter:label2\" content=\"Est. tempo de leitura\" \/>\n\t<meta name=\"twitter:data2\" content=\"3 minutos\" \/>\n<!-- \/ Yoast SEO plugin. -->","yoast_head_json":{"title":"Algo enorme ainda pode estar escondido nas sombras do nosso sistema solar","description":"Explora\u00e7\u00e3o do Planeta Nove: Mist\u00e9rio nos Confins do Sistema Solar! Descubra se h\u00e1 um planeta gigante influenciando \u00f3rbitas na Cintura de Kuiper.","robots":{"index":"index","follow":"follow","max-snippet":"max-snippet:-1","max-image-preview":"max-image-preview:large","max-video-preview":"max-video-preview:-1"},"canonical":"https:\/\/www.correiobraziliense.com.br\/cbradar\/algo-enorme-ainda-pode-estar-escondido-nas-sombras-do-nosso-sistema-solar\/","og_locale":"pt_BR","og_type":"article","og_title":"Algo enorme ainda pode estar escondido nas sombras do nosso sistema solar","og_description":"Explora\u00e7\u00e3o do Planeta Nove: Mist\u00e9rio nos Confins do Sistema Solar! Descubra se h\u00e1 um planeta gigante influenciando \u00f3rbitas na Cintura de Kuiper.","og_url":"https:\/\/www.correiobraziliense.com.br\/cbradar\/algo-enorme-ainda-pode-estar-escondido-nas-sombras-do-nosso-sistema-solar\/","og_site_name":"Correio Braziliense - Radar","article_published_time":"2025-08-03T19:03:00+00:00","og_image":[{"width":1280,"height":720,"url":"https:\/\/www.correiobraziliense.com.br\/cbradar\/wp-content\/uploads\/2025\/08\/Sistema-solar-espaco_1754163438996.jpg","type":"image\/jpeg"}],"author":"Larissa Carvalho","twitter_card":"summary_large_image","twitter_misc":{"Escrito por":"Larissa Carvalho","Est. tempo de leitura":"3 minutos"},"schema":{"@context":"https:\/\/schema.org","@graph":[{"@type":"WebPage","@id":"https:\/\/www.correiobraziliense.com.br\/cbradar\/algo-enorme-ainda-pode-estar-escondido-nas-sombras-do-nosso-sistema-solar\/","url":"https:\/\/www.correiobraziliense.com.br\/cbradar\/algo-enorme-ainda-pode-estar-escondido-nas-sombras-do-nosso-sistema-solar\/","name":"Algo enorme ainda pode estar escondido nas sombras do nosso sistema solar","isPartOf":{"@id":"https:\/\/www.correiobraziliense.com.br\/cbradar\/#website"},"primaryImageOfPage":{"@id":"https:\/\/www.correiobraziliense.com.br\/cbradar\/algo-enorme-ainda-pode-estar-escondido-nas-sombras-do-nosso-sistema-solar\/#primaryimage"},"image":{"@id":"https:\/\/www.correiobraziliense.com.br\/cbradar\/algo-enorme-ainda-pode-estar-escondido-nas-sombras-do-nosso-sistema-solar\/#primaryimage"},"thumbnailUrl":"https:\/\/www.correiobraziliense.com.br\/cbradar\/wp-content\/uploads\/2025\/08\/Sistema-solar-espaco_1754163438996.jpg","datePublished":"2025-08-03T19:03:00+00:00","author":{"@id":"https:\/\/www.correiobraziliense.com.br\/cbradar\/#\/schema\/person\/58422787644df994b53a19d3e56c1513"},"description":"Explora\u00e7\u00e3o do Planeta Nove: Mist\u00e9rio nos Confins do Sistema Solar! Descubra se h\u00e1 um planeta gigante influenciando \u00f3rbitas na Cintura de Kuiper.","breadcrumb":{"@id":"https:\/\/www.correiobraziliense.com.br\/cbradar\/algo-enorme-ainda-pode-estar-escondido-nas-sombras-do-nosso-sistema-solar\/#breadcrumb"},"inLanguage":"pt-BR","potentialAction":[{"@type":"ReadAction","target":["https:\/\/www.correiobraziliense.com.br\/cbradar\/algo-enorme-ainda-pode-estar-escondido-nas-sombras-do-nosso-sistema-solar\/"]}]},{"@type":"ImageObject","inLanguage":"pt-BR","@id":"https:\/\/www.correiobraziliense.com.br\/cbradar\/algo-enorme-ainda-pode-estar-escondido-nas-sombras-do-nosso-sistema-solar\/#primaryimage","url":"https:\/\/www.correiobraziliense.com.br\/cbradar\/wp-content\/uploads\/2025\/08\/Sistema-solar-espaco_1754163438996.jpg","contentUrl":"https:\/\/www.correiobraziliense.com.br\/cbradar\/wp-content\/uploads\/2025\/08\/Sistema-solar-espaco_1754163438996.jpg","width":1280,"height":720,"caption":"Sistema solar espa\u00e7o. Cr\u00e9ditos: depositphotos.com \/ titoOnz"},{"@type":"BreadcrumbList","@id":"https:\/\/www.correiobraziliense.com.br\/cbradar\/algo-enorme-ainda-pode-estar-escondido-nas-sombras-do-nosso-sistema-solar\/#breadcrumb","itemListElement":[{"@type":"ListItem","position":1,"name":"In\u00edcio","item":"https:\/\/www.correiobraziliense.com.br\/cbradar\/"},{"@type":"ListItem","position":2,"name":"Algo enorme ainda pode estar escondido nas sombras do nosso sistema solar"}]},{"@type":"WebSite","@id":"https:\/\/www.correiobraziliense.com.br\/cbradar\/#website","url":"https:\/\/www.correiobraziliense.com.br\/cbradar\/","name":"Correio Braziliense - Radar","description":"Acompanhe as \u00faltimas not\u00edcias e fique bem informado sobre tudo o que acontece no Brasil e no mundo.","potentialAction":[{"@type":"SearchAction","target":{"@type":"EntryPoint","urlTemplate":"https:\/\/www.correiobraziliense.com.br\/cbradar\/?s={search_term_string}"},"query-input":{"@type":"PropertyValueSpecification","valueRequired":true,"valueName":"search_term_string"}}],"inLanguage":"pt-BR"},{"@type":"Person","@id":"https:\/\/www.correiobraziliense.com.br\/cbradar\/#\/schema\/person\/58422787644df994b53a19d3e56c1513","name":"Larissa Carvalho","image":{"@type":"ImageObject","inLanguage":"pt-BR","@id":"https:\/\/www.correiobraziliense.com.br\/cbradar\/#\/schema\/person\/image\/","url":"https:\/\/secure.gravatar.com\/avatar\/fe4f91a0de32b52a838d0d612abdc1aa?s=96&d=mm&r=g","contentUrl":"https:\/\/secure.gravatar.com\/avatar\/fe4f91a0de32b52a838d0d612abdc1aa?s=96&d=mm&r=g","caption":"Larissa Carvalho"},"url":"https:\/\/www.correiobraziliense.com.br\/cbradar\/author\/larissamyth\/"}]}},"_links":{"self":[{"href":"https:\/\/www.correiobraziliense.com.br\/cbradar\/wp-json\/wp\/v2\/posts\/79756","targetHints":{"allow":["GET"]}}],"collection":[{"href":"https:\/\/www.correiobraziliense.com.br\/cbradar\/wp-json\/wp\/v2\/posts"}],"about":[{"href":"https:\/\/www.correiobraziliense.com.br\/cbradar\/wp-json\/wp\/v2\/types\/post"}],"author":[{"embeddable":true,"href":"https:\/\/www.correiobraziliense.com.br\/cbradar\/wp-json\/wp\/v2\/users\/3"}],"replies":[{"embeddable":true,"href":"https:\/\/www.correiobraziliense.com.br\/cbradar\/wp-json\/wp\/v2\/comments?post=79756"}],"version-history":[{"count":2,"href":"https:\/\/www.correiobraziliense.com.br\/cbradar\/wp-json\/wp\/v2\/posts\/79756\/revisions"}],"predecessor-version":[{"id":79760,"href":"https:\/\/www.correiobraziliense.com.br\/cbradar\/wp-json\/wp\/v2\/posts\/79756\/revisions\/79760"}],"wp:featuredmedia":[{"embeddable":true,"href":"https:\/\/www.correiobraziliense.com.br\/cbradar\/wp-json\/wp\/v2\/media\/79758"}],"wp:attachment":[{"href":"https:\/\/www.correiobraziliense.com.br\/cbradar\/wp-json\/wp\/v2\/media?parent=79756"}],"wp:term":[{"taxonomy":"category","embeddable":true,"href":"https:\/\/www.correiobraziliense.com.br\/cbradar\/wp-json\/wp\/v2\/categories?post=79756"},{"taxonomy":"post_tag","embeddable":true,"href":"https:\/\/www.correiobraziliense.com.br\/cbradar\/wp-json\/wp\/v2\/post_tag?post=79756"}],"curies":[{"name":"wp","href":"https:\/\/api.w.org\/{rel}","templated":true}]}}