{"id":79761,"date":"2025-08-03T16:23:00","date_gmt":"2025-08-03T19:23:00","guid":{"rendered":"https:\/\/www.correiobraziliense.com.br\/cbradar\/?p=79761"},"modified":"2025-08-02T17:01:29","modified_gmt":"2025-08-02T20:01:29","slug":"13-coisas-que-as-pessoas-dizem-quando-pararam-de-acreditar-em-si-mesmas","status":"publish","type":"post","link":"https:\/\/www.correiobraziliense.com.br\/cbradar\/13-coisas-que-as-pessoas-dizem-quando-pararam-de-acreditar-em-si-mesmas\/","title":{"rendered":"13 coisas que as pessoas dizem quando pararam de acreditar em si mesmas"},"content":{"rendered":"\n<p>Quando a vida apresenta desafios, \u00e9 comum perder a confian\u00e7a em si mesmo. Todo mundo se sente preso ou duvida de suas habilidades em algum momento. Identificar como os <strong>pensamentos<\/strong> afetam sua <strong>autoestima<\/strong> \u00e9 crucial para retomar o controle e seguir em frente. Aqui est\u00e3o algumas frases que podem ser sinais de que voc\u00ea <strong>parou de acreditar<\/strong> em si mesmo.<\/p>\n\n\n\n<ul class=\"wp-block-list\">\n<li><strong>&#8220;N\u00e3o consigo mais fazer isso.&#8221;<\/strong> Sinaliza que voc\u00ea se sente sobrecarregado e pode precisar de uma pausa.<\/li>\n\n\n\n<li><strong>&#8220;Sei que n\u00e3o sou bom o suficiente.&#8221;<\/strong> Indica que voc\u00ea internalizou fracassos passados como prova de inadequa\u00e7\u00e3o.<\/li>\n\n\n\n<li><strong>&#8220;N\u00e3o vale a pena tentar.&#8221;<\/strong> Este pensamento revela um medo do fracasso e uma poss\u00edvel descren\u00e7a em seus esfor\u00e7os.<\/li>\n<\/ul>\n\n\n\n<h2 class=\"wp-block-heading\">Como reverter o pensamento: &#8220;N\u00e3o consigo mais fazer isso&#8221;<\/h2>\n\n\n\n<p>Sentir-se sobrecarregado pode ser paralisante. Pergunte a si mesmo: a tarefa realmente \u00e9 imposs\u00edvel ou voc\u00ea apenas precisa mudar sua abordagem? Dividir o problema em partes menores pode devolver a sensa\u00e7\u00e3o de controle e realiza\u00e7\u00e3o. Procurar apoio de pessoas de confian\u00e7a ou de um profissional pode fazer diferen\u00e7a nesse processo de supera\u00e7\u00e3o.<\/p>\n\n\n\n<h2 class=\"wp-block-heading\">Como superar a cren\u00e7a: &#8220;Sei que n\u00e3o sou bom o suficiente&#8221;<\/h2>\n\n\n\n<p>Reformule as cren\u00e7as de que n\u00e3o \u00e9 capaz. Identifique \u00e1reas espec\u00edficas para melhorar, foque nos seus <strong>pontos fortes<\/strong> e <strong>trabalhe<\/strong> em suas <strong>fraquezas<\/strong>. Comemore pequenas conquistas para reconstruir a confian\u00e7a. O autoconhecimento e o autodesenvolvimento s\u00e3o pe\u00e7as-chave para perceber seu verdadeiro valor.<\/p>\n\n\n\n<h2 class=\"wp-block-heading\">Por que vale a pena tentar mesmo assim?<\/h2>\n\n\n\n<p>Pensar &#8220;n\u00e3o vale a pena tentar&#8221; \u00e9 um sinal claro de derrota antes mesmo de come\u00e7ar. Enfrente esse pensamento estabelecendo <strong>pequenos passos<\/strong> e comemorando <strong>progressos<\/strong>. Determina\u00e7\u00e3o e esfor\u00e7o podem levar ao sucesso inesperado. Lembre-se de que tentativas, mesmo sem sucesso imediato, trazem aprendizado e experi\u00eancia.<\/p>\n\n\n\n<h2 class=\"wp-block-heading\">Ultrapassando a mentalidade de: &#8220;Nunca serei capaz de fazer isso&#8221;<\/h2>\n\n\n\n<p>Evite compara\u00e7\u00f5es com outras pessoas e defina expectativas realistas. Avan\u00e7os menores devem ser celebrados para redefinir o que \u00e9 poss\u00edvel para voc\u00ea. Em vez de focar no que os outros conseguem, concentre-se em sua pr\u00f3pria evolu\u00e7\u00e3o.<\/p>\n\n\n\n<figure class=\"wp-block-image size-large\"><img decoding=\"async\" width=\"1024\" height=\"576\" src=\"https:\/\/www.correiobraziliense.com.br\/cbradar\/wp-content\/uploads\/2025\/08\/pessoa-confiante_1754164861459-1024x576.jpg\" alt=\"13 coisas que as pessoas dizem quando pararam de acreditar em si mesmas\" class=\"wp-image-79786\" srcset=\"https:\/\/www.correiobraziliense.com.br\/cbradar\/wp-content\/uploads\/2025\/08\/pessoa-confiante_1754164861459-1024x576.jpg 1024w, https:\/\/www.correiobraziliense.com.br\/cbradar\/wp-content\/uploads\/2025\/08\/pessoa-confiante_1754164861459-300x169.jpg 300w, https:\/\/www.correiobraziliense.com.br\/cbradar\/wp-content\/uploads\/2025\/08\/pessoa-confiante_1754164861459-768x432.jpg 768w, https:\/\/www.correiobraziliense.com.br\/cbradar\/wp-content\/uploads\/2025\/08\/pessoa-confiante_1754164861459-750x422.jpg 750w, https:\/\/www.correiobraziliense.com.br\/cbradar\/wp-content\/uploads\/2025\/08\/pessoa-confiante_1754164861459-1140x641.jpg 1140w, https:\/\/www.correiobraziliense.com.br\/cbradar\/wp-content\/uploads\/2025\/08\/pessoa-confiante_1754164861459.jpg 1280w\" sizes=\"(max-width: 1024px) 100vw, 1024px\" \/><figcaption class=\"wp-element-caption\">pessoa confiante. Cr\u00e9ditos: depositphotos.com \/ luismolinero<\/figcaption><\/figure>\n\n\n\n<h2 class=\"wp-block-heading\">Ressignificando: &#8220;N\u00e3o sou feito para isso&#8221;<\/h2>\n\n\n\n<p>Quando sente que n\u00e3o foi feito para algo, relembre seus objetivos iniciais. Reavaliar e conectar-se com seus <strong>motivos originais<\/strong> pode reacender sua <strong>determina\u00e7\u00e3o<\/strong>. A disposi\u00e7\u00e3o para aprender e se adaptar pode mudar drasticamente como voc\u00ea se sente em rela\u00e7\u00e3o a novos desafios.<\/p>\n\n\n\n<h2 class=\"wp-block-heading\">O valor de perguntar: &#8220;Por que me incomodar?&#8221;<\/h2>\n\n\n\n<p>Questionar o valor dos seus esfor\u00e7os indica uma perda de motiva\u00e7\u00e3o. Revisite suas raz\u00f5es iniciais para encontrar prop\u00f3sito no que faz e descobrir novas fontes de inspira\u00e7\u00e3o. Converse com pessoas que te apoiam para renovar suas energias e buscar novas perspectivas.<\/p>\n\n\n\n<h2 class=\"wp-block-heading\">Superando: &#8220;De qualquer forma, vou falhar&#8221;<\/h2>\n\n\n\n<p>Este pensamento limita seu potencial e evita que voc\u00ea se esforce. Traga otimismo e apoio ao seu redor para plantar a <strong>motiva\u00e7\u00e3o<\/strong> necess\u00e1ria para enfrentar desafios. Busque exemplos de pessoas que superaram dificuldades semelhantes para inspirar sua trajet\u00f3ria.<\/p>\n\n\n\n<h2 class=\"wp-block-heading\">O impacto da idade: &#8220;Estou muito velho para isso&#8221;<\/h2>\n\n\n\n<p>Veja a idade como um ativo. Com ela v\u00eam a experi\u00eancia e a perspectiva. A <strong>aprendizagem cont\u00ednua<\/strong> pode abrir portas para o crescimento pessoal e profissional. Nunca \u00e9 tarde demais para aprender algo novo ou iniciar um novo projeto de vida.<\/p>\n\n\n\n<h2 class=\"wp-block-heading\">Construindo conex\u00f5es: &#8220;Ningu\u00e9m se importa com o que estou fazendo&#8221;<\/h2>\n\n\n\n<p>Sentir-se isolado pode ser desmotivador. Compartilhe sua jornada e reconhe\u00e7a o impacto positivo que voc\u00ea j\u00e1 teve. Valorize suas contribui\u00e7\u00f5es para restaurar a confian\u00e7a. Lembre-se que at\u00e9 mesmo pequenos gestos podem fazer a diferen\u00e7a na vida de outras pessoas.<\/p>\n\n\n\n<h2 class=\"wp-block-heading\">Desafiando: &#8220;N\u00e3o sou esperto o suficiente&#8221;<\/h2>\n\n\n\n<p>Intelig\u00eancia n\u00e3o \u00e9 imut\u00e1vel. Concentre-se no crescimento\u2014a <strong>aprendizagem constante<\/strong> pode tornar esse pensamento obsoleto. Avalie suas for\u00e7as \u00fanicas e reconhe\u00e7a o progresso que j\u00e1 fez. Busque se desafiar com novos aprendizados para ampliar seu potencial intelectual.<\/p>\n\n\n\n<h2 class=\"wp-block-heading\">Reconhecendo erros e seus valores<\/h2>\n\n\n\n<p>Mistakes s\u00e3o oportunidades de aprendizagem. Quando se pegar pensando que sempre erra, reavalie suas conquistas e aprenda a equilibrar <strong>suas perspectivas<\/strong> por meio do reconhecimento dos erros e dos sucessos. Adotar uma atitude de autocompaix\u00e3o \u00e9 fundamental para crescer sem se autossabotar.<\/p>\n\n\n\n<h2 class=\"wp-block-heading\">Como reacender a motiva\u00e7\u00e3o perdida<\/h2>\n\n\n\n<p>Falta de motiva\u00e7\u00e3o pode ser resolvida realinhando suas prioridades. Fa\u00e7a pequenas metas para recuperar o sentido e o prop\u00f3sito que lhe dar\u00e3o <strong>\u00edmpeto<\/strong> para <strong>seguir em frente<\/strong>. Buscar inspira\u00e7\u00e3o em hist\u00f3rias de supera\u00e7\u00e3o pode aumentar sua for\u00e7a de vontade para conquistar o que deseja.<\/p>\n\n\n\n<h2 class=\"wp-block-heading\">De cada fim, uma nova oportunidade<\/h2>\n\n\n\n<ul class=\"wp-block-list\">\n<li>Entender que <strong>finalidades s\u00e3o tempor\u00e1rias<\/strong> pode criar novas oportunidades.<\/li>\n\n\n\n<li>Reflita sobre experi\u00eancias passadas de supera\u00e7\u00e3o para refor\u00e7ar sua perseveran\u00e7a.<\/li>\n\n\n\n<li>Concentre-se no potencial de novos come\u00e7os para encontrar esperan\u00e7a e motiva\u00e7\u00e3o.<\/li>\n<\/ul>\n","protected":false},"excerpt":{"rendered":"<p>Reinvente sua confian\u00e7a: Supere desafios com mindset de crescimento. Descubra frases que sinalizam perda de autoconfian\u00e7a e como revert\u00ea-las.<\/p>\n","protected":false},"author":3,"featured_media":79783,"comment_status":"open","ping_status":"open","sticky":false,"template":"","format":"standard","meta":{"_yoast_wpseo_focuskw":"pessoas pararam de acreditar em si","_yoast_wpseo_title":"%%title%%","_yoast_wpseo_metadesc":"Reinvente sua confian\u00e7a: Supere desafios com mindset de crescimento. Descubra frases que sinalizam perda de autoconfian\u00e7a e como revert\u00ea-las.","jnews-multi-image_gallery":[],"jnews_single_post":{"format":"standard"},"jnews_primary_category":[],"jnews_social_meta":[],"jnews_override_counter":[],"footnotes":""},"categories":[112],"tags":[144,404],"class_list":["post-79761","post","type-post","status-publish","format-standard","has-post-thumbnail","hentry","category-curiosidades","tag-curiosidades","tag-psicologia"],"yoast_head":"<!-- This site is optimized with the Yoast SEO plugin v24.6 - https:\/\/yoast.com\/wordpress\/plugins\/seo\/ -->\n<title>13 coisas que as pessoas dizem quando pararam de acreditar em si mesmas<\/title>\n<meta name=\"description\" content=\"Reinvente sua confian\u00e7a: Supere desafios com mindset de crescimento. Descubra frases que sinalizam perda de autoconfian\u00e7a e como revert\u00ea-las.\" \/>\n<meta name=\"robots\" content=\"index, follow, max-snippet:-1, max-image-preview:large, max-video-preview:-1\" \/>\n<link rel=\"canonical\" href=\"https:\/\/www.correiobraziliense.com.br\/cbradar\/13-coisas-que-as-pessoas-dizem-quando-pararam-de-acreditar-em-si-mesmas\/\" \/>\n<meta property=\"og:locale\" content=\"pt_BR\" \/>\n<meta property=\"og:type\" content=\"article\" \/>\n<meta property=\"og:title\" content=\"13 coisas que as pessoas dizem quando pararam de acreditar em si mesmas\" \/>\n<meta property=\"og:description\" content=\"Reinvente sua confian\u00e7a: Supere desafios com mindset de crescimento. Descubra frases que sinalizam perda de autoconfian\u00e7a e como revert\u00ea-las.\" \/>\n<meta property=\"og:url\" content=\"https:\/\/www.correiobraziliense.com.br\/cbradar\/13-coisas-que-as-pessoas-dizem-quando-pararam-de-acreditar-em-si-mesmas\/\" \/>\n<meta property=\"og:site_name\" content=\"Correio Braziliense - Radar\" \/>\n<meta property=\"article:published_time\" content=\"2025-08-03T19:23:00+00:00\" \/>\n<meta property=\"og:image\" content=\"https:\/\/www.correiobraziliense.com.br\/cbradar\/wp-content\/uploads\/2025\/08\/pessoa-confiante_1754163607309.jpg\" \/>\n\t<meta property=\"og:image:width\" content=\"1280\" \/>\n\t<meta property=\"og:image:height\" content=\"720\" \/>\n\t<meta property=\"og:image:type\" content=\"image\/jpeg\" \/>\n<meta name=\"author\" content=\"Larissa Carvalho\" \/>\n<meta name=\"twitter:card\" content=\"summary_large_image\" \/>\n<meta name=\"twitter:label1\" content=\"Escrito por\" \/>\n\t<meta name=\"twitter:data1\" content=\"Larissa Carvalho\" \/>\n\t<meta name=\"twitter:label2\" content=\"Est. tempo de leitura\" \/>\n\t<meta name=\"twitter:data2\" content=\"5 minutos\" \/>\n<!-- \/ Yoast SEO plugin. -->","yoast_head_json":{"title":"13 coisas que as pessoas dizem quando pararam de acreditar em si mesmas","description":"Reinvente sua confian\u00e7a: Supere desafios com mindset de crescimento. Descubra frases que sinalizam perda de autoconfian\u00e7a e como revert\u00ea-las.","robots":{"index":"index","follow":"follow","max-snippet":"max-snippet:-1","max-image-preview":"max-image-preview:large","max-video-preview":"max-video-preview:-1"},"canonical":"https:\/\/www.correiobraziliense.com.br\/cbradar\/13-coisas-que-as-pessoas-dizem-quando-pararam-de-acreditar-em-si-mesmas\/","og_locale":"pt_BR","og_type":"article","og_title":"13 coisas que as pessoas dizem quando pararam de acreditar em si mesmas","og_description":"Reinvente sua confian\u00e7a: Supere desafios com mindset de crescimento. Descubra frases que sinalizam perda de autoconfian\u00e7a e como revert\u00ea-las.","og_url":"https:\/\/www.correiobraziliense.com.br\/cbradar\/13-coisas-que-as-pessoas-dizem-quando-pararam-de-acreditar-em-si-mesmas\/","og_site_name":"Correio Braziliense - Radar","article_published_time":"2025-08-03T19:23:00+00:00","og_image":[{"width":1280,"height":720,"url":"https:\/\/www.correiobraziliense.com.br\/cbradar\/wp-content\/uploads\/2025\/08\/pessoa-confiante_1754163607309.jpg","type":"image\/jpeg"}],"author":"Larissa Carvalho","twitter_card":"summary_large_image","twitter_misc":{"Escrito por":"Larissa Carvalho","Est. tempo de leitura":"5 minutos"},"schema":{"@context":"https:\/\/schema.org","@graph":[{"@type":"WebPage","@id":"https:\/\/www.correiobraziliense.com.br\/cbradar\/13-coisas-que-as-pessoas-dizem-quando-pararam-de-acreditar-em-si-mesmas\/","url":"https:\/\/www.correiobraziliense.com.br\/cbradar\/13-coisas-que-as-pessoas-dizem-quando-pararam-de-acreditar-em-si-mesmas\/","name":"13 coisas que as pessoas dizem quando pararam de acreditar em si mesmas","isPartOf":{"@id":"https:\/\/www.correiobraziliense.com.br\/cbradar\/#website"},"primaryImageOfPage":{"@id":"https:\/\/www.correiobraziliense.com.br\/cbradar\/13-coisas-que-as-pessoas-dizem-quando-pararam-de-acreditar-em-si-mesmas\/#primaryimage"},"image":{"@id":"https:\/\/www.correiobraziliense.com.br\/cbradar\/13-coisas-que-as-pessoas-dizem-quando-pararam-de-acreditar-em-si-mesmas\/#primaryimage"},"thumbnailUrl":"https:\/\/www.correiobraziliense.com.br\/cbradar\/wp-content\/uploads\/2025\/08\/pessoa-confiante_1754163607309.jpg","datePublished":"2025-08-03T19:23:00+00:00","author":{"@id":"https:\/\/www.correiobraziliense.com.br\/cbradar\/#\/schema\/person\/58422787644df994b53a19d3e56c1513"},"description":"Reinvente sua confian\u00e7a: Supere desafios com mindset de crescimento. Descubra frases que sinalizam perda de autoconfian\u00e7a e como revert\u00ea-las.","breadcrumb":{"@id":"https:\/\/www.correiobraziliense.com.br\/cbradar\/13-coisas-que-as-pessoas-dizem-quando-pararam-de-acreditar-em-si-mesmas\/#breadcrumb"},"inLanguage":"pt-BR","potentialAction":[{"@type":"ReadAction","target":["https:\/\/www.correiobraziliense.com.br\/cbradar\/13-coisas-que-as-pessoas-dizem-quando-pararam-de-acreditar-em-si-mesmas\/"]}]},{"@type":"ImageObject","inLanguage":"pt-BR","@id":"https:\/\/www.correiobraziliense.com.br\/cbradar\/13-coisas-que-as-pessoas-dizem-quando-pararam-de-acreditar-em-si-mesmas\/#primaryimage","url":"https:\/\/www.correiobraziliense.com.br\/cbradar\/wp-content\/uploads\/2025\/08\/pessoa-confiante_1754163607309.jpg","contentUrl":"https:\/\/www.correiobraziliense.com.br\/cbradar\/wp-content\/uploads\/2025\/08\/pessoa-confiante_1754163607309.jpg","width":1280,"height":720,"caption":"pessoa confiante. Cr\u00e9ditos: depositphotos.com \/ pressmaster"},{"@type":"BreadcrumbList","@id":"https:\/\/www.correiobraziliense.com.br\/cbradar\/13-coisas-que-as-pessoas-dizem-quando-pararam-de-acreditar-em-si-mesmas\/#breadcrumb","itemListElement":[{"@type":"ListItem","position":1,"name":"In\u00edcio","item":"https:\/\/www.correiobraziliense.com.br\/cbradar\/"},{"@type":"ListItem","position":2,"name":"13 coisas que as pessoas dizem quando pararam de acreditar em si mesmas"}]},{"@type":"WebSite","@id":"https:\/\/www.correiobraziliense.com.br\/cbradar\/#website","url":"https:\/\/www.correiobraziliense.com.br\/cbradar\/","name":"Correio Braziliense - Radar","description":"Acompanhe as \u00faltimas not\u00edcias e fique bem informado sobre tudo o que acontece no Brasil e no mundo.","potentialAction":[{"@type":"SearchAction","target":{"@type":"EntryPoint","urlTemplate":"https:\/\/www.correiobraziliense.com.br\/cbradar\/?s={search_term_string}"},"query-input":{"@type":"PropertyValueSpecification","valueRequired":true,"valueName":"search_term_string"}}],"inLanguage":"pt-BR"},{"@type":"Person","@id":"https:\/\/www.correiobraziliense.com.br\/cbradar\/#\/schema\/person\/58422787644df994b53a19d3e56c1513","name":"Larissa Carvalho","image":{"@type":"ImageObject","inLanguage":"pt-BR","@id":"https:\/\/www.correiobraziliense.com.br\/cbradar\/#\/schema\/person\/image\/","url":"https:\/\/secure.gravatar.com\/avatar\/fe4f91a0de32b52a838d0d612abdc1aa?s=96&d=mm&r=g","contentUrl":"https:\/\/secure.gravatar.com\/avatar\/fe4f91a0de32b52a838d0d612abdc1aa?s=96&d=mm&r=g","caption":"Larissa Carvalho"},"url":"https:\/\/www.correiobraziliense.com.br\/cbradar\/author\/larissamyth\/"}]}},"_links":{"self":[{"href":"https:\/\/www.correiobraziliense.com.br\/cbradar\/wp-json\/wp\/v2\/posts\/79761","targetHints":{"allow":["GET"]}}],"collection":[{"href":"https:\/\/www.correiobraziliense.com.br\/cbradar\/wp-json\/wp\/v2\/posts"}],"about":[{"href":"https:\/\/www.correiobraziliense.com.br\/cbradar\/wp-json\/wp\/v2\/types\/post"}],"author":[{"embeddable":true,"href":"https:\/\/www.correiobraziliense.com.br\/cbradar\/wp-json\/wp\/v2\/users\/3"}],"replies":[{"embeddable":true,"href":"https:\/\/www.correiobraziliense.com.br\/cbradar\/wp-json\/wp\/v2\/comments?post=79761"}],"version-history":[{"count":2,"href":"https:\/\/www.correiobraziliense.com.br\/cbradar\/wp-json\/wp\/v2\/posts\/79761\/revisions"}],"predecessor-version":[{"id":79788,"href":"https:\/\/www.correiobraziliense.com.br\/cbradar\/wp-json\/wp\/v2\/posts\/79761\/revisions\/79788"}],"wp:featuredmedia":[{"embeddable":true,"href":"https:\/\/www.correiobraziliense.com.br\/cbradar\/wp-json\/wp\/v2\/media\/79783"}],"wp:attachment":[{"href":"https:\/\/www.correiobraziliense.com.br\/cbradar\/wp-json\/wp\/v2\/media?parent=79761"}],"wp:term":[{"taxonomy":"category","embeddable":true,"href":"https:\/\/www.correiobraziliense.com.br\/cbradar\/wp-json\/wp\/v2\/categories?post=79761"},{"taxonomy":"post_tag","embeddable":true,"href":"https:\/\/www.correiobraziliense.com.br\/cbradar\/wp-json\/wp\/v2\/tags?post=79761"}],"curies":[{"name":"wp","href":"https:\/\/api.w.org\/{rel}","templated":true}]}}