{"id":79835,"date":"2025-08-03T20:23:00","date_gmt":"2025-08-03T23:23:00","guid":{"rendered":"https:\/\/www.correiobraziliense.com.br\/cbradar\/?p=79835"},"modified":"2025-08-02T17:27:41","modified_gmt":"2025-08-02T20:27:41","slug":"cientistas-detectam-energia-sem-precedentes-do-sol","status":"publish","type":"post","link":"https:\/\/www.correiobraziliense.com.br\/cbradar\/cientistas-detectam-energia-sem-precedentes-do-sol\/","title":{"rendered":"Cientistas detectam energia sem precedentes do sol"},"content":{"rendered":"\n<p>Explore o mundo das <strong>descobertas cient\u00edficas<\/strong> que intrigam e fascinam. Este artigo traz \u00e0 tona hist\u00f3rias surpreendentes, desde tatuagens milenares at\u00e9 a vida peculiar de animais raros. Veja tamb\u00e9m como fen\u00f4menos naturais impactam nosso planeta e al\u00e9m.<\/p>\n\n\n\n<ul class=\"wp-block-list\">\n<li>Descubra os segredos de tatuagens antigas desvendados por novas tecnologias.<\/li>\n\n\n\n<li>Siga o rastro de ondas de mar\u00e9 tect\u00f4nicas reveladas por telesc\u00f3pios.<\/li>\n\n\n\n<li>Entenda as consequ\u00eancias da urbaniza\u00e7\u00e3o para animais subterr\u00e2neos amea\u00e7ados.<\/li>\n<\/ul>\n\n\n\n<h2 class=\"wp-block-heading\">Como a ci\u00eancia desvenda antigos mist\u00e9rios com novas tecnologias<\/h2>\n\n\n\n<p>Pesquisadores conduziram um estudo revolucion\u00e1rio sobre as <strong>tatuagens da cultura Pazyryk<\/strong>. Esta civiliza\u00e7\u00e3o de mais de 2.300 anos utilizava t\u00e9cnicas de tatuagem que s\u00f3 agora compreendemos completamente.<\/p>\n\n\n\n<p>O uso de ferramentas diferenciadas para criar linhas de espessuras variadas revelou a complexidade art\u00edstica do per\u00edodo. Recentemente, an\u00e1lises de DNA e exames qu\u00edmicos de pigmentos tamb\u00e9m ajudaram a identificar as origens dos materiais usados, evidenciando uma rede de trocas entre culturas da Eur\u00e1sia antiga.<\/p>\n\n\n\n<h2 class=\"wp-block-heading\">O que s\u00e3o ondas de mar\u00e9 tect\u00f4nicas e como elas afetam o nosso mundo?<\/h2>\n\n\n\n<p>Na altura superior da atmosfera sobre Porto Rico, cientistas observaram uma <strong>onda de mar\u00e9<\/strong> capaz de impactar a ionosfera. Este fen\u00f4meno destaca a intera\u00e7\u00e3o complexa entre as for\u00e7as solares e a nossa atmosfera.<\/p>\n\n\n\n<p>A an\u00e1lise dessas ondas pode originar novas compreens\u00f5es sobre o clima espacial e suas influ\u00eancias na Terra. Estudos recentes tamb\u00e9m apontam que essas ondas podem influenciar algoritmos de previs\u00e3o de tempestades geomagn\u00e9ticas, essenciais para a comunica\u00e7\u00e3o por sat\u00e9lite e redes el\u00e9tricas.<\/p>\n\n\n\n<figure class=\"wp-block-image size-large\"><img decoding=\"async\" width=\"1024\" height=\"576\" src=\"https:\/\/www.correiobraziliense.com.br\/cbradar\/wp-content\/uploads\/2025\/08\/sol-espaco_1754166409388-1024x576.jpg\" alt=\"Cientistas detectam energia sem precedentes do sol\" class=\"wp-image-79843\" srcset=\"https:\/\/www.correiobraziliense.com.br\/cbradar\/wp-content\/uploads\/2025\/08\/sol-espaco_1754166409388-1024x576.jpg 1024w, https:\/\/www.correiobraziliense.com.br\/cbradar\/wp-content\/uploads\/2025\/08\/sol-espaco_1754166409388-300x169.jpg 300w, https:\/\/www.correiobraziliense.com.br\/cbradar\/wp-content\/uploads\/2025\/08\/sol-espaco_1754166409388-768x432.jpg 768w, https:\/\/www.correiobraziliense.com.br\/cbradar\/wp-content\/uploads\/2025\/08\/sol-espaco_1754166409388-750x422.jpg 750w, https:\/\/www.correiobraziliense.com.br\/cbradar\/wp-content\/uploads\/2025\/08\/sol-espaco_1754166409388-1140x641.jpg 1140w, https:\/\/www.correiobraziliense.com.br\/cbradar\/wp-content\/uploads\/2025\/08\/sol-espaco_1754166409388.jpg 1280w\" sizes=\"(max-width: 1024px) 100vw, 1024px\" \/><figcaption class=\"wp-element-caption\">sol espa\u00e7o. Cr\u00e9ditos: depositphotos.com \/ abidal<\/figcaption><\/figure>\n\n\n\n<h2 class=\"wp-block-heading\">Conserva\u00e7\u00e3o e desafios: a vida dos ratos-toupeira cegos<\/h2>\n\n\n\n<p>Animais como o <strong>rato-toupeira cego<\/strong> enfrentam desafios \u00fanicos devido \u00e0 agressiva expans\u00e3o urbana. No entanto, esfor\u00e7os de transloca\u00e7\u00e3o est\u00e3o revertendo tend\u00eancias de extin\u00e7\u00e3o para essas criaturas fascinantes.<\/p>\n\n\n\n<p>Programas de transloca\u00e7\u00e3o t\u00eam sido bem-sucedidos, preservando popula\u00e7\u00f5es amea\u00e7adas em novos habitats. Novos esfor\u00e7os cient\u00edficos incluem o monitoramento gen\u00e9tico dessas popula\u00e7\u00f5es, garantindo diversidade e capacidade de adapta\u00e7\u00e3o a ambientes em mudan\u00e7a.<\/p>\n\n\n\n<h2 class=\"wp-block-heading\">Conclus\u00e3o: revela\u00e7\u00f5es e li\u00e7\u00f5es de hist\u00f3rias cient\u00edficas<\/h2>\n\n\n\n<ul class=\"wp-block-list\">\n<li>As descobertas arqueol\u00f3gicas destacam a imagina\u00e7\u00e3o e habilidade de civiliza\u00e7\u00f5es antigas.<\/li>\n\n\n\n<li>Fen\u00f4menos naturais complexos continuam a desafiar e expandir nosso entendimento cient\u00edfico.<\/li>\n\n\n\n<li>Conserva\u00e7\u00e3o eficaz pode reverter anos de decl\u00ednio populacional em esp\u00e9cies amea\u00e7adas.<\/li>\n<\/ul>\n","protected":false},"excerpt":{"rendered":"<p>Descubra os mist\u00e9rios dos ancestrais da Sib\u00e9ria com &#8216;tatuagens Pazyryk&#8217; em alta resolu\u00e7\u00e3o; acompanhe descobertas cient\u00edficas fascinantes.<\/p>\n","protected":false},"author":3,"featured_media":79841,"comment_status":"open","ping_status":"open","sticky":false,"template":"","format":"standard","meta":{"_yoast_wpseo_focuskw":"cientistas energia sol","_yoast_wpseo_title":"%%title%%","_yoast_wpseo_metadesc":"Descubra os mist\u00e9rios dos ancestrais da Sib\u00e9ria com 'tatuagens Pazyryk' em alta resolu\u00e7\u00e3o; acompanhe descobertas cient\u00edficas fascinantes.","jnews-multi-image_gallery":[],"jnews_single_post":{"format":"standard"},"jnews_primary_category":[],"jnews_social_meta":[],"jnews_override_counter":[],"footnotes":""},"categories":[112],"tags":[179,736,144],"class_list":["post-79835","post","type-post","status-publish","format-standard","has-post-thumbnail","hentry","category-curiosidades","tag-astronomia","tag-ciencia","tag-curiosidades"],"yoast_head":"<!-- This site is optimized with the Yoast SEO plugin v24.6 - https:\/\/yoast.com\/wordpress\/plugins\/seo\/ -->\n<title>Cientistas detectam energia sem precedentes do sol<\/title>\n<meta name=\"description\" content=\"Descubra os mist\u00e9rios dos ancestrais da Sib\u00e9ria com &#039;tatuagens Pazyryk&#039; em alta resolu\u00e7\u00e3o; acompanhe descobertas cient\u00edficas fascinantes.\" \/>\n<meta name=\"robots\" content=\"index, follow, max-snippet:-1, max-image-preview:large, max-video-preview:-1\" \/>\n<link rel=\"canonical\" href=\"https:\/\/www.correiobraziliense.com.br\/cbradar\/cientistas-detectam-energia-sem-precedentes-do-sol\/\" \/>\n<meta property=\"og:locale\" content=\"pt_BR\" \/>\n<meta property=\"og:type\" content=\"article\" \/>\n<meta property=\"og:title\" content=\"Cientistas detectam energia sem precedentes do sol\" \/>\n<meta property=\"og:description\" content=\"Descubra os mist\u00e9rios dos ancestrais da Sib\u00e9ria com &#039;tatuagens Pazyryk&#039; em alta resolu\u00e7\u00e3o; acompanhe descobertas cient\u00edficas fascinantes.\" \/>\n<meta property=\"og:url\" content=\"https:\/\/www.correiobraziliense.com.br\/cbradar\/cientistas-detectam-energia-sem-precedentes-do-sol\/\" \/>\n<meta property=\"og:site_name\" content=\"Correio Braziliense - Radar\" \/>\n<meta property=\"article:published_time\" content=\"2025-08-03T23:23:00+00:00\" \/>\n<meta property=\"og:image\" content=\"https:\/\/www.correiobraziliense.com.br\/cbradar\/wp-content\/uploads\/2025\/08\/sol-espaco_1754166365495.jpg\" \/>\n\t<meta property=\"og:image:width\" content=\"1280\" \/>\n\t<meta property=\"og:image:height\" content=\"720\" \/>\n\t<meta property=\"og:image:type\" content=\"image\/jpeg\" \/>\n<meta name=\"author\" content=\"Larissa Carvalho\" \/>\n<meta name=\"twitter:card\" content=\"summary_large_image\" \/>\n<meta name=\"twitter:label1\" content=\"Escrito por\" \/>\n\t<meta name=\"twitter:data1\" content=\"Larissa Carvalho\" \/>\n\t<meta name=\"twitter:label2\" content=\"Est. tempo de leitura\" \/>\n\t<meta name=\"twitter:data2\" content=\"3 minutos\" \/>\n<!-- \/ Yoast SEO plugin. -->","yoast_head_json":{"title":"Cientistas detectam energia sem precedentes do sol","description":"Descubra os mist\u00e9rios dos ancestrais da Sib\u00e9ria com 'tatuagens Pazyryk' em alta resolu\u00e7\u00e3o; acompanhe descobertas cient\u00edficas fascinantes.","robots":{"index":"index","follow":"follow","max-snippet":"max-snippet:-1","max-image-preview":"max-image-preview:large","max-video-preview":"max-video-preview:-1"},"canonical":"https:\/\/www.correiobraziliense.com.br\/cbradar\/cientistas-detectam-energia-sem-precedentes-do-sol\/","og_locale":"pt_BR","og_type":"article","og_title":"Cientistas detectam energia sem precedentes do sol","og_description":"Descubra os mist\u00e9rios dos ancestrais da Sib\u00e9ria com 'tatuagens Pazyryk' em alta resolu\u00e7\u00e3o; acompanhe descobertas cient\u00edficas fascinantes.","og_url":"https:\/\/www.correiobraziliense.com.br\/cbradar\/cientistas-detectam-energia-sem-precedentes-do-sol\/","og_site_name":"Correio Braziliense - Radar","article_published_time":"2025-08-03T23:23:00+00:00","og_image":[{"width":1280,"height":720,"url":"https:\/\/www.correiobraziliense.com.br\/cbradar\/wp-content\/uploads\/2025\/08\/sol-espaco_1754166365495.jpg","type":"image\/jpeg"}],"author":"Larissa Carvalho","twitter_card":"summary_large_image","twitter_misc":{"Escrito por":"Larissa Carvalho","Est. tempo de leitura":"3 minutos"},"schema":{"@context":"https:\/\/schema.org","@graph":[{"@type":"WebPage","@id":"https:\/\/www.correiobraziliense.com.br\/cbradar\/cientistas-detectam-energia-sem-precedentes-do-sol\/","url":"https:\/\/www.correiobraziliense.com.br\/cbradar\/cientistas-detectam-energia-sem-precedentes-do-sol\/","name":"Cientistas detectam energia sem precedentes do sol","isPartOf":{"@id":"https:\/\/www.correiobraziliense.com.br\/cbradar\/#website"},"primaryImageOfPage":{"@id":"https:\/\/www.correiobraziliense.com.br\/cbradar\/cientistas-detectam-energia-sem-precedentes-do-sol\/#primaryimage"},"image":{"@id":"https:\/\/www.correiobraziliense.com.br\/cbradar\/cientistas-detectam-energia-sem-precedentes-do-sol\/#primaryimage"},"thumbnailUrl":"https:\/\/www.correiobraziliense.com.br\/cbradar\/wp-content\/uploads\/2025\/08\/sol-espaco_1754166365495.jpg","datePublished":"2025-08-03T23:23:00+00:00","author":{"@id":"https:\/\/www.correiobraziliense.com.br\/cbradar\/#\/schema\/person\/58422787644df994b53a19d3e56c1513"},"description":"Descubra os mist\u00e9rios dos ancestrais da Sib\u00e9ria com 'tatuagens Pazyryk' em alta resolu\u00e7\u00e3o; acompanhe descobertas cient\u00edficas fascinantes.","breadcrumb":{"@id":"https:\/\/www.correiobraziliense.com.br\/cbradar\/cientistas-detectam-energia-sem-precedentes-do-sol\/#breadcrumb"},"inLanguage":"pt-BR","potentialAction":[{"@type":"ReadAction","target":["https:\/\/www.correiobraziliense.com.br\/cbradar\/cientistas-detectam-energia-sem-precedentes-do-sol\/"]}]},{"@type":"ImageObject","inLanguage":"pt-BR","@id":"https:\/\/www.correiobraziliense.com.br\/cbradar\/cientistas-detectam-energia-sem-precedentes-do-sol\/#primaryimage","url":"https:\/\/www.correiobraziliense.com.br\/cbradar\/wp-content\/uploads\/2025\/08\/sol-espaco_1754166365495.jpg","contentUrl":"https:\/\/www.correiobraziliense.com.br\/cbradar\/wp-content\/uploads\/2025\/08\/sol-espaco_1754166365495.jpg","width":1280,"height":720,"caption":"Sol no espa\u00e7o. Cr\u00e9ditos: depositphotos.com \/ silvertiger"},{"@type":"BreadcrumbList","@id":"https:\/\/www.correiobraziliense.com.br\/cbradar\/cientistas-detectam-energia-sem-precedentes-do-sol\/#breadcrumb","itemListElement":[{"@type":"ListItem","position":1,"name":"In\u00edcio","item":"https:\/\/www.correiobraziliense.com.br\/cbradar\/"},{"@type":"ListItem","position":2,"name":"Cientistas detectam energia sem precedentes do sol"}]},{"@type":"WebSite","@id":"https:\/\/www.correiobraziliense.com.br\/cbradar\/#website","url":"https:\/\/www.correiobraziliense.com.br\/cbradar\/","name":"Correio Braziliense - Radar","description":"Acompanhe as \u00faltimas not\u00edcias e fique bem informado sobre tudo o que acontece no Brasil e no mundo.","potentialAction":[{"@type":"SearchAction","target":{"@type":"EntryPoint","urlTemplate":"https:\/\/www.correiobraziliense.com.br\/cbradar\/?s={search_term_string}"},"query-input":{"@type":"PropertyValueSpecification","valueRequired":true,"valueName":"search_term_string"}}],"inLanguage":"pt-BR"},{"@type":"Person","@id":"https:\/\/www.correiobraziliense.com.br\/cbradar\/#\/schema\/person\/58422787644df994b53a19d3e56c1513","name":"Larissa Carvalho","image":{"@type":"ImageObject","inLanguage":"pt-BR","@id":"https:\/\/www.correiobraziliense.com.br\/cbradar\/#\/schema\/person\/image\/","url":"https:\/\/secure.gravatar.com\/avatar\/fe4f91a0de32b52a838d0d612abdc1aa?s=96&d=mm&r=g","contentUrl":"https:\/\/secure.gravatar.com\/avatar\/fe4f91a0de32b52a838d0d612abdc1aa?s=96&d=mm&r=g","caption":"Larissa Carvalho"},"url":"https:\/\/www.correiobraziliense.com.br\/cbradar\/author\/larissamyth\/"}]}},"_links":{"self":[{"href":"https:\/\/www.correiobraziliense.com.br\/cbradar\/wp-json\/wp\/v2\/posts\/79835","targetHints":{"allow":["GET"]}}],"collection":[{"href":"https:\/\/www.correiobraziliense.com.br\/cbradar\/wp-json\/wp\/v2\/posts"}],"about":[{"href":"https:\/\/www.correiobraziliense.com.br\/cbradar\/wp-json\/wp\/v2\/types\/post"}],"author":[{"embeddable":true,"href":"https:\/\/www.correiobraziliense.com.br\/cbradar\/wp-json\/wp\/v2\/users\/3"}],"replies":[{"embeddable":true,"href":"https:\/\/www.correiobraziliense.com.br\/cbradar\/wp-json\/wp\/v2\/comments?post=79835"}],"version-history":[{"count":2,"href":"https:\/\/www.correiobraziliense.com.br\/cbradar\/wp-json\/wp\/v2\/posts\/79835\/revisions"}],"predecessor-version":[{"id":79846,"href":"https:\/\/www.correiobraziliense.com.br\/cbradar\/wp-json\/wp\/v2\/posts\/79835\/revisions\/79846"}],"wp:featuredmedia":[{"embeddable":true,"href":"https:\/\/www.correiobraziliense.com.br\/cbradar\/wp-json\/wp\/v2\/media\/79841"}],"wp:attachment":[{"href":"https:\/\/www.correiobraziliense.com.br\/cbradar\/wp-json\/wp\/v2\/media?parent=79835"}],"wp:term":[{"taxonomy":"category","embeddable":true,"href":"https:\/\/www.correiobraziliense.com.br\/cbradar\/wp-json\/wp\/v2\/categories?post=79835"},{"taxonomy":"post_tag","embeddable":true,"href":"https:\/\/www.correiobraziliense.com.br\/cbradar\/wp-json\/wp\/v2\/tags?post=79835"}],"curies":[{"name":"wp","href":"https:\/\/api.w.org\/{rel}","templated":true}]}}