{"id":8035,"date":"2025-03-02T07:23:00","date_gmt":"2025-03-02T10:23:00","guid":{"rendered":"https:\/\/www.correiobraziliense.com.br\/cbradar\/?p=8035"},"modified":"2025-03-01T20:27:25","modified_gmt":"2025-03-01T23:27:25","slug":"quais-foram-os-ultimos-vencedores-do-oscar-veja-lista","status":"publish","type":"post","link":"https:\/\/www.correiobraziliense.com.br\/cbradar\/quais-foram-os-ultimos-vencedores-do-oscar-veja-lista\/","title":{"rendered":"Quais foram os \u00faltimos vencedores do Oscar? Veja lista"},"content":{"rendered":"\n<p>O <a href=\"https:\/\/www.correiobraziliense.com.br\/cbradar\/essas-sao-as-atrizes-que-mais-venceram-o-oscar-na-historia\/\" target=\"_blank\" rel=\"noreferrer noopener\">Oscar<\/a>, a premia\u00e7\u00e3o mais prestigiosa do cinema, continua a ser um evento de destaque no calend\u00e1rio de <strong>Hollywood<\/strong>. A 97\u00aa edi\u00e7\u00e3o est\u00e1 marcada para o dia 2 de mar\u00e7o de 2025, no ic\u00f4nico <strong>Dolby Theatre<\/strong>, em <strong>Los Angeles<\/strong>. Enquanto algumas categorias j\u00e1 parecem ter favoritos, a disputa pelo pr\u00eamio de Melhor Filme ainda est\u00e1 em aberto, com o filme brasileiro &#8220;<strong>Ainda estou aqui<\/strong>&#8221; entre os concorrentes. Esta retrospectiva oferece um olhar sobre os \u00faltimos dez vencedores do Oscar de Melhor Filme, destacando suas hist\u00f3rias e onde podem ser assistidos.<\/p>\n\n\n\n<p>Nos \u00faltimos anos, a diversidade de temas e estilos dos filmes vencedores do Oscar tem sido not\u00e1vel. Desde hist\u00f3rias baseadas em eventos hist\u00f3ricos at\u00e9 narrativas fict\u00edcias que exploram a condi\u00e7\u00e3o humana, os vencedores refletem uma ampla gama de experi\u00eancias cinematogr\u00e1ficas. Esta an\u00e1lise destaca os filmes que conquistaram o pr\u00eamio de Melhor Filme na \u00faltima d\u00e9cada, revelando suas tramas, curiosidades e onde o p\u00fablico pode assisti-los atualmente.<\/p>\n\n\n\n<h2 class=\"wp-block-heading\"><strong>Quais foram os filmes vencedores do Oscar na \u00faltima d\u00e9cada?<\/strong><\/h2>\n\n\n\n<p>A cada ano, o Oscar celebra o melhor do cinema, e os filmes vencedores do pr\u00eamio de Melhor Filme frequentemente refletem quest\u00f5es sociais, hist\u00f3ricas e culturais relevantes. Aqui est\u00e3o os filmes que levaram o pr\u00eamio nos \u00faltimos dez anos:<\/p>\n\n\n\n<ol class=\"wp-block-list\">\n<li><strong>2024: Oppenheimer<\/strong>\u00a0&#8211; Este filme, dirigido por Christopher Nolan, retrata a vida do f\u00edsico Robert J. Oppenheimer durante a Segunda Guerra Mundial. Com 13 nomea\u00e7\u00f5es, venceu em sete categorias, incluindo Melhor Filme. Dispon\u00edvel no Max.<\/li>\n\n\n\n<li><strong>2023: Tudo em Todo Lugar ao Mesmo Tempo<\/strong>\u00a0&#8211; Uma aventura multiversal protagonizada por Michelle Yeoh, que explora temas de fam\u00edlia e identidade. O filme conquistou sete pr\u00eamios, incluindo Melhor Filme. Dispon\u00edvel no Prime Video e Max.<\/li>\n\n\n\n<li><strong>2022: No Ritmo do Cora\u00e7\u00e3o<\/strong>\u00a0&#8211; Baseado no filme franc\u00eas &#8220;A Fam\u00edlia B\u00e9lier&#8221;, este drama musical segue a vida de Ruby, a \u00fanica ouvinte em uma fam\u00edlia surda. Vencedor de tr\u00eas pr\u00eamios, incluindo Melhor Filme. Dispon\u00edvel no Prime Video.<\/li>\n\n\n\n<li><strong>2021: Nomadland<\/strong>\u00a0&#8211; Dirigido por Chlo\u00e9 Zhao, o filme segue a jornada de uma mulher que adota um estilo de vida n\u00f4made ap\u00f3s a Grande Recess\u00e3o. Ganhou tr\u00eas pr\u00eamios, incluindo Melhor Filme. Dispon\u00edvel no Disney.<\/li>\n\n\n\n<li><strong>2020: Parasita<\/strong>\u00a0&#8211; Este thriller sul-coreano dirigido por Bong Joon-Ho explora as desigualdades sociais e venceu quatro pr\u00eamios, incluindo Melhor Filme. Dispon\u00edvel no Max e Prime Video.<\/li>\n<\/ol>\n\n\n\n<figure class=\"wp-block-image size-large\"><img decoding=\"async\" width=\"1024\" height=\"576\" src=\"https:\/\/www.correiobraziliense.com.br\/cbradar\/wp-content\/uploads\/2025\/03\/Oscar_1740846342276-1024x576.jpg\" alt=\"Quais foram os \u00faltimos vencedores do Oscar? Veja lista\" class=\"wp-image-8037\" srcset=\"https:\/\/www.correiobraziliense.com.br\/cbradar\/wp-content\/uploads\/2025\/03\/Oscar_1740846342276-1024x576.jpg 1024w, https:\/\/www.correiobraziliense.com.br\/cbradar\/wp-content\/uploads\/2025\/03\/Oscar_1740846342276-300x169.jpg 300w, https:\/\/www.correiobraziliense.com.br\/cbradar\/wp-content\/uploads\/2025\/03\/Oscar_1740846342276-768x432.jpg 768w, https:\/\/www.correiobraziliense.com.br\/cbradar\/wp-content\/uploads\/2025\/03\/Oscar_1740846342276-750x422.jpg 750w, https:\/\/www.correiobraziliense.com.br\/cbradar\/wp-content\/uploads\/2025\/03\/Oscar_1740846342276-1140x641.jpg 1140w, https:\/\/www.correiobraziliense.com.br\/cbradar\/wp-content\/uploads\/2025\/03\/Oscar_1740846342276.jpg 1280w\" sizes=\"(max-width: 1024px) 100vw, 1024px\" \/><figcaption class=\"wp-element-caption\">Oscar. Cr\u00e9ditos: depositphotos.com \/ AndrewLozovyi<\/figcaption><\/figure>\n\n\n\n<h2 class=\"wp-block-heading\"><strong>Como esses filmes refletem as tend\u00eancias do cinema atual?<\/strong><\/h2>\n\n\n\n<p>Os filmes vencedores do Oscar nos \u00faltimos anos t\u00eam demonstrado uma tend\u00eancia em abordar temas sociais e culturais relevantes, muitas vezes refletindo as preocupa\u00e7\u00f5es contempor\u00e2neas. Por exemplo, &#8220;Parasita&#8221; trouxe \u00e0 tona quest\u00f5es de desigualdade social, enquanto &#8220;Nomadland&#8221; explorou a vida dos n\u00f4mades modernos em meio a dificuldades econ\u00f4micas. Al\u00e9m disso, a diversidade de estilos e narrativas, como visto em &#8220;Tudo em Todo Lugar ao Mesmo Tempo&#8221;, destaca a crescente aceita\u00e7\u00e3o de hist\u00f3rias n\u00e3o convencionais e inovadoras no cinema mainstream.<\/p>\n\n\n\n<p>Esses filmes tamb\u00e9m mostram uma evolu\u00e7\u00e3o na forma como as hist\u00f3rias s\u00e3o contadas, com diretores como Christopher Nolan e Bong Joon-Ho utilizando t\u00e9cnicas cinematogr\u00e1ficas inovadoras para envolver o p\u00fablico de maneiras novas e emocionantes. A presen\u00e7a de temas universais, como a busca por identidade e pertencimento, continua a ressoar com o p\u00fablico global, garantindo que esses filmes permane\u00e7am relevantes e impactantes.<\/p>\n\n\n\n<h2 class=\"wp-block-heading\"><strong>Onde assistir aos vencedores do Oscar?<\/strong><\/h2>\n\n\n\n<p>Com o avan\u00e7o das plataformas de streaming, assistir aos vencedores do Oscar se tornou mais acess\u00edvel do que nunca. Muitos dos filmes premiados est\u00e3o dispon\u00edveis em servi\u00e7os populares, permitindo que o p\u00fablico explore essas obras a qualquer momento. Aqui est\u00e3o algumas op\u00e7\u00f5es de onde assistir aos vencedores recentes:<\/p>\n\n\n\n<ul class=\"wp-block-list\">\n<li><strong>Oppenheimer<\/strong>: Dispon\u00edvel no Max.<\/li>\n\n\n\n<li><strong>Tudo em Todo Lugar ao Mesmo Tempo<\/strong>: Dispon\u00edvel no Prime Video e Max.<\/li>\n\n\n\n<li><strong>No Ritmo do Cora\u00e7\u00e3o<\/strong>: Dispon\u00edvel no Prime Video.<\/li>\n\n\n\n<li><strong>Nomadland<\/strong>: Dispon\u00edvel no Disney.<\/li>\n\n\n\n<li><strong>Parasita<\/strong>: Dispon\u00edvel no Max e Prime Video.<\/li>\n<\/ul>\n\n\n\n<p>Esses filmes n\u00e3o apenas conquistaram a cr\u00edtica e o p\u00fablico, mas tamb\u00e9m continuam a inspirar discuss\u00f5es sobre os temas que abordam. Com uma variedade de hist\u00f3rias e estilos, os vencedores do Oscar da \u00faltima d\u00e9cada oferecem uma rica tape\u00e7aria de experi\u00eancias cinematogr\u00e1ficas que refletem a diversidade e a complexidade do mundo moderno.<\/p>\n","protected":false},"excerpt":{"rendered":"<p>Explore os vencedores do Oscar da \u00faltima d\u00e9cada. De Parasita a The Shape of Water, n\u00f3s revisamos os filmes premiados e seus temas.<\/p>\n","protected":false},"author":3,"featured_media":8036,"comment_status":"open","ping_status":"open","sticky":false,"template":"","format":"standard","meta":{"jnews-multi-image_gallery":[],"jnews_single_post":{"format":"standard"},"jnews_primary_category":[],"jnews_social_meta":[],"jnews_override_counter":[],"footnotes":""},"categories":[140],"post_tag":[355,568],"class_list":["post-8035","post","type-post","status-publish","format-standard","has-post-thumbnail","hentry","category-entretenimento","tag-oscar","tag-series-e-filmes"],"yoast_head":"<!-- This site is optimized with the Yoast SEO plugin v24.6 - https:\/\/yoast.com\/wordpress\/plugins\/seo\/ -->\n<title>Quais foram os \u00faltimos vencedores do Oscar? Veja lista<\/title>\n<meta name=\"description\" content=\"Explore os vencedores do Oscar da \u00faltima d\u00e9cada. De Parasita a The Shape of Water, n\u00f3s revisamos os filmes premiados e seus temas.\" \/>\n<meta name=\"robots\" content=\"index, follow, max-snippet:-1, max-image-preview:large, max-video-preview:-1\" \/>\n<link rel=\"canonical\" href=\"https:\/\/www.correiobraziliense.com.br\/cbradar\/quais-foram-os-ultimos-vencedores-do-oscar-veja-lista\/\" \/>\n<meta property=\"og:locale\" content=\"pt_BR\" \/>\n<meta property=\"og:type\" content=\"article\" \/>\n<meta property=\"og:title\" content=\"Quais foram os \u00faltimos vencedores do Oscar? Veja lista\" \/>\n<meta property=\"og:description\" content=\"Explore os vencedores do Oscar da \u00faltima d\u00e9cada. De Parasita a The Shape of Water, n\u00f3s revisamos os filmes premiados e seus temas.\" \/>\n<meta property=\"og:url\" content=\"https:\/\/www.correiobraziliense.com.br\/cbradar\/quais-foram-os-ultimos-vencedores-do-oscar-veja-lista\/\" \/>\n<meta property=\"og:site_name\" content=\"Correio Braziliense - Radar\" \/>\n<meta property=\"article:published_time\" content=\"2025-03-02T10:23:00+00:00\" \/>\n<meta property=\"og:image\" content=\"https:\/\/www.correiobraziliense.com.br\/cbradar\/wp-content\/uploads\/2025\/03\/Oscar_1740846300065.jpg\" \/>\n\t<meta property=\"og:image:width\" content=\"1280\" \/>\n\t<meta property=\"og:image:height\" content=\"720\" \/>\n\t<meta property=\"og:image:type\" content=\"image\/jpeg\" \/>\n<meta name=\"author\" content=\"Larissa Carvalho\" \/>\n<meta name=\"twitter:card\" content=\"summary_large_image\" \/>\n<meta name=\"twitter:label1\" content=\"Escrito por\" \/>\n\t<meta name=\"twitter:data1\" content=\"Larissa Carvalho\" \/>\n\t<meta name=\"twitter:label2\" content=\"Est. tempo de leitura\" \/>\n\t<meta name=\"twitter:data2\" content=\"5 minutos\" \/>\n<!-- \/ Yoast SEO plugin. -->","yoast_head_json":{"title":"Quais foram os \u00faltimos vencedores do Oscar? Veja lista","description":"Explore os vencedores do Oscar da \u00faltima d\u00e9cada. De Parasita a The Shape of Water, n\u00f3s revisamos os filmes premiados e seus temas.","robots":{"index":"index","follow":"follow","max-snippet":"max-snippet:-1","max-image-preview":"max-image-preview:large","max-video-preview":"max-video-preview:-1"},"canonical":"https:\/\/www.correiobraziliense.com.br\/cbradar\/quais-foram-os-ultimos-vencedores-do-oscar-veja-lista\/","og_locale":"pt_BR","og_type":"article","og_title":"Quais foram os \u00faltimos vencedores do Oscar? Veja lista","og_description":"Explore os vencedores do Oscar da \u00faltima d\u00e9cada. De Parasita a The Shape of Water, n\u00f3s revisamos os filmes premiados e seus temas.","og_url":"https:\/\/www.correiobraziliense.com.br\/cbradar\/quais-foram-os-ultimos-vencedores-do-oscar-veja-lista\/","og_site_name":"Correio Braziliense - Radar","article_published_time":"2025-03-02T10:23:00+00:00","og_image":[{"width":1280,"height":720,"url":"https:\/\/www.correiobraziliense.com.br\/cbradar\/wp-content\/uploads\/2025\/03\/Oscar_1740846300065.jpg","type":"image\/jpeg"}],"author":"Larissa Carvalho","twitter_card":"summary_large_image","twitter_misc":{"Escrito por":"Larissa Carvalho","Est. tempo de leitura":"5 minutos"},"schema":{"@context":"https:\/\/schema.org","@graph":[{"@type":"WebPage","@id":"https:\/\/www.correiobraziliense.com.br\/cbradar\/quais-foram-os-ultimos-vencedores-do-oscar-veja-lista\/","url":"https:\/\/www.correiobraziliense.com.br\/cbradar\/quais-foram-os-ultimos-vencedores-do-oscar-veja-lista\/","name":"Quais foram os \u00faltimos vencedores do Oscar? Veja lista","isPartOf":{"@id":"https:\/\/www.correiobraziliense.com.br\/cbradar\/#website"},"primaryImageOfPage":{"@id":"https:\/\/www.correiobraziliense.com.br\/cbradar\/quais-foram-os-ultimos-vencedores-do-oscar-veja-lista\/#primaryimage"},"image":{"@id":"https:\/\/www.correiobraziliense.com.br\/cbradar\/quais-foram-os-ultimos-vencedores-do-oscar-veja-lista\/#primaryimage"},"thumbnailUrl":"https:\/\/www.correiobraziliense.com.br\/cbradar\/wp-content\/uploads\/2025\/03\/Oscar_1740846300065.jpg","datePublished":"2025-03-02T10:23:00+00:00","author":{"@id":"https:\/\/www.correiobraziliense.com.br\/cbradar\/#\/schema\/person\/58422787644df994b53a19d3e56c1513"},"description":"Explore os vencedores do Oscar da \u00faltima d\u00e9cada. De Parasita a The Shape of Water, n\u00f3s revisamos os filmes premiados e seus temas.","breadcrumb":{"@id":"https:\/\/www.correiobraziliense.com.br\/cbradar\/quais-foram-os-ultimos-vencedores-do-oscar-veja-lista\/#breadcrumb"},"inLanguage":"pt-BR","potentialAction":[{"@type":"ReadAction","target":["https:\/\/www.correiobraziliense.com.br\/cbradar\/quais-foram-os-ultimos-vencedores-do-oscar-veja-lista\/"]}]},{"@type":"ImageObject","inLanguage":"pt-BR","@id":"https:\/\/www.correiobraziliense.com.br\/cbradar\/quais-foram-os-ultimos-vencedores-do-oscar-veja-lista\/#primaryimage","url":"https:\/\/www.correiobraziliense.com.br\/cbradar\/wp-content\/uploads\/2025\/03\/Oscar_1740846300065.jpg","contentUrl":"https:\/\/www.correiobraziliense.com.br\/cbradar\/wp-content\/uploads\/2025\/03\/Oscar_1740846300065.jpg","width":1280,"height":720,"caption":"Oscar. Cr\u00e9ditos: depositphotos.com \/ MidoSemsem"},{"@type":"BreadcrumbList","@id":"https:\/\/www.correiobraziliense.com.br\/cbradar\/quais-foram-os-ultimos-vencedores-do-oscar-veja-lista\/#breadcrumb","itemListElement":[{"@type":"ListItem","position":1,"name":"In\u00edcio","item":"https:\/\/www.correiobraziliense.com.br\/cbradar\/"},{"@type":"ListItem","position":2,"name":"Quais foram os \u00faltimos vencedores do Oscar? Veja lista"}]},{"@type":"WebSite","@id":"https:\/\/www.correiobraziliense.com.br\/cbradar\/#website","url":"https:\/\/www.correiobraziliense.com.br\/cbradar\/","name":"Correio Braziliense - Radar","description":"Acompanhe as \u00faltimas not\u00edcias e fique bem informado sobre tudo o que acontece no Brasil e no mundo.","potentialAction":[{"@type":"SearchAction","target":{"@type":"EntryPoint","urlTemplate":"https:\/\/www.correiobraziliense.com.br\/cbradar\/?s={search_term_string}"},"query-input":{"@type":"PropertyValueSpecification","valueRequired":true,"valueName":"search_term_string"}}],"inLanguage":"pt-BR"},{"@type":"Person","@id":"https:\/\/www.correiobraziliense.com.br\/cbradar\/#\/schema\/person\/58422787644df994b53a19d3e56c1513","name":"Larissa Carvalho","image":{"@type":"ImageObject","inLanguage":"pt-BR","@id":"https:\/\/www.correiobraziliense.com.br\/cbradar\/#\/schema\/person\/image\/","url":"https:\/\/secure.gravatar.com\/avatar\/fe4f91a0de32b52a838d0d612abdc1aa?s=96&d=mm&r=g","contentUrl":"https:\/\/secure.gravatar.com\/avatar\/fe4f91a0de32b52a838d0d612abdc1aa?s=96&d=mm&r=g","caption":"Larissa Carvalho"},"url":"https:\/\/www.correiobraziliense.com.br\/cbradar\/author\/larissamyth\/"}]}},"_links":{"self":[{"href":"https:\/\/www.correiobraziliense.com.br\/cbradar\/wp-json\/wp\/v2\/posts\/8035","targetHints":{"allow":["GET"]}}],"collection":[{"href":"https:\/\/www.correiobraziliense.com.br\/cbradar\/wp-json\/wp\/v2\/posts"}],"about":[{"href":"https:\/\/www.correiobraziliense.com.br\/cbradar\/wp-json\/wp\/v2\/types\/post"}],"author":[{"embeddable":true,"href":"https:\/\/www.correiobraziliense.com.br\/cbradar\/wp-json\/wp\/v2\/users\/3"}],"replies":[{"embeddable":true,"href":"https:\/\/www.correiobraziliense.com.br\/cbradar\/wp-json\/wp\/v2\/comments?post=8035"}],"version-history":[{"count":1,"href":"https:\/\/www.correiobraziliense.com.br\/cbradar\/wp-json\/wp\/v2\/posts\/8035\/revisions"}],"predecessor-version":[{"id":8038,"href":"https:\/\/www.correiobraziliense.com.br\/cbradar\/wp-json\/wp\/v2\/posts\/8035\/revisions\/8038"}],"wp:featuredmedia":[{"embeddable":true,"href":"https:\/\/www.correiobraziliense.com.br\/cbradar\/wp-json\/wp\/v2\/media\/8036"}],"wp:attachment":[{"href":"https:\/\/www.correiobraziliense.com.br\/cbradar\/wp-json\/wp\/v2\/media?parent=8035"}],"wp:term":[{"taxonomy":"category","embeddable":true,"href":"https:\/\/www.correiobraziliense.com.br\/cbradar\/wp-json\/wp\/v2\/categories?post=8035"},{"taxonomy":"post_tag","embeddable":true,"href":"https:\/\/www.correiobraziliense.com.br\/cbradar\/wp-json\/wp\/v2\/post_tag?post=8035"}],"curies":[{"name":"wp","href":"https:\/\/api.w.org\/{rel}","templated":true}]}}