{"id":8039,"date":"2025-03-02T08:23:00","date_gmt":"2025-03-02T11:23:00","guid":{"rendered":"https:\/\/www.correiobraziliense.com.br\/cbradar\/?p=8039"},"modified":"2025-03-02T00:11:11","modified_gmt":"2025-03-02T03:11:11","slug":"toyota-vai-desistir-dos-carros-esportivos-veja-cenario","status":"publish","type":"post","link":"https:\/\/www.correiobraziliense.com.br\/cbradar\/toyota-vai-desistir-dos-carros-esportivos-veja-cenario\/","title":{"rendered":"Toyota vai desistir dos carros esportivos? Veja o cen\u00e1rio"},"content":{"rendered":"\n<p>A <strong><a href=\"https:\/\/www.toyota.com.br\/\" target=\"_blank\" rel=\"noreferrer noopener\">Toyota<\/a><\/strong>, uma das gigantes do setor automotivo, est\u00e1 se preparando para uma nova era no mercado de carros esportivos. Com a divis\u00e3o <strong>Gazoo Racing<\/strong> liderando o caminho, a empresa est\u00e1 desenvolvendo ve\u00edculos que prometem atrair tanto os entusiastas de carros quanto os f\u00e3s de tecnologia de ponta. Modelos como o <strong>GR Yaris, GR Corolla, 86 e Supra<\/strong> est\u00e3o no centro das aten\u00e7\u00f5es, enquanto h\u00e1 especula\u00e7\u00f5es sobre o retorno de cl\u00e1ssicos como o <strong>Celica <\/strong>e o <strong>MR2.<\/strong><\/p>\n\n\n\n<p>Apesar do avan\u00e7o dos ve\u00edculos el\u00e9tricos, a Toyota reafirma seu compromisso com os motores a combust\u00e3o e as transmiss\u00f5es manuais. Essa decis\u00e3o foi destacada por Sean Hanley, vice-presidente de vendas e marketing da Toyota Austr\u00e1lia, que ressaltou a import\u00e2ncia de manter a experi\u00eancia \u00fanica dos motores tradicionais.<\/p>\n\n\n\n<h2 class=\"wp-block-heading\"><strong>Como a Toyota planeja integrar motores a combust\u00e3o e novas tecnologias?<\/strong><\/h2>\n\n\n\n<p>A Gazoo Racing est\u00e1 investigando o uso de&nbsp;<strong>combust\u00edveis sint\u00e9ticos<\/strong>&nbsp;como uma alternativa para prolongar a vida dos motores a combust\u00e3o. Essa estrat\u00e9gia busca oferecer uma solu\u00e7\u00e3o sustent\u00e1vel, permitindo que esses motores coexistam com as novas tecnologias el\u00e9tricas. Al\u00e9m disso, a Toyota est\u00e1 desenvolvendo esportivos el\u00e9tricos, como o conceito FT-Se, que apresenta motor duplo e tra\u00e7\u00e3o integral.<\/p>\n\n\n\n<p>No Sal\u00e3o do Autom\u00f3vel de T\u00f3quio, a Toyota apresentou o conceito Yaris M, que substitui o motor 1.6 de tr\u00eas cilindros do GR Yaris por um motor 2.0 litros. Essa mudan\u00e7a gerou especula\u00e7\u00f5es sobre o retorno do MR2. A empresa confirmou que futuros modelos esportivos contar\u00e3o com um motor de quatro cilindros turboalimentado, capaz de entregar mais de 400 cavalos de pot\u00eancia.<\/p>\n\n\n\n<figure class=\"wp-block-image size-large\"><img decoding=\"async\" width=\"1024\" height=\"576\" src=\"https:\/\/www.correiobraziliense.com.br\/cbradar\/wp-content\/uploads\/2025\/03\/GR-Yaris_1740846547582-1024x576.jpg\" alt=\"Toyota vai desistir dos carros esportivos? Veja cen\u00e1rio\" class=\"wp-image-8042\" srcset=\"https:\/\/www.correiobraziliense.com.br\/cbradar\/wp-content\/uploads\/2025\/03\/GR-Yaris_1740846547582-1024x576.jpg 1024w, https:\/\/www.correiobraziliense.com.br\/cbradar\/wp-content\/uploads\/2025\/03\/GR-Yaris_1740846547582-300x169.jpg 300w, https:\/\/www.correiobraziliense.com.br\/cbradar\/wp-content\/uploads\/2025\/03\/GR-Yaris_1740846547582-768x432.jpg 768w, https:\/\/www.correiobraziliense.com.br\/cbradar\/wp-content\/uploads\/2025\/03\/GR-Yaris_1740846547582-750x422.jpg 750w, https:\/\/www.correiobraziliense.com.br\/cbradar\/wp-content\/uploads\/2025\/03\/GR-Yaris_1740846547582-1140x641.jpg 1140w, https:\/\/www.correiobraziliense.com.br\/cbradar\/wp-content\/uploads\/2025\/03\/GR-Yaris_1740846547582.jpg 1280w\" sizes=\"(max-width: 1024px) 100vw, 1024px\" \/><figcaption class=\"wp-element-caption\">GR Yaris. Cr\u00e9ditos: depositphotos.com \/ imwaltersy<\/figcaption><\/figure>\n\n\n\n<h2 class=\"wp-block-heading\"><strong>Quais s\u00e3o as expectativas para o Supra e outros modelos futuros?<\/strong><\/h2>\n\n\n\n<p>O Supra, um dos modelos mais ic\u00f4nicos da Toyota, continuar\u00e1 a ser uma pe\u00e7a central no portf\u00f3lio da marca. Embora o futuro do modelo ap\u00f3s a gera\u00e7\u00e3o A90 ainda n\u00e3o esteja definido, h\u00e1 rumores de uma poss\u00edvel colabora\u00e7\u00e3o com a Mazda para a pr\u00f3xima gera\u00e7\u00e3o. Al\u00e9m disso, a Toyota est\u00e1 desenvolvendo um supercarro, conhecido como \u201cLFR\u201d, que pode ser equipado com um motor V8 biturbo de 4,0 litros, possivelmente sob a marca Lexus.<\/p>\n\n\n\n<p>O LFR, com seu motor potente, pode ser um dos primeiros novos modelos a chegar ao mercado, possivelmente ainda este ano. A Toyota est\u00e1 empenhada em manter a ess\u00eancia dos carros esportivos, valorizando os aspectos sensoriais e emocionais proporcionados pelos motores a combust\u00e3o.<\/p>\n\n\n\n<h2 class=\"wp-block-heading\"><strong>O que o futuro reserva para a Gazoo Racing?<\/strong><\/h2>\n\n\n\n<p>A Gazoo Racing est\u00e1 focada em se tornar um ponto de refer\u00eancia para entusiastas de carros e amantes de desempenho. Com a introdu\u00e7\u00e3o de novas tecnologias e a preserva\u00e7\u00e3o dos motores tradicionais, a divis\u00e3o busca oferecer uma experi\u00eancia de condu\u00e7\u00e3o \u00fanica e emocionante. A Toyota continua a explorar novas parcerias e inova\u00e7\u00f5es para garantir que seus esportivos permane\u00e7am relevantes e desej\u00e1veis no mercado global.<\/p>\n\n\n\n<p>Em resumo, a Toyota est\u00e1 se preparando para liderar a pr\u00f3xima gera\u00e7\u00e3o de carros esportivos, combinando inova\u00e7\u00e3o tecnol\u00f3gica com a tradi\u00e7\u00e3o dos motores a combust\u00e3o. Com a Gazoo Racing \u00e0 frente, a marca japonesa promete continuar a surpreender e encantar os amantes de carros em todo o mundo.<\/p>\n","protected":false},"excerpt":{"rendered":"<p>Toyota prepara nova gera\u00e7\u00e3o de carros esportivos com a divis\u00e3o Gazoo Racing. Modelos a combust\u00e3o e el\u00e9tricos prometem atrair entusiastas.<\/p>\n","protected":false},"author":3,"featured_media":8041,"comment_status":"open","ping_status":"open","sticky":false,"template":"","format":"standard","meta":{"_yoast_wpseo_focuskw":"Toyota esportivos","_yoast_wpseo_title":"%%title%%","_yoast_wpseo_metadesc":"Toyota prepara nova gera\u00e7\u00e3o de carros esportivos com a divis\u00e3o Gazoo Racing. Modelos a combust\u00e3o e el\u00e9tricos prometem atrair entusiastas.","jnews-multi-image_gallery":[],"jnews_single_post":{"format":"standard"},"jnews_primary_category":[],"jnews_social_meta":[],"jnews_override_counter":[],"footnotes":""},"categories":[122],"post_tag":[1418],"class_list":["post-8039","post","type-post","status-publish","format-standard","has-post-thumbnail","hentry","category-automobilismo","tag-toyota"],"yoast_head":"<!-- This site is optimized with the Yoast SEO plugin v24.6 - https:\/\/yoast.com\/wordpress\/plugins\/seo\/ -->\n<title>Toyota vai desistir dos carros esportivos? Veja o cen\u00e1rio<\/title>\n<meta name=\"description\" content=\"Toyota prepara nova gera\u00e7\u00e3o de carros esportivos com a divis\u00e3o Gazoo Racing. Modelos a combust\u00e3o e el\u00e9tricos prometem atrair entusiastas.\" \/>\n<meta name=\"robots\" content=\"index, follow, max-snippet:-1, max-image-preview:large, max-video-preview:-1\" \/>\n<link rel=\"canonical\" href=\"https:\/\/www.correiobraziliense.com.br\/cbradar\/toyota-vai-desistir-dos-carros-esportivos-veja-cenario\/\" \/>\n<meta property=\"og:locale\" content=\"pt_BR\" \/>\n<meta property=\"og:type\" content=\"article\" \/>\n<meta property=\"og:title\" content=\"Toyota vai desistir dos carros esportivos? Veja o cen\u00e1rio\" \/>\n<meta property=\"og:description\" content=\"Toyota prepara nova gera\u00e7\u00e3o de carros esportivos com a divis\u00e3o Gazoo Racing. Modelos a combust\u00e3o e el\u00e9tricos prometem atrair entusiastas.\" \/>\n<meta property=\"og:url\" content=\"https:\/\/www.correiobraziliense.com.br\/cbradar\/toyota-vai-desistir-dos-carros-esportivos-veja-cenario\/\" \/>\n<meta property=\"og:site_name\" content=\"Correio Braziliense - Radar\" \/>\n<meta property=\"article:published_time\" content=\"2025-03-02T11:23:00+00:00\" \/>\n<meta property=\"og:image\" content=\"https:\/\/www.correiobraziliense.com.br\/cbradar\/wp-content\/uploads\/2025\/03\/Toyota_1740846506504.jpg\" \/>\n\t<meta property=\"og:image:width\" content=\"1280\" \/>\n\t<meta property=\"og:image:height\" content=\"720\" \/>\n\t<meta property=\"og:image:type\" content=\"image\/jpeg\" \/>\n<meta name=\"author\" content=\"Larissa Carvalho\" \/>\n<meta name=\"twitter:card\" content=\"summary_large_image\" \/>\n<meta name=\"twitter:label1\" content=\"Escrito por\" \/>\n\t<meta name=\"twitter:data1\" content=\"Larissa Carvalho\" \/>\n\t<meta name=\"twitter:label2\" content=\"Est. tempo de leitura\" \/>\n\t<meta name=\"twitter:data2\" content=\"4 minutos\" \/>\n<!-- \/ Yoast SEO plugin. -->","yoast_head_json":{"title":"Toyota vai desistir dos carros esportivos? Veja o cen\u00e1rio","description":"Toyota prepara nova gera\u00e7\u00e3o de carros esportivos com a divis\u00e3o Gazoo Racing. Modelos a combust\u00e3o e el\u00e9tricos prometem atrair entusiastas.","robots":{"index":"index","follow":"follow","max-snippet":"max-snippet:-1","max-image-preview":"max-image-preview:large","max-video-preview":"max-video-preview:-1"},"canonical":"https:\/\/www.correiobraziliense.com.br\/cbradar\/toyota-vai-desistir-dos-carros-esportivos-veja-cenario\/","og_locale":"pt_BR","og_type":"article","og_title":"Toyota vai desistir dos carros esportivos? Veja o cen\u00e1rio","og_description":"Toyota prepara nova gera\u00e7\u00e3o de carros esportivos com a divis\u00e3o Gazoo Racing. Modelos a combust\u00e3o e el\u00e9tricos prometem atrair entusiastas.","og_url":"https:\/\/www.correiobraziliense.com.br\/cbradar\/toyota-vai-desistir-dos-carros-esportivos-veja-cenario\/","og_site_name":"Correio Braziliense - Radar","article_published_time":"2025-03-02T11:23:00+00:00","og_image":[{"width":1280,"height":720,"url":"https:\/\/www.correiobraziliense.com.br\/cbradar\/wp-content\/uploads\/2025\/03\/Toyota_1740846506504.jpg","type":"image\/jpeg"}],"author":"Larissa Carvalho","twitter_card":"summary_large_image","twitter_misc":{"Escrito por":"Larissa Carvalho","Est. tempo de leitura":"4 minutos"},"schema":{"@context":"https:\/\/schema.org","@graph":[{"@type":"WebPage","@id":"https:\/\/www.correiobraziliense.com.br\/cbradar\/toyota-vai-desistir-dos-carros-esportivos-veja-cenario\/","url":"https:\/\/www.correiobraziliense.com.br\/cbradar\/toyota-vai-desistir-dos-carros-esportivos-veja-cenario\/","name":"Toyota vai desistir dos carros esportivos? Veja o cen\u00e1rio","isPartOf":{"@id":"https:\/\/www.correiobraziliense.com.br\/cbradar\/#website"},"primaryImageOfPage":{"@id":"https:\/\/www.correiobraziliense.com.br\/cbradar\/toyota-vai-desistir-dos-carros-esportivos-veja-cenario\/#primaryimage"},"image":{"@id":"https:\/\/www.correiobraziliense.com.br\/cbradar\/toyota-vai-desistir-dos-carros-esportivos-veja-cenario\/#primaryimage"},"thumbnailUrl":"https:\/\/www.correiobraziliense.com.br\/cbradar\/wp-content\/uploads\/2025\/03\/Toyota_1740846506504.jpg","datePublished":"2025-03-02T11:23:00+00:00","author":{"@id":"https:\/\/www.correiobraziliense.com.br\/cbradar\/#\/schema\/person\/58422787644df994b53a19d3e56c1513"},"description":"Toyota prepara nova gera\u00e7\u00e3o de carros esportivos com a divis\u00e3o Gazoo Racing. Modelos a combust\u00e3o e el\u00e9tricos prometem atrair entusiastas.","breadcrumb":{"@id":"https:\/\/www.correiobraziliense.com.br\/cbradar\/toyota-vai-desistir-dos-carros-esportivos-veja-cenario\/#breadcrumb"},"inLanguage":"pt-BR","potentialAction":[{"@type":"ReadAction","target":["https:\/\/www.correiobraziliense.com.br\/cbradar\/toyota-vai-desistir-dos-carros-esportivos-veja-cenario\/"]}]},{"@type":"ImageObject","inLanguage":"pt-BR","@id":"https:\/\/www.correiobraziliense.com.br\/cbradar\/toyota-vai-desistir-dos-carros-esportivos-veja-cenario\/#primaryimage","url":"https:\/\/www.correiobraziliense.com.br\/cbradar\/wp-content\/uploads\/2025\/03\/Toyota_1740846506504.jpg","contentUrl":"https:\/\/www.correiobraziliense.com.br\/cbradar\/wp-content\/uploads\/2025\/03\/Toyota_1740846506504.jpg","width":1280,"height":720,"caption":"Toyota. Cr\u00e9ditos: depositphotos.com \/ taldav68"},{"@type":"BreadcrumbList","@id":"https:\/\/www.correiobraziliense.com.br\/cbradar\/toyota-vai-desistir-dos-carros-esportivos-veja-cenario\/#breadcrumb","itemListElement":[{"@type":"ListItem","position":1,"name":"In\u00edcio","item":"https:\/\/www.correiobraziliense.com.br\/cbradar\/"},{"@type":"ListItem","position":2,"name":"Toyota vai desistir dos carros esportivos? Veja o cen\u00e1rio"}]},{"@type":"WebSite","@id":"https:\/\/www.correiobraziliense.com.br\/cbradar\/#website","url":"https:\/\/www.correiobraziliense.com.br\/cbradar\/","name":"Correio Braziliense - Radar","description":"Acompanhe as \u00faltimas not\u00edcias e fique bem informado sobre tudo o que acontece no Brasil e no mundo.","potentialAction":[{"@type":"SearchAction","target":{"@type":"EntryPoint","urlTemplate":"https:\/\/www.correiobraziliense.com.br\/cbradar\/?s={search_term_string}"},"query-input":{"@type":"PropertyValueSpecification","valueRequired":true,"valueName":"search_term_string"}}],"inLanguage":"pt-BR"},{"@type":"Person","@id":"https:\/\/www.correiobraziliense.com.br\/cbradar\/#\/schema\/person\/58422787644df994b53a19d3e56c1513","name":"Larissa Carvalho","image":{"@type":"ImageObject","inLanguage":"pt-BR","@id":"https:\/\/www.correiobraziliense.com.br\/cbradar\/#\/schema\/person\/image\/","url":"https:\/\/secure.gravatar.com\/avatar\/fe4f91a0de32b52a838d0d612abdc1aa?s=96&d=mm&r=g","contentUrl":"https:\/\/secure.gravatar.com\/avatar\/fe4f91a0de32b52a838d0d612abdc1aa?s=96&d=mm&r=g","caption":"Larissa Carvalho"},"url":"https:\/\/www.correiobraziliense.com.br\/cbradar\/author\/larissamyth\/"}]}},"_links":{"self":[{"href":"https:\/\/www.correiobraziliense.com.br\/cbradar\/wp-json\/wp\/v2\/posts\/8039","targetHints":{"allow":["GET"]}}],"collection":[{"href":"https:\/\/www.correiobraziliense.com.br\/cbradar\/wp-json\/wp\/v2\/posts"}],"about":[{"href":"https:\/\/www.correiobraziliense.com.br\/cbradar\/wp-json\/wp\/v2\/types\/post"}],"author":[{"embeddable":true,"href":"https:\/\/www.correiobraziliense.com.br\/cbradar\/wp-json\/wp\/v2\/users\/3"}],"replies":[{"embeddable":true,"href":"https:\/\/www.correiobraziliense.com.br\/cbradar\/wp-json\/wp\/v2\/comments?post=8039"}],"version-history":[{"count":2,"href":"https:\/\/www.correiobraziliense.com.br\/cbradar\/wp-json\/wp\/v2\/posts\/8039\/revisions"}],"predecessor-version":[{"id":8304,"href":"https:\/\/www.correiobraziliense.com.br\/cbradar\/wp-json\/wp\/v2\/posts\/8039\/revisions\/8304"}],"wp:featuredmedia":[{"embeddable":true,"href":"https:\/\/www.correiobraziliense.com.br\/cbradar\/wp-json\/wp\/v2\/media\/8041"}],"wp:attachment":[{"href":"https:\/\/www.correiobraziliense.com.br\/cbradar\/wp-json\/wp\/v2\/media?parent=8039"}],"wp:term":[{"taxonomy":"category","embeddable":true,"href":"https:\/\/www.correiobraziliense.com.br\/cbradar\/wp-json\/wp\/v2\/categories?post=8039"},{"taxonomy":"post_tag","embeddable":true,"href":"https:\/\/www.correiobraziliense.com.br\/cbradar\/wp-json\/wp\/v2\/post_tag?post=8039"}],"curies":[{"name":"wp","href":"https:\/\/api.w.org\/{rel}","templated":true}]}}