{"id":80600,"date":"2025-08-04T08:40:00","date_gmt":"2025-08-04T11:40:00","guid":{"rendered":"https:\/\/www.correiobraziliense.com.br\/cbradar\/?p=80600"},"modified":"2025-08-04T08:19:53","modified_gmt":"2025-08-04T11:19:53","slug":"a-fruta-perfeita-para-combater-inflamacoes-e-melhorar-o-bem-estar-diariamente","status":"publish","type":"post","link":"https:\/\/www.correiobraziliense.com.br\/cbradar\/a-fruta-perfeita-para-combater-inflamacoes-e-melhorar-o-bem-estar-diariamente\/","title":{"rendered":"A fruta perfeita para combater inflama\u00e7\u00f5es e melhorar o bem-estar diariamente"},"content":{"rendered":"\n<p>O <strong>caj\u00e1-manga<\/strong> \u00e9 rico em antioxidantes e compostos anti-inflamat\u00f3rios, tornando-se um aliado natural no combate a processos inflamat\u00f3rios do corpo. Seus frutos t\u00eam alto teor de vitamina C e carotenoides, promovendo sa\u00fade e sensa\u00e7\u00e3o de bem-estar ao fortalecer o sistema imunol\u00f3gico.<\/p>\n\n\n\n<p>Al\u00e9m de sabor marcante e aroma intenso, o caj\u00e1-manga pode ser consumido in natura, em sucos ou geleias, potencializando seus benef\u00edcios para a sa\u00fade.<\/p>\n\n\n\n<h2 class=\"wp-block-heading\">\u00c9 poss\u00edvel cultivar caj\u00e1-manga em casa e quais cuidados s\u00e3o necess\u00e1rios?<\/h2>\n\n\n\n<p>Sim, \u00e9 poss\u00edvel plantar <strong>caj\u00e1-manga em casa<\/strong>, especialmente em quintais, ch\u00e1caras ou s\u00edtios. O segredo \u00e9 garantir espa\u00e7o suficiente, j\u00e1 que a \u00e1rvore pode atingir at\u00e9 15 metros de altura, e realizar podas regulares para controlar o porte.<\/p>\n\n\n\n<p>Em \u00e1reas pequenas, o ideal \u00e9 iniciar o cultivo em vasos grandes, transplantando a muda para o solo definitivo conforme o crescimento. Podas e manejo correto mant\u00eam a \u00e1rvore saud\u00e1vel e produtiva.<\/p>\n\n\n\n<h2 class=\"wp-block-heading\">Qual a melhor \u00e9poca e o tipo de solo para plantar caj\u00e1-manga?<\/h2>\n\n\n\n<p>O per\u00edodo ideal de plantio \u00e9 o in\u00edcio das chuvas, entre outubro e fevereiro, favorecendo o enraizamento da muda. A <strong>planta<\/strong> prefere solos f\u00e9rteis, levemente \u00e1cidos, profundos e bem drenados.<\/p>\n\n\n\n<p>Misture terra com esterco curtido, h\u00famus ou composto, e um pouco de areia para maior aera\u00e7\u00e3o. Evite solos encharcados ou compactos, pois prejudicam o desenvolvimento.<\/p>\n\n\n\n<figure class=\"wp-block-image size-large\"><img decoding=\"async\" width=\"1024\" height=\"576\" src=\"https:\/\/www.correiobraziliense.com.br\/cbradar\/wp-content\/uploads\/2025\/03\/Caja-fruta-_1741627867281-1024x576.jpg\" alt=\"Aprenda a plantar caj\u00e1 em casa de um jeito simples e pr\u00e1tico\" class=\"wp-image-11222\" srcset=\"https:\/\/www.correiobraziliense.com.br\/cbradar\/wp-content\/uploads\/2025\/03\/Caja-fruta-_1741627867281-1024x576.jpg 1024w, https:\/\/www.correiobraziliense.com.br\/cbradar\/wp-content\/uploads\/2025\/03\/Caja-fruta-_1741627867281-300x169.jpg 300w, https:\/\/www.correiobraziliense.com.br\/cbradar\/wp-content\/uploads\/2025\/03\/Caja-fruta-_1741627867281-768x432.jpg 768w, https:\/\/www.correiobraziliense.com.br\/cbradar\/wp-content\/uploads\/2025\/03\/Caja-fruta-_1741627867281-750x422.jpg 750w, https:\/\/www.correiobraziliense.com.br\/cbradar\/wp-content\/uploads\/2025\/03\/Caja-fruta-_1741627867281-1140x641.jpg 1140w, https:\/\/www.correiobraziliense.com.br\/cbradar\/wp-content\/uploads\/2025\/03\/Caja-fruta-_1741627867281.jpg 1280w\" sizes=\"(max-width: 1024px) 100vw, 1024px\" \/><figcaption class=\"wp-element-caption\">Caja. Cr\u00e9ditos: depositphotos.com \/ Marcotga<\/figcaption><\/figure>\n\n\n\n<h2 class=\"wp-block-heading\">Como deve ser feito o plantio e a irriga\u00e7\u00e3o do caj\u00e1-manga?<\/h2>\n\n\n\n<ul class=\"wp-block-list\">\n<li>Use mudas enxertadas ou de alporquia para frutifica\u00e7\u00e3o mais r\u00e1pida.<\/li>\n\n\n\n<li>Plante com espa\u00e7amento de 6 a 8 metros entre \u00e1rvores, garantindo luz e ventila\u00e7\u00e3o.<\/li>\n<\/ul>\n\n\n\n<p>Mantenha a irriga\u00e7\u00e3o frequente nos primeiros meses, especialmente em per\u00edodos secos. Cobertura morta ao redor da planta ret\u00e9m a umidade e protege as ra\u00edzes.<\/p>\n\n\n\n<h2 class=\"wp-block-heading\">\u00c9 poss\u00edvel cultivar caj\u00e1-manga em vasos?<\/h2>\n\n\n\n<p>O cultivo em vasos \u00e9 poss\u00edvel na fase inicial, utilizando recipientes de no m\u00ednimo 100 litros com boa drenagem. O vaso deve ser mantido em local iluminado e receber aduba\u00e7\u00f5es frequentes.<\/p>\n\n\n\n<p>Para produ\u00e7\u00e3o expressiva de frutos, recomenda-se transplantar para o solo ap\u00f3s o desenvolvimento da muda. Cultivo permanente em vaso limita o porte e exige manejo intensivo.<\/p>\n\n\n\n<h2 class=\"wp-block-heading\">Como adubar e cuidar do caj\u00e1-manga para garantir frutos saud\u00e1veis?<\/h2>\n\n\n\n<ul class=\"wp-block-list\">\n<li>Adube com esterco curtido, composto e farinha de ossos no plantio.<\/li>\n\n\n\n<li>Aplique NPK 10-10-10 ou 4-14-8 a cada 60 dias, sem encostar no tronco.<\/li>\n<\/ul>\n\n\n\n<p>A aduba\u00e7\u00e3o rica em f\u00f3sforo e pot\u00e1ssio \u00e9 essencial durante flora\u00e7\u00e3o e frutifica\u00e7\u00e3o. A partir do segundo ano, fa\u00e7a duas aduba\u00e7\u00f5es anuais para manter a produtividade.<\/p>\n\n\n\n<h2 class=\"wp-block-heading\">Quanto tempo demora para o caj\u00e1-manga come\u00e7ar a frutificar?<\/h2>\n\n\n\n<p>Mudas enxertadas ou de alporquia frutificam em 2 a 3 anos. Plantas de semente podem levar at\u00e9 6 anos para dar frutos.<\/p>\n\n\n\n<p>O ciclo produtivo ocorre normalmente entre fim da primavera e ver\u00e3o, com colheita concentrada entre dezembro e mar\u00e7o.<\/p>\n\n\n\n<h2 class=\"wp-block-heading\">Quais pragas e doen\u00e7as exigem aten\u00e7\u00e3o no cultivo do caj\u00e1-manga?<\/h2>\n\n\n\n<p>Os principais desafios s\u00e3o cochonilhas, mosca-das-frutas, lagartas e doen\u00e7as como antracnose e mancha parda. Preven\u00e7\u00e3o inclui calda bordalesa, \u00f3leo de neem, podas de limpeza e manejo do excesso de umidade.<\/p>\n\n\n\n<p>Retire frutos doentes e folhas secas regularmente para preservar a sa\u00fade da planta e garantir uma safra abundante.<\/p>\n\n\n\n<h2 class=\"wp-block-heading\">FAQ: D\u00favidas frequentes sobre o plantio de caj\u00e1-manga<\/h2>\n\n\n\n<ul class=\"wp-block-list\">\n<li>\u00c9 melhor plantar sementes ou mudas enxertadas? Prefira mudas enxertadas para frutifica\u00e7\u00e3o r\u00e1pida.<\/li>\n\n\n\n<li>Precisa de muito espa\u00e7o? Sim, deixe pelo menos 6 metros de dist\u00e2ncia de constru\u00e7\u00f5es ou outras \u00e1rvores.<\/li>\n\n\n\n<li>Qual o tempo de frutifica\u00e7\u00e3o? De 2 a 3 anos para mudas enxertadas, at\u00e9 6 anos para sementes.<\/li>\n\n\n\n<li>Deve podar a \u00e1rvore? Podas de forma\u00e7\u00e3o e limpeza melhoram a frutifica\u00e7\u00e3o e controlam o tamanho.<\/li>\n\n\n\n<li>Pode plantar em vaso? Apenas na fase inicial, o ideal \u00e9 transplantar para o solo depois.<\/li>\n<\/ul>\n\n\n\n<p>Curiosidade: o caj\u00e1-manga \u00e9 considerado uma das frutas tropicais mais ricas em compostos anti-inflamat\u00f3rios, sendo valorizado na alimenta\u00e7\u00e3o funcional brasileira.<\/p>\n","protected":false},"excerpt":{"rendered":"<p>Rica em compostos anti-inflamat\u00f3rios, a fruta caj\u00e1-manga virou a queridinha de quem busca bem-estar e sa\u00fade com sabor.<\/p>\n","protected":false},"author":3,"featured_media":11218,"comment_status":"open","ping_status":"open","sticky":false,"template":"","format":"standard","meta":{"_yoast_wpseo_focuskw":"fruta combater inflama\u00e7\u00f5es","_yoast_wpseo_title":"%%title%%","_yoast_wpseo_metadesc":"Rica em compostos anti-inflamat\u00f3rios, a fruta caj\u00e1-manga virou a queridinha de quem busca bem-estar e sa\u00fade com sabor.","jnews-multi-image_gallery":[],"jnews_single_post":{"format":"standard"},"jnews_primary_category":[],"jnews_social_meta":[],"jnews_override_counter":[],"footnotes":""},"categories":[112],"tags":[281,144,735],"class_list":["post-80600","post","type-post","status-publish","format-standard","has-post-thumbnail","hentry","category-curiosidades","tag-alimentacao","tag-curiosidades","tag-frutas"],"yoast_head":"<!-- This site is optimized with the Yoast SEO plugin v24.6 - https:\/\/yoast.com\/wordpress\/plugins\/seo\/ -->\n<title>A fruta perfeita para combater inflama\u00e7\u00f5es e melhorar o bem-estar diariamente<\/title>\n<meta name=\"description\" content=\"Rica em compostos anti-inflamat\u00f3rios, a fruta caj\u00e1-manga virou a queridinha de quem busca bem-estar e sa\u00fade com sabor.\" \/>\n<meta name=\"robots\" content=\"index, follow, max-snippet:-1, max-image-preview:large, max-video-preview:-1\" \/>\n<link rel=\"canonical\" href=\"https:\/\/www.correiobraziliense.com.br\/cbradar\/a-fruta-perfeita-para-combater-inflamacoes-e-melhorar-o-bem-estar-diariamente\/\" \/>\n<meta property=\"og:locale\" content=\"pt_BR\" \/>\n<meta property=\"og:type\" content=\"article\" \/>\n<meta property=\"og:title\" content=\"A fruta perfeita para combater inflama\u00e7\u00f5es e melhorar o bem-estar diariamente\" \/>\n<meta property=\"og:description\" content=\"Rica em compostos anti-inflamat\u00f3rios, a fruta caj\u00e1-manga virou a queridinha de quem busca bem-estar e sa\u00fade com sabor.\" \/>\n<meta property=\"og:url\" content=\"https:\/\/www.correiobraziliense.com.br\/cbradar\/a-fruta-perfeita-para-combater-inflamacoes-e-melhorar-o-bem-estar-diariamente\/\" \/>\n<meta property=\"og:site_name\" content=\"Correio Braziliense - Radar\" \/>\n<meta property=\"article:published_time\" content=\"2025-08-04T11:40:00+00:00\" \/>\n<meta property=\"og:image\" content=\"https:\/\/www.correiobraziliense.com.br\/cbradar\/wp-content\/uploads\/2025\/03\/Caja-fruta-_1741627778938.jpg\" \/>\n\t<meta property=\"og:image:width\" content=\"1280\" \/>\n\t<meta property=\"og:image:height\" content=\"720\" \/>\n\t<meta property=\"og:image:type\" content=\"image\/jpeg\" \/>\n<meta name=\"author\" content=\"Larissa Carvalho\" \/>\n<meta name=\"twitter:card\" content=\"summary_large_image\" \/>\n<meta name=\"twitter:label1\" content=\"Escrito por\" \/>\n\t<meta name=\"twitter:data1\" content=\"Larissa Carvalho\" \/>\n\t<meta name=\"twitter:label2\" content=\"Est. tempo de leitura\" \/>\n\t<meta name=\"twitter:data2\" content=\"4 minutos\" \/>\n<!-- \/ Yoast SEO plugin. -->","yoast_head_json":{"title":"A fruta perfeita para combater inflama\u00e7\u00f5es e melhorar o bem-estar diariamente","description":"Rica em compostos anti-inflamat\u00f3rios, a fruta caj\u00e1-manga virou a queridinha de quem busca bem-estar e sa\u00fade com sabor.","robots":{"index":"index","follow":"follow","max-snippet":"max-snippet:-1","max-image-preview":"max-image-preview:large","max-video-preview":"max-video-preview:-1"},"canonical":"https:\/\/www.correiobraziliense.com.br\/cbradar\/a-fruta-perfeita-para-combater-inflamacoes-e-melhorar-o-bem-estar-diariamente\/","og_locale":"pt_BR","og_type":"article","og_title":"A fruta perfeita para combater inflama\u00e7\u00f5es e melhorar o bem-estar diariamente","og_description":"Rica em compostos anti-inflamat\u00f3rios, a fruta caj\u00e1-manga virou a queridinha de quem busca bem-estar e sa\u00fade com sabor.","og_url":"https:\/\/www.correiobraziliense.com.br\/cbradar\/a-fruta-perfeita-para-combater-inflamacoes-e-melhorar-o-bem-estar-diariamente\/","og_site_name":"Correio Braziliense - Radar","article_published_time":"2025-08-04T11:40:00+00:00","og_image":[{"width":1280,"height":720,"url":"https:\/\/www.correiobraziliense.com.br\/cbradar\/wp-content\/uploads\/2025\/03\/Caja-fruta-_1741627778938.jpg","type":"image\/jpeg"}],"author":"Larissa Carvalho","twitter_card":"summary_large_image","twitter_misc":{"Escrito por":"Larissa Carvalho","Est. tempo de leitura":"4 minutos"},"schema":{"@context":"https:\/\/schema.org","@graph":[{"@type":"WebPage","@id":"https:\/\/www.correiobraziliense.com.br\/cbradar\/a-fruta-perfeita-para-combater-inflamacoes-e-melhorar-o-bem-estar-diariamente\/","url":"https:\/\/www.correiobraziliense.com.br\/cbradar\/a-fruta-perfeita-para-combater-inflamacoes-e-melhorar-o-bem-estar-diariamente\/","name":"A fruta perfeita para combater inflama\u00e7\u00f5es e melhorar o bem-estar diariamente","isPartOf":{"@id":"https:\/\/www.correiobraziliense.com.br\/cbradar\/#website"},"primaryImageOfPage":{"@id":"https:\/\/www.correiobraziliense.com.br\/cbradar\/a-fruta-perfeita-para-combater-inflamacoes-e-melhorar-o-bem-estar-diariamente\/#primaryimage"},"image":{"@id":"https:\/\/www.correiobraziliense.com.br\/cbradar\/a-fruta-perfeita-para-combater-inflamacoes-e-melhorar-o-bem-estar-diariamente\/#primaryimage"},"thumbnailUrl":"https:\/\/www.correiobraziliense.com.br\/cbradar\/wp-content\/uploads\/2025\/03\/Caja-fruta-_1741627778938.jpg","datePublished":"2025-08-04T11:40:00+00:00","author":{"@id":"https:\/\/www.correiobraziliense.com.br\/cbradar\/#\/schema\/person\/58422787644df994b53a19d3e56c1513"},"description":"Rica em compostos anti-inflamat\u00f3rios, a fruta caj\u00e1-manga virou a queridinha de quem busca bem-estar e sa\u00fade com sabor.","breadcrumb":{"@id":"https:\/\/www.correiobraziliense.com.br\/cbradar\/a-fruta-perfeita-para-combater-inflamacoes-e-melhorar-o-bem-estar-diariamente\/#breadcrumb"},"inLanguage":"pt-BR","potentialAction":[{"@type":"ReadAction","target":["https:\/\/www.correiobraziliense.com.br\/cbradar\/a-fruta-perfeita-para-combater-inflamacoes-e-melhorar-o-bem-estar-diariamente\/"]}]},{"@type":"ImageObject","inLanguage":"pt-BR","@id":"https:\/\/www.correiobraziliense.com.br\/cbradar\/a-fruta-perfeita-para-combater-inflamacoes-e-melhorar-o-bem-estar-diariamente\/#primaryimage","url":"https:\/\/www.correiobraziliense.com.br\/cbradar\/wp-content\/uploads\/2025\/03\/Caja-fruta-_1741627778938.jpg","contentUrl":"https:\/\/www.correiobraziliense.com.br\/cbradar\/wp-content\/uploads\/2025\/03\/Caja-fruta-_1741627778938.jpg","width":1280,"height":720,"caption":"Caj\u00e1. Cr\u00e9ditos: depositphotos.com \/ Marcotga"},{"@type":"BreadcrumbList","@id":"https:\/\/www.correiobraziliense.com.br\/cbradar\/a-fruta-perfeita-para-combater-inflamacoes-e-melhorar-o-bem-estar-diariamente\/#breadcrumb","itemListElement":[{"@type":"ListItem","position":1,"name":"In\u00edcio","item":"https:\/\/www.correiobraziliense.com.br\/cbradar\/"},{"@type":"ListItem","position":2,"name":"A fruta perfeita para combater inflama\u00e7\u00f5es e melhorar o bem-estar diariamente"}]},{"@type":"WebSite","@id":"https:\/\/www.correiobraziliense.com.br\/cbradar\/#website","url":"https:\/\/www.correiobraziliense.com.br\/cbradar\/","name":"Correio Braziliense - Radar","description":"Acompanhe as \u00faltimas not\u00edcias e fique bem informado sobre tudo o que acontece no Brasil e no mundo.","potentialAction":[{"@type":"SearchAction","target":{"@type":"EntryPoint","urlTemplate":"https:\/\/www.correiobraziliense.com.br\/cbradar\/?s={search_term_string}"},"query-input":{"@type":"PropertyValueSpecification","valueRequired":true,"valueName":"search_term_string"}}],"inLanguage":"pt-BR"},{"@type":"Person","@id":"https:\/\/www.correiobraziliense.com.br\/cbradar\/#\/schema\/person\/58422787644df994b53a19d3e56c1513","name":"Larissa Carvalho","image":{"@type":"ImageObject","inLanguage":"pt-BR","@id":"https:\/\/www.correiobraziliense.com.br\/cbradar\/#\/schema\/person\/image\/","url":"https:\/\/secure.gravatar.com\/avatar\/fe4f91a0de32b52a838d0d612abdc1aa?s=96&d=mm&r=g","contentUrl":"https:\/\/secure.gravatar.com\/avatar\/fe4f91a0de32b52a838d0d612abdc1aa?s=96&d=mm&r=g","caption":"Larissa Carvalho"},"url":"https:\/\/www.correiobraziliense.com.br\/cbradar\/author\/larissamyth\/"}]}},"_links":{"self":[{"href":"https:\/\/www.correiobraziliense.com.br\/cbradar\/wp-json\/wp\/v2\/posts\/80600","targetHints":{"allow":["GET"]}}],"collection":[{"href":"https:\/\/www.correiobraziliense.com.br\/cbradar\/wp-json\/wp\/v2\/posts"}],"about":[{"href":"https:\/\/www.correiobraziliense.com.br\/cbradar\/wp-json\/wp\/v2\/types\/post"}],"author":[{"embeddable":true,"href":"https:\/\/www.correiobraziliense.com.br\/cbradar\/wp-json\/wp\/v2\/users\/3"}],"replies":[{"embeddable":true,"href":"https:\/\/www.correiobraziliense.com.br\/cbradar\/wp-json\/wp\/v2\/comments?post=80600"}],"version-history":[{"count":1,"href":"https:\/\/www.correiobraziliense.com.br\/cbradar\/wp-json\/wp\/v2\/posts\/80600\/revisions"}],"predecessor-version":[{"id":80601,"href":"https:\/\/www.correiobraziliense.com.br\/cbradar\/wp-json\/wp\/v2\/posts\/80600\/revisions\/80601"}],"wp:featuredmedia":[{"embeddable":true,"href":"https:\/\/www.correiobraziliense.com.br\/cbradar\/wp-json\/wp\/v2\/media\/11218"}],"wp:attachment":[{"href":"https:\/\/www.correiobraziliense.com.br\/cbradar\/wp-json\/wp\/v2\/media?parent=80600"}],"wp:term":[{"taxonomy":"category","embeddable":true,"href":"https:\/\/www.correiobraziliense.com.br\/cbradar\/wp-json\/wp\/v2\/categories?post=80600"},{"taxonomy":"post_tag","embeddable":true,"href":"https:\/\/www.correiobraziliense.com.br\/cbradar\/wp-json\/wp\/v2\/tags?post=80600"}],"curies":[{"name":"wp","href":"https:\/\/api.w.org\/{rel}","templated":true}]}}