{"id":8061,"date":"2025-03-02T09:30:00","date_gmt":"2025-03-02T12:30:00","guid":{"rendered":"https:\/\/www.correiobraziliense.com.br\/cbradar\/?p=8061"},"modified":"2025-03-02T00:17:30","modified_gmt":"2025-03-02T03:17:30","slug":"essa-cidade-fica-no-lugar-mais-profundo-da-terra","status":"publish","type":"post","link":"https:\/\/www.correiobraziliense.com.br\/cbradar\/essa-cidade-fica-no-lugar-mais-profundo-da-terra\/","title":{"rendered":"Essa cidade fica no lugar mais profundo da terra"},"content":{"rendered":"\n<p>Enquanto cidades muitas s\u00e3o constru\u00eddas em barreiras ou montanhas, existe um lugar onde os moradores vivem <strong>no fundo de um dos desfiladeiros mais profundos do mundo<\/strong>. <strong>Phugtal Gompa, <\/strong>no <strong>Himalaia,<\/strong> \u00e9 um mosteiro remoto escondido dentro do <strong>Vale de Zanskar, <\/strong>na <strong>\u00cdndia<\/strong>, onde monges budistas vivem h\u00e1 s\u00e9culos em isolamento total.<\/p>\n\n\n\n<p>Constru\u00eddo dentro de uma caverna no penhasco, esse mosteiro impressionante est\u00e1 a <strong>mais de 3.800 metros de altitude<\/strong>, acess\u00edvel apenas por trilhas perigosas e perigosas. N\u00e3o h\u00e1 estradas, carros ou infraestrutura moderna \u2014 tudo o que chega ao vilarejo precisa ser carregado <strong>nas costas ou em mulas<\/strong> por quil\u00f4metros de montanhas rochosas.<\/p>\n\n\n\n<p>Esse isolamento extremo faz de Phugtal Gompa um dos lugares habitados mais inacess\u00edveis do mundo, onde os monges budistas vivem em profunda medita\u00e7\u00e3o, praticando um estilo de vida que pouco mudou ao longo dos s\u00e9culos.<\/p>\n\n\n\n<h2 class=\"wp-block-heading\"><strong>Como \u00e9 viver no fundo de um abismo?<\/strong><\/h2>\n\n\n\n<p>A rotina dos moradores de Phugtal Gompa \u00e9 marcada pela espiritualidade e simplicidade. O mosteiro abrigou cerca de <strong>70 monges<\/strong>, que passam os dias estudando escrituras sagradas, meditando e cultivando alimentos em pequenas planta\u00e7\u00f5es no vale.<\/p>\n\n\n\n<p>Sem eletricidade ou internet, a ilumina\u00e7\u00e3o vem de lamparinas e o aquecimento \u00e9 garantido por fogueiras. A \u00e1gua pot\u00e1vel \u00e9 coletada diretamente do <strong>rio Lungnak<\/strong>, que serpenteia o fundo do desfiladeiro e fornece os recursos b\u00e1sicos para a sobreviv\u00eancia da comunidade.<\/p>\n\n\n\n<p>Os poucos visitantes que chegam at\u00e9 Phugtal Gompa s\u00e3o recebidos com hospitalidade e podem participar de rituais budistas, conhecer a biblioteca sagrada do mosteiro e explorar as cavernas onde monges meditam h\u00e1 gera\u00e7\u00f5es.<\/p>\n\n\n\n<figure class=\"wp-block-image size-large\"><img decoding=\"async\" width=\"1024\" height=\"576\" src=\"https:\/\/www.correiobraziliense.com.br\/cbradar\/wp-content\/uploads\/2025\/03\/Phugtal-Gompa-2-1024x576.png\" alt=\"Essa cidade fica no lugar mais profundo da terra\" class=\"wp-image-8077\" srcset=\"https:\/\/www.correiobraziliense.com.br\/cbradar\/wp-content\/uploads\/2025\/03\/Phugtal-Gompa-2-1024x576.png 1024w, https:\/\/www.correiobraziliense.com.br\/cbradar\/wp-content\/uploads\/2025\/03\/Phugtal-Gompa-2-300x169.png 300w, https:\/\/www.correiobraziliense.com.br\/cbradar\/wp-content\/uploads\/2025\/03\/Phugtal-Gompa-2-768x432.png 768w, https:\/\/www.correiobraziliense.com.br\/cbradar\/wp-content\/uploads\/2025\/03\/Phugtal-Gompa-2-750x422.png 750w, https:\/\/www.correiobraziliense.com.br\/cbradar\/wp-content\/uploads\/2025\/03\/Phugtal-Gompa-2-1140x641.png 1140w, https:\/\/www.correiobraziliense.com.br\/cbradar\/wp-content\/uploads\/2025\/03\/Phugtal-Gompa-2.png 1280w\" sizes=\"(max-width: 1024px) 100vw, 1024px\" \/><figcaption class=\"wp-element-caption\">Phugtal Gompa. Fonte: Timothy A. Gonsalves, CC BY-SA 4.0, via Wikimedia Commons<\/figcaption><\/figure>\n\n\n\n<h2 class=\"wp-block-heading\"><strong>Um dos destinos mais secretos do Himalaia<\/strong><\/h2>\n\n\n\n<p>Phugtal Gompa continua sendo um dos segredos mais bem guardados da \u00cdndia. Seu visual impressionante, com constru\u00e7\u00f5es encaixadas nas fal\u00e9sias e uma vista espetacular do vale, atrai aventureiros que buscam uma experi\u00eancia espiritual e um contato profundo com a natureza.<\/p>\n\n\n\n<p>Chegar at\u00e9 l\u00e1 exige esfor\u00e7o \u2014 uma caminhada pelo Vale de Zanskar pode levar <strong>v\u00e1rios dias<\/strong> e exigir resist\u00eancia f\u00edsica. No entanto, para aqueles que enfrentam a jornada, Phugtal Gompa oferece uma vis\u00e3o \u00fanica de um modo de vida quase intocado pelo mundo moderno.<\/p>\n\n\n\n<p>O vilarejo \u00e9 uma prova de que, mesmo nos lugares mais in\u00f3spitos da Terra, a espiritualidade e a resili\u00eancia humana podem florescer, criando comunidades que desafiam os limites da geografia e do tempo.<\/p>\n","protected":false},"excerpt":{"rendered":"<p>Um mosteiro budista foi constru\u00eddo no fundo de um dos desfiladeiros mais profundos do mundo. Descubra os mist\u00e9rios desse vilarejo!<\/p>\n","protected":false},"author":3,"featured_media":8076,"comment_status":"open","ping_status":"open","sticky":false,"template":"","format":"standard","meta":{"_yoast_wpseo_focuskw":"cidade","_yoast_wpseo_title":"%%title%%","_yoast_wpseo_metadesc":"Essa cidade, situada no ponto mais profundo da Terra, impressiona com sua geografia \u00fanica, mist\u00e9rios naturais e uma hist\u00f3ria fascinante.","jnews-multi-image_gallery":[],"jnews_single_post":{"format":"standard"},"jnews_primary_category":[],"jnews_social_meta":[],"jnews_override_counter":[],"footnotes":""},"categories":[108],"post_tag":[109],"class_list":["post-8061","post","type-post","status-publish","format-standard","has-post-thumbnail","hentry","category-cidades","tag-cidades"],"yoast_head":"<!-- This site is optimized with the Yoast SEO plugin v24.6 - https:\/\/yoast.com\/wordpress\/plugins\/seo\/ -->\n<title>Essa cidade fica no lugar mais profundo da terra<\/title>\n<meta name=\"description\" content=\"Essa cidade, situada no ponto mais profundo da Terra, impressiona com sua geografia \u00fanica, mist\u00e9rios naturais e uma hist\u00f3ria fascinante.\" \/>\n<meta name=\"robots\" content=\"index, follow, max-snippet:-1, max-image-preview:large, max-video-preview:-1\" \/>\n<link rel=\"canonical\" href=\"https:\/\/www.correiobraziliense.com.br\/cbradar\/essa-cidade-fica-no-lugar-mais-profundo-da-terra\/\" \/>\n<meta property=\"og:locale\" content=\"pt_BR\" \/>\n<meta property=\"og:type\" content=\"article\" \/>\n<meta property=\"og:title\" content=\"Essa cidade fica no lugar mais profundo da terra\" \/>\n<meta property=\"og:description\" content=\"Essa cidade, situada no ponto mais profundo da Terra, impressiona com sua geografia \u00fanica, mist\u00e9rios naturais e uma hist\u00f3ria fascinante.\" \/>\n<meta property=\"og:url\" content=\"https:\/\/www.correiobraziliense.com.br\/cbradar\/essa-cidade-fica-no-lugar-mais-profundo-da-terra\/\" \/>\n<meta property=\"og:site_name\" content=\"Correio Braziliense - Radar\" \/>\n<meta property=\"article:published_time\" content=\"2025-03-02T12:30:00+00:00\" \/>\n<meta property=\"og:image\" content=\"https:\/\/www.correiobraziliense.com.br\/cbradar\/wp-content\/uploads\/2025\/03\/Phugtal-Gompa.png\" \/>\n\t<meta property=\"og:image:width\" content=\"1280\" \/>\n\t<meta property=\"og:image:height\" content=\"720\" \/>\n\t<meta property=\"og:image:type\" content=\"image\/png\" \/>\n<meta name=\"author\" content=\"Larissa Carvalho\" \/>\n<meta name=\"twitter:card\" content=\"summary_large_image\" \/>\n<meta name=\"twitter:label1\" content=\"Escrito por\" \/>\n\t<meta name=\"twitter:data1\" content=\"Larissa Carvalho\" \/>\n\t<meta name=\"twitter:label2\" content=\"Est. tempo de leitura\" \/>\n\t<meta name=\"twitter:data2\" content=\"3 minutos\" \/>\n<!-- \/ Yoast SEO plugin. -->","yoast_head_json":{"title":"Essa cidade fica no lugar mais profundo da terra","description":"Essa cidade, situada no ponto mais profundo da Terra, impressiona com sua geografia \u00fanica, mist\u00e9rios naturais e uma hist\u00f3ria fascinante.","robots":{"index":"index","follow":"follow","max-snippet":"max-snippet:-1","max-image-preview":"max-image-preview:large","max-video-preview":"max-video-preview:-1"},"canonical":"https:\/\/www.correiobraziliense.com.br\/cbradar\/essa-cidade-fica-no-lugar-mais-profundo-da-terra\/","og_locale":"pt_BR","og_type":"article","og_title":"Essa cidade fica no lugar mais profundo da terra","og_description":"Essa cidade, situada no ponto mais profundo da Terra, impressiona com sua geografia \u00fanica, mist\u00e9rios naturais e uma hist\u00f3ria fascinante.","og_url":"https:\/\/www.correiobraziliense.com.br\/cbradar\/essa-cidade-fica-no-lugar-mais-profundo-da-terra\/","og_site_name":"Correio Braziliense - Radar","article_published_time":"2025-03-02T12:30:00+00:00","og_image":[{"width":1280,"height":720,"url":"https:\/\/www.correiobraziliense.com.br\/cbradar\/wp-content\/uploads\/2025\/03\/Phugtal-Gompa.png","type":"image\/png"}],"author":"Larissa Carvalho","twitter_card":"summary_large_image","twitter_misc":{"Escrito por":"Larissa Carvalho","Est. tempo de leitura":"3 minutos"},"schema":{"@context":"https:\/\/schema.org","@graph":[{"@type":"WebPage","@id":"https:\/\/www.correiobraziliense.com.br\/cbradar\/essa-cidade-fica-no-lugar-mais-profundo-da-terra\/","url":"https:\/\/www.correiobraziliense.com.br\/cbradar\/essa-cidade-fica-no-lugar-mais-profundo-da-terra\/","name":"Essa cidade fica no lugar mais profundo da terra","isPartOf":{"@id":"https:\/\/www.correiobraziliense.com.br\/cbradar\/#website"},"primaryImageOfPage":{"@id":"https:\/\/www.correiobraziliense.com.br\/cbradar\/essa-cidade-fica-no-lugar-mais-profundo-da-terra\/#primaryimage"},"image":{"@id":"https:\/\/www.correiobraziliense.com.br\/cbradar\/essa-cidade-fica-no-lugar-mais-profundo-da-terra\/#primaryimage"},"thumbnailUrl":"https:\/\/www.correiobraziliense.com.br\/cbradar\/wp-content\/uploads\/2025\/03\/Phugtal-Gompa.png","datePublished":"2025-03-02T12:30:00+00:00","author":{"@id":"https:\/\/www.correiobraziliense.com.br\/cbradar\/#\/schema\/person\/58422787644df994b53a19d3e56c1513"},"description":"Essa cidade, situada no ponto mais profundo da Terra, impressiona com sua geografia \u00fanica, mist\u00e9rios naturais e uma hist\u00f3ria fascinante.","breadcrumb":{"@id":"https:\/\/www.correiobraziliense.com.br\/cbradar\/essa-cidade-fica-no-lugar-mais-profundo-da-terra\/#breadcrumb"},"inLanguage":"pt-BR","potentialAction":[{"@type":"ReadAction","target":["https:\/\/www.correiobraziliense.com.br\/cbradar\/essa-cidade-fica-no-lugar-mais-profundo-da-terra\/"]}]},{"@type":"ImageObject","inLanguage":"pt-BR","@id":"https:\/\/www.correiobraziliense.com.br\/cbradar\/essa-cidade-fica-no-lugar-mais-profundo-da-terra\/#primaryimage","url":"https:\/\/www.correiobraziliense.com.br\/cbradar\/wp-content\/uploads\/2025\/03\/Phugtal-Gompa.png","contentUrl":"https:\/\/www.correiobraziliense.com.br\/cbradar\/wp-content\/uploads\/2025\/03\/Phugtal-Gompa.png","width":1280,"height":720,"caption":"Phugtal Gompa. Fonte: Timothy A. Gonsalves, CC BY-SA 4.0, via Wikimedia Commons"},{"@type":"BreadcrumbList","@id":"https:\/\/www.correiobraziliense.com.br\/cbradar\/essa-cidade-fica-no-lugar-mais-profundo-da-terra\/#breadcrumb","itemListElement":[{"@type":"ListItem","position":1,"name":"In\u00edcio","item":"https:\/\/www.correiobraziliense.com.br\/cbradar\/"},{"@type":"ListItem","position":2,"name":"Essa cidade fica no lugar mais profundo da terra"}]},{"@type":"WebSite","@id":"https:\/\/www.correiobraziliense.com.br\/cbradar\/#website","url":"https:\/\/www.correiobraziliense.com.br\/cbradar\/","name":"Correio Braziliense - Radar","description":"Acompanhe as \u00faltimas not\u00edcias e fique bem informado sobre tudo o que acontece no Brasil e no mundo.","potentialAction":[{"@type":"SearchAction","target":{"@type":"EntryPoint","urlTemplate":"https:\/\/www.correiobraziliense.com.br\/cbradar\/?s={search_term_string}"},"query-input":{"@type":"PropertyValueSpecification","valueRequired":true,"valueName":"search_term_string"}}],"inLanguage":"pt-BR"},{"@type":"Person","@id":"https:\/\/www.correiobraziliense.com.br\/cbradar\/#\/schema\/person\/58422787644df994b53a19d3e56c1513","name":"Larissa Carvalho","image":{"@type":"ImageObject","inLanguage":"pt-BR","@id":"https:\/\/www.correiobraziliense.com.br\/cbradar\/#\/schema\/person\/image\/","url":"https:\/\/secure.gravatar.com\/avatar\/fe4f91a0de32b52a838d0d612abdc1aa?s=96&d=mm&r=g","contentUrl":"https:\/\/secure.gravatar.com\/avatar\/fe4f91a0de32b52a838d0d612abdc1aa?s=96&d=mm&r=g","caption":"Larissa Carvalho"},"url":"https:\/\/www.correiobraziliense.com.br\/cbradar\/author\/larissamyth\/"}]}},"_links":{"self":[{"href":"https:\/\/www.correiobraziliense.com.br\/cbradar\/wp-json\/wp\/v2\/posts\/8061","targetHints":{"allow":["GET"]}}],"collection":[{"href":"https:\/\/www.correiobraziliense.com.br\/cbradar\/wp-json\/wp\/v2\/posts"}],"about":[{"href":"https:\/\/www.correiobraziliense.com.br\/cbradar\/wp-json\/wp\/v2\/types\/post"}],"author":[{"embeddable":true,"href":"https:\/\/www.correiobraziliense.com.br\/cbradar\/wp-json\/wp\/v2\/users\/3"}],"replies":[{"embeddable":true,"href":"https:\/\/www.correiobraziliense.com.br\/cbradar\/wp-json\/wp\/v2\/comments?post=8061"}],"version-history":[{"count":1,"href":"https:\/\/www.correiobraziliense.com.br\/cbradar\/wp-json\/wp\/v2\/posts\/8061\/revisions"}],"predecessor-version":[{"id":8078,"href":"https:\/\/www.correiobraziliense.com.br\/cbradar\/wp-json\/wp\/v2\/posts\/8061\/revisions\/8078"}],"wp:featuredmedia":[{"embeddable":true,"href":"https:\/\/www.correiobraziliense.com.br\/cbradar\/wp-json\/wp\/v2\/media\/8076"}],"wp:attachment":[{"href":"https:\/\/www.correiobraziliense.com.br\/cbradar\/wp-json\/wp\/v2\/media?parent=8061"}],"wp:term":[{"taxonomy":"category","embeddable":true,"href":"https:\/\/www.correiobraziliense.com.br\/cbradar\/wp-json\/wp\/v2\/categories?post=8061"},{"taxonomy":"post_tag","embeddable":true,"href":"https:\/\/www.correiobraziliense.com.br\/cbradar\/wp-json\/wp\/v2\/post_tag?post=8061"}],"curies":[{"name":"wp","href":"https:\/\/api.w.org\/{rel}","templated":true}]}}