{"id":80856,"date":"2025-08-05T08:13:00","date_gmt":"2025-08-05T11:13:00","guid":{"rendered":"https:\/\/www.correiobraziliense.com.br\/cbradar\/?p=80856"},"modified":"2025-08-04T19:28:48","modified_gmt":"2025-08-04T22:28:48","slug":"cumprimentar-com-um-beijo-no-rosto-por-que-algumas-pessoas-evitam-segundo-a-psicologia","status":"publish","type":"post","link":"https:\/\/www.correiobraziliense.com.br\/cbradar\/cumprimentar-com-um-beijo-no-rosto-por-que-algumas-pessoas-evitam-segundo-a-psicologia\/","title":{"rendered":"Cumprimentar com um beijo no rosto: por que algumas pessoas evitam segundo a psicologia?"},"content":{"rendered":"\n<p>Na <strong>Argentina<\/strong> e em outros pa\u00edses, o <strong>cumprimento com um beijo<\/strong> no rosto \u00e9 um costume social muito enraizado. No entanto, nem todos se sentem confort\u00e1veis com esse gesto, e a <strong>psicologia<\/strong> oferece v\u00e1rias explica\u00e7\u00f5es para esse fen\u00f4meno.<\/p>\n\n\n\n<ul class=\"wp-block-list\">\n<li>Necessidade de maior espa\u00e7o pessoal<\/li>\n\n\n\n<li>Caracter\u00edsticas da personalidade<\/li>\n\n\n\n<li>Fatores culturais ou ligados \u00e0 cria\u00e7\u00e3o<\/li>\n<\/ul>\n\n\n\n<h2 class=\"wp-block-heading\">Por que algumas pessoas evitam o beijo no rosto?<\/h2>\n\n\n\n<p>A <strong>avers\u00e3o ao contato f\u00edsico<\/strong> geralmente est\u00e1 relacionada a <strong>experi\u00eancias anteriores<\/strong>, caracter\u00edsticas de personalidade ou aspectos <strong>culturais<\/strong> e de cria\u00e7\u00e3o. Algumas pessoas precisam de um <strong>espa\u00e7o pessoal<\/strong> maior para se sentirem seguras.<\/p>\n\n\n\n<h2 class=\"wp-block-heading\">Raz\u00f5es emocionais ou sensoriais para o desconforto<\/h2>\n\n\n\n<p>Fatores <strong>emocionais<\/strong> ou <strong>sensoriais<\/strong> podem ter um papel importante. O <strong>desagrado<\/strong> por est\u00edmulos f\u00edsicos intensos, como cheiros ou texturas, pode ser uma das raz\u00f5es. Al\u00e9m disso, pode ser percebido como uma <strong>invas\u00e3o de intimidade<\/strong>.<\/p>\n\n\n\n<figure class=\"wp-block-image size-large\"><img decoding=\"async\" width=\"1024\" height=\"576\" src=\"https:\/\/www.correiobraziliense.com.br\/cbradar\/wp-content\/uploads\/2025\/08\/beijo-bochecha_1754346484046-1024x576.jpg\" alt=\"Cumprimentar com um beijo no rosto: por que algumas pessoas evitam segundo a psicologia?\" class=\"wp-image-80859\" srcset=\"https:\/\/www.correiobraziliense.com.br\/cbradar\/wp-content\/uploads\/2025\/08\/beijo-bochecha_1754346484046-1024x576.jpg 1024w, https:\/\/www.correiobraziliense.com.br\/cbradar\/wp-content\/uploads\/2025\/08\/beijo-bochecha_1754346484046-300x169.jpg 300w, https:\/\/www.correiobraziliense.com.br\/cbradar\/wp-content\/uploads\/2025\/08\/beijo-bochecha_1754346484046-768x432.jpg 768w, https:\/\/www.correiobraziliense.com.br\/cbradar\/wp-content\/uploads\/2025\/08\/beijo-bochecha_1754346484046-750x422.jpg 750w, https:\/\/www.correiobraziliense.com.br\/cbradar\/wp-content\/uploads\/2025\/08\/beijo-bochecha_1754346484046-1140x641.jpg 1140w, https:\/\/www.correiobraziliense.com.br\/cbradar\/wp-content\/uploads\/2025\/08\/beijo-bochecha_1754346484046.jpg 1280w\" sizes=\"(max-width: 1024px) 100vw, 1024px\" \/><figcaption class=\"wp-element-caption\">beijo bochecha. Cr\u00e9ditos: depositphotos.com \/ VitalikRadko<\/figcaption><\/figure>\n\n\n\n<h2 class=\"wp-block-heading\">Como lidar com o cumprimento com beijo: dicas pr\u00e1ticas<\/h2>\n\n\n\n<p>Aqui est\u00e3o algumas recomenda\u00e7\u00f5es para quem prefere evitar esse tipo de cumprimento:<\/p>\n\n\n\n<ol class=\"wp-block-list\">\n<li><strong>Comunique suas prefer\u00eancias<\/strong>: Explique de forma gentil para pessoas pr\u00f3ximas sobre seu desconforto.<\/li>\n\n\n\n<li>Mantenha uma atitude <strong>amig\u00e1vel<\/strong>: Use linguagem corporal para demonstrar afeto mesmo sem contato f\u00edsico.<\/li>\n\n\n\n<li>Busque <strong>alternativas<\/strong>: Um aperto de m\u00e3o ou um cumprimento verbal podem ser op\u00e7\u00f5es vi\u00e1veis.<\/li>\n<\/ol>\n\n\n\n<p><strong>Aten\u00e7\u00e3o<\/strong>: Evitar o cumprimento com beijo n\u00e3o significa falta de afeto ou sociabilidade.<\/p>\n\n\n\n<h2 class=\"wp-block-heading\">A import\u00e2ncia de respeitar os limites pessoais<\/h2>\n\n\n\n<p>Em qualquer contexto social, respeitar os limites pessoais contribui para rela\u00e7\u00f5es mais saud\u00e1veis. Entender que <strong>cada pessoa<\/strong> tem diferentes <strong>necessidades<\/strong> de espa\u00e7o ajuda a criar um ambiente de <strong>respeito<\/strong> e conforto.<\/p>\n\n\n\n<h2 class=\"wp-block-heading\">O que aprendemos sobre o beijo no rosto<\/h2>\n\n\n\n<ul class=\"wp-block-list\">\n<li>O <strong>contato f\u00edsico<\/strong> social tem significados diferentes para cada pessoa.<\/li>\n\n\n\n<li>As prefer\u00eancias podem ser influenciadas por <strong>experi\u00eancias e cultura<\/strong>.<\/li>\n\n\n\n<li>\u00c9 fundamental <strong>respeitar<\/strong> e <strong>comunicar<\/strong> os limites pessoais.<\/li>\n<\/ul>\n","protected":false},"excerpt":{"rendered":"<p>Descubra por que algumas pessoas preferem evitar o tradicional beijo no rosto. A psicologia desvenda este gesto social.<\/p>\n","protected":false},"author":3,"featured_media":80858,"comment_status":"open","ping_status":"open","sticky":false,"template":"","format":"standard","meta":{"_yoast_wpseo_focuskw":"beijo no rosto","_yoast_wpseo_title":"%%title%%","_yoast_wpseo_metadesc":"Descubra por que algumas pessoas preferem evitar o tradicional beijo no rosto. A psicologia desvenda este gesto social.","jnews-multi-image_gallery":[],"jnews_single_post":{"format":"standard"},"jnews_primary_category":[],"jnews_social_meta":[],"jnews_override_counter":[],"footnotes":""},"categories":[112],"tags":[144,404],"class_list":["post-80856","post","type-post","status-publish","format-standard","has-post-thumbnail","hentry","category-curiosidades","tag-curiosidades","tag-psicologia"],"yoast_head":"<!-- This site is optimized with the Yoast SEO plugin v24.6 - https:\/\/yoast.com\/wordpress\/plugins\/seo\/ -->\n<title>Cumprimentar com um beijo no rosto: por que algumas pessoas evitam segundo a psicologia?<\/title>\n<meta name=\"description\" content=\"Descubra por que algumas pessoas preferem evitar o tradicional beijo no rosto. A psicologia desvenda este gesto social.\" \/>\n<meta name=\"robots\" content=\"index, follow, max-snippet:-1, max-image-preview:large, max-video-preview:-1\" \/>\n<link rel=\"canonical\" href=\"https:\/\/www.correiobraziliense.com.br\/cbradar\/cumprimentar-com-um-beijo-no-rosto-por-que-algumas-pessoas-evitam-segundo-a-psicologia\/\" \/>\n<meta property=\"og:locale\" content=\"pt_BR\" \/>\n<meta property=\"og:type\" content=\"article\" \/>\n<meta property=\"og:title\" content=\"Cumprimentar com um beijo no rosto: por que algumas pessoas evitam segundo a psicologia?\" \/>\n<meta property=\"og:description\" content=\"Descubra por que algumas pessoas preferem evitar o tradicional beijo no rosto. A psicologia desvenda este gesto social.\" \/>\n<meta property=\"og:url\" content=\"https:\/\/www.correiobraziliense.com.br\/cbradar\/cumprimentar-com-um-beijo-no-rosto-por-que-algumas-pessoas-evitam-segundo-a-psicologia\/\" \/>\n<meta property=\"og:site_name\" content=\"Correio Braziliense - Radar\" \/>\n<meta property=\"article:published_time\" content=\"2025-08-05T11:13:00+00:00\" \/>\n<meta property=\"og:image\" content=\"https:\/\/www.correiobraziliense.com.br\/cbradar\/wp-content\/uploads\/2025\/08\/beijo-bochecha_1754346354023.jpg\" \/>\n\t<meta property=\"og:image:width\" content=\"1280\" \/>\n\t<meta property=\"og:image:height\" content=\"720\" \/>\n\t<meta property=\"og:image:type\" content=\"image\/jpeg\" \/>\n<meta name=\"author\" content=\"Larissa Carvalho\" \/>\n<meta name=\"twitter:card\" content=\"summary_large_image\" \/>\n<meta name=\"twitter:label1\" content=\"Escrito por\" \/>\n\t<meta name=\"twitter:data1\" content=\"Larissa Carvalho\" \/>\n\t<meta name=\"twitter:label2\" content=\"Est. tempo de leitura\" \/>\n\t<meta name=\"twitter:data2\" content=\"2 minutos\" \/>\n<!-- \/ Yoast SEO plugin. -->","yoast_head_json":{"title":"Cumprimentar com um beijo no rosto: por que algumas pessoas evitam segundo a psicologia?","description":"Descubra por que algumas pessoas preferem evitar o tradicional beijo no rosto. A psicologia desvenda este gesto social.","robots":{"index":"index","follow":"follow","max-snippet":"max-snippet:-1","max-image-preview":"max-image-preview:large","max-video-preview":"max-video-preview:-1"},"canonical":"https:\/\/www.correiobraziliense.com.br\/cbradar\/cumprimentar-com-um-beijo-no-rosto-por-que-algumas-pessoas-evitam-segundo-a-psicologia\/","og_locale":"pt_BR","og_type":"article","og_title":"Cumprimentar com um beijo no rosto: por que algumas pessoas evitam segundo a psicologia?","og_description":"Descubra por que algumas pessoas preferem evitar o tradicional beijo no rosto. A psicologia desvenda este gesto social.","og_url":"https:\/\/www.correiobraziliense.com.br\/cbradar\/cumprimentar-com-um-beijo-no-rosto-por-que-algumas-pessoas-evitam-segundo-a-psicologia\/","og_site_name":"Correio Braziliense - Radar","article_published_time":"2025-08-05T11:13:00+00:00","og_image":[{"width":1280,"height":720,"url":"https:\/\/www.correiobraziliense.com.br\/cbradar\/wp-content\/uploads\/2025\/08\/beijo-bochecha_1754346354023.jpg","type":"image\/jpeg"}],"author":"Larissa Carvalho","twitter_card":"summary_large_image","twitter_misc":{"Escrito por":"Larissa Carvalho","Est. tempo de leitura":"2 minutos"},"schema":{"@context":"https:\/\/schema.org","@graph":[{"@type":"WebPage","@id":"https:\/\/www.correiobraziliense.com.br\/cbradar\/cumprimentar-com-um-beijo-no-rosto-por-que-algumas-pessoas-evitam-segundo-a-psicologia\/","url":"https:\/\/www.correiobraziliense.com.br\/cbradar\/cumprimentar-com-um-beijo-no-rosto-por-que-algumas-pessoas-evitam-segundo-a-psicologia\/","name":"Cumprimentar com um beijo no rosto: por que algumas pessoas evitam segundo a psicologia?","isPartOf":{"@id":"https:\/\/www.correiobraziliense.com.br\/cbradar\/#website"},"primaryImageOfPage":{"@id":"https:\/\/www.correiobraziliense.com.br\/cbradar\/cumprimentar-com-um-beijo-no-rosto-por-que-algumas-pessoas-evitam-segundo-a-psicologia\/#primaryimage"},"image":{"@id":"https:\/\/www.correiobraziliense.com.br\/cbradar\/cumprimentar-com-um-beijo-no-rosto-por-que-algumas-pessoas-evitam-segundo-a-psicologia\/#primaryimage"},"thumbnailUrl":"https:\/\/www.correiobraziliense.com.br\/cbradar\/wp-content\/uploads\/2025\/08\/beijo-bochecha_1754346354023.jpg","datePublished":"2025-08-05T11:13:00+00:00","author":{"@id":"https:\/\/www.correiobraziliense.com.br\/cbradar\/#\/schema\/person\/58422787644df994b53a19d3e56c1513"},"description":"Descubra por que algumas pessoas preferem evitar o tradicional beijo no rosto. A psicologia desvenda este gesto social.","breadcrumb":{"@id":"https:\/\/www.correiobraziliense.com.br\/cbradar\/cumprimentar-com-um-beijo-no-rosto-por-que-algumas-pessoas-evitam-segundo-a-psicologia\/#breadcrumb"},"inLanguage":"pt-BR","potentialAction":[{"@type":"ReadAction","target":["https:\/\/www.correiobraziliense.com.br\/cbradar\/cumprimentar-com-um-beijo-no-rosto-por-que-algumas-pessoas-evitam-segundo-a-psicologia\/"]}]},{"@type":"ImageObject","inLanguage":"pt-BR","@id":"https:\/\/www.correiobraziliense.com.br\/cbradar\/cumprimentar-com-um-beijo-no-rosto-por-que-algumas-pessoas-evitam-segundo-a-psicologia\/#primaryimage","url":"https:\/\/www.correiobraziliense.com.br\/cbradar\/wp-content\/uploads\/2025\/08\/beijo-bochecha_1754346354023.jpg","contentUrl":"https:\/\/www.correiobraziliense.com.br\/cbradar\/wp-content\/uploads\/2025\/08\/beijo-bochecha_1754346354023.jpg","width":1280,"height":720,"caption":"beijo bochecha. Cr\u00e9ditos: depositphotos.com \/ AllaSerebrina"},{"@type":"BreadcrumbList","@id":"https:\/\/www.correiobraziliense.com.br\/cbradar\/cumprimentar-com-um-beijo-no-rosto-por-que-algumas-pessoas-evitam-segundo-a-psicologia\/#breadcrumb","itemListElement":[{"@type":"ListItem","position":1,"name":"In\u00edcio","item":"https:\/\/www.correiobraziliense.com.br\/cbradar\/"},{"@type":"ListItem","position":2,"name":"Cumprimentar com um beijo no rosto: por que algumas pessoas evitam segundo a psicologia?"}]},{"@type":"WebSite","@id":"https:\/\/www.correiobraziliense.com.br\/cbradar\/#website","url":"https:\/\/www.correiobraziliense.com.br\/cbradar\/","name":"Correio Braziliense - Radar","description":"Acompanhe as \u00faltimas not\u00edcias e fique bem informado sobre tudo o que acontece no Brasil e no mundo.","potentialAction":[{"@type":"SearchAction","target":{"@type":"EntryPoint","urlTemplate":"https:\/\/www.correiobraziliense.com.br\/cbradar\/?s={search_term_string}"},"query-input":{"@type":"PropertyValueSpecification","valueRequired":true,"valueName":"search_term_string"}}],"inLanguage":"pt-BR"},{"@type":"Person","@id":"https:\/\/www.correiobraziliense.com.br\/cbradar\/#\/schema\/person\/58422787644df994b53a19d3e56c1513","name":"Larissa Carvalho","image":{"@type":"ImageObject","inLanguage":"pt-BR","@id":"https:\/\/www.correiobraziliense.com.br\/cbradar\/#\/schema\/person\/image\/","url":"https:\/\/secure.gravatar.com\/avatar\/fe4f91a0de32b52a838d0d612abdc1aa?s=96&d=mm&r=g","contentUrl":"https:\/\/secure.gravatar.com\/avatar\/fe4f91a0de32b52a838d0d612abdc1aa?s=96&d=mm&r=g","caption":"Larissa Carvalho"},"url":"https:\/\/www.correiobraziliense.com.br\/cbradar\/author\/larissamyth\/"}]}},"_links":{"self":[{"href":"https:\/\/www.correiobraziliense.com.br\/cbradar\/wp-json\/wp\/v2\/posts\/80856","targetHints":{"allow":["GET"]}}],"collection":[{"href":"https:\/\/www.correiobraziliense.com.br\/cbradar\/wp-json\/wp\/v2\/posts"}],"about":[{"href":"https:\/\/www.correiobraziliense.com.br\/cbradar\/wp-json\/wp\/v2\/types\/post"}],"author":[{"embeddable":true,"href":"https:\/\/www.correiobraziliense.com.br\/cbradar\/wp-json\/wp\/v2\/users\/3"}],"replies":[{"embeddable":true,"href":"https:\/\/www.correiobraziliense.com.br\/cbradar\/wp-json\/wp\/v2\/comments?post=80856"}],"version-history":[{"count":2,"href":"https:\/\/www.correiobraziliense.com.br\/cbradar\/wp-json\/wp\/v2\/posts\/80856\/revisions"}],"predecessor-version":[{"id":80861,"href":"https:\/\/www.correiobraziliense.com.br\/cbradar\/wp-json\/wp\/v2\/posts\/80856\/revisions\/80861"}],"wp:featuredmedia":[{"embeddable":true,"href":"https:\/\/www.correiobraziliense.com.br\/cbradar\/wp-json\/wp\/v2\/media\/80858"}],"wp:attachment":[{"href":"https:\/\/www.correiobraziliense.com.br\/cbradar\/wp-json\/wp\/v2\/media?parent=80856"}],"wp:term":[{"taxonomy":"category","embeddable":true,"href":"https:\/\/www.correiobraziliense.com.br\/cbradar\/wp-json\/wp\/v2\/categories?post=80856"},{"taxonomy":"post_tag","embeddable":true,"href":"https:\/\/www.correiobraziliense.com.br\/cbradar\/wp-json\/wp\/v2\/tags?post=80856"}],"curies":[{"name":"wp","href":"https:\/\/api.w.org\/{rel}","templated":true}]}}